{"id":14080,"date":"2018-02-01T16:02:36","date_gmt":"2018-02-01T22:02:36","guid":{"rendered":"https:\/\/www.igssgt.org\/noticias\/?p=14080"},"modified":"2019-10-31T16:09:09","modified_gmt":"2019-10-31T22:09:09","slug":"igss-realiza-convocatoria-para-formar-parte-del-cuerpo-de-salvavidas","status":"publish","type":"post","link":"https:\/\/www.igssgt.org\/noticias\/2018\/02\/01\/igss-realiza-convocatoria-para-formar-parte-del-cuerpo-de-salvavidas\/","title":{"rendered":"IGSS realiza convocatoria para formar parte del Cuerpo de Salvavidas"},"content":{"rendered":"\n<figure class=\"wp-block-image\"><img loading=\"lazy\" decoding=\"async\" width=\"960\" height=\"640\" src=\"\/wp-content\/uploads\/sites\/5\/2019\/10\/Salvavidas-IGSS-convocatoria-semana-santa-2018-4.jpg\" alt=\"\" class=\"wp-image-14086\" srcset=\"\/wp-content\/uploads\/sites\/5\/2019\/10\/Salvavidas-IGSS-convocatoria-semana-santa-2018-4.jpg 960w, \/wp-content\/uploads\/sites\/5\/2019\/10\/Salvavidas-IGSS-convocatoria-semana-santa-2018-4-300x200.jpg 300w, \/wp-content\/uploads\/sites\/5\/2019\/10\/Salvavidas-IGSS-convocatoria-semana-santa-2018-4-768x512.jpg 768w, \/wp-content\/uploads\/sites\/5\/2019\/10\/Salvavidas-IGSS-convocatoria-semana-santa-2018-4-630x420.jpg 630w, \/wp-content\/uploads\/sites\/5\/2019\/10\/Salvavidas-IGSS-convocatoria-semana-santa-2018-4-696x464.jpg 696w, \/wp-content\/uploads\/sites\/5\/2019\/10\/Salvavidas-IGSS-convocatoria-semana-santa-2018-4-534x356.jpg 534w\" sizes=\"auto, (max-width: 960px) 100vw, 960px\" \/><\/figure>\n\n\n\n<p>El Instituto guatemalteco de Seguridad Social (IGSS) convoca a todas las personas que est\u00e9n interesadas en participar en proceso de reclutamiento y selecci\u00f3n de salvavidas que formar\u00e1n parte del Cuerpo de Salvamento, quienes se encargar\u00e1n de brindar seguridad en las playas tur\u00edsticas del pa\u00eds durante Semana Santa 2018.<\/p>\n\n\n\n<p>La convocatoria es \u00fanica, para este s\u00e1bado 3 de febrero de 2018 de las 9:00 a las 17:00 horas en la playa p\u00fablica de Puerto San Jos\u00e9, Escuintla, donde deber\u00e1n presentar papeler\u00eda completa. Quienes participen por primera vez deber\u00e1n presentarse a la prueba psicom\u00e9trica que ser\u00e1 realizada el viernes 9 de febrero de 2018 a las 9:00 horas en el Departamento de Recursos Humanos, en el segundo nivel de las Oficinas Centrales del Instituto, 7a. avenida 22-72, zona 1.<\/p>\n\n\n\n<p>Los interesados tendr\u00e1n transporte gratis el cual saldr\u00e1 del parqueo de las Oficinas Centrales a las 05:30 horas con destino a Puerto San Jos\u00e9. Para mayor informaci\u00f3n pueden comunicarse al tel\u00e9fono 2412-1224, extensi\u00f3n 1660, inform\u00f3 el doctor Mynor Mej\u00eda, jefe de la Secci\u00f3n de Seguridad e Higiene y Prevenci\u00f3n de Accidentes.<\/p>\n\n\n\n<p><strong>Requisitos<\/strong><\/p>\n\n\n\n<p>Los aspirantes deben presentar los siguientes documentos: fotocopias de su DPI y NIT, carencia de antecedentes penales y policiacos, as\u00ed como dos cartas de recomendaci\u00f3n.<\/p>\n\n\n\n<p>Otro requisito fundamental es tener experiencia en nadar en aguas abiertas, pues entre otras pruebas deber\u00e1n nadar 1,500 metros en el menor tiempo posible, adem\u00e1s ser\u00e1n capacitados en prevenci\u00f3n y rescate en el mar y en piscinas, y adiestrados en resucitaci\u00f3n cardiopulmonar (RCP).<\/p>\n\n\n\n<p>Se espera contratar a 90 personas que superen todas estas pruebas, quienes se sumar\u00e1n a los 60 rescatadores permanentes con los que cuenta el Instituto, por lo que el Cuerpo de Salvamento contar\u00e1 con un total de 150 salvavidas que tendr\u00e1n a su cargo la labor de prevenci\u00f3n y rescate en playas y balnearios que conforman los 18 atractivos tur\u00edsticos de mayor afluencia durante la Semana Santa 2018.<\/p>\n\n\n\n<p>Se contempla que para el 23 de marzo todos los nuevos salvavidas reciban el equipo respectivo, se les asignen los lugares de cobertura asignados, pero adem\u00e1s tendr\u00e1n un refuerzo en su capacitaci\u00f3n en RCP y primeros auxilios en general, puntualiz\u00f3 el doctor Mej\u00eda.<\/p>\n\n\n\r\n                <style type=\"text\/css\">\r\n                    \r\n                    #tdi_1  .td-doubleSlider-2 .td-item1 {\r\n                        background: url(\/wp-content\/uploads\/sites\/5\/2019\/10\/Salvavidas-IGSS-convocatoria-semana-santa-2018-7-80x60.jpg) 0 0 no-repeat;\r\n                    }\r\n                    #tdi_1  .td-doubleSlider-2 .td-item2 {\r\n                        background: url(\/wp-content\/uploads\/sites\/5\/2019\/10\/Salvavidas-IGSS-convocatoria-semana-santa-2018-6-80x60.jpg) 0 0 no-repeat;\r\n                    }\r\n                    #tdi_1  .td-doubleSlider-2 .td-item3 {\r\n                        background: url(\/wp-content\/uploads\/sites\/5\/2019\/10\/Salvavidas-IGSS-convocatoria-semana-santa-2018-5-80x60.jpg) 0 0 no-repeat;\r\n                    }\r\n                    #tdi_1  .td-doubleSlider-2 .td-item4 {\r\n                        background: url(\/wp-content\/uploads\/sites\/5\/2019\/10\/Salvavidas-IGSS-convocatoria-semana-santa-2018-4-80x60.jpg) 0 0 no-repeat;\r\n                    }\r\n                    #tdi_1  .td-doubleSlider-2 .td-item5 {\r\n                        background: url(\/wp-content\/uploads\/sites\/5\/2019\/10\/Salvavidas-IGSS-convocatoria-semana-santa-2018-4-1-80x60.jpg) 0 0 no-repeat;\r\n                    }\r\n                    #tdi_1  .td-doubleSlider-2 .td-item6 {\r\n                        background: url(\/wp-content\/uploads\/sites\/5\/2019\/10\/Salvavidas-IGSS-convocatoria-semana-santa-2018-3-80x60.jpg) 0 0 no-repeat;\r\n                    }\r\n                    #tdi_1  .td-doubleSlider-2 .td-item7 {\r\n                        background: url(\/wp-content\/uploads\/sites\/5\/2019\/10\/Salvavidas-IGSS-convocatoria-semana-santa-2018-2-80x60.jpg) 0 0 no-repeat;\r\n                    }\r\n                    #tdi_1  .td-doubleSlider-2 .td-item8 {\r\n                        background: url(\/wp-content\/uploads\/sites\/5\/2019\/10\/Salvavidas-IGSS-convocatoria-semana-santa-2018-1-80x60.jpg) 0 0 no-repeat;\r\n                    }\r\n                <\/style>\r\n\r\n                <div id=\"tdi_1\" class=\"td-gallery td-slide-on-2-columns\">\r\n                    <div class=\"post_td_gallery\">\r\n                        <div class=\"td-gallery-slide-top\">\r\n                           <div class=\"td-gallery-title\"><\/div>\r\n\r\n                            <div class=\"td-gallery-controls-wrapper\">\r\n                                <div class=\"td-gallery-slide-count\"><span class=\"td-gallery-slide-item-focus\">1<\/span> de 8<\/div>\r\n                                <div class=\"td-gallery-slide-prev-next-but\">\r\n                                    <i class = \"td-icon-left doubleSliderPrevButton\"><\/i>\r\n                                    <i class = \"td-icon-right doubleSliderNextButton\"><\/i>\r\n                                <\/div>\r\n                            <\/div>\r\n                        <\/div>\r\n\r\n                        <div class = \"td-doubleSlider-1 \">\r\n                            <div class = \"td-slider\">\r\n                                \r\n                    <div class = \"td-slide-item td-item1\">\r\n                        <figure class=\"td-slide-galery-figure td-slide-popup-gallery\">\r\n                            <a class=\"slide-gallery-image-link\" href=\"\/wp-content\/uploads\/sites\/5\/2019\/10\/Salvavidas-IGSS-convocatoria-semana-santa-2018-7.jpg\" title=\"Salvavidas-IGSS-convocatoria-semana-santa-2018-7\"  data-caption=\"\"  data-description=\"\">\r\n                                <img decoding=\"async\" src=\"\/wp-content\/uploads\/sites\/5\/2019\/10\/Salvavidas-IGSS-convocatoria-semana-santa-2018-7-280x420.jpg\" srcset=\"\/wp-content\/uploads\/sites\/5\/2019\/10\/Salvavidas-IGSS-convocatoria-semana-santa-2018-7-280x420.jpg 280w, \/wp-content\/uploads\/sites\/5\/2019\/10\/Salvavidas-IGSS-convocatoria-semana-santa-2018-7-1024x1536.jpg 1024w, \/wp-content\/uploads\/sites\/5\/2019\/10\/Salvavidas-IGSS-convocatoria-semana-santa-2018-7-200x300.jpg 200w, \/wp-content\/uploads\/sites\/5\/2019\/10\/Salvavidas-IGSS-convocatoria-semana-santa-2018-7-768x1152.jpg 768w, \/wp-content\/uploads\/sites\/5\/2019\/10\/Salvavidas-IGSS-convocatoria-semana-santa-2018-7-683x1024.jpg 683w, \/wp-content\/uploads\/sites\/5\/2019\/10\/Salvavidas-IGSS-convocatoria-semana-santa-2018-7-696x1044.jpg 696w, \/wp-content\/uploads\/sites\/5\/2019\/10\/Salvavidas-IGSS-convocatoria-semana-santa-2018-7-1068x1602.jpg 1068w, \/wp-content\/uploads\/sites\/5\/2019\/10\/Salvavidas-IGSS-convocatoria-semana-santa-2018-7-308x462.jpg 308w, \/wp-content\/uploads\/sites\/5\/2019\/10\/Salvavidas-IGSS-convocatoria-semana-santa-2018-7.jpg 1365w\" sizes=\"(max-width: 280px) 100vw, 280px\" alt=\"\">\r\n                            <\/a>\r\n                            \r\n                        <\/figure>\r\n                    <\/div>\r\n                    <div class = \"td-slide-item td-item2\">\r\n                        <figure class=\"td-slide-galery-figure td-slide-popup-gallery\">\r\n                            <a class=\"slide-gallery-image-link\" href=\"\/wp-content\/uploads\/sites\/5\/2019\/10\/Salvavidas-IGSS-convocatoria-semana-santa-2018-6.jpg\" title=\"Salvavidas-IGSS-convocatoria-semana-santa-2018-6\"  data-caption=\"\"  data-description=\"\">\r\n                                <img decoding=\"async\" src=\"\/wp-content\/uploads\/sites\/5\/2019\/10\/Salvavidas-IGSS-convocatoria-semana-santa-2018-6-630x420.jpg\" srcset=\"\/wp-content\/uploads\/sites\/5\/2019\/10\/Salvavidas-IGSS-convocatoria-semana-santa-2018-6-630x420.jpg 630w, \/wp-content\/uploads\/sites\/5\/2019\/10\/Salvavidas-IGSS-convocatoria-semana-santa-2018-6-300x200.jpg 300w, \/wp-content\/uploads\/sites\/5\/2019\/10\/Salvavidas-IGSS-convocatoria-semana-santa-2018-6-768x512.jpg 768w, \/wp-content\/uploads\/sites\/5\/2019\/10\/Salvavidas-IGSS-convocatoria-semana-santa-2018-6-696x464.jpg 696w, \/wp-content\/uploads\/sites\/5\/2019\/10\/Salvavidas-IGSS-convocatoria-semana-santa-2018-6-534x356.jpg 534w, \/wp-content\/uploads\/sites\/5\/2019\/10\/Salvavidas-IGSS-convocatoria-semana-santa-2018-6.jpg 960w\" sizes=\"(max-width: 630px) 100vw, 630px\" alt=\"\">\r\n                            <\/a>\r\n                            \r\n                        <\/figure>\r\n                    <\/div>\r\n                    <div class = \"td-slide-item td-item3\">\r\n                        <figure class=\"td-slide-galery-figure td-slide-popup-gallery\">\r\n                            <a class=\"slide-gallery-image-link\" href=\"\/wp-content\/uploads\/sites\/5\/2019\/10\/Salvavidas-IGSS-convocatoria-semana-santa-2018-5.jpg\" title=\"Salvavidas-IGSS-convocatoria-semana-santa-2018-5\"  data-caption=\"\"  data-description=\"\">\r\n                                <img decoding=\"async\" src=\"\/wp-content\/uploads\/sites\/5\/2019\/10\/Salvavidas-IGSS-convocatoria-semana-santa-2018-5-630x420.jpg\" srcset=\"\/wp-content\/uploads\/sites\/5\/2019\/10\/Salvavidas-IGSS-convocatoria-semana-santa-2018-5-630x420.jpg 630w, \/wp-content\/uploads\/sites\/5\/2019\/10\/Salvavidas-IGSS-convocatoria-semana-santa-2018-5-300x200.jpg 300w, \/wp-content\/uploads\/sites\/5\/2019\/10\/Salvavidas-IGSS-convocatoria-semana-santa-2018-5-768x512.jpg 768w, \/wp-content\/uploads\/sites\/5\/2019\/10\/Salvavidas-IGSS-convocatoria-semana-santa-2018-5-696x464.jpg 696w, \/wp-content\/uploads\/sites\/5\/2019\/10\/Salvavidas-IGSS-convocatoria-semana-santa-2018-5-534x356.jpg 534w, \/wp-content\/uploads\/sites\/5\/2019\/10\/Salvavidas-IGSS-convocatoria-semana-santa-2018-5.jpg 960w\" sizes=\"(max-width: 630px) 100vw, 630px\" alt=\"\">\r\n                            <\/a>\r\n                            \r\n                        <\/figure>\r\n                    <\/div>\r\n                    <div class = \"td-slide-item td-item4\">\r\n                        <figure class=\"td-slide-galery-figure td-slide-popup-gallery\">\r\n                            <a class=\"slide-gallery-image-link\" href=\"\/wp-content\/uploads\/sites\/5\/2019\/10\/Salvavidas-IGSS-convocatoria-semana-santa-2018-4.jpg\" title=\"Salvavidas-IGSS-convocatoria-semana-santa-2018-4\"  data-caption=\"\"  data-description=\"\">\r\n                                <img decoding=\"async\" src=\"\/wp-content\/uploads\/sites\/5\/2019\/10\/Salvavidas-IGSS-convocatoria-semana-santa-2018-4-630x420.jpg\" srcset=\"\/wp-content\/uploads\/sites\/5\/2019\/10\/Salvavidas-IGSS-convocatoria-semana-santa-2018-4-630x420.jpg 630w, \/wp-content\/uploads\/sites\/5\/2019\/10\/Salvavidas-IGSS-convocatoria-semana-santa-2018-4-300x200.jpg 300w, \/wp-content\/uploads\/sites\/5\/2019\/10\/Salvavidas-IGSS-convocatoria-semana-santa-2018-4-768x512.jpg 768w, \/wp-content\/uploads\/sites\/5\/2019\/10\/Salvavidas-IGSS-convocatoria-semana-santa-2018-4-696x464.jpg 696w, \/wp-content\/uploads\/sites\/5\/2019\/10\/Salvavidas-IGSS-convocatoria-semana-santa-2018-4-534x356.jpg 534w, \/wp-content\/uploads\/sites\/5\/2019\/10\/Salvavidas-IGSS-convocatoria-semana-santa-2018-4.jpg 960w\" sizes=\"(max-width: 630px) 100vw, 630px\" alt=\"\">\r\n                            <\/a>\r\n                            \r\n                        <\/figure>\r\n                    <\/div>\r\n                    <div class = \"td-slide-item td-item5\">\r\n                        <figure class=\"td-slide-galery-figure td-slide-popup-gallery\">\r\n                            <a class=\"slide-gallery-image-link\" href=\"\/wp-content\/uploads\/sites\/5\/2019\/10\/Salvavidas-IGSS-convocatoria-semana-santa-2018-4-1.jpg\" title=\"Salvavidas-IGSS-convocatoria-semana-santa-2018-4 (1)\"  data-caption=\"\"  data-description=\"\">\r\n                                <img decoding=\"async\" src=\"\/wp-content\/uploads\/sites\/5\/2019\/10\/Salvavidas-IGSS-convocatoria-semana-santa-2018-4-1-630x420.jpg\" srcset=\"\/wp-content\/uploads\/sites\/5\/2019\/10\/Salvavidas-IGSS-convocatoria-semana-santa-2018-4-1-630x420.jpg 630w, \/wp-content\/uploads\/sites\/5\/2019\/10\/Salvavidas-IGSS-convocatoria-semana-santa-2018-4-1-300x200.jpg 300w, \/wp-content\/uploads\/sites\/5\/2019\/10\/Salvavidas-IGSS-convocatoria-semana-santa-2018-4-1-768x512.jpg 768w, \/wp-content\/uploads\/sites\/5\/2019\/10\/Salvavidas-IGSS-convocatoria-semana-santa-2018-4-1-696x464.jpg 696w, \/wp-content\/uploads\/sites\/5\/2019\/10\/Salvavidas-IGSS-convocatoria-semana-santa-2018-4-1-534x356.jpg 534w, \/wp-content\/uploads\/sites\/5\/2019\/10\/Salvavidas-IGSS-convocatoria-semana-santa-2018-4-1.jpg 960w\" sizes=\"(max-width: 630px) 100vw, 630px\" alt=\"\">\r\n                            <\/a>\r\n                            \r\n                        <\/figure>\r\n                    <\/div>\r\n                    <div class = \"td-slide-item td-item6\">\r\n                        <figure class=\"td-slide-galery-figure td-slide-popup-gallery\">\r\n                            <a class=\"slide-gallery-image-link\" href=\"\/wp-content\/uploads\/sites\/5\/2019\/10\/Salvavidas-IGSS-convocatoria-semana-santa-2018-3.jpg\" title=\"Salvavidas-IGSS-convocatoria-semana-santa-2018-3\"  data-caption=\"\"  data-description=\"\">\r\n                                <img decoding=\"async\" src=\"\/wp-content\/uploads\/sites\/5\/2019\/10\/Salvavidas-IGSS-convocatoria-semana-santa-2018-3-630x420.jpg\" srcset=\"\/wp-content\/uploads\/sites\/5\/2019\/10\/Salvavidas-IGSS-convocatoria-semana-santa-2018-3-630x420.jpg 630w, \/wp-content\/uploads\/sites\/5\/2019\/10\/Salvavidas-IGSS-convocatoria-semana-santa-2018-3-300x200.jpg 300w, \/wp-content\/uploads\/sites\/5\/2019\/10\/Salvavidas-IGSS-convocatoria-semana-santa-2018-3-768x512.jpg 768w, \/wp-content\/uploads\/sites\/5\/2019\/10\/Salvavidas-IGSS-convocatoria-semana-santa-2018-3-696x464.jpg 696w, \/wp-content\/uploads\/sites\/5\/2019\/10\/Salvavidas-IGSS-convocatoria-semana-santa-2018-3-534x356.jpg 534w, \/wp-content\/uploads\/sites\/5\/2019\/10\/Salvavidas-IGSS-convocatoria-semana-santa-2018-3.jpg 960w\" sizes=\"(max-width: 630px) 100vw, 630px\" alt=\"\">\r\n                            <\/a>\r\n                            \r\n                        <\/figure>\r\n                    <\/div>\r\n                    <div class = \"td-slide-item td-item7\">\r\n                        <figure class=\"td-slide-galery-figure td-slide-popup-gallery\">\r\n                            <a class=\"slide-gallery-image-link\" href=\"\/wp-content\/uploads\/sites\/5\/2019\/10\/Salvavidas-IGSS-convocatoria-semana-santa-2018-2.jpg\" title=\"Salvavidas-IGSS-convocatoria-semana-santa-2018-2\"  data-caption=\"\"  data-description=\"\">\r\n                                <img decoding=\"async\" src=\"\/wp-content\/uploads\/sites\/5\/2019\/10\/Salvavidas-IGSS-convocatoria-semana-santa-2018-2-630x420.jpg\" srcset=\"\/wp-content\/uploads\/sites\/5\/2019\/10\/Salvavidas-IGSS-convocatoria-semana-santa-2018-2-630x420.jpg 630w, \/wp-content\/uploads\/sites\/5\/2019\/10\/Salvavidas-IGSS-convocatoria-semana-santa-2018-2-300x200.jpg 300w, \/wp-content\/uploads\/sites\/5\/2019\/10\/Salvavidas-IGSS-convocatoria-semana-santa-2018-2-768x512.jpg 768w, \/wp-content\/uploads\/sites\/5\/2019\/10\/Salvavidas-IGSS-convocatoria-semana-santa-2018-2-696x464.jpg 696w, \/wp-content\/uploads\/sites\/5\/2019\/10\/Salvavidas-IGSS-convocatoria-semana-santa-2018-2-534x356.jpg 534w, \/wp-content\/uploads\/sites\/5\/2019\/10\/Salvavidas-IGSS-convocatoria-semana-santa-2018-2.jpg 960w\" sizes=\"(max-width: 630px) 100vw, 630px\" alt=\"\">\r\n                            <\/a>\r\n                            \r\n                        <\/figure>\r\n                    <\/div>\r\n                    <div class = \"td-slide-item td-item8\">\r\n                        <figure class=\"td-slide-galery-figure td-slide-popup-gallery\">\r\n                            <a class=\"slide-gallery-image-link\" href=\"\/wp-content\/uploads\/sites\/5\/2019\/10\/Salvavidas-IGSS-convocatoria-semana-santa-2018-1.jpg\" title=\"Salvavidas-IGSS-convocatoria-semana-santa-2018-1\"  data-caption=\"\"  data-description=\"\">\r\n                                <img decoding=\"async\" src=\"\/wp-content\/uploads\/sites\/5\/2019\/10\/Salvavidas-IGSS-convocatoria-semana-santa-2018-1-630x420.jpg\" srcset=\"\/wp-content\/uploads\/sites\/5\/2019\/10\/Salvavidas-IGSS-convocatoria-semana-santa-2018-1-630x420.jpg 630w, \/wp-content\/uploads\/sites\/5\/2019\/10\/Salvavidas-IGSS-convocatoria-semana-santa-2018-1-300x200.jpg 300w, \/wp-content\/uploads\/sites\/5\/2019\/10\/Salvavidas-IGSS-convocatoria-semana-santa-2018-1-768x512.jpg 768w, \/wp-content\/uploads\/sites\/5\/2019\/10\/Salvavidas-IGSS-convocatoria-semana-santa-2018-1-696x464.jpg 696w, \/wp-content\/uploads\/sites\/5\/2019\/10\/Salvavidas-IGSS-convocatoria-semana-santa-2018-1-534x356.jpg 534w, \/wp-content\/uploads\/sites\/5\/2019\/10\/Salvavidas-IGSS-convocatoria-semana-santa-2018-1.jpg 960w\" sizes=\"(max-width: 630px) 100vw, 630px\" alt=\"\">\r\n                            <\/a>\r\n                            \r\n                        <\/figure>\r\n                    <\/div>\r\n                            <\/div>\r\n                        <\/div>\r\n\r\n                        <div class = \"td-doubleSlider-2\">\r\n                            <div class = \"td-slider\">\r\n                                \r\n                    <div class = \"td-button td-item1\">\r\n                        <div class = \"td-border\"><\/div>\r\n                    <\/div>\r\n                    <div class = \"td-button td-item2\">\r\n                        <div class = \"td-border\"><\/div>\r\n                    <\/div>\r\n                    <div class = \"td-button td-item3\">\r\n                        <div class = \"td-border\"><\/div>\r\n                    <\/div>\r\n                    <div class = \"td-button td-item4\">\r\n                        <div class = \"td-border\"><\/div>\r\n                    <\/div>\r\n                    <div class = \"td-button td-item5\">\r\n                        <div class = \"td-border\"><\/div>\r\n                    <\/div>\r\n                    <div class = \"td-button td-item6\">\r\n                        <div class = \"td-border\"><\/div>\r\n                    <\/div>\r\n                    <div class = \"td-button td-item7\">\r\n                        <div class = \"td-border\"><\/div>\r\n                    <\/div>\r\n                    <div class = \"td-button td-item8\">\r\n                        <div class = \"td-border\"><\/div>\r\n                    <\/div>\r\n                            <\/div>\r\n                        <\/div>\r\n\r\n                    <\/div>\r\n\r\n                <\/div>\r\n                ","protected":false},"excerpt":{"rendered":"<p>El Instituto guatemalteco de Seguridad Social (IGSS) convoca a todas las personas que est\u00e9n interesadas en participar en proceso de reclutamiento y selecci\u00f3n de salvavidas que formar\u00e1n parte del Cuerpo de Salvamento, quienes se encargar\u00e1n de brindar seguridad en las playas tur\u00edsticas del pa\u00eds durante Semana Santa 2018. La convocatoria es \u00fanica, para este s\u00e1bado [&hellip;]<\/p>\n","protected":false},"author":9,"featured_media":14083,"comment_status":"open","ping_status":"open","sticky":false,"template":"","format":"standard","meta":{"footnotes":""},"categories":[3,14,17,27,29,32],"tags":[215,216,421,490,740,770,785],"coauthors":[888],"class_list":{"0":"post-14080","1":"post","2":"type-post","3":"status-publish","4":"format-standard","5":"has-post-thumbnail","7":"category-actualidad","8":"category-convocatorias","9":"category-formacion-y-desarrollo","10":"category-prevencion-en-salud","11":"category-publicaciones","12":"category-salvavidas","13":"tag-convocatorias","14":"tag-cuerpo-de-salvamento-del-igss","15":"tag-escuintla","16":"tag-igss","17":"tag-puerto-san-jose","18":"tag-salvavidas-igss","19":"tag-semana-santa-2018"},"_links":{"self":[{"href":"https:\/\/www.igssgt.org\/noticias\/wp-json\/wp\/v2\/posts\/14080","targetHints":{"allow":["GET"]}}],"collection":[{"href":"https:\/\/www.igssgt.org\/noticias\/wp-json\/wp\/v2\/posts"}],"about":[{"href":"https:\/\/www.igssgt.org\/noticias\/wp-json\/wp\/v2\/types\/post"}],"author":[{"embeddable":true,"href":"https:\/\/www.igssgt.org\/noticias\/wp-json\/wp\/v2\/users\/9"}],"replies":[{"embeddable":true,"href":"https:\/\/www.igssgt.org\/noticias\/wp-json\/wp\/v2\/comments?post=14080"}],"version-history":[{"count":1,"href":"https:\/\/www.igssgt.org\/noticias\/wp-json\/wp\/v2\/posts\/14080\/revisions"}],"predecessor-version":[{"id":14090,"href":"https:\/\/www.igssgt.org\/noticias\/wp-json\/wp\/v2\/posts\/14080\/revisions\/14090"}],"wp:featuredmedia":[{"embeddable":true,"href":"https:\/\/www.igssgt.org\/noticias\/wp-json\/wp\/v2\/media\/14083"}],"wp:attachment":[{"href":"https:\/\/www.igssgt.org\/noticias\/wp-json\/wp\/v2\/media?parent=14080"}],"wp:term":[{"taxonomy":"category","embeddable":true,"href":"https:\/\/www.igssgt.org\/noticias\/wp-json\/wp\/v2\/categories?post=14080"},{"taxonomy":"post_tag","embeddable":true,"href":"https:\/\/www.igssgt.org\/noticias\/wp-json\/wp\/v2\/tags?post=14080"},{"taxonomy":"author","embeddable":true,"href":"https:\/\/www.igssgt.org\/noticias\/wp-json\/wp\/v2\/coauthors?post=14080"}],"curies":[{"name":"wp","href":"https:\/\/api.w.org\/{rel}","templated":true}]}}