{"id":14097,"date":"2019-10-30T10:10:40","date_gmt":"2019-10-30T16:10:40","guid":{"rendered":"https:\/\/www.igssgt.org\/noticias\/?p=14097"},"modified":"2019-10-31T17:16:39","modified_gmt":"2019-10-31T23:16:39","slug":"prensa-libre-mural-de-carlos-merida-la-seguridad-social-fue-restaurado","status":"publish","type":"post","link":"https:\/\/www.igssgt.org\/noticias\/2019\/10\/30\/prensa-libre-mural-de-carlos-merida-la-seguridad-social-fue-restaurado\/","title":{"rendered":"Prensa Libre: Mural de Carlos M\u00e9rida, La seguridad social, fue restaurado"},"content":{"rendered":"\n<figure id=\"attachment_14098\" aria-describedby=\"caption-attachment-14098\" style=\"width: 1714px\" class=\"wp-caption aligncenter\"><a href=\"\/wp-content\/uploads\/sites\/5\/2019\/10\/Prensa-Libre-Revive-mural-Carlos-Merida-Las-Seguridad-Social-IGSS-2019-.jpg\"><img loading=\"lazy\" decoding=\"async\" class=\"wp-image-14098 size-full\" src=\"\/wp-content\/uploads\/sites\/5\/2019\/10\/Prensa-Libre-Revive-mural-Carlos-Merida-Las-Seguridad-Social-IGSS-2019-.jpg\" alt=\"\" width=\"1714\" height=\"2000\" srcset=\"\/wp-content\/uploads\/sites\/5\/2019\/10\/Prensa-Libre-Revive-mural-Carlos-Merida-Las-Seguridad-Social-IGSS-2019-.jpg 1714w, \/wp-content\/uploads\/sites\/5\/2019\/10\/Prensa-Libre-Revive-mural-Carlos-Merida-Las-Seguridad-Social-IGSS-2019--1316x1536.jpg 1316w, \/wp-content\/uploads\/sites\/5\/2019\/10\/Prensa-Libre-Revive-mural-Carlos-Merida-Las-Seguridad-Social-IGSS-2019--257x300.jpg 257w, \/wp-content\/uploads\/sites\/5\/2019\/10\/Prensa-Libre-Revive-mural-Carlos-Merida-Las-Seguridad-Social-IGSS-2019--768x896.jpg 768w, \/wp-content\/uploads\/sites\/5\/2019\/10\/Prensa-Libre-Revive-mural-Carlos-Merida-Las-Seguridad-Social-IGSS-2019--878x1024.jpg 878w, \/wp-content\/uploads\/sites\/5\/2019\/10\/Prensa-Libre-Revive-mural-Carlos-Merida-Las-Seguridad-Social-IGSS-2019--360x420.jpg 360w, \/wp-content\/uploads\/sites\/5\/2019\/10\/Prensa-Libre-Revive-mural-Carlos-Merida-Las-Seguridad-Social-IGSS-2019--696x812.jpg 696w, \/wp-content\/uploads\/sites\/5\/2019\/10\/Prensa-Libre-Revive-mural-Carlos-Merida-Las-Seguridad-Social-IGSS-2019--1068x1246.jpg 1068w, \/wp-content\/uploads\/sites\/5\/2019\/10\/Prensa-Libre-Revive-mural-Carlos-Merida-Las-Seguridad-Social-IGSS-2019--396x462.jpg 396w\" sizes=\"auto, (max-width: 1714px) 100vw, 1714px\" \/><\/a><figcaption id=\"caption-attachment-14098\" class=\"wp-caption-text\">Publicaci\u00f3n en Prensa Libre de fecha 31 de noviembre de 2019, p\u00e1g. 32.<\/figcaption><\/figure>\n<h4>La noche del martes 29 de octubre fue presentado el mural restaurado La seguridad social, de Carlos M\u00e9rida; en el Centro C\u00edvico de Guatemala.<\/h4>\n<h4><em><strong>Por\u00a0<span class=\"author vcard\">Ingrid Reyes<\/span><\/strong><\/em><\/h4>\n<p>Este mural se inaugur\u00f3 en conjunto con el edificio del Instituto Guatemalteco de Seguridad Social (IGSS) en 1959.\u00a0 Durante este tiempo no hab\u00eda tenido ning\u00fan tipo de mantenimiento ni limpieza, lo cual influy\u00f3 en su deterioro.<\/p>\n<p>El reconocido artista M\u00e9rida que ha sido uno de los grandes destacados del artes guatemalteco cre\u00f3 esta propuesta en un mosaico veneciano. Frente a este mural se construy\u00f3 una pileta para proteger la obra de arte y convertirla en un espejo de agua, la cual tambi\u00e9n ha sido modificada para que siga cumpliendo esta funci\u00f3n.<\/p>\n<p>La finalidad del estanque es que el agua proteja el mural para evitar que desprendan piezas y que sea un espejo de agua, para ser reflejado y est\u00e9 en movimiento por\u00a0 el viento que corre usualmente de norte a sur.<\/p>\n<h2>Detalles<\/h2>\n<p>La base donde est\u00e1 colocado el mural es una estructura de concreto reforzada de 33.75 metros de longitud por 3.65 metros de alto por un espesor de 28 cent\u00edmetros.<\/p>\n<p>El mosaico del mural es tipo veneciano.\u00a0 El artista aplic\u00f3 un esmalte sobre l\u00e1minas de cobre con piezas tra\u00eddas de M\u00e9xico e Italia.<\/p>\n<p>Cada persona podr\u00eda dar su interpretaci\u00f3n a las l\u00edneas y formas que plasman una cruz, manos y siluetas de diferentes edades.\u00a0 Aparecen dos grandes manos, que podr\u00edan ser las que est\u00e1n dando la protecci\u00f3n a la mujer y a los ni\u00f1os.\u00a0 En la escena tambi\u00e9n se observan rostros y un conglomerado humano que podr\u00eda ser una ciudad prehisp\u00e1nica o una ciudad moderna, no sabemos con certeza, describi\u00f3 Rodrigo \u00c1lvarez, uno de los arquitectos involucrados en la remodelaci\u00f3n.<\/p>\n<p>Por su parte, Carlos Contreras, presidente de la Junta Directiva del IGSS, dijo que este mural \u201cconstituye el alma de la seguridad social maltrecha y nos se\u00f1ala las necesidades que todav\u00eda tiene actualmente y por la que se trabaja\u201d.<\/p>\n<p>Los labores de restauraci\u00f3n comenzaron en diciembre de 2018 y se desarrollaron en tres fases.\u00a0 Los arquitectos Roberto Barillas y\u00a0 \u00c1lvarez fueron los responsables de los trabajos.<\/p>\n<p>Barillas expres\u00f3 la alegr\u00eda por la culminaci\u00f3n del trabajo del mural que es parte del complejo del IGSS, declarado Patrimonio Cultural de la Naci\u00f3n en el 2014.\u00a0 \u201cEsto resalta la importancia de conservar los componentes patrimoniales que lo conforman como este mural de M\u00e9rida por ser parte de la identidad guatemalteca\u201d, agreg\u00f3.<\/p>\n<p>El siguiente video muestra el deterioro y las distintas fases de trabajo para la restauraci\u00f3n.<\/p>\n<p>Barillas coment\u00f3 que el grupo que comenz\u00f3 el trabajo incluy\u00f3 a diferentes profesionales desde fot\u00f3grafos hasta profesionales en dibujo t\u00e9cnico y art\u00edstico para realizar el diagn\u00f3stico minucioso y dar propuestas para renovar la pieza art\u00edstica.<\/p>\n<p>\u00c1lvarez expres\u00f3 que desde el a\u00f1o 2000 empez\u00f3 a visitar el mural m\u00e1s seguido y a reconocer su valor dentro del Centro C\u00edvico, reconociendo la influencia de la Revoluci\u00f3n de Octubre de 1944 que inspiraron ideas del \u00e1mbito pol\u00edtico, as\u00ed como en lo cultural y art\u00edstico. Tambi\u00e9n coment\u00f3 que la obra se encontraba con fisuras, abombamientos, desprendimientos y grietas a punto de colapsar, as\u00ed como mosaicos que ca\u00edan en la pileta frontal.\u00a0 Realiz\u00f3 estudios, investigaciones para buscar apoyo\u00a0 para la restauraci\u00f3n, adem\u00e1s de dar charlas inspiradas en la importancia del mural para motivar a su restauraci\u00f3n.<\/p>\n<p><a href=\"\/wp-content\/uploads\/sites\/5\/2019\/10\/Prensa-Libre-mural-carlos-merida-IGSS-2019-01.jpg\"><img loading=\"lazy\" decoding=\"async\" class=\"aligncenter size-full wp-image-14099\" src=\"\/wp-content\/uploads\/sites\/5\/2019\/10\/Prensa-Libre-mural-carlos-merida-IGSS-2019-01.jpg\" alt=\"\" width=\"1024\" height=\"768\" srcset=\"\/wp-content\/uploads\/sites\/5\/2019\/10\/Prensa-Libre-mural-carlos-merida-IGSS-2019-01.jpg 1024w, \/wp-content\/uploads\/sites\/5\/2019\/10\/Prensa-Libre-mural-carlos-merida-IGSS-2019-01-300x225.jpg 300w, \/wp-content\/uploads\/sites\/5\/2019\/10\/Prensa-Libre-mural-carlos-merida-IGSS-2019-01-768x576.jpg 768w, \/wp-content\/uploads\/sites\/5\/2019\/10\/Prensa-Libre-mural-carlos-merida-IGSS-2019-01-560x420.jpg 560w, \/wp-content\/uploads\/sites\/5\/2019\/10\/Prensa-Libre-mural-carlos-merida-IGSS-2019-01-80x60.jpg 80w, \/wp-content\/uploads\/sites\/5\/2019\/10\/Prensa-Libre-mural-carlos-merida-IGSS-2019-01-696x522.jpg 696w, \/wp-content\/uploads\/sites\/5\/2019\/10\/Prensa-Libre-mural-carlos-merida-IGSS-2019-01-265x198.jpg 265w, \/wp-content\/uploads\/sites\/5\/2019\/10\/Prensa-Libre-mural-carlos-merida-IGSS-2019-01-534x401.jpg 534w\" sizes=\"auto, (max-width: 1024px) 100vw, 1024px\" \/><\/a><\/p>\n<p>En el 2017 se consigui\u00f3 el apoyo para este proceso liderado por el IGSS, en el que participan el Instituto de Antropolog\u00eda e Historia, IDAEH del\u00a0 Ministerio de Cultura y Deportes, la Municipalidad de Guatemala, entre otros involucrados.<\/p>\n<p>El Ministro de Cultura y Deportes, Elder S\u00fachite invit\u00f3 durante la actividad a admirar la obra de M\u00e9rida pero tambi\u00e9n a caminar por el Centro C\u00edvico y adem\u00e1s observar el trabajo de Efra\u00edn Recinos, Dagoberto V\u00e1squez y Roberto Gonz\u00e1lez Goyri.<\/p>\n<h2>El legado de M\u00e9rida<\/h2>\n<p>Maria Cristina Navas y M\u00e9rida, nieta de Carlos M\u00e9rida, asisti\u00f3 al evento y coment\u00f3 que este trabajo comenz\u00f3 despu\u00e9s de un art\u00edculo publicado en Prensa Libre, en 2016 en el cual era notorio el deterioro del mural en el que se hablaba de lo descuidada que estaba la obra.\u00a0 Despu\u00e9s de ello, el arquitecto \u00c1lvarez se acerc\u00f3 para hablar sobre la restauraci\u00f3n, y ah\u00ed comenz\u00f3 el trabajo.<\/p>\n<p>Navas y M\u00e9rida expres\u00f3 que en otras ocasiones toc\u00f3 algunas puertas para realizar este trabajo, pero el mismo no se logr\u00f3.\u00a0 \u201cMe llamaron por tel\u00e9fono para contarme que ya estaban comenzando los trabajos, pero al principio no lo cre\u00ed y solo me ofrec\u00ed para ayudar porque es importante ser amable con todos los que se interesen en ello, no pens\u00e9 que lo llegaran a hacer\u201d, dice.<\/p>\n<p>Durante la inauguraci\u00f3n, visiblemente emocionada, Navas y M\u00e9rida expres\u00f3 su agradecimiento a los involucrados en este proyecto, sobre todo porque su abuelo no vio lo deteriorado de esta obra, que \u201cseguro representar\u00eda un gran dolor para \u00e9l como fue ver su obra en el Cr\u00e9dito Hipotecario Nacional\u201d.\u00a0 \u201cQuisiera que tambi\u00e9n su gente sintiera la emoci\u00f3n de este momento, de ver algo tan bien hecho y sabemos que las manos guatemaltecas tienen profesionalismo y lo hacen bien y ojal\u00e1 que sigamos conservando todo esto como parte de nuestra vida y que Dios me d\u00e9 vida para seguir trabajando para que mi abuelo siga siendo reconocido\u201d, agreg\u00f3.<\/p>\n<p>Tambi\u00e9n coment\u00f3 que van a seguir procesos para lograr que tambi\u00e9n la restauraci\u00f3n de otras piezas.<\/p>\n<p>Una de las misiones de la vida de Mar\u00eda Cristina es seguir fomentando el trabajo de su abuelo, especialmente para que Guatemala conozca m\u00e1s del gran trabajo y talento que representa para su historia.\u00a0 \u201cMi abuelo tuvo el privilegio de ser un pintor universal y seguir\u00e9 haciendo cosas para que la gente lo conozca e invito a los j\u00f3venes a entrar a Internet y vean qu\u00e9 hizo como pintor y diferentes modalidades en vi\u00f1etas, vestuarios, escenograf\u00eda e involucrado en los acontecimientos m\u00e1s importantes del siglo XX\u201d, dijo.<\/p>\n<p>Al acto tambi\u00e9n asisti\u00f3 Aiira M\u00e9rida, bisnieto del artista, quien coment\u00f3 que ver el mural restaurado es un gran orgullo y satisfacci\u00f3n por los esfuerzos que lleva los procesos.\u00a0 \u00a0\u201cMi tata (como le llamaba la familia) no se nacionaliz\u00f3 mexicano porque amaba Guatemala y era un visionario que hablaba a sus 80 a\u00f1os (hace casi 40 a\u00f1os) de la pintura electr\u00f3nica y las nuevas t\u00e9cnicas\u201d, expres\u00f3 el joven, tambi\u00e9n artista.<\/p>\n<p>El artista Rudy Cott\u00f3n, actual director del Museo de Arte Moderno, Carlos M\u00e9rida coment\u00f3 que este es un rescate del patrimonio guatemalteco donde una entidad privada se ha percatado, despu\u00e9s de 60 a\u00f1os, del valor patrimonial de esta obra y es un punto importante cuando se ve la cultura como un proceso de desarrollo.\u00a0 Tambi\u00e9n hizo \u00e9nfasis en el valor de M\u00e9rida en la historia del arte universal y en su propuesta de integraci\u00f3n arquitect\u00f3nica en la que por medio del mural lleva el arte al pueblo.<\/p>\n<p>Fuente: <strong>Prensa Libre<\/strong><\/p>\n<p>Enlace en Internet: <strong><a href=\"https:\/\/www.prensalibre.com\/vida\/escenario\/revive-el-mural-de-carlos-merida\/\">https:\/\/www.prensalibre.com\/vida\/escenario\/revive-el-mural-de-carlos-merida\/<\/a><\/strong><\/p>\n<p>\u00a0<\/p>\n","protected":false},"excerpt":{"rendered":"<p>La noche del martes 29 de octubre fue presentado el mural restaurado La seguridad social, de Carlos M\u00e9rida; en el Centro C\u00edvico de Guatemala. Por\u00a0Ingrid Reyes Este mural se inaugur\u00f3 en conjunto con el edificio del Instituto Guatemalteco de Seguridad Social (IGSS) en 1959.\u00a0 Durante este tiempo no hab\u00eda tenido ning\u00fan tipo de mantenimiento ni [&hellip;]<\/p>\n","protected":false},"author":4,"featured_media":14100,"comment_status":"open","ping_status":"open","sticky":false,"template":"","format":"standard","meta":{"footnotes":""},"categories":[3,15,16,41,29],"tags":[1025,490,1026,649,717],"coauthors":[881],"class_list":{"0":"post-14097","1":"post","2":"type-post","3":"status-publish","4":"format-standard","5":"has-post-thumbnail","7":"category-actualidad","8":"category-destacado","9":"category-featured","10":"category-igss-en-los-medios","11":"category-publicaciones","12":"tag-carlos-merida","13":"tag-igss","14":"tag-mural-la-seguridad-social","15":"tag-murales-igss","16":"tag-prensa-libre"},"_links":{"self":[{"href":"https:\/\/www.igssgt.org\/noticias\/wp-json\/wp\/v2\/posts\/14097","targetHints":{"allow":["GET"]}}],"collection":[{"href":"https:\/\/www.igssgt.org\/noticias\/wp-json\/wp\/v2\/posts"}],"about":[{"href":"https:\/\/www.igssgt.org\/noticias\/wp-json\/wp\/v2\/types\/post"}],"author":[{"embeddable":true,"href":"https:\/\/www.igssgt.org\/noticias\/wp-json\/wp\/v2\/users\/4"}],"replies":[{"embeddable":true,"href":"https:\/\/www.igssgt.org\/noticias\/wp-json\/wp\/v2\/comments?post=14097"}],"version-history":[{"count":2,"href":"https:\/\/www.igssgt.org\/noticias\/wp-json\/wp\/v2\/posts\/14097\/revisions"}],"predecessor-version":[{"id":14102,"href":"https:\/\/www.igssgt.org\/noticias\/wp-json\/wp\/v2\/posts\/14097\/revisions\/14102"}],"wp:featuredmedia":[{"embeddable":true,"href":"https:\/\/www.igssgt.org\/noticias\/wp-json\/wp\/v2\/media\/14100"}],"wp:attachment":[{"href":"https:\/\/www.igssgt.org\/noticias\/wp-json\/wp\/v2\/media?parent=14097"}],"wp:term":[{"taxonomy":"category","embeddable":true,"href":"https:\/\/www.igssgt.org\/noticias\/wp-json\/wp\/v2\/categories?post=14097"},{"taxonomy":"post_tag","embeddable":true,"href":"https:\/\/www.igssgt.org\/noticias\/wp-json\/wp\/v2\/tags?post=14097"},{"taxonomy":"author","embeddable":true,"href":"https:\/\/www.igssgt.org\/noticias\/wp-json\/wp\/v2\/coauthors?post=14097"}],"curies":[{"name":"wp","href":"https:\/\/api.w.org\/{rel}","templated":true}]}}