{"id":14103,"date":"2019-10-30T21:00:58","date_gmt":"2019-10-31T03:00:58","guid":{"rendered":"https:\/\/www.igssgt.org\/noticias\/?p=14103"},"modified":"2020-04-23T18:45:58","modified_gmt":"2020-04-24T00:45:58","slug":"diario-la-hora-presentan-restauracion-de-mural-la-seguridad-social-del-artista-carlos-merida","status":"publish","type":"post","link":"https:\/\/www.igssgt.org\/noticias\/2019\/10\/30\/diario-la-hora-presentan-restauracion-de-mural-la-seguridad-social-del-artista-carlos-merida\/","title":{"rendered":"Diario La Hora: Presentan restauraci\u00f3n de mural \u201cLa Seguridad Social\u201d, del artista Carlos M\u00e9rida"},"content":{"rendered":"\n<h4><em>Por Margarita Gir\u00f3n<\/em><\/h4>\n<p>El pasado 29 de octubre, la Junta Directiva y la Administraci\u00f3n del Instituto Guatemalteco de Seguridad Social (IGSS) realiz\u00f3 la presentaci\u00f3n de los trabajos de restauraci\u00f3n del mural del artista Carlos M\u00e9rida \u201cLa Seguridad Social\u201d, considerado patrimonio nacional de la cultura, ubicado en las oficinas centrales del Instituto.<\/p>\n<p>Seg\u00fan detallaron, los trabajos se iniciaron en diciembre del a\u00f1o 2018, a trav\u00e9s de tres fases que incluyeron la pre consolidaci\u00f3n, consolidaci\u00f3n y restauraci\u00f3n del mural en las que los arquitectos Roberto Barillas y Rodrigo \u00c1lvarez, trabajaron por diez meses.<\/p>\n<p>Tambi\u00e9n explicaron que, la obra de M\u00e9rida busca transmitir la maternidad y hospitalidad, que es la funci\u00f3n de esa Instituci\u00f3n, as\u00ed como los beneficios a la comunidad. Adem\u00e1s de una representaci\u00f3n de c\u00f3mo tambi\u00e9n el hombre, bajo sus atributos f\u00edsicos y espirituales, recibe la protecci\u00f3n y cuidado de la Seguridad Social.<\/p>\n<p>La obra representa la historia de la Seguridad Social, es reflejada por un estanque y acompa\u00f1a a los visitantes hasta la puerta de ingreso a las Oficinas Centrales del IGSS.<\/p>\n<p>Para Rodrigo \u00c1lvarez, uno de los arquitectos a cargo de los trabajos, la mural alegor\u00eda a la Seguridad Social fue colocado en un lugar espec\u00edfico destinado a que se integre totalmente al ambiente en el cual fue erigido, un equilibrio justo que las tres artes hermanen, y as\u00ed colaboran con la totalidad del conjunto y al mismo tiempo mantienen cada una su propia personalidad.<\/p>\n<p>\u201cComo obra de arte debemos considerar los a\u00f1os transcurridos desde su creaci\u00f3n, incorpor\u00e1ndolo en su realidad actual, aun\u00e1ndose en su evoluci\u00f3n conceptual y legibilidad como obra de arte, propici\u00e1ndose una puesta en valor en los \u00faltimos a\u00f1os\u201d, agreg\u00f3 \u00c1lvarez.<\/p>\n<h4><strong>SOBRE EL MURAL<\/strong><\/h4>\n<p>El mural de M\u00e9rida se encuentra en uno de los edificios del IGSS construidos en la d\u00e9cada de los 50, obra de los arquitectos Jorge Montes C\u00f3rdoba y Roberto Aycinena, inaugurado el 1 septiembre de 1959.<\/p>\n<p>De acuerdo con la informaci\u00f3n, Carlos M\u00e9rida defendi\u00f3 \u201cla teor\u00eda del muralismo funcional\u201d, reflejada en los edificios que ubicados en el Centro C\u00edvico.<\/p>\n<p>\u201cLa mural alegor\u00eda a la Seguridad Social fue colocado en un lugar espec\u00edfico destinado a que se integre totalmente al ambiente en el cual fue erigido, un equilibrio justo que las tres artes hermanen, y as\u00ed colaboran con la totalidad del conjunto y al mismo tiempo mantienen cada una su propia personalidad. Esta obra de arte se puede interpretar seg\u00fan la propia experiencia\u201d, destac\u00f3 \u00c1lvarez.<\/p>\n<p>Uno de los edificios construidos en esa \u00e9poca de los 50 es el del IGSS, obra de los arquitectos Jorge Montes C\u00f3rdoba y Roberto Aycinena, inaugurado el 1septiembre de 1959.<\/p>\n<figure id=\"attachment_14105\" aria-describedby=\"caption-attachment-14105\" style=\"width: 777px\" class=\"wp-caption aligncenter\"><a href=\"\/wp-content\/uploads\/sites\/5\/2019\/11\/Diario-La-Hora-Restauracio\u0301n-Mural-Carlos-Merida-2019-02.jpg\"><img loading=\"lazy\" decoding=\"async\" class=\"wp-image-14105 size-full\" src=\"\/wp-content\/uploads\/sites\/5\/2019\/11\/Diario-La-Hora-Restauracio\u0301n-Mural-Carlos-Merida-2019-02.jpg\" alt=\"\" width=\"777\" height=\"525\" srcset=\"\/wp-content\/uploads\/sites\/5\/2019\/11\/Diario-La-Hora-Restauracio\u0301n-Mural-Carlos-Merida-2019-02.jpg 777w, \/wp-content\/uploads\/sites\/5\/2019\/11\/Diario-La-Hora-Restauracio\u0301n-Mural-Carlos-Merida-2019-02-300x203.jpg 300w, \/wp-content\/uploads\/sites\/5\/2019\/11\/Diario-La-Hora-Restauracio\u0301n-Mural-Carlos-Merida-2019-02-768x519.jpg 768w, \/wp-content\/uploads\/sites\/5\/2019\/11\/Diario-La-Hora-Restauracio\u0301n-Mural-Carlos-Merida-2019-02-622x420.jpg 622w, \/wp-content\/uploads\/sites\/5\/2019\/11\/Diario-La-Hora-Restauracio\u0301n-Mural-Carlos-Merida-2019-02-696x470.jpg 696w, \/wp-content\/uploads\/sites\/5\/2019\/11\/Diario-La-Hora-Restauracio\u0301n-Mural-Carlos-Merida-2019-02-534x361.jpg 534w\" sizes=\"auto, (max-width: 777px) 100vw, 777px\" \/><\/a><figcaption id=\"caption-attachment-14105\" class=\"wp-caption-text\">La obra representa la historia de la Seguridad Social, es reflejada por un estanque y acompa\u00f1a a los visitantes hasta la puerta de ingreso a las Oficinas Centrales del IGSS. FOTO\/IGSS<\/figcaption><\/figure>\n<h4><strong>EL PROCESO DE RESTAURACI\u00d3N<\/strong><\/h4>\n<p>Seg\u00fan la descripci\u00f3n de los trabajos realizados en el mural, se construy\u00f3 una pileta frente a la obra, cuya finalidad es que el agua proteja el mural para evitar que desprendan piezas (teselas, aluminio) \u201ctambi\u00e9n le sirve de espejo de agua, para ser reflejado y junto con el viento que corre usualmente de norte a sur lo convierte en un mural vivo\u201d.<\/p>\n<p>Adem\u00e1s, detallaron que la base donde est\u00e1 colocado el mural es una estructura de concreto reforzada de 33.75 metros de longitud por 3.65 metros de alto por un espesor de 28 cent\u00edmetros. Est\u00e1 sostenido por seis columnas de concreto con un refuerzo de 25 cent\u00edmetros de di\u00e1metro.<\/p>\n<p>En la parte posterior se encuentran siete vigas amarradas a las columnas principales del edificio, para darle rigidez y estabilidad al mural. Tambi\u00e9n se observa otro mural, que puede apreciarse desde el interior del lobby del edificio.<\/p>\n<p>Sobre estas superficies fueron colocadas en ambos lados millares de teselas de mosaico veneciano. Y por \u00faltimo se le coloc\u00f3 un filete de aluminio en todo su per\u00edmetro para su protecci\u00f3n.<\/p>\n<p>\u201cComo obra de arte debemos considerar los a\u00f1os transcurridos desde su creaci\u00f3n, incorpor\u00e1ndolo en su realidad actual, aun\u00e1ndose en su evoluci\u00f3n conceptual y legibilidad como obra de arte, propici\u00e1ndose una puesta en valor en los \u00faltimos a\u00f1os\u201d, a\u00f1adi\u00f3 \u00c1lvarez.<\/p>\n<figure id=\"attachment_14106\" aria-describedby=\"caption-attachment-14106\" style=\"width: 777px\" class=\"wp-caption aligncenter\"><a href=\"\/wp-content\/uploads\/sites\/5\/2019\/11\/Diario-La-Hora-Restauracio\u0301n-Mural-Carlos-Merida-2019-03.jpg\"><img loading=\"lazy\" decoding=\"async\" class=\"size-full wp-image-14106\" src=\"\/wp-content\/uploads\/sites\/5\/2019\/11\/Diario-La-Hora-Restauracio\u0301n-Mural-Carlos-Merida-2019-03.jpg\" alt=\"\" width=\"777\" height=\"437\" srcset=\"\/wp-content\/uploads\/sites\/5\/2019\/11\/Diario-La-Hora-Restauracio\u0301n-Mural-Carlos-Merida-2019-03.jpg 777w, \/wp-content\/uploads\/sites\/5\/2019\/11\/Diario-La-Hora-Restauracio\u0301n-Mural-Carlos-Merida-2019-03-300x169.jpg 300w, \/wp-content\/uploads\/sites\/5\/2019\/11\/Diario-La-Hora-Restauracio\u0301n-Mural-Carlos-Merida-2019-03-768x432.jpg 768w, \/wp-content\/uploads\/sites\/5\/2019\/11\/Diario-La-Hora-Restauracio\u0301n-Mural-Carlos-Merida-2019-03-747x420.jpg 747w, \/wp-content\/uploads\/sites\/5\/2019\/11\/Diario-La-Hora-Restauracio\u0301n-Mural-Carlos-Merida-2019-03-696x391.jpg 696w, \/wp-content\/uploads\/sites\/5\/2019\/11\/Diario-La-Hora-Restauracio\u0301n-Mural-Carlos-Merida-2019-03-534x300.jpg 534w\" sizes=\"auto, (max-width: 777px) 100vw, 777px\" \/><\/a><figcaption id=\"caption-attachment-14106\" class=\"wp-caption-text\">El mural de M\u00e9rida se encuentra en uno de los edificios del IGSS construidos en la d\u00e9cada de los 50, obra de los arquitectos Jorge Montes C\u00f3rdoba y Roberto Aycinena, inaugurado el 1 de septiembre de 1959.<br \/>FOTO\/IGSS<\/figcaption><\/figure>\n\n\n\n<p><\/p>\n","protected":false},"excerpt":{"rendered":"<p>Por Margarita Gir\u00f3n El pasado 29 de octubre, la Junta Directiva y la Administraci\u00f3n del Instituto Guatemalteco de Seguridad Social (IGSS) realiz\u00f3 la presentaci\u00f3n de los trabajos de restauraci\u00f3n del mural del artista Carlos M\u00e9rida \u201cLa Seguridad Social\u201d, considerado patrimonio nacional de la cultura, ubicado en las oficinas centrales del Instituto. Seg\u00fan detallaron, los trabajos [&hellip;]<\/p>\n","protected":false},"author":4,"featured_media":14104,"comment_status":"open","ping_status":"open","sticky":false,"template":"","format":"standard","meta":{"footnotes":""},"categories":[3,15,16,41,29],"tags":[1025,1043,490,1026,649],"coauthors":[881],"class_list":{"0":"post-14103","1":"post","2":"type-post","3":"status-publish","4":"format-standard","5":"has-post-thumbnail","7":"category-actualidad","8":"category-destacado","9":"category-featured","10":"category-igss-en-los-medios","11":"category-publicaciones","12":"tag-carlos-merida","13":"tag-diario-la-hora","14":"tag-igss","15":"tag-mural-la-seguridad-social","16":"tag-murales-igss"},"_links":{"self":[{"href":"https:\/\/www.igssgt.org\/noticias\/wp-json\/wp\/v2\/posts\/14103","targetHints":{"allow":["GET"]}}],"collection":[{"href":"https:\/\/www.igssgt.org\/noticias\/wp-json\/wp\/v2\/posts"}],"about":[{"href":"https:\/\/www.igssgt.org\/noticias\/wp-json\/wp\/v2\/types\/post"}],"author":[{"embeddable":true,"href":"https:\/\/www.igssgt.org\/noticias\/wp-json\/wp\/v2\/users\/4"}],"replies":[{"embeddable":true,"href":"https:\/\/www.igssgt.org\/noticias\/wp-json\/wp\/v2\/comments?post=14103"}],"version-history":[{"count":4,"href":"https:\/\/www.igssgt.org\/noticias\/wp-json\/wp\/v2\/posts\/14103\/revisions"}],"predecessor-version":[{"id":17192,"href":"https:\/\/www.igssgt.org\/noticias\/wp-json\/wp\/v2\/posts\/14103\/revisions\/17192"}],"wp:featuredmedia":[{"embeddable":true,"href":"https:\/\/www.igssgt.org\/noticias\/wp-json\/wp\/v2\/media\/14104"}],"wp:attachment":[{"href":"https:\/\/www.igssgt.org\/noticias\/wp-json\/wp\/v2\/media?parent=14103"}],"wp:term":[{"taxonomy":"category","embeddable":true,"href":"https:\/\/www.igssgt.org\/noticias\/wp-json\/wp\/v2\/categories?post=14103"},{"taxonomy":"post_tag","embeddable":true,"href":"https:\/\/www.igssgt.org\/noticias\/wp-json\/wp\/v2\/tags?post=14103"},{"taxonomy":"author","embeddable":true,"href":"https:\/\/www.igssgt.org\/noticias\/wp-json\/wp\/v2\/coauthors?post=14103"}],"curies":[{"name":"wp","href":"https:\/\/api.w.org\/{rel}","templated":true}]}}