{"id":14199,"date":"2018-01-17T11:05:36","date_gmt":"2018-01-17T17:05:36","guid":{"rendered":"https:\/\/www.igssgt.org\/noticias\/?p=14199"},"modified":"2019-11-05T11:15:30","modified_gmt":"2019-11-05T17:15:30","slug":"igss-ha-brindado-atencion-medica-a-1185-derechohabientes-por-enfermedades-respiratorias-en-ultimos-dias","status":"publish","type":"post","link":"https:\/\/www.igssgt.org\/noticias\/2018\/01\/17\/igss-ha-brindado-atencion-medica-a-1185-derechohabientes-por-enfermedades-respiratorias-en-ultimos-dias\/","title":{"rendered":"IGSS ha brindado atenci\u00f3n m\u00e9dica a 1,185 derechohabientes por enfermedades respiratorias en \u00faltimos d\u00edas"},"content":{"rendered":"\n<p>Ante los frentes fr\u00edos que han ingresado al pa\u00eds, las diferentes unidades m\u00e9dicas han reportado la atenci\u00f3n m\u00e9dica a 685 adultos con enfermedades respiratorias durante los \u00faltimos cinco d\u00edas. As\u00ed mismo, las pediatr\u00edas reportaron la asistencia m\u00e9dica a 500 ni\u00f1os por las mismas causas.<\/p>\n\n\n\n<p>Las enfermedades m\u00e1s frecuentes son rinofaringitis aguda, amigdalitis aguda, infecci\u00f3n&nbsp;en las v\u00edas respiratorias, bronquitis, asma y neumon\u00eda, entre otras. Debido a que se pronostica el ingreso de nuevos frentes fr\u00edos, el Instituto Guatemalteco de Seguridad Social recomienda a la poblaci\u00f3n en general abrigarse bien y utilizar bufanda, gorro y guantes. Los cuidados deben ser especialmente con los ni\u00f1o peque\u00f1os y las personas de la tercera edad.<\/p>\n\n\n\n<p>Si padece de alguna enfermedad broco-respiratoria tenga los medicamentos a la mano, en caso de que contraiga una infecci\u00f3n respiratoria aguda acuda inmediatamente a la unidad m\u00e9dica del IGSS que le corresponde.<\/p>\n\n\n\r\n                <style type=\"text\/css\">\r\n                    \r\n                    #tdi_1  .td-doubleSlider-2 .td-item1 {\r\n                        background: url(\/wp-content\/uploads\/sites\/5\/2019\/11\/IGSS-brinda-atencion-a-derechohabientes-por-enfermedades-respiratorias-2018-4-80x60.jpg) 0 0 no-repeat;\r\n                    }\r\n                    #tdi_1  .td-doubleSlider-2 .td-item2 {\r\n                        background: url(\/wp-content\/uploads\/sites\/5\/2019\/11\/IGSS-brinda-atencion-a-derechohabientes-por-enfermedades-respiratorias-2018-1-80x60.jpg) 0 0 no-repeat;\r\n                    }\r\n                    #tdi_1  .td-doubleSlider-2 .td-item3 {\r\n                        background: url(\/wp-content\/uploads\/sites\/5\/2019\/11\/IGSS-brinda-atencion-a-derechohabientes-por-enfermedades-respiratorias-2018-6-80x60.jpg) 0 0 no-repeat;\r\n                    }\r\n                    #tdi_1  .td-doubleSlider-2 .td-item4 {\r\n                        background: url(\/wp-content\/uploads\/sites\/5\/2019\/11\/IGSS-brinda-atencion-a-derechohabientes-por-enfermedades-respiratorias-2018-11-80x60.jpg) 0 0 no-repeat;\r\n                    }\r\n                    #tdi_1  .td-doubleSlider-2 .td-item5 {\r\n                        background: url(\/wp-content\/uploads\/sites\/5\/2019\/11\/IGSS-brinda-atencion-a-derechohabientes-por-enfermedades-respiratorias-2018-7-80x60.jpg) 0 0 no-repeat;\r\n                    }\r\n                    #tdi_1  .td-doubleSlider-2 .td-item6 {\r\n                        background: url(\/wp-content\/uploads\/sites\/5\/2019\/11\/IGSS-brinda-atencion-a-derechohabientes-por-enfermedades-respiratorias-2018-8-80x60.jpg) 0 0 no-repeat;\r\n                    }\r\n                    #tdi_1  .td-doubleSlider-2 .td-item7 {\r\n                        background: url(\/wp-content\/uploads\/sites\/5\/2019\/11\/IGSS-brinda-atencion-a-derechohabientes-por-enfermedades-respiratorias-2018-10-80x60.jpg) 0 0 no-repeat;\r\n                    }\r\n                <\/style>\r\n\r\n                <div id=\"tdi_1\" class=\"td-gallery td-slide-on-2-columns\">\r\n                    <div class=\"post_td_gallery\">\r\n                        <div class=\"td-gallery-slide-top\">\r\n                           <div class=\"td-gallery-title\"><\/div>\r\n\r\n                            <div class=\"td-gallery-controls-wrapper\">\r\n                                <div class=\"td-gallery-slide-count\"><span class=\"td-gallery-slide-item-focus\">1<\/span> de 7<\/div>\r\n                                <div class=\"td-gallery-slide-prev-next-but\">\r\n                                    <i class = \"td-icon-left doubleSliderPrevButton\"><\/i>\r\n                                    <i class = \"td-icon-right doubleSliderNextButton\"><\/i>\r\n                                <\/div>\r\n                            <\/div>\r\n                        <\/div>\r\n\r\n                        <div class = \"td-doubleSlider-1 \">\r\n                            <div class = \"td-slider\">\r\n                                \r\n                    <div class = \"td-slide-item td-item1\">\r\n                        <figure class=\"td-slide-galery-figure td-slide-popup-gallery\">\r\n                            <a class=\"slide-gallery-image-link\" href=\"\/wp-content\/uploads\/sites\/5\/2019\/11\/IGSS-brinda-atencion-a-derechohabientes-por-enfermedades-respiratorias-2018-4-scaled.jpg\" title=\"IGSS-brinda-atencion-a-derechohabientes-por-enfermedades-respiratorias-2018-4\"  data-caption=\"\"  data-description=\"\">\r\n                                <img decoding=\"async\" src=\"\/wp-content\/uploads\/sites\/5\/2019\/11\/IGSS-brinda-atencion-a-derechohabientes-por-enfermedades-respiratorias-2018-4-280x420.jpg\" srcset=\"\/wp-content\/uploads\/sites\/5\/2019\/11\/IGSS-brinda-atencion-a-derechohabientes-por-enfermedades-respiratorias-2018-4-280x420.jpg 280w, \/wp-content\/uploads\/sites\/5\/2019\/11\/IGSS-brinda-atencion-a-derechohabientes-por-enfermedades-respiratorias-2018-4-200x300.jpg 200w, \/wp-content\/uploads\/sites\/5\/2019\/11\/IGSS-brinda-atencion-a-derechohabientes-por-enfermedades-respiratorias-2018-4-683x1024.jpg 683w, \/wp-content\/uploads\/sites\/5\/2019\/11\/IGSS-brinda-atencion-a-derechohabientes-por-enfermedades-respiratorias-2018-4-768x1152.jpg 768w, \/wp-content\/uploads\/sites\/5\/2019\/11\/IGSS-brinda-atencion-a-derechohabientes-por-enfermedades-respiratorias-2018-4-1024x1536.jpg 1024w, \/wp-content\/uploads\/sites\/5\/2019\/11\/IGSS-brinda-atencion-a-derechohabientes-por-enfermedades-respiratorias-2018-4-1365x2048.jpg 1365w, \/wp-content\/uploads\/sites\/5\/2019\/11\/IGSS-brinda-atencion-a-derechohabientes-por-enfermedades-respiratorias-2018-4-696x1044.jpg 696w, \/wp-content\/uploads\/sites\/5\/2019\/11\/IGSS-brinda-atencion-a-derechohabientes-por-enfermedades-respiratorias-2018-4-1068x1602.jpg 1068w, \/wp-content\/uploads\/sites\/5\/2019\/11\/IGSS-brinda-atencion-a-derechohabientes-por-enfermedades-respiratorias-2018-4-308x462.jpg 308w, \/wp-content\/uploads\/sites\/5\/2019\/11\/IGSS-brinda-atencion-a-derechohabientes-por-enfermedades-respiratorias-2018-4-scaled.jpg 1707w\" sizes=\"(max-width: 280px) 100vw, 280px\" alt=\"\">\r\n                            <\/a>\r\n                            \r\n                        <\/figure>\r\n                    <\/div>\r\n                    <div class = \"td-slide-item td-item2\">\r\n                        <figure class=\"td-slide-galery-figure td-slide-popup-gallery\">\r\n                            <a class=\"slide-gallery-image-link\" href=\"\/wp-content\/uploads\/sites\/5\/2019\/11\/IGSS-brinda-atencion-a-derechohabientes-por-enfermedades-respiratorias-2018-1-scaled.jpg\" title=\"IGSS-brinda-atencion-a-derechohabientes-por-enfermedades-respiratorias-2018-1\"  data-caption=\"\"  data-description=\"\">\r\n                                <img decoding=\"async\" src=\"\/wp-content\/uploads\/sites\/5\/2019\/11\/IGSS-brinda-atencion-a-derechohabientes-por-enfermedades-respiratorias-2018-1-630x420.jpg\" srcset=\"\/wp-content\/uploads\/sites\/5\/2019\/11\/IGSS-brinda-atencion-a-derechohabientes-por-enfermedades-respiratorias-2018-1-630x420.jpg 630w, \/wp-content\/uploads\/sites\/5\/2019\/11\/IGSS-brinda-atencion-a-derechohabientes-por-enfermedades-respiratorias-2018-1-1536x1024.jpg 1536w, \/wp-content\/uploads\/sites\/5\/2019\/11\/IGSS-brinda-atencion-a-derechohabientes-por-enfermedades-respiratorias-2018-1-2048x1365.jpg 2048w, \/wp-content\/uploads\/sites\/5\/2019\/11\/IGSS-brinda-atencion-a-derechohabientes-por-enfermedades-respiratorias-2018-1-300x200.jpg 300w, \/wp-content\/uploads\/sites\/5\/2019\/11\/IGSS-brinda-atencion-a-derechohabientes-por-enfermedades-respiratorias-2018-1-768x512.jpg 768w, \/wp-content\/uploads\/sites\/5\/2019\/11\/IGSS-brinda-atencion-a-derechohabientes-por-enfermedades-respiratorias-2018-1-1024x683.jpg 1024w, \/wp-content\/uploads\/sites\/5\/2019\/11\/IGSS-brinda-atencion-a-derechohabientes-por-enfermedades-respiratorias-2018-1-696x464.jpg 696w, \/wp-content\/uploads\/sites\/5\/2019\/11\/IGSS-brinda-atencion-a-derechohabientes-por-enfermedades-respiratorias-2018-1-1068x712.jpg 1068w, \/wp-content\/uploads\/sites\/5\/2019\/11\/IGSS-brinda-atencion-a-derechohabientes-por-enfermedades-respiratorias-2018-1-534x356.jpg 534w\" sizes=\"(max-width: 630px) 100vw, 630px\" alt=\"\">\r\n                            <\/a>\r\n                            \r\n                        <\/figure>\r\n                    <\/div>\r\n                    <div class = \"td-slide-item td-item3\">\r\n                        <figure class=\"td-slide-galery-figure td-slide-popup-gallery\">\r\n                            <a class=\"slide-gallery-image-link\" href=\"\/wp-content\/uploads\/sites\/5\/2019\/11\/IGSS-brinda-atencion-a-derechohabientes-por-enfermedades-respiratorias-2018-6-scaled.jpg\" title=\"IGSS-brinda-atencion-a-derechohabientes-por-enfermedades-respiratorias-2018-6\"  data-caption=\"\"  data-description=\"\">\r\n                                <img decoding=\"async\" src=\"\/wp-content\/uploads\/sites\/5\/2019\/11\/IGSS-brinda-atencion-a-derechohabientes-por-enfermedades-respiratorias-2018-6-630x420.jpg\" srcset=\"\/wp-content\/uploads\/sites\/5\/2019\/11\/IGSS-brinda-atencion-a-derechohabientes-por-enfermedades-respiratorias-2018-6-630x420.jpg 630w, \/wp-content\/uploads\/sites\/5\/2019\/11\/IGSS-brinda-atencion-a-derechohabientes-por-enfermedades-respiratorias-2018-6-1536x1024.jpg 1536w, \/wp-content\/uploads\/sites\/5\/2019\/11\/IGSS-brinda-atencion-a-derechohabientes-por-enfermedades-respiratorias-2018-6-2048x1365.jpg 2048w, \/wp-content\/uploads\/sites\/5\/2019\/11\/IGSS-brinda-atencion-a-derechohabientes-por-enfermedades-respiratorias-2018-6-300x200.jpg 300w, \/wp-content\/uploads\/sites\/5\/2019\/11\/IGSS-brinda-atencion-a-derechohabientes-por-enfermedades-respiratorias-2018-6-768x512.jpg 768w, \/wp-content\/uploads\/sites\/5\/2019\/11\/IGSS-brinda-atencion-a-derechohabientes-por-enfermedades-respiratorias-2018-6-1024x683.jpg 1024w, \/wp-content\/uploads\/sites\/5\/2019\/11\/IGSS-brinda-atencion-a-derechohabientes-por-enfermedades-respiratorias-2018-6-696x464.jpg 696w, \/wp-content\/uploads\/sites\/5\/2019\/11\/IGSS-brinda-atencion-a-derechohabientes-por-enfermedades-respiratorias-2018-6-1068x712.jpg 1068w, \/wp-content\/uploads\/sites\/5\/2019\/11\/IGSS-brinda-atencion-a-derechohabientes-por-enfermedades-respiratorias-2018-6-534x356.jpg 534w\" sizes=\"(max-width: 630px) 100vw, 630px\" alt=\"\">\r\n                            <\/a>\r\n                            \r\n                        <\/figure>\r\n                    <\/div>\r\n                    <div class = \"td-slide-item td-item4\">\r\n                        <figure class=\"td-slide-galery-figure td-slide-popup-gallery\">\r\n                            <a class=\"slide-gallery-image-link\" href=\"\/wp-content\/uploads\/sites\/5\/2019\/11\/IGSS-brinda-atencion-a-derechohabientes-por-enfermedades-respiratorias-2018-11-scaled.jpg\" title=\"IGSS-brinda-atencion-a-derechohabientes-por-enfermedades-respiratorias-2018-11\"  data-caption=\"\"  data-description=\"\">\r\n                                <img decoding=\"async\" src=\"\/wp-content\/uploads\/sites\/5\/2019\/11\/IGSS-brinda-atencion-a-derechohabientes-por-enfermedades-respiratorias-2018-11-630x420.jpg\" srcset=\"\/wp-content\/uploads\/sites\/5\/2019\/11\/IGSS-brinda-atencion-a-derechohabientes-por-enfermedades-respiratorias-2018-11-630x420.jpg 630w, \/wp-content\/uploads\/sites\/5\/2019\/11\/IGSS-brinda-atencion-a-derechohabientes-por-enfermedades-respiratorias-2018-11-1536x1024.jpg 1536w, \/wp-content\/uploads\/sites\/5\/2019\/11\/IGSS-brinda-atencion-a-derechohabientes-por-enfermedades-respiratorias-2018-11-2048x1365.jpg 2048w, \/wp-content\/uploads\/sites\/5\/2019\/11\/IGSS-brinda-atencion-a-derechohabientes-por-enfermedades-respiratorias-2018-11-300x200.jpg 300w, \/wp-content\/uploads\/sites\/5\/2019\/11\/IGSS-brinda-atencion-a-derechohabientes-por-enfermedades-respiratorias-2018-11-768x512.jpg 768w, \/wp-content\/uploads\/sites\/5\/2019\/11\/IGSS-brinda-atencion-a-derechohabientes-por-enfermedades-respiratorias-2018-11-1024x683.jpg 1024w, \/wp-content\/uploads\/sites\/5\/2019\/11\/IGSS-brinda-atencion-a-derechohabientes-por-enfermedades-respiratorias-2018-11-696x464.jpg 696w, \/wp-content\/uploads\/sites\/5\/2019\/11\/IGSS-brinda-atencion-a-derechohabientes-por-enfermedades-respiratorias-2018-11-1068x712.jpg 1068w, \/wp-content\/uploads\/sites\/5\/2019\/11\/IGSS-brinda-atencion-a-derechohabientes-por-enfermedades-respiratorias-2018-11-534x356.jpg 534w\" sizes=\"(max-width: 630px) 100vw, 630px\" alt=\"\">\r\n                            <\/a>\r\n                            \r\n                        <\/figure>\r\n                    <\/div>\r\n                    <div class = \"td-slide-item td-item5\">\r\n                        <figure class=\"td-slide-galery-figure td-slide-popup-gallery\">\r\n                            <a class=\"slide-gallery-image-link\" href=\"\/wp-content\/uploads\/sites\/5\/2019\/11\/IGSS-brinda-atencion-a-derechohabientes-por-enfermedades-respiratorias-2018-7-scaled.jpg\" title=\"IGSS-brinda-atencion-a-derechohabientes-por-enfermedades-respiratorias-2018-7\"  data-caption=\"\"  data-description=\"\">\r\n                                <img decoding=\"async\" src=\"\/wp-content\/uploads\/sites\/5\/2019\/11\/IGSS-brinda-atencion-a-derechohabientes-por-enfermedades-respiratorias-2018-7-630x420.jpg\" srcset=\"\/wp-content\/uploads\/sites\/5\/2019\/11\/IGSS-brinda-atencion-a-derechohabientes-por-enfermedades-respiratorias-2018-7-630x420.jpg 630w, \/wp-content\/uploads\/sites\/5\/2019\/11\/IGSS-brinda-atencion-a-derechohabientes-por-enfermedades-respiratorias-2018-7-1536x1024.jpg 1536w, \/wp-content\/uploads\/sites\/5\/2019\/11\/IGSS-brinda-atencion-a-derechohabientes-por-enfermedades-respiratorias-2018-7-2048x1365.jpg 2048w, \/wp-content\/uploads\/sites\/5\/2019\/11\/IGSS-brinda-atencion-a-derechohabientes-por-enfermedades-respiratorias-2018-7-300x200.jpg 300w, \/wp-content\/uploads\/sites\/5\/2019\/11\/IGSS-brinda-atencion-a-derechohabientes-por-enfermedades-respiratorias-2018-7-768x512.jpg 768w, \/wp-content\/uploads\/sites\/5\/2019\/11\/IGSS-brinda-atencion-a-derechohabientes-por-enfermedades-respiratorias-2018-7-1024x683.jpg 1024w, \/wp-content\/uploads\/sites\/5\/2019\/11\/IGSS-brinda-atencion-a-derechohabientes-por-enfermedades-respiratorias-2018-7-696x464.jpg 696w, \/wp-content\/uploads\/sites\/5\/2019\/11\/IGSS-brinda-atencion-a-derechohabientes-por-enfermedades-respiratorias-2018-7-1068x712.jpg 1068w, \/wp-content\/uploads\/sites\/5\/2019\/11\/IGSS-brinda-atencion-a-derechohabientes-por-enfermedades-respiratorias-2018-7-534x356.jpg 534w\" sizes=\"(max-width: 630px) 100vw, 630px\" alt=\"\">\r\n                            <\/a>\r\n                            \r\n                        <\/figure>\r\n                    <\/div>\r\n                    <div class = \"td-slide-item td-item6\">\r\n                        <figure class=\"td-slide-galery-figure td-slide-popup-gallery\">\r\n                            <a class=\"slide-gallery-image-link\" href=\"\/wp-content\/uploads\/sites\/5\/2019\/11\/IGSS-brinda-atencion-a-derechohabientes-por-enfermedades-respiratorias-2018-8-scaled.jpg\" title=\"IGSS-brinda-atencion-a-derechohabientes-por-enfermedades-respiratorias-2018-8\"  data-caption=\"\"  data-description=\"\">\r\n                                <img decoding=\"async\" src=\"\/wp-content\/uploads\/sites\/5\/2019\/11\/IGSS-brinda-atencion-a-derechohabientes-por-enfermedades-respiratorias-2018-8-630x420.jpg\" srcset=\"\/wp-content\/uploads\/sites\/5\/2019\/11\/IGSS-brinda-atencion-a-derechohabientes-por-enfermedades-respiratorias-2018-8-630x420.jpg 630w, \/wp-content\/uploads\/sites\/5\/2019\/11\/IGSS-brinda-atencion-a-derechohabientes-por-enfermedades-respiratorias-2018-8-1536x1024.jpg 1536w, \/wp-content\/uploads\/sites\/5\/2019\/11\/IGSS-brinda-atencion-a-derechohabientes-por-enfermedades-respiratorias-2018-8-2048x1365.jpg 2048w, \/wp-content\/uploads\/sites\/5\/2019\/11\/IGSS-brinda-atencion-a-derechohabientes-por-enfermedades-respiratorias-2018-8-300x200.jpg 300w, \/wp-content\/uploads\/sites\/5\/2019\/11\/IGSS-brinda-atencion-a-derechohabientes-por-enfermedades-respiratorias-2018-8-768x512.jpg 768w, \/wp-content\/uploads\/sites\/5\/2019\/11\/IGSS-brinda-atencion-a-derechohabientes-por-enfermedades-respiratorias-2018-8-1024x683.jpg 1024w, \/wp-content\/uploads\/sites\/5\/2019\/11\/IGSS-brinda-atencion-a-derechohabientes-por-enfermedades-respiratorias-2018-8-696x464.jpg 696w, \/wp-content\/uploads\/sites\/5\/2019\/11\/IGSS-brinda-atencion-a-derechohabientes-por-enfermedades-respiratorias-2018-8-1068x712.jpg 1068w, \/wp-content\/uploads\/sites\/5\/2019\/11\/IGSS-brinda-atencion-a-derechohabientes-por-enfermedades-respiratorias-2018-8-534x356.jpg 534w\" sizes=\"(max-width: 630px) 100vw, 630px\" alt=\"\">\r\n                            <\/a>\r\n                            \r\n                        <\/figure>\r\n                    <\/div>\r\n                    <div class = \"td-slide-item td-item7\">\r\n                        <figure class=\"td-slide-galery-figure td-slide-popup-gallery\">\r\n                            <a class=\"slide-gallery-image-link\" href=\"\/wp-content\/uploads\/sites\/5\/2019\/11\/IGSS-brinda-atencion-a-derechohabientes-por-enfermedades-respiratorias-2018-10.jpg\" title=\"IGSS-brinda-atencion-a-derechohabientes-por-enfermedades-respiratorias-2018-10\"  data-caption=\"\"  data-description=\"\">\r\n                                <img decoding=\"async\" src=\"\/wp-content\/uploads\/sites\/5\/2019\/11\/IGSS-brinda-atencion-a-derechohabientes-por-enfermedades-respiratorias-2018-10-509x420.jpg\" srcset=\"\/wp-content\/uploads\/sites\/5\/2019\/11\/IGSS-brinda-atencion-a-derechohabientes-por-enfermedades-respiratorias-2018-10-509x420.jpg 509w, \/wp-content\/uploads\/sites\/5\/2019\/11\/IGSS-brinda-atencion-a-derechohabientes-por-enfermedades-respiratorias-2018-10-1536x1267.jpg 1536w, \/wp-content\/uploads\/sites\/5\/2019\/11\/IGSS-brinda-atencion-a-derechohabientes-por-enfermedades-respiratorias-2018-10-2048x1689.jpg 2048w, \/wp-content\/uploads\/sites\/5\/2019\/11\/IGSS-brinda-atencion-a-derechohabientes-por-enfermedades-respiratorias-2018-10-300x247.jpg 300w, \/wp-content\/uploads\/sites\/5\/2019\/11\/IGSS-brinda-atencion-a-derechohabientes-por-enfermedades-respiratorias-2018-10-768x633.jpg 768w, \/wp-content\/uploads\/sites\/5\/2019\/11\/IGSS-brinda-atencion-a-derechohabientes-por-enfermedades-respiratorias-2018-10-1024x845.jpg 1024w, \/wp-content\/uploads\/sites\/5\/2019\/11\/IGSS-brinda-atencion-a-derechohabientes-por-enfermedades-respiratorias-2018-10-696x574.jpg 696w, \/wp-content\/uploads\/sites\/5\/2019\/11\/IGSS-brinda-atencion-a-derechohabientes-por-enfermedades-respiratorias-2018-10-1068x881.jpg 1068w, \/wp-content\/uploads\/sites\/5\/2019\/11\/IGSS-brinda-atencion-a-derechohabientes-por-enfermedades-respiratorias-2018-10-534x440.jpg 534w\" sizes=\"(max-width: 509px) 100vw, 509px\" alt=\"\">\r\n                            <\/a>\r\n                            \r\n                        <\/figure>\r\n                    <\/div>\r\n                            <\/div>\r\n                        <\/div>\r\n\r\n                        <div class = \"td-doubleSlider-2\">\r\n                            <div class = \"td-slider\">\r\n                                \r\n                    <div class = \"td-button td-item1\">\r\n                        <div class = \"td-border\"><\/div>\r\n                    <\/div>\r\n                    <div class = \"td-button td-item2\">\r\n                        <div class = \"td-border\"><\/div>\r\n                    <\/div>\r\n                    <div class = \"td-button td-item3\">\r\n                        <div class = \"td-border\"><\/div>\r\n                    <\/div>\r\n                    <div class = \"td-button td-item4\">\r\n                        <div class = \"td-border\"><\/div>\r\n                    <\/div>\r\n                    <div class = \"td-button td-item5\">\r\n                        <div class = \"td-border\"><\/div>\r\n                    <\/div>\r\n                    <div class = \"td-button td-item6\">\r\n                        <div class = \"td-border\"><\/div>\r\n                    <\/div>\r\n                    <div class = \"td-button td-item7\">\r\n                        <div class = \"td-border\"><\/div>\r\n                    <\/div>\r\n                            <\/div>\r\n                        <\/div>\r\n\r\n                    <\/div>\r\n\r\n                <\/div>\r\n                ","protected":false},"excerpt":{"rendered":"<p>Ante los frentes fr\u00edos que han ingresado al pa\u00eds, las diferentes unidades m\u00e9dicas han reportado la atenci\u00f3n m\u00e9dica a 685 adultos con enfermedades respiratorias durante los \u00faltimos cinco d\u00edas. As\u00ed mismo, las pediatr\u00edas reportaron la asistencia m\u00e9dica a 500 ni\u00f1os por las mismas causas. Las enfermedades m\u00e1s frecuentes son rinofaringitis aguda, amigdalitis aguda, infecci\u00f3n&nbsp;en las [&hellip;]<\/p>\n","protected":false},"author":9,"featured_media":14201,"comment_status":"open","ping_status":"open","sticky":false,"template":"","format":"standard","meta":{"footnotes":""},"categories":[3,29,33,36],"tags":[405,490],"coauthors":[888],"class_list":{"0":"post-14199","1":"post","2":"type-post","3":"status-publish","4":"format-standard","5":"has-post-thumbnail","7":"category-actualidad","8":"category-publicaciones","9":"category-servicios-de-salud","10":"category-unidades-medicas","11":"tag-enfermedades-respiratorias","12":"tag-igss"},"_links":{"self":[{"href":"https:\/\/www.igssgt.org\/noticias\/wp-json\/wp\/v2\/posts\/14199","targetHints":{"allow":["GET"]}}],"collection":[{"href":"https:\/\/www.igssgt.org\/noticias\/wp-json\/wp\/v2\/posts"}],"about":[{"href":"https:\/\/www.igssgt.org\/noticias\/wp-json\/wp\/v2\/types\/post"}],"author":[{"embeddable":true,"href":"https:\/\/www.igssgt.org\/noticias\/wp-json\/wp\/v2\/users\/9"}],"replies":[{"embeddable":true,"href":"https:\/\/www.igssgt.org\/noticias\/wp-json\/wp\/v2\/comments?post=14199"}],"version-history":[{"count":1,"href":"https:\/\/www.igssgt.org\/noticias\/wp-json\/wp\/v2\/posts\/14199\/revisions"}],"predecessor-version":[{"id":14207,"href":"https:\/\/www.igssgt.org\/noticias\/wp-json\/wp\/v2\/posts\/14199\/revisions\/14207"}],"wp:featuredmedia":[{"embeddable":true,"href":"https:\/\/www.igssgt.org\/noticias\/wp-json\/wp\/v2\/media\/14201"}],"wp:attachment":[{"href":"https:\/\/www.igssgt.org\/noticias\/wp-json\/wp\/v2\/media?parent=14199"}],"wp:term":[{"taxonomy":"category","embeddable":true,"href":"https:\/\/www.igssgt.org\/noticias\/wp-json\/wp\/v2\/categories?post=14199"},{"taxonomy":"post_tag","embeddable":true,"href":"https:\/\/www.igssgt.org\/noticias\/wp-json\/wp\/v2\/tags?post=14199"},{"taxonomy":"author","embeddable":true,"href":"https:\/\/www.igssgt.org\/noticias\/wp-json\/wp\/v2\/coauthors?post=14199"}],"curies":[{"name":"wp","href":"https:\/\/api.w.org\/{rel}","templated":true}]}}