{"id":14315,"date":"2019-11-06T11:30:18","date_gmt":"2019-11-06T17:30:18","guid":{"rendered":"https:\/\/www.igssgt.org\/noticias\/?p=14315"},"modified":"2019-11-06T12:58:46","modified_gmt":"2019-11-06T18:58:46","slug":"reinauguran-el-servicio-de-especialidades-pediatricas-en-el-hospital-general-de-enfermedades","status":"publish","type":"post","link":"https:\/\/www.igssgt.org\/noticias\/2019\/11\/06\/reinauguran-el-servicio-de-especialidades-pediatricas-en-el-hospital-general-de-enfermedades\/","title":{"rendered":"Reinauguran el servicio de especialidades pedi\u00e1tricas en el Hospital General de Enfermedades"},"content":{"rendered":"\n<p><a href=\"\/wp-content\/uploads\/sites\/5\/2019\/11\/Reinauguran-servicio-de-especialidades-pediatricas-IGSS-z-9-6.jpg\"><img loading=\"lazy\" decoding=\"async\" class=\"aligncenter size-full wp-image-14331\" src=\"\/wp-content\/uploads\/sites\/5\/2019\/11\/Reinauguran-servicio-de-especialidades-pediatricas-IGSS-z-9-6.jpg\" alt=\"\" width=\"1024\" height=\"683\" srcset=\"\/wp-content\/uploads\/sites\/5\/2019\/11\/Reinauguran-servicio-de-especialidades-pediatricas-IGSS-z-9-6.jpg 1024w, \/wp-content\/uploads\/sites\/5\/2019\/11\/Reinauguran-servicio-de-especialidades-pediatricas-IGSS-z-9-6-300x200.jpg 300w, \/wp-content\/uploads\/sites\/5\/2019\/11\/Reinauguran-servicio-de-especialidades-pediatricas-IGSS-z-9-6-768x512.jpg 768w, \/wp-content\/uploads\/sites\/5\/2019\/11\/Reinauguran-servicio-de-especialidades-pediatricas-IGSS-z-9-6-630x420.jpg 630w, \/wp-content\/uploads\/sites\/5\/2019\/11\/Reinauguran-servicio-de-especialidades-pediatricas-IGSS-z-9-6-696x464.jpg 696w, \/wp-content\/uploads\/sites\/5\/2019\/11\/Reinauguran-servicio-de-especialidades-pediatricas-IGSS-z-9-6-534x356.jpg 534w\" sizes=\"auto, (max-width: 1024px) 100vw, 1024px\" \/><\/a><\/p>\n<p>Con el objetivo de fortalecer la calidad de los cuidados m\u00e9dicos pedi\u00e1tricos y brindar un espacio m\u00e1s agradable para los ni\u00f1os, este d\u00eda fue reinaugurado el Servicio de Especialidades Pedi\u00e1tricas del Hospital General de Enfermedades, ubicado en la zona 9.<\/p>\n<p>\u201cMe complace ver las mejoras sustanciales que se han tenido en este hospital, principalmente el servicio que estamos reinaugurando hoy, pues se beneficia directamente a los ni\u00f1os que son el segmento m\u00e1s vulnerable de la poblaci\u00f3n en general\u201d, expres\u00f3 la doctora Ana Marilyn Ortiz, gerente del Instituto.<\/p>\n<p>Esta \u00e1rea tiene una capacidad para 29 cunas, fue readecuada seg\u00fan las necesidades y la demanda actual, lo cual permitir\u00e1 que los especialistas brinden una atenci\u00f3n en un ambiente m\u00e1s agradable en beneficio de los pacientes que requieren de atenci\u00f3n m\u00e9dica en las \u00e1reas de neonatolog\u00eda, neumolog\u00eda, gastroenterolog\u00eda y nutrici\u00f3n.<\/p>\n<p>En el \u00e1rea de neonatos se aument\u00f3 la capacidad de 10 cunas a 15, se crearon dos \u00e1reas de aislamiento para pacientes que necesitan disminuir la posibilidad de adquirir infecciones asociadas a la atenci\u00f3n hospitalaria, as\u00ed como un \u00e1rea de shock para la atenci\u00f3n y estabilizaci\u00f3n inmediata de ni\u00f1os que ameriten ser trasladados al servicio de cuidados cr\u00edticos.<\/p>\n<p>Estos trabajos permitieron la redistribuci\u00f3n de las \u00e1reas disponibles, se renovaron los espacios, se le brind\u00f3 mantenimiento general a la red de distribuci\u00f3n de gases m\u00e9dicos, se redistribuy\u00f3 el servicio de energ\u00eda el\u00e9ctrica, el sistema hidr\u00e1ulico, distribuci\u00f3n de agua potable y se aument\u00f3 la capacidad de los drenajes.<\/p>\n<p>El Hospital General de Enfermedades es un centro de referencia nacional y de acuerdo a los registros oficiales en el Servicio de Especialidades Pedi\u00e1tricas cada mes se atiende a un promedio de 400 ni\u00f1os. En la pediatr\u00eda en general de enero a octubre fueron evaluados 96,664 ni\u00f1os, de estos 57,175 en la Consulta Externa y 39,489 en la Emergencia.<\/p>\n\n\n\n\r\n                <style type=\"text\/css\">\r\n                    \r\n                    #tdi_1  .td-doubleSlider-2 .td-item1 {\r\n                        background: url(\/wp-content\/uploads\/sites\/5\/2019\/11\/Reinauguran-servicio-de-especialidades-pediatricas-IGSS-z-9-1-80x60.jpg) 0 0 no-repeat;\r\n                    }\r\n                    #tdi_1  .td-doubleSlider-2 .td-item2 {\r\n                        background: url(\/wp-content\/uploads\/sites\/5\/2019\/11\/Reinauguran-servicio-de-especialidades-pediatricas-IGSS-z-9-2-80x60.jpg) 0 0 no-repeat;\r\n                    }\r\n                    #tdi_1  .td-doubleSlider-2 .td-item3 {\r\n                        background: url(\/wp-content\/uploads\/sites\/5\/2019\/11\/Reinauguran-servicio-de-especialidades-pediatricas-IGSS-z-9-3-80x60.jpg) 0 0 no-repeat;\r\n                    }\r\n                    #tdi_1  .td-doubleSlider-2 .td-item4 {\r\n                        background: url(\/wp-content\/uploads\/sites\/5\/2019\/11\/Reinauguran-servicio-de-especialidades-pediatricas-IGSS-z-9-4-80x60.jpg) 0 0 no-repeat;\r\n                    }\r\n                    #tdi_1  .td-doubleSlider-2 .td-item5 {\r\n                        background: url(\/wp-content\/uploads\/sites\/5\/2019\/11\/Reinauguran-servicio-de-especialidades-pediatricas-IGSS-z-9-5-80x60.jpg) 0 0 no-repeat;\r\n                    }\r\n                    #tdi_1  .td-doubleSlider-2 .td-item6 {\r\n                        background: url(\/wp-content\/uploads\/sites\/5\/2019\/11\/Reinauguran-servicio-de-especialidades-pediatricas-IGSS-z-9-6-80x60.jpg) 0 0 no-repeat;\r\n                    }\r\n                    #tdi_1  .td-doubleSlider-2 .td-item7 {\r\n                        background: url(\/wp-content\/uploads\/sites\/5\/2019\/11\/Reinauguran-servicio-de-especialidades-pediatricas-IGSS-z-9-7-80x60.jpg) 0 0 no-repeat;\r\n                    }\r\n                    #tdi_1  .td-doubleSlider-2 .td-item8 {\r\n                        background: url(\/wp-content\/uploads\/sites\/5\/2019\/11\/Reinauguran-servicio-de-especialidades-pediatricas-IGSS-z-9-8-80x60.jpg) 0 0 no-repeat;\r\n                    }\r\n                    #tdi_1  .td-doubleSlider-2 .td-item9 {\r\n                        background: url(\/wp-content\/uploads\/sites\/5\/2019\/11\/Reinauguran-servicio-de-especialidades-pediatricas-IGSS-z-9-9-80x60.jpg) 0 0 no-repeat;\r\n                    }\r\n                <\/style>\r\n\r\n                <div id=\"tdi_1\" class=\"td-gallery td-slide-on-2-columns\">\r\n                    <div class=\"post_td_gallery\">\r\n                        <div class=\"td-gallery-slide-top\">\r\n                           <div class=\"td-gallery-title\">Galer\u00eda de Im\u00e1genes<\/div>\r\n\r\n                            <div class=\"td-gallery-controls-wrapper\">\r\n                                <div class=\"td-gallery-slide-count\"><span class=\"td-gallery-slide-item-focus\">1<\/span> de 9<\/div>\r\n                                <div class=\"td-gallery-slide-prev-next-but\">\r\n                                    <i class = \"td-icon-left doubleSliderPrevButton\"><\/i>\r\n                                    <i class = \"td-icon-right doubleSliderNextButton\"><\/i>\r\n                                <\/div>\r\n                            <\/div>\r\n                        <\/div>\r\n\r\n                        <div class = \"td-doubleSlider-1 \">\r\n                            <div class = \"td-slider\">\r\n                                \r\n                    <div class = \"td-slide-item td-item1\">\r\n                        <figure class=\"td-slide-galery-figure td-slide-popup-gallery\">\r\n                            <a class=\"slide-gallery-image-link\" href=\"\/wp-content\/uploads\/sites\/5\/2019\/11\/Reinauguran-servicio-de-especialidades-pediatricas-IGSS-z-9-1.jpg\" title=\"Reinauguran servicio de especialidades pediatricas IGSS z 9-1\"  data-caption=\"\"  data-description=\"\">\r\n                                <img decoding=\"async\" src=\"\/wp-content\/uploads\/sites\/5\/2019\/11\/Reinauguran-servicio-de-especialidades-pediatricas-IGSS-z-9-1-630x420.jpg\" srcset=\"\/wp-content\/uploads\/sites\/5\/2019\/11\/Reinauguran-servicio-de-especialidades-pediatricas-IGSS-z-9-1-630x420.jpg 630w, \/wp-content\/uploads\/sites\/5\/2019\/11\/Reinauguran-servicio-de-especialidades-pediatricas-IGSS-z-9-1-300x200.jpg 300w, \/wp-content\/uploads\/sites\/5\/2019\/11\/Reinauguran-servicio-de-especialidades-pediatricas-IGSS-z-9-1-768x512.jpg 768w, \/wp-content\/uploads\/sites\/5\/2019\/11\/Reinauguran-servicio-de-especialidades-pediatricas-IGSS-z-9-1.jpg 1024w, \/wp-content\/uploads\/sites\/5\/2019\/11\/Reinauguran-servicio-de-especialidades-pediatricas-IGSS-z-9-1-696x464.jpg 696w, \/wp-content\/uploads\/sites\/5\/2019\/11\/Reinauguran-servicio-de-especialidades-pediatricas-IGSS-z-9-1-534x356.jpg 534w\" sizes=\"(max-width: 630px) 100vw, 630px\" alt=\"\">\r\n                            <\/a>\r\n                            \r\n                        <\/figure>\r\n                    <\/div>\r\n                    <div class = \"td-slide-item td-item2\">\r\n                        <figure class=\"td-slide-galery-figure td-slide-popup-gallery\">\r\n                            <a class=\"slide-gallery-image-link\" href=\"\/wp-content\/uploads\/sites\/5\/2019\/11\/Reinauguran-servicio-de-especialidades-pediatricas-IGSS-z-9-2.jpg\" title=\"Reinauguran servicio de especialidades pediatricas IGSS z 9-2\"  data-caption=\"\"  data-description=\"\">\r\n                                <img decoding=\"async\" src=\"\/wp-content\/uploads\/sites\/5\/2019\/11\/Reinauguran-servicio-de-especialidades-pediatricas-IGSS-z-9-2-630x420.jpg\" srcset=\"\/wp-content\/uploads\/sites\/5\/2019\/11\/Reinauguran-servicio-de-especialidades-pediatricas-IGSS-z-9-2-630x420.jpg 630w, \/wp-content\/uploads\/sites\/5\/2019\/11\/Reinauguran-servicio-de-especialidades-pediatricas-IGSS-z-9-2-300x200.jpg 300w, \/wp-content\/uploads\/sites\/5\/2019\/11\/Reinauguran-servicio-de-especialidades-pediatricas-IGSS-z-9-2-768x512.jpg 768w, \/wp-content\/uploads\/sites\/5\/2019\/11\/Reinauguran-servicio-de-especialidades-pediatricas-IGSS-z-9-2.jpg 1024w, \/wp-content\/uploads\/sites\/5\/2019\/11\/Reinauguran-servicio-de-especialidades-pediatricas-IGSS-z-9-2-696x464.jpg 696w, \/wp-content\/uploads\/sites\/5\/2019\/11\/Reinauguran-servicio-de-especialidades-pediatricas-IGSS-z-9-2-534x356.jpg 534w\" sizes=\"(max-width: 630px) 100vw, 630px\" alt=\"\">\r\n                            <\/a>\r\n                            \r\n                        <\/figure>\r\n                    <\/div>\r\n                    <div class = \"td-slide-item td-item3\">\r\n                        <figure class=\"td-slide-galery-figure td-slide-popup-gallery\">\r\n                            <a class=\"slide-gallery-image-link\" href=\"\/wp-content\/uploads\/sites\/5\/2019\/11\/Reinauguran-servicio-de-especialidades-pediatricas-IGSS-z-9-3.jpg\" title=\"Reinauguran servicio de especialidades pediatricas IGSS z 9-3\"  data-caption=\"\"  data-description=\"\">\r\n                                <img decoding=\"async\" src=\"\/wp-content\/uploads\/sites\/5\/2019\/11\/Reinauguran-servicio-de-especialidades-pediatricas-IGSS-z-9-3-280x420.jpg\" srcset=\"\/wp-content\/uploads\/sites\/5\/2019\/11\/Reinauguran-servicio-de-especialidades-pediatricas-IGSS-z-9-3-280x420.jpg 280w, \/wp-content\/uploads\/sites\/5\/2019\/11\/Reinauguran-servicio-de-especialidades-pediatricas-IGSS-z-9-3-200x300.jpg 200w, \/wp-content\/uploads\/sites\/5\/2019\/11\/Reinauguran-servicio-de-especialidades-pediatricas-IGSS-z-9-3.jpg 683w, \/wp-content\/uploads\/sites\/5\/2019\/11\/Reinauguran-servicio-de-especialidades-pediatricas-IGSS-z-9-3-308x462.jpg 308w\" sizes=\"(max-width: 280px) 100vw, 280px\" alt=\"\">\r\n                            <\/a>\r\n                            \r\n                        <\/figure>\r\n                    <\/div>\r\n                    <div class = \"td-slide-item td-item4\">\r\n                        <figure class=\"td-slide-galery-figure td-slide-popup-gallery\">\r\n                            <a class=\"slide-gallery-image-link\" href=\"\/wp-content\/uploads\/sites\/5\/2019\/11\/Reinauguran-servicio-de-especialidades-pediatricas-IGSS-z-9-4.jpg\" title=\"Reinauguran servicio de especialidades pediatricas IGSS z 9-4\"  data-caption=\"\"  data-description=\"\">\r\n                                <img decoding=\"async\" src=\"\/wp-content\/uploads\/sites\/5\/2019\/11\/Reinauguran-servicio-de-especialidades-pediatricas-IGSS-z-9-4-630x420.jpg\" srcset=\"\/wp-content\/uploads\/sites\/5\/2019\/11\/Reinauguran-servicio-de-especialidades-pediatricas-IGSS-z-9-4-630x420.jpg 630w, \/wp-content\/uploads\/sites\/5\/2019\/11\/Reinauguran-servicio-de-especialidades-pediatricas-IGSS-z-9-4-300x200.jpg 300w, \/wp-content\/uploads\/sites\/5\/2019\/11\/Reinauguran-servicio-de-especialidades-pediatricas-IGSS-z-9-4-768x512.jpg 768w, \/wp-content\/uploads\/sites\/5\/2019\/11\/Reinauguran-servicio-de-especialidades-pediatricas-IGSS-z-9-4.jpg 1024w, \/wp-content\/uploads\/sites\/5\/2019\/11\/Reinauguran-servicio-de-especialidades-pediatricas-IGSS-z-9-4-696x464.jpg 696w, \/wp-content\/uploads\/sites\/5\/2019\/11\/Reinauguran-servicio-de-especialidades-pediatricas-IGSS-z-9-4-534x356.jpg 534w\" sizes=\"(max-width: 630px) 100vw, 630px\" alt=\"\">\r\n                            <\/a>\r\n                            \r\n                        <\/figure>\r\n                    <\/div>\r\n                    <div class = \"td-slide-item td-item5\">\r\n                        <figure class=\"td-slide-galery-figure td-slide-popup-gallery\">\r\n                            <a class=\"slide-gallery-image-link\" href=\"\/wp-content\/uploads\/sites\/5\/2019\/11\/Reinauguran-servicio-de-especialidades-pediatricas-IGSS-z-9-5.jpg\" title=\"Reinauguran servicio de especialidades pediatricas IGSS z 9-5\"  data-caption=\"\"  data-description=\"\">\r\n                                <img decoding=\"async\" src=\"\/wp-content\/uploads\/sites\/5\/2019\/11\/Reinauguran-servicio-de-especialidades-pediatricas-IGSS-z-9-5-630x420.jpg\" srcset=\"\/wp-content\/uploads\/sites\/5\/2019\/11\/Reinauguran-servicio-de-especialidades-pediatricas-IGSS-z-9-5-630x420.jpg 630w, \/wp-content\/uploads\/sites\/5\/2019\/11\/Reinauguran-servicio-de-especialidades-pediatricas-IGSS-z-9-5-300x200.jpg 300w, \/wp-content\/uploads\/sites\/5\/2019\/11\/Reinauguran-servicio-de-especialidades-pediatricas-IGSS-z-9-5-768x512.jpg 768w, \/wp-content\/uploads\/sites\/5\/2019\/11\/Reinauguran-servicio-de-especialidades-pediatricas-IGSS-z-9-5.jpg 1024w, \/wp-content\/uploads\/sites\/5\/2019\/11\/Reinauguran-servicio-de-especialidades-pediatricas-IGSS-z-9-5-696x464.jpg 696w, \/wp-content\/uploads\/sites\/5\/2019\/11\/Reinauguran-servicio-de-especialidades-pediatricas-IGSS-z-9-5-534x356.jpg 534w\" sizes=\"(max-width: 630px) 100vw, 630px\" alt=\"\">\r\n                            <\/a>\r\n                            \r\n                        <\/figure>\r\n                    <\/div>\r\n                    <div class = \"td-slide-item td-item6\">\r\n                        <figure class=\"td-slide-galery-figure td-slide-popup-gallery\">\r\n                            <a class=\"slide-gallery-image-link\" href=\"\/wp-content\/uploads\/sites\/5\/2019\/11\/Reinauguran-servicio-de-especialidades-pediatricas-IGSS-z-9-6.jpg\" title=\"Reinauguran servicio de especialidades pediatricas IGSS z 9-6\"  data-caption=\"\"  data-description=\"\">\r\n                                <img decoding=\"async\" src=\"\/wp-content\/uploads\/sites\/5\/2019\/11\/Reinauguran-servicio-de-especialidades-pediatricas-IGSS-z-9-6-630x420.jpg\" srcset=\"\/wp-content\/uploads\/sites\/5\/2019\/11\/Reinauguran-servicio-de-especialidades-pediatricas-IGSS-z-9-6-630x420.jpg 630w, \/wp-content\/uploads\/sites\/5\/2019\/11\/Reinauguran-servicio-de-especialidades-pediatricas-IGSS-z-9-6-300x200.jpg 300w, \/wp-content\/uploads\/sites\/5\/2019\/11\/Reinauguran-servicio-de-especialidades-pediatricas-IGSS-z-9-6-768x512.jpg 768w, \/wp-content\/uploads\/sites\/5\/2019\/11\/Reinauguran-servicio-de-especialidades-pediatricas-IGSS-z-9-6.jpg 1024w, \/wp-content\/uploads\/sites\/5\/2019\/11\/Reinauguran-servicio-de-especialidades-pediatricas-IGSS-z-9-6-696x464.jpg 696w, \/wp-content\/uploads\/sites\/5\/2019\/11\/Reinauguran-servicio-de-especialidades-pediatricas-IGSS-z-9-6-534x356.jpg 534w\" sizes=\"(max-width: 630px) 100vw, 630px\" alt=\"\">\r\n                            <\/a>\r\n                            \r\n                        <\/figure>\r\n                    <\/div>\r\n                    <div class = \"td-slide-item td-item7\">\r\n                        <figure class=\"td-slide-galery-figure td-slide-popup-gallery\">\r\n                            <a class=\"slide-gallery-image-link\" href=\"\/wp-content\/uploads\/sites\/5\/2019\/11\/Reinauguran-servicio-de-especialidades-pediatricas-IGSS-z-9-7.jpg\" title=\"Reinauguran servicio de especialidades pediatricas IGSS z 9-7\"  data-caption=\"\"  data-description=\"\">\r\n                                <img decoding=\"async\" src=\"\/wp-content\/uploads\/sites\/5\/2019\/11\/Reinauguran-servicio-de-especialidades-pediatricas-IGSS-z-9-7-280x420.jpg\" srcset=\"\/wp-content\/uploads\/sites\/5\/2019\/11\/Reinauguran-servicio-de-especialidades-pediatricas-IGSS-z-9-7-280x420.jpg 280w, \/wp-content\/uploads\/sites\/5\/2019\/11\/Reinauguran-servicio-de-especialidades-pediatricas-IGSS-z-9-7-200x300.jpg 200w, \/wp-content\/uploads\/sites\/5\/2019\/11\/Reinauguran-servicio-de-especialidades-pediatricas-IGSS-z-9-7.jpg 683w, \/wp-content\/uploads\/sites\/5\/2019\/11\/Reinauguran-servicio-de-especialidades-pediatricas-IGSS-z-9-7-308x462.jpg 308w\" sizes=\"(max-width: 280px) 100vw, 280px\" alt=\"\">\r\n                            <\/a>\r\n                            \r\n                        <\/figure>\r\n                    <\/div>\r\n                    <div class = \"td-slide-item td-item8\">\r\n                        <figure class=\"td-slide-galery-figure td-slide-popup-gallery\">\r\n                            <a class=\"slide-gallery-image-link\" href=\"\/wp-content\/uploads\/sites\/5\/2019\/11\/Reinauguran-servicio-de-especialidades-pediatricas-IGSS-z-9-8.jpg\" title=\"Reinauguran servicio de especialidades pediatricas IGSS z 9-8\"  data-caption=\"\"  data-description=\"\">\r\n                                <img decoding=\"async\" src=\"\/wp-content\/uploads\/sites\/5\/2019\/11\/Reinauguran-servicio-de-especialidades-pediatricas-IGSS-z-9-8-630x420.jpg\" srcset=\"\/wp-content\/uploads\/sites\/5\/2019\/11\/Reinauguran-servicio-de-especialidades-pediatricas-IGSS-z-9-8-630x420.jpg 630w, \/wp-content\/uploads\/sites\/5\/2019\/11\/Reinauguran-servicio-de-especialidades-pediatricas-IGSS-z-9-8-300x200.jpg 300w, \/wp-content\/uploads\/sites\/5\/2019\/11\/Reinauguran-servicio-de-especialidades-pediatricas-IGSS-z-9-8-768x512.jpg 768w, \/wp-content\/uploads\/sites\/5\/2019\/11\/Reinauguran-servicio-de-especialidades-pediatricas-IGSS-z-9-8.jpg 1024w, \/wp-content\/uploads\/sites\/5\/2019\/11\/Reinauguran-servicio-de-especialidades-pediatricas-IGSS-z-9-8-696x464.jpg 696w, \/wp-content\/uploads\/sites\/5\/2019\/11\/Reinauguran-servicio-de-especialidades-pediatricas-IGSS-z-9-8-534x356.jpg 534w\" sizes=\"(max-width: 630px) 100vw, 630px\" alt=\"\">\r\n                            <\/a>\r\n                            \r\n                        <\/figure>\r\n                    <\/div>\r\n                    <div class = \"td-slide-item td-item9\">\r\n                        <figure class=\"td-slide-galery-figure td-slide-popup-gallery\">\r\n                            <a class=\"slide-gallery-image-link\" href=\"\/wp-content\/uploads\/sites\/5\/2019\/11\/Reinauguran-servicio-de-especialidades-pediatricas-IGSS-z-9-9.jpg\" title=\"Reinauguran servicio de especialidades pediatricas IGSS z 9-9\"  data-caption=\"\"  data-description=\"\">\r\n                                <img decoding=\"async\" src=\"\/wp-content\/uploads\/sites\/5\/2019\/11\/Reinauguran-servicio-de-especialidades-pediatricas-IGSS-z-9-9-630x420.jpg\" srcset=\"\/wp-content\/uploads\/sites\/5\/2019\/11\/Reinauguran-servicio-de-especialidades-pediatricas-IGSS-z-9-9-630x420.jpg 630w, \/wp-content\/uploads\/sites\/5\/2019\/11\/Reinauguran-servicio-de-especialidades-pediatricas-IGSS-z-9-9-300x200.jpg 300w, \/wp-content\/uploads\/sites\/5\/2019\/11\/Reinauguran-servicio-de-especialidades-pediatricas-IGSS-z-9-9-768x512.jpg 768w, \/wp-content\/uploads\/sites\/5\/2019\/11\/Reinauguran-servicio-de-especialidades-pediatricas-IGSS-z-9-9.jpg 1024w, \/wp-content\/uploads\/sites\/5\/2019\/11\/Reinauguran-servicio-de-especialidades-pediatricas-IGSS-z-9-9-696x464.jpg 696w, \/wp-content\/uploads\/sites\/5\/2019\/11\/Reinauguran-servicio-de-especialidades-pediatricas-IGSS-z-9-9-534x356.jpg 534w\" sizes=\"(max-width: 630px) 100vw, 630px\" alt=\"\">\r\n                            <\/a>\r\n                            \r\n                        <\/figure>\r\n                    <\/div>\r\n                            <\/div>\r\n                        <\/div>\r\n\r\n                        <div class = \"td-doubleSlider-2\">\r\n                            <div class = \"td-slider\">\r\n                                \r\n                    <div class = \"td-button td-item1\">\r\n                        <div class = \"td-border\"><\/div>\r\n                    <\/div>\r\n                    <div class = \"td-button td-item2\">\r\n                        <div class = \"td-border\"><\/div>\r\n                    <\/div>\r\n                    <div class = \"td-button td-item3\">\r\n                        <div class = \"td-border\"><\/div>\r\n                    <\/div>\r\n                    <div class = \"td-button td-item4\">\r\n                        <div class = \"td-border\"><\/div>\r\n                    <\/div>\r\n                    <div class = \"td-button td-item5\">\r\n                        <div class = \"td-border\"><\/div>\r\n                    <\/div>\r\n                    <div class = \"td-button td-item6\">\r\n                        <div class = \"td-border\"><\/div>\r\n                    <\/div>\r\n                    <div class = \"td-button td-item7\">\r\n                        <div class = \"td-border\"><\/div>\r\n                    <\/div>\r\n                    <div class = \"td-button td-item8\">\r\n                        <div class = \"td-border\"><\/div>\r\n                    <\/div>\r\n                    <div class = \"td-button td-item9\">\r\n                        <div class = \"td-border\"><\/div>\r\n                    <\/div>\r\n                            <\/div>\r\n                        <\/div>\r\n\r\n                    <\/div>\r\n\r\n                <\/div>\r\n                \n","protected":false},"excerpt":{"rendered":"<p>Con el objetivo de fortalecer la calidad de los cuidados m\u00e9dicos pedi\u00e1tricos y brindar un espacio m\u00e1s agradable para los ni\u00f1os, este d\u00eda fue reinaugurado el Servicio de Especialidades Pedi\u00e1tricas del Hospital General de Enfermedades, ubicado en la zona 9. \u201cMe complace ver las mejoras sustanciales que se han tenido en este hospital, principalmente el [&hellip;]<\/p>\n","protected":false},"author":4,"featured_media":14333,"comment_status":"open","ping_status":"open","sticky":false,"template":"","format":"standard","meta":{"footnotes":""},"categories":[3,15,18,24,29],"tags":[],"coauthors":[881],"class_list":{"0":"post-14315","1":"post","2":"type-post","3":"status-publish","4":"format-standard","5":"has-post-thumbnail","7":"category-actualidad","8":"category-destacado","9":"category-equipamiento-e-infraestructura","10":"category-pediatria","11":"category-publicaciones"},"_links":{"self":[{"href":"https:\/\/www.igssgt.org\/noticias\/wp-json\/wp\/v2\/posts\/14315","targetHints":{"allow":["GET"]}}],"collection":[{"href":"https:\/\/www.igssgt.org\/noticias\/wp-json\/wp\/v2\/posts"}],"about":[{"href":"https:\/\/www.igssgt.org\/noticias\/wp-json\/wp\/v2\/types\/post"}],"author":[{"embeddable":true,"href":"https:\/\/www.igssgt.org\/noticias\/wp-json\/wp\/v2\/users\/4"}],"replies":[{"embeddable":true,"href":"https:\/\/www.igssgt.org\/noticias\/wp-json\/wp\/v2\/comments?post=14315"}],"version-history":[{"count":2,"href":"https:\/\/www.igssgt.org\/noticias\/wp-json\/wp\/v2\/posts\/14315\/revisions"}],"predecessor-version":[{"id":14339,"href":"https:\/\/www.igssgt.org\/noticias\/wp-json\/wp\/v2\/posts\/14315\/revisions\/14339"}],"wp:featuredmedia":[{"embeddable":true,"href":"https:\/\/www.igssgt.org\/noticias\/wp-json\/wp\/v2\/media\/14333"}],"wp:attachment":[{"href":"https:\/\/www.igssgt.org\/noticias\/wp-json\/wp\/v2\/media?parent=14315"}],"wp:term":[{"taxonomy":"category","embeddable":true,"href":"https:\/\/www.igssgt.org\/noticias\/wp-json\/wp\/v2\/categories?post=14315"},{"taxonomy":"post_tag","embeddable":true,"href":"https:\/\/www.igssgt.org\/noticias\/wp-json\/wp\/v2\/tags?post=14315"},{"taxonomy":"author","embeddable":true,"href":"https:\/\/www.igssgt.org\/noticias\/wp-json\/wp\/v2\/coauthors?post=14315"}],"curies":[{"name":"wp","href":"https:\/\/api.w.org\/{rel}","templated":true}]}}