{"id":14510,"date":"2019-11-13T15:12:44","date_gmt":"2019-11-13T21:12:44","guid":{"rendered":"https:\/\/www.igssgt.org\/noticias\/?p=14510"},"modified":"2025-10-21T16:00:29","modified_gmt":"2025-10-21T22:00:29","slug":"las-empresas-deben-implementar-comites-de-prevencion-de-desastres","status":"publish","type":"post","link":"https:\/\/www.igssgt.org\/noticias\/2019\/11\/13\/las-empresas-deben-implementar-comites-de-prevencion-de-desastres\/","title":{"rendered":"Las empresas deben implementar comit\u00e9s de prevenci\u00f3n de desastres"},"content":{"rendered":"\n<p>Tras el sismo de 5.3 grados en la escala Richter registrado esta ma\u00f1ana en las costa sur de Guatemala, el doctor Mynor Mej\u00eda, jefe de la Secci\u00f3n de Seguridad e Higiene y Prevenci\u00f3n de Accidentes, recomend\u00f3 a las empresas cumplir con la obligatoriedad de implementar un Comit\u00e9 de Prevenci\u00f3n de Desastres y Salud Ocupacional, como lo establece el Acuerdo Gubernativo 229-20014 y sus reformas en el Acuerdo 33-2016.<\/p>\n<p>\u201cToda empresa debe contar con personal capacitado para reaccionar efectivamente ante una eventualidad, por ejemplo deben establecer rutas de evacuaci\u00f3n y disponer de equipo de rescate y personal de emergencia para atender a sus trabajadores\u201d, indic\u00f3 Mej\u00eda.<\/p>\n<h4>Evacuaci\u00f3n<\/h4>\n<p>Como parte de las acciones oportunas que se han implementado en el IGSS, Carlos Garrido, secretario del Subcomit\u00e9 de Atenci\u00f3n y Prevenci\u00f3n de Desastres del IGSS, inform\u00f3 sobre la evacuaci\u00f3n del personal que labora en las Oficinas Centrales, tras el temblor ocurrido a las 10:28 horas.<\/p>\n<p>\u201cLa evacuaci\u00f3n fue bastante pronta y efectiva, tomando en cuenta que hab\u00eda muchas personas que visitaron nuestras instalaciones, pues tanto trabajadores como visitantes evacuaron el edificio en siete minutos, lo cual es un tiempo muy favorable\u201d, coment\u00f3 Garrido.<\/p>\n<p>Ante cualquier desastre natural se recomienda mantener la calma y buscar los puntos de reuni\u00f3n. Si hay alguna persona que manifieste alg\u00fan malestar por la impresi\u00f3n, es importante que busque a los integrantes del Subcomit\u00e9 Local de Prevenci\u00f3n de Desastres para que le brinden atenci\u00f3n oportunamente\u201d, concluy\u00f3.<\/p>\n\n\n\n\r\n                <style type=\"text\/css\">\r\n                    \r\n                    #tdi_1  .td-doubleSlider-2 .td-item1 {\r\n                        background: url(\/wp-content\/uploads\/sites\/5\/2019\/11\/Prevencion-de-desastres-igss-2019-1-80x60.jpg) 0 0 no-repeat;\r\n                    }\r\n                    #tdi_1  .td-doubleSlider-2 .td-item2 {\r\n                        background: url(\/wp-content\/uploads\/sites\/5\/2019\/11\/Prevencion-de-desastres-igss-2019-2-80x60.jpg) 0 0 no-repeat;\r\n                    }\r\n                    #tdi_1  .td-doubleSlider-2 .td-item3 {\r\n                        background: url(\/wp-content\/uploads\/sites\/5\/2019\/11\/Prevencion-de-desastres-igss-2019-3-80x60.jpg) 0 0 no-repeat;\r\n                    }\r\n                    #tdi_1  .td-doubleSlider-2 .td-item4 {\r\n                        background: url(\/wp-content\/uploads\/sites\/5\/2019\/11\/Prevencion-de-desastres-igss-2019-4-80x60.png) 0 0 no-repeat;\r\n                    }\r\n                <\/style>\r\n\r\n                <div id=\"tdi_1\" class=\"td-gallery td-slide-on-2-columns\">\r\n                    <div class=\"post_td_gallery\">\r\n                        <div class=\"td-gallery-slide-top\">\r\n                           <div class=\"td-gallery-title\">Galer\u00eda de Im\u00e1genes<\/div>\r\n\r\n                            <div class=\"td-gallery-controls-wrapper\">\r\n                                <div class=\"td-gallery-slide-count\"><span class=\"td-gallery-slide-item-focus\">1<\/span> de 4<\/div>\r\n                                <div class=\"td-gallery-slide-prev-next-but\">\r\n                                    <i class = \"td-icon-left doubleSliderPrevButton\"><\/i>\r\n                                    <i class = \"td-icon-right doubleSliderNextButton\"><\/i>\r\n                                <\/div>\r\n                            <\/div>\r\n                        <\/div>\r\n\r\n                        <div class = \"td-doubleSlider-1 \">\r\n                            <div class = \"td-slider\">\r\n                                \r\n                    <div class = \"td-slide-item td-item1\">\r\n                        <figure class=\"td-slide-galery-figure td-slide-popup-gallery\">\r\n                            <a class=\"slide-gallery-image-link\" href=\"\/wp-content\/uploads\/sites\/5\/2019\/11\/Prevencion-de-desastres-igss-2019-1.jpg\" title=\"Prevencion de desastres igss 2019-1\"  data-caption=\"\"  data-description=\"\">\r\n                                <img decoding=\"async\" src=\"\/wp-content\/uploads\/sites\/5\/2019\/11\/Prevencion-de-desastres-igss-2019-1-560x420.jpg\" srcset=\"\/wp-content\/uploads\/sites\/5\/2019\/11\/Prevencion-de-desastres-igss-2019-1-560x420.jpg 560w, \/wp-content\/uploads\/sites\/5\/2019\/11\/Prevencion-de-desastres-igss-2019-1-300x225.jpg 300w, \/wp-content\/uploads\/sites\/5\/2019\/11\/Prevencion-de-desastres-igss-2019-1-768x576.jpg 768w, \/wp-content\/uploads\/sites\/5\/2019\/11\/Prevencion-de-desastres-igss-2019-1-1024x768.jpg 1024w, \/wp-content\/uploads\/sites\/5\/2019\/11\/Prevencion-de-desastres-igss-2019-1-80x60.jpg 80w, \/wp-content\/uploads\/sites\/5\/2019\/11\/Prevencion-de-desastres-igss-2019-1-696x522.jpg 696w, \/wp-content\/uploads\/sites\/5\/2019\/11\/Prevencion-de-desastres-igss-2019-1-1068x801.jpg 1068w, \/wp-content\/uploads\/sites\/5\/2019\/11\/Prevencion-de-desastres-igss-2019-1-265x198.jpg 265w, \/wp-content\/uploads\/sites\/5\/2019\/11\/Prevencion-de-desastres-igss-2019-1-534x401.jpg 534w, \/wp-content\/uploads\/sites\/5\/2019\/11\/Prevencion-de-desastres-igss-2019-1.jpg 1280w\" sizes=\"(max-width: 560px) 100vw, 560px\" alt=\"\">\r\n                            <\/a>\r\n                            \r\n                        <\/figure>\r\n                    <\/div>\r\n                    <div class = \"td-slide-item td-item2\">\r\n                        <figure class=\"td-slide-galery-figure td-slide-popup-gallery\">\r\n                            <a class=\"slide-gallery-image-link\" href=\"\/wp-content\/uploads\/sites\/5\/2019\/11\/Prevencion-de-desastres-igss-2019-2.jpg\" title=\"Prevencion de desastres igss 2019-2\"  data-caption=\"\"  data-description=\"\">\r\n                                <img decoding=\"async\" src=\"\/wp-content\/uploads\/sites\/5\/2019\/11\/Prevencion-de-desastres-igss-2019-2-560x420.jpg\" srcset=\"\/wp-content\/uploads\/sites\/5\/2019\/11\/Prevencion-de-desastres-igss-2019-2-560x420.jpg 560w, \/wp-content\/uploads\/sites\/5\/2019\/11\/Prevencion-de-desastres-igss-2019-2-300x225.jpg 300w, \/wp-content\/uploads\/sites\/5\/2019\/11\/Prevencion-de-desastres-igss-2019-2-768x576.jpg 768w, \/wp-content\/uploads\/sites\/5\/2019\/11\/Prevencion-de-desastres-igss-2019-2-1024x768.jpg 1024w, \/wp-content\/uploads\/sites\/5\/2019\/11\/Prevencion-de-desastres-igss-2019-2-80x60.jpg 80w, \/wp-content\/uploads\/sites\/5\/2019\/11\/Prevencion-de-desastres-igss-2019-2-696x522.jpg 696w, \/wp-content\/uploads\/sites\/5\/2019\/11\/Prevencion-de-desastres-igss-2019-2-1068x801.jpg 1068w, \/wp-content\/uploads\/sites\/5\/2019\/11\/Prevencion-de-desastres-igss-2019-2-265x198.jpg 265w, \/wp-content\/uploads\/sites\/5\/2019\/11\/Prevencion-de-desastres-igss-2019-2-534x401.jpg 534w, \/wp-content\/uploads\/sites\/5\/2019\/11\/Prevencion-de-desastres-igss-2019-2.jpg 1280w\" sizes=\"(max-width: 560px) 100vw, 560px\" alt=\"\">\r\n                            <\/a>\r\n                            \r\n                        <\/figure>\r\n                    <\/div>\r\n                    <div class = \"td-slide-item td-item3\">\r\n                        <figure class=\"td-slide-galery-figure td-slide-popup-gallery\">\r\n                            <a class=\"slide-gallery-image-link\" href=\"\/wp-content\/uploads\/sites\/5\/2019\/11\/Prevencion-de-desastres-igss-2019-3.jpg\" title=\"Prevencion de desastres igss 2019-3\"  data-caption=\"\"  data-description=\"\">\r\n                                <img decoding=\"async\" src=\"\/wp-content\/uploads\/sites\/5\/2019\/11\/Prevencion-de-desastres-igss-2019-3-560x420.jpg\" srcset=\"\/wp-content\/uploads\/sites\/5\/2019\/11\/Prevencion-de-desastres-igss-2019-3-560x420.jpg 560w, \/wp-content\/uploads\/sites\/5\/2019\/11\/Prevencion-de-desastres-igss-2019-3-300x225.jpg 300w, \/wp-content\/uploads\/sites\/5\/2019\/11\/Prevencion-de-desastres-igss-2019-3-768x576.jpg 768w, \/wp-content\/uploads\/sites\/5\/2019\/11\/Prevencion-de-desastres-igss-2019-3-1024x768.jpg 1024w, \/wp-content\/uploads\/sites\/5\/2019\/11\/Prevencion-de-desastres-igss-2019-3-80x60.jpg 80w, \/wp-content\/uploads\/sites\/5\/2019\/11\/Prevencion-de-desastres-igss-2019-3-696x522.jpg 696w, \/wp-content\/uploads\/sites\/5\/2019\/11\/Prevencion-de-desastres-igss-2019-3-1068x801.jpg 1068w, \/wp-content\/uploads\/sites\/5\/2019\/11\/Prevencion-de-desastres-igss-2019-3-265x198.jpg 265w, \/wp-content\/uploads\/sites\/5\/2019\/11\/Prevencion-de-desastres-igss-2019-3-534x401.jpg 534w, \/wp-content\/uploads\/sites\/5\/2019\/11\/Prevencion-de-desastres-igss-2019-3.jpg 1280w\" sizes=\"(max-width: 560px) 100vw, 560px\" alt=\"\">\r\n                            <\/a>\r\n                            \r\n                        <\/figure>\r\n                    <\/div>\r\n                    <div class = \"td-slide-item td-item4\">\r\n                        <figure class=\"td-slide-galery-figure td-slide-popup-gallery\">\r\n                            <a class=\"slide-gallery-image-link\" href=\"\/wp-content\/uploads\/sites\/5\/2019\/11\/Prevencion-de-desastres-igss-2019-4.png\" title=\"Prevencion de desastres igss 2019-4\"  data-caption=\"\"  data-description=\"\">\r\n                                <img decoding=\"async\" src=\"\/wp-content\/uploads\/sites\/5\/2019\/11\/Prevencion-de-desastres-igss-2019-4.png\" srcset=\"\/wp-content\/uploads\/sites\/5\/2019\/11\/Prevencion-de-desastres-igss-2019-4.png 497w, \/wp-content\/uploads\/sites\/5\/2019\/11\/Prevencion-de-desastres-igss-2019-4-300x167.png 300w\" sizes=\"(max-width: 497px) 100vw, 497px\" alt=\"\">\r\n                            <\/a>\r\n                            \r\n                        <\/figure>\r\n                    <\/div>\r\n                            <\/div>\r\n                        <\/div>\r\n\r\n                        <div class = \"td-doubleSlider-2\">\r\n                            <div class = \"td-slider\">\r\n                                \r\n                    <div class = \"td-button td-item1\">\r\n                        <div class = \"td-border\"><\/div>\r\n                    <\/div>\r\n                    <div class = \"td-button td-item2\">\r\n                        <div class = \"td-border\"><\/div>\r\n                    <\/div>\r\n                    <div class = \"td-button td-item3\">\r\n                        <div class = \"td-border\"><\/div>\r\n                    <\/div>\r\n                    <div class = \"td-button td-item4\">\r\n                        <div class = \"td-border\"><\/div>\r\n                    <\/div>\r\n                            <\/div>\r\n                        <\/div>\r\n\r\n                    <\/div>\r\n\r\n                <\/div>\r\n                \n","protected":false},"excerpt":{"rendered":"<p>Tras el sismo de 5.3 grados en la escala Richter registrado esta ma\u00f1ana en las costa sur de Guatemala, el doctor Mynor Mej\u00eda, jefe de la Secci\u00f3n de Seguridad e Higiene y Prevenci\u00f3n de Accidentes, recomend\u00f3 a las empresas cumplir con la obligatoriedad de implementar un Comit\u00e9 de Prevenci\u00f3n de Desastres y Salud Ocupacional, como [&hellip;]<\/p>\n","protected":false},"author":4,"featured_media":14513,"comment_status":"open","ping_status":"open","sticky":false,"template":"","format":"standard","meta":{"footnotes":""},"categories":[3,23,29,1915],"tags":[490,725,769,2370],"coauthors":[881],"class_list":{"0":"post-14510","1":"post","2":"type-post","3":"status-publish","4":"format-standard","5":"has-post-thumbnail","7":"category-actualidad","8":"category-patronos","9":"category-publicaciones","10":"category-salud-y-seguridad-ocupacional","11":"tag-igss","12":"tag-prevencion-de-desastres","13":"tag-salud-y-seguridad-ocupacional","14":"tag-sso"},"_links":{"self":[{"href":"https:\/\/www.igssgt.org\/noticias\/wp-json\/wp\/v2\/posts\/14510","targetHints":{"allow":["GET"]}}],"collection":[{"href":"https:\/\/www.igssgt.org\/noticias\/wp-json\/wp\/v2\/posts"}],"about":[{"href":"https:\/\/www.igssgt.org\/noticias\/wp-json\/wp\/v2\/types\/post"}],"author":[{"embeddable":true,"href":"https:\/\/www.igssgt.org\/noticias\/wp-json\/wp\/v2\/users\/4"}],"replies":[{"embeddable":true,"href":"https:\/\/www.igssgt.org\/noticias\/wp-json\/wp\/v2\/comments?post=14510"}],"version-history":[{"count":1,"href":"https:\/\/www.igssgt.org\/noticias\/wp-json\/wp\/v2\/posts\/14510\/revisions"}],"predecessor-version":[{"id":14516,"href":"https:\/\/www.igssgt.org\/noticias\/wp-json\/wp\/v2\/posts\/14510\/revisions\/14516"}],"wp:featuredmedia":[{"embeddable":true,"href":"https:\/\/www.igssgt.org\/noticias\/wp-json\/wp\/v2\/media\/14513"}],"wp:attachment":[{"href":"https:\/\/www.igssgt.org\/noticias\/wp-json\/wp\/v2\/media?parent=14510"}],"wp:term":[{"taxonomy":"category","embeddable":true,"href":"https:\/\/www.igssgt.org\/noticias\/wp-json\/wp\/v2\/categories?post=14510"},{"taxonomy":"post_tag","embeddable":true,"href":"https:\/\/www.igssgt.org\/noticias\/wp-json\/wp\/v2\/tags?post=14510"},{"taxonomy":"author","embeddable":true,"href":"https:\/\/www.igssgt.org\/noticias\/wp-json\/wp\/v2\/coauthors?post=14510"}],"curies":[{"name":"wp","href":"https:\/\/api.w.org\/{rel}","templated":true}]}}