{"id":14520,"date":"2019-11-14T12:26:13","date_gmt":"2019-11-14T18:26:13","guid":{"rendered":"https:\/\/www.igssgt.org\/noticias\/?p=14520"},"modified":"2019-11-14T13:05:24","modified_gmt":"2019-11-14T19:05:24","slug":"promueven-la-prevencion-de-la-diabetes","status":"publish","type":"post","link":"https:\/\/www.igssgt.org\/noticias\/2019\/11\/14\/promueven-la-prevencion-de-la-diabetes\/","title":{"rendered":"Promueven la prevenci\u00f3n de la diabetes"},"content":{"rendered":"\n<p>Un equipo multidisciplinario de distintas unidades del IGSS participa en diversas actividades conmemorativas del D\u00eda Mundial de la Diabetes, con el objetivo de que los derechohabientes y personas en general asuman acciones para prevenir esta enfermedad, la cual seg\u00fan las estimaciones de la Organizaci\u00f3n Mundial de la Salud (OMS) para el 2030 ser\u00e1 la s\u00e9ptima causa de muerte a nivel mundial.<\/p>\n<p>La diabetes es una enfermedad cr\u00f3nica producto de que el p\u00e1ncreas deja de producir suficiente insulina o como consecuencia de que el organismo no utiliza bien la insulina que produce. La insulina es una hormona cuya funci\u00f3n es regular el az\u00facar en la sangre, por lo que de no tomar las acciones pertinentes esta puede da\u00f1ar gravemente \u00f3rganos y sistemas, especialmente los nervios y los vasos sangu\u00edneos.<\/p>\n<p>En el marco de la conmemoraci\u00f3n del D\u00eda de la Diabetes, la doctora Magda Hern\u00e1ndez, hemat\u00f3loga de la Unidad de Consulta de Enfermedades Autonom\u00eda, explica que existen los siguientes tipos de diabetes:<\/p>\n<ol>\n<li>Diabetes mellitus I, o juvenil, la que se detecta en persona menores de 30 a\u00f1os.<\/li>\n<li>Diabetes mellitus II, la que se presenta en personas mayores de 40 a\u00f1os.<\/li>\n<li>Diabetes gestacional, que se presenta en mujeres embarazadas, algunas se curan despu\u00e9s del parto y otras no.<\/li>\n<li>Prediabetes, cuando se observan l\u00edmites entre 100 y 140 miligramos por decilitro de glucosa en la sangre, esto se determina a trav\u00e9s de la glucometr\u00eda o a trav\u00e9s de un examen espec\u00edfico de sangre.<\/li>\n<\/ol>\n<p>La Unidad de Consulta de Enfermedades Autonom\u00eda atiende a pacientes referidos de todo el pa\u00eds, a quienes adem\u00e1s de brindarle la atenci\u00f3n m\u00e9dica necesaria se les instruye en c\u00f3mo, d\u00f3nde y a qu\u00e9 hora inyectarse la insulina seg\u00fan el tipo de enfermedad, as\u00ed como sobre la toma de medicamentos y la importancia de tener una alimentaci\u00f3n sana.<\/p>\n<h4>CIFRAS<\/h4>\n<p>\u00danicamente en la Consulta Externa de Enfermedades Autonom\u00eda han sido atendidos de enero a octubre de 2019 a 1,725 personas con diagn\u00f3stico de diabetes; en ese mismo per\u00edodo en el a\u00f1o 2018 se atendi\u00f3 a 1,627, para un total de 1,822 en todo ese a\u00f1o. En 2014 se atendi\u00f3 a 1,379 pacientes, en 2015 a 1,482 y en 2016 a 1,675, mientras que en 2017 fueron 1,543 los pacientes atendidos.<\/p>\n<p>El costo anual aproximado de la atenci\u00f3n m\u00e9dica que se le brinda a un paciente sin complicaciones diagnosticado con diabetes es de Q13,800, que incluye insulina y los medicamentos b\u00e1sicos.<\/p>\n<p>La doctora Hern\u00e1ndez recomienda incluir dentro de sus controles de salud por lo menos una prueba de diabetes una vez al a\u00f1o, estos pueden ser: <\/p>\n<ol>\n<li>An\u00e1lisis de glucosa antes y despu\u00e9s de comer<\/li>\n<li>Prueba de glucosa<\/li>\n<li>Hematolog\u00eda glicosilada y otros controles que determine el especialista.<\/li>\n<\/ol>\n<p>Cuando la enfermedad se establece, estos pueden ser algunos de los s\u00edntomas de alarma:<\/p>\n<ol>\n<li>Sed excesiva<\/li>\n<li>Mucho apetito<\/li>\n<li>Orinar frecuentemente<\/li>\n<li>Vista borrosa<\/li>\n<li>Baja de peso injustificada.<\/li>\n<\/ol>\n<p>La diabetes suele ser una enfermedad que no presenta muchos malestares previos, por ello es necesario realizarse ex\u00e1menes anuales, sobre todo si se tienen antecedentes familiares, para as\u00ed prevenir otras enfermedades como las renales, las cuales pueden ser fatales.<\/p>\n\n\n\n\r\n                <style type=\"text\/css\">\r\n                    \r\n                    #tdi_1  .td-doubleSlider-2 .td-item1 {\r\n                        background: url(\/wp-content\/uploads\/sites\/5\/2019\/11\/Dia-Mundial-de-la-Diabetes-IGSS-2019-3-80x60.jpg) 0 0 no-repeat;\r\n                    }\r\n                    #tdi_1  .td-doubleSlider-2 .td-item2 {\r\n                        background: url(\/wp-content\/uploads\/sites\/5\/2019\/11\/Dia-Mundial-de-la-Diabetes-IGSS-2019-1-80x60.jpg) 0 0 no-repeat;\r\n                    }\r\n                    #tdi_1  .td-doubleSlider-2 .td-item3 {\r\n                        background: url(\/wp-content\/uploads\/sites\/5\/2019\/11\/Dia-Mundial-de-la-Diabetes-IGSS-2019-2-80x60.jpg) 0 0 no-repeat;\r\n                    }\r\n                    #tdi_1  .td-doubleSlider-2 .td-item4 {\r\n                        background: url(\/wp-content\/uploads\/sites\/5\/2019\/11\/Dia-Mundial-de-la-Diabetes-IGSS-2019-4-80x60.jpg) 0 0 no-repeat;\r\n                    }\r\n                    #tdi_1  .td-doubleSlider-2 .td-item5 {\r\n                        background: url(\/wp-content\/uploads\/sites\/5\/2019\/11\/Dia-Mundial-de-la-Diabetes-IGSS-2019-5-80x60.jpg) 0 0 no-repeat;\r\n                    }\r\n                    #tdi_1  .td-doubleSlider-2 .td-item6 {\r\n                        background: url(\/wp-content\/uploads\/sites\/5\/2019\/11\/Dia-Mundial-de-la-Diabetes-IGSS-2019-6-80x60.jpg) 0 0 no-repeat;\r\n                    }\r\n                    #tdi_1  .td-doubleSlider-2 .td-item7 {\r\n                        background: url(\/wp-content\/uploads\/sites\/5\/2019\/11\/Dia-Mundial-de-la-Diabetes-IGSS-2019-7-80x60.jpg) 0 0 no-repeat;\r\n                    }\r\n                    #tdi_1  .td-doubleSlider-2 .td-item8 {\r\n                        background: url(\/wp-content\/uploads\/sites\/5\/2019\/11\/Dia-Mundial-de-la-Diabetes-IGSS-2019-8-80x60.jpg) 0 0 no-repeat;\r\n                    }\r\n                    #tdi_1  .td-doubleSlider-2 .td-item9 {\r\n                        background: url(\/wp-content\/uploads\/sites\/5\/2019\/11\/Dia-Mundial-de-la-Diabetes-IGSS-2019-9-80x60.jpg) 0 0 no-repeat;\r\n                    }\r\n                    #tdi_1  .td-doubleSlider-2 .td-item10 {\r\n                        background: url(\/wp-content\/uploads\/sites\/5\/2019\/11\/Dia-Mundial-de-la-Diabetes-IGSS-2019-10-80x60.jpg) 0 0 no-repeat;\r\n                    }\r\n                    #tdi_1  .td-doubleSlider-2 .td-item11 {\r\n                        background: url(\/wp-content\/uploads\/sites\/5\/2019\/11\/Dia-Mundial-de-la-Diabetes-IGSS-2019-11-80x60.jpg) 0 0 no-repeat;\r\n                    }\r\n                    #tdi_1  .td-doubleSlider-2 .td-item12 {\r\n                        background: url(\/wp-content\/uploads\/sites\/5\/2019\/11\/Dia-Mundial-de-la-Diabetes-IGSS-2019-12-80x60.jpg) 0 0 no-repeat;\r\n                    }\r\n                    #tdi_1  .td-doubleSlider-2 .td-item13 {\r\n                        background: url(\/wp-content\/uploads\/sites\/5\/2019\/11\/Dia-Mundial-de-la-Diabetes-IGSS-2019-13-80x60.jpg) 0 0 no-repeat;\r\n                    }\r\n                    #tdi_1  .td-doubleSlider-2 .td-item14 {\r\n                        background: url(\/wp-content\/uploads\/sites\/5\/2019\/11\/Dia-Mundial-de-la-Diabetes-IGSS-2019-14-80x60.jpg) 0 0 no-repeat;\r\n                    }\r\n                    #tdi_1  .td-doubleSlider-2 .td-item15 {\r\n                        background: url(\/wp-content\/uploads\/sites\/5\/2019\/11\/Dia-Mundial-de-la-Diabetes-IGSS-2019-15-80x60.jpg) 0 0 no-repeat;\r\n                    }\r\n                    #tdi_1  .td-doubleSlider-2 .td-item16 {\r\n                        background: url(\/wp-content\/uploads\/sites\/5\/2019\/11\/Dia-Mundial-de-la-Diabetes-IGSS-2019-16-80x60.jpg) 0 0 no-repeat;\r\n                    }\r\n                    #tdi_1  .td-doubleSlider-2 .td-item17 {\r\n                        background: url(\/wp-content\/uploads\/sites\/5\/2019\/11\/Dia-Mundial-de-la-Diabetes-IGSS-2019-17-80x60.jpg) 0 0 no-repeat;\r\n                    }\r\n                    #tdi_1  .td-doubleSlider-2 .td-item18 {\r\n                        background: url(\/wp-content\/uploads\/sites\/5\/2019\/11\/Dia-Mundial-de-la-Diabetes-IGSS-2019-18-80x60.jpg) 0 0 no-repeat;\r\n                    }\r\n                    #tdi_1  .td-doubleSlider-2 .td-item19 {\r\n                        background: url(\/wp-content\/uploads\/sites\/5\/2019\/11\/Dia-Mundial-de-la-Diabetes-IGSS-2019-19-80x60.jpg) 0 0 no-repeat;\r\n                    }\r\n                    #tdi_1  .td-doubleSlider-2 .td-item20 {\r\n                        background: url(\/wp-content\/uploads\/sites\/5\/2019\/11\/Dia-Mundial-de-la-Diabetes-IGSS-2019-20-80x60.jpg) 0 0 no-repeat;\r\n                    }\r\n                    #tdi_1  .td-doubleSlider-2 .td-item21 {\r\n                        background: url(\/wp-content\/uploads\/sites\/5\/2019\/11\/Dia-Mundial-de-la-Diabetes-IGSS-2019-21-80x60.jpg) 0 0 no-repeat;\r\n                    }\r\n                    #tdi_1  .td-doubleSlider-2 .td-item22 {\r\n                        background: url(\/wp-content\/uploads\/sites\/5\/2019\/11\/Dia-Mundial-de-la-Diabetes-IGSS-2019-22-80x60.jpg) 0 0 no-repeat;\r\n                    }\r\n                    #tdi_1  .td-doubleSlider-2 .td-item23 {\r\n                        background: url(\/wp-content\/uploads\/sites\/5\/2019\/11\/Dia-Mundial-de-la-Diabetes-IGSS-2019-23-80x60.jpg) 0 0 no-repeat;\r\n                    }\r\n                    #tdi_1  .td-doubleSlider-2 .td-item24 {\r\n                        background: url(\/wp-content\/uploads\/sites\/5\/2019\/11\/Dia-Mundial-de-la-Diabetes-IGSS-2019-24-80x60.jpg) 0 0 no-repeat;\r\n                    }\r\n                    #tdi_1  .td-doubleSlider-2 .td-item25 {\r\n                        background: url(\/wp-content\/uploads\/sites\/5\/2019\/11\/Dia-Mundial-de-la-Diabetes-IGSS-2019-25-80x60.jpg) 0 0 no-repeat;\r\n                    }\r\n                    #tdi_1  .td-doubleSlider-2 .td-item26 {\r\n                        background: url(\/wp-content\/uploads\/sites\/5\/2019\/11\/Dia-Mundial-de-la-Diabetes-IGSS-2019-26-80x60.jpg) 0 0 no-repeat;\r\n                    }\r\n                <\/style>\r\n\r\n                <div id=\"tdi_1\" class=\"td-gallery td-slide-on-2-columns\">\r\n                    <div class=\"post_td_gallery\">\r\n                        <div class=\"td-gallery-slide-top\">\r\n                           <div class=\"td-gallery-title\">Galer\u00eda de Im\u00e1genes<\/div>\r\n\r\n                            <div class=\"td-gallery-controls-wrapper\">\r\n                                <div class=\"td-gallery-slide-count\"><span class=\"td-gallery-slide-item-focus\">1<\/span> de 26<\/div>\r\n                                <div class=\"td-gallery-slide-prev-next-but\">\r\n                                    <i class = \"td-icon-left doubleSliderPrevButton\"><\/i>\r\n                                    <i class = \"td-icon-right doubleSliderNextButton\"><\/i>\r\n                                <\/div>\r\n                            <\/div>\r\n                        <\/div>\r\n\r\n                        <div class = \"td-doubleSlider-1 \">\r\n                            <div class = \"td-slider\">\r\n                                \r\n                    <div class = \"td-slide-item td-item1\">\r\n                        <figure class=\"td-slide-galery-figure td-slide-popup-gallery\">\r\n                            <a class=\"slide-gallery-image-link\" href=\"\/wp-content\/uploads\/sites\/5\/2019\/11\/Dia-Mundial-de-la-Diabetes-IGSS-2019-3.jpg\" title=\"Dia Mundial de la Diabetes IGSS 2019-3\"  data-caption=\"\"  data-description=\"\">\r\n                                <img decoding=\"async\" src=\"\/wp-content\/uploads\/sites\/5\/2019\/11\/Dia-Mundial-de-la-Diabetes-IGSS-2019-3-560x420.jpg\" srcset=\"\/wp-content\/uploads\/sites\/5\/2019\/11\/Dia-Mundial-de-la-Diabetes-IGSS-2019-3-560x420.jpg 560w, \/wp-content\/uploads\/sites\/5\/2019\/11\/Dia-Mundial-de-la-Diabetes-IGSS-2019-3-300x225.jpg 300w, \/wp-content\/uploads\/sites\/5\/2019\/11\/Dia-Mundial-de-la-Diabetes-IGSS-2019-3-768x576.jpg 768w, \/wp-content\/uploads\/sites\/5\/2019\/11\/Dia-Mundial-de-la-Diabetes-IGSS-2019-3-1024x768.jpg 1024w, \/wp-content\/uploads\/sites\/5\/2019\/11\/Dia-Mundial-de-la-Diabetes-IGSS-2019-3-80x60.jpg 80w, \/wp-content\/uploads\/sites\/5\/2019\/11\/Dia-Mundial-de-la-Diabetes-IGSS-2019-3-696x522.jpg 696w, \/wp-content\/uploads\/sites\/5\/2019\/11\/Dia-Mundial-de-la-Diabetes-IGSS-2019-3-1068x801.jpg 1068w, \/wp-content\/uploads\/sites\/5\/2019\/11\/Dia-Mundial-de-la-Diabetes-IGSS-2019-3-265x198.jpg 265w, \/wp-content\/uploads\/sites\/5\/2019\/11\/Dia-Mundial-de-la-Diabetes-IGSS-2019-3-534x401.jpg 534w, \/wp-content\/uploads\/sites\/5\/2019\/11\/Dia-Mundial-de-la-Diabetes-IGSS-2019-3.jpg 1280w\" sizes=\"(max-width: 560px) 100vw, 560px\" alt=\"\">\r\n                            <\/a>\r\n                            \r\n                        <\/figure>\r\n                    <\/div>\r\n                    <div class = \"td-slide-item td-item2\">\r\n                        <figure class=\"td-slide-galery-figure td-slide-popup-gallery\">\r\n                            <a class=\"slide-gallery-image-link\" href=\"\/wp-content\/uploads\/sites\/5\/2019\/11\/Dia-Mundial-de-la-Diabetes-IGSS-2019-1.jpg\" title=\"Dia Mundial de la Diabetes IGSS 2019-1\"  data-caption=\"\"  data-description=\"\">\r\n                                <img decoding=\"async\" src=\"\/wp-content\/uploads\/sites\/5\/2019\/11\/Dia-Mundial-de-la-Diabetes-IGSS-2019-1-560x420.jpg\" srcset=\"\/wp-content\/uploads\/sites\/5\/2019\/11\/Dia-Mundial-de-la-Diabetes-IGSS-2019-1-560x420.jpg 560w, \/wp-content\/uploads\/sites\/5\/2019\/11\/Dia-Mundial-de-la-Diabetes-IGSS-2019-1-300x225.jpg 300w, \/wp-content\/uploads\/sites\/5\/2019\/11\/Dia-Mundial-de-la-Diabetes-IGSS-2019-1-768x576.jpg 768w, \/wp-content\/uploads\/sites\/5\/2019\/11\/Dia-Mundial-de-la-Diabetes-IGSS-2019-1-1024x768.jpg 1024w, \/wp-content\/uploads\/sites\/5\/2019\/11\/Dia-Mundial-de-la-Diabetes-IGSS-2019-1-80x60.jpg 80w, \/wp-content\/uploads\/sites\/5\/2019\/11\/Dia-Mundial-de-la-Diabetes-IGSS-2019-1-696x522.jpg 696w, \/wp-content\/uploads\/sites\/5\/2019\/11\/Dia-Mundial-de-la-Diabetes-IGSS-2019-1-1068x801.jpg 1068w, \/wp-content\/uploads\/sites\/5\/2019\/11\/Dia-Mundial-de-la-Diabetes-IGSS-2019-1-265x198.jpg 265w, \/wp-content\/uploads\/sites\/5\/2019\/11\/Dia-Mundial-de-la-Diabetes-IGSS-2019-1-534x401.jpg 534w, \/wp-content\/uploads\/sites\/5\/2019\/11\/Dia-Mundial-de-la-Diabetes-IGSS-2019-1.jpg 1280w\" sizes=\"(max-width: 560px) 100vw, 560px\" alt=\"\">\r\n                            <\/a>\r\n                            \r\n                        <\/figure>\r\n                    <\/div>\r\n                    <div class = \"td-slide-item td-item3\">\r\n                        <figure class=\"td-slide-galery-figure td-slide-popup-gallery\">\r\n                            <a class=\"slide-gallery-image-link\" href=\"\/wp-content\/uploads\/sites\/5\/2019\/11\/Dia-Mundial-de-la-Diabetes-IGSS-2019-2.jpg\" title=\"Dia Mundial de la Diabetes IGSS 2019-2\"  data-caption=\"\"  data-description=\"\">\r\n                                <img decoding=\"async\" src=\"\/wp-content\/uploads\/sites\/5\/2019\/11\/Dia-Mundial-de-la-Diabetes-IGSS-2019-2-630x420.jpg\" srcset=\"\/wp-content\/uploads\/sites\/5\/2019\/11\/Dia-Mundial-de-la-Diabetes-IGSS-2019-2-630x420.jpg 630w, \/wp-content\/uploads\/sites\/5\/2019\/11\/Dia-Mundial-de-la-Diabetes-IGSS-2019-2-300x200.jpg 300w, \/wp-content\/uploads\/sites\/5\/2019\/11\/Dia-Mundial-de-la-Diabetes-IGSS-2019-2-768x512.jpg 768w, \/wp-content\/uploads\/sites\/5\/2019\/11\/Dia-Mundial-de-la-Diabetes-IGSS-2019-2-1024x682.jpg 1024w, \/wp-content\/uploads\/sites\/5\/2019\/11\/Dia-Mundial-de-la-Diabetes-IGSS-2019-2-696x464.jpg 696w, \/wp-content\/uploads\/sites\/5\/2019\/11\/Dia-Mundial-de-la-Diabetes-IGSS-2019-2-1068x712.jpg 1068w, \/wp-content\/uploads\/sites\/5\/2019\/11\/Dia-Mundial-de-la-Diabetes-IGSS-2019-2-534x356.jpg 534w, \/wp-content\/uploads\/sites\/5\/2019\/11\/Dia-Mundial-de-la-Diabetes-IGSS-2019-2.jpg 1280w\" sizes=\"(max-width: 630px) 100vw, 630px\" alt=\"\">\r\n                            <\/a>\r\n                            \r\n                        <\/figure>\r\n                    <\/div>\r\n                    <div class = \"td-slide-item td-item4\">\r\n                        <figure class=\"td-slide-galery-figure td-slide-popup-gallery\">\r\n                            <a class=\"slide-gallery-image-link\" href=\"\/wp-content\/uploads\/sites\/5\/2019\/11\/Dia-Mundial-de-la-Diabetes-IGSS-2019-4.jpg\" title=\"Dia Mundial de la Diabetes IGSS 2019-4\"  data-caption=\"\"  data-description=\"\">\r\n                                <img decoding=\"async\" src=\"\/wp-content\/uploads\/sites\/5\/2019\/11\/Dia-Mundial-de-la-Diabetes-IGSS-2019-4-747x420.jpg\" srcset=\"\/wp-content\/uploads\/sites\/5\/2019\/11\/Dia-Mundial-de-la-Diabetes-IGSS-2019-4-747x420.jpg 747w, \/wp-content\/uploads\/sites\/5\/2019\/11\/Dia-Mundial-de-la-Diabetes-IGSS-2019-4-300x169.jpg 300w, \/wp-content\/uploads\/sites\/5\/2019\/11\/Dia-Mundial-de-la-Diabetes-IGSS-2019-4-768x432.jpg 768w, \/wp-content\/uploads\/sites\/5\/2019\/11\/Dia-Mundial-de-la-Diabetes-IGSS-2019-4-1024x576.jpg 1024w, \/wp-content\/uploads\/sites\/5\/2019\/11\/Dia-Mundial-de-la-Diabetes-IGSS-2019-4-696x392.jpg 696w, \/wp-content\/uploads\/sites\/5\/2019\/11\/Dia-Mundial-de-la-Diabetes-IGSS-2019-4-1068x601.jpg 1068w, \/wp-content\/uploads\/sites\/5\/2019\/11\/Dia-Mundial-de-la-Diabetes-IGSS-2019-4-534x300.jpg 534w, \/wp-content\/uploads\/sites\/5\/2019\/11\/Dia-Mundial-de-la-Diabetes-IGSS-2019-4.jpg 1152w\" sizes=\"(max-width: 747px) 100vw, 747px\" alt=\"\">\r\n                            <\/a>\r\n                            \r\n                        <\/figure>\r\n                    <\/div>\r\n                    <div class = \"td-slide-item td-item5\">\r\n                        <figure class=\"td-slide-galery-figure td-slide-popup-gallery\">\r\n                            <a class=\"slide-gallery-image-link\" href=\"\/wp-content\/uploads\/sites\/5\/2019\/11\/Dia-Mundial-de-la-Diabetes-IGSS-2019-5.jpg\" title=\"Dia Mundial de la Diabetes IGSS 2019-5\"  data-caption=\"\"  data-description=\"\">\r\n                                <img decoding=\"async\" src=\"\/wp-content\/uploads\/sites\/5\/2019\/11\/Dia-Mundial-de-la-Diabetes-IGSS-2019-5-560x420.jpg\" srcset=\"\/wp-content\/uploads\/sites\/5\/2019\/11\/Dia-Mundial-de-la-Diabetes-IGSS-2019-5-560x420.jpg 560w, \/wp-content\/uploads\/sites\/5\/2019\/11\/Dia-Mundial-de-la-Diabetes-IGSS-2019-5-300x225.jpg 300w, \/wp-content\/uploads\/sites\/5\/2019\/11\/Dia-Mundial-de-la-Diabetes-IGSS-2019-5-768x576.jpg 768w, \/wp-content\/uploads\/sites\/5\/2019\/11\/Dia-Mundial-de-la-Diabetes-IGSS-2019-5-1024x768.jpg 1024w, \/wp-content\/uploads\/sites\/5\/2019\/11\/Dia-Mundial-de-la-Diabetes-IGSS-2019-5-80x60.jpg 80w, \/wp-content\/uploads\/sites\/5\/2019\/11\/Dia-Mundial-de-la-Diabetes-IGSS-2019-5-696x522.jpg 696w, \/wp-content\/uploads\/sites\/5\/2019\/11\/Dia-Mundial-de-la-Diabetes-IGSS-2019-5-1068x801.jpg 1068w, \/wp-content\/uploads\/sites\/5\/2019\/11\/Dia-Mundial-de-la-Diabetes-IGSS-2019-5-265x198.jpg 265w, \/wp-content\/uploads\/sites\/5\/2019\/11\/Dia-Mundial-de-la-Diabetes-IGSS-2019-5-534x401.jpg 534w, \/wp-content\/uploads\/sites\/5\/2019\/11\/Dia-Mundial-de-la-Diabetes-IGSS-2019-5.jpg 1280w\" sizes=\"(max-width: 560px) 100vw, 560px\" alt=\"\">\r\n                            <\/a>\r\n                            \r\n                        <\/figure>\r\n                    <\/div>\r\n                    <div class = \"td-slide-item td-item6\">\r\n                        <figure class=\"td-slide-galery-figure td-slide-popup-gallery\">\r\n                            <a class=\"slide-gallery-image-link\" href=\"\/wp-content\/uploads\/sites\/5\/2019\/11\/Dia-Mundial-de-la-Diabetes-IGSS-2019-6.jpg\" title=\"Dia Mundial de la Diabetes IGSS 2019-6\"  data-caption=\"\"  data-description=\"\">\r\n                                <img decoding=\"async\" src=\"\/wp-content\/uploads\/sites\/5\/2019\/11\/Dia-Mundial-de-la-Diabetes-IGSS-2019-6-747x420.jpg\" srcset=\"\/wp-content\/uploads\/sites\/5\/2019\/11\/Dia-Mundial-de-la-Diabetes-IGSS-2019-6-747x420.jpg 747w, \/wp-content\/uploads\/sites\/5\/2019\/11\/Dia-Mundial-de-la-Diabetes-IGSS-2019-6-300x169.jpg 300w, \/wp-content\/uploads\/sites\/5\/2019\/11\/Dia-Mundial-de-la-Diabetes-IGSS-2019-6-768x432.jpg 768w, \/wp-content\/uploads\/sites\/5\/2019\/11\/Dia-Mundial-de-la-Diabetes-IGSS-2019-6-1024x576.jpg 1024w, \/wp-content\/uploads\/sites\/5\/2019\/11\/Dia-Mundial-de-la-Diabetes-IGSS-2019-6-696x392.jpg 696w, \/wp-content\/uploads\/sites\/5\/2019\/11\/Dia-Mundial-de-la-Diabetes-IGSS-2019-6-1068x601.jpg 1068w, \/wp-content\/uploads\/sites\/5\/2019\/11\/Dia-Mundial-de-la-Diabetes-IGSS-2019-6-534x300.jpg 534w, \/wp-content\/uploads\/sites\/5\/2019\/11\/Dia-Mundial-de-la-Diabetes-IGSS-2019-6.jpg 1152w\" sizes=\"(max-width: 747px) 100vw, 747px\" alt=\"\">\r\n                            <\/a>\r\n                            \r\n                        <\/figure>\r\n                    <\/div>\r\n                    <div class = \"td-slide-item td-item7\">\r\n                        <figure class=\"td-slide-galery-figure td-slide-popup-gallery\">\r\n                            <a class=\"slide-gallery-image-link\" href=\"\/wp-content\/uploads\/sites\/5\/2019\/11\/Dia-Mundial-de-la-Diabetes-IGSS-2019-7.jpg\" title=\"Dia Mundial de la Diabetes IGSS 2019-7\"  data-caption=\"\"  data-description=\"\">\r\n                                <img decoding=\"async\" src=\"\/wp-content\/uploads\/sites\/5\/2019\/11\/Dia-Mundial-de-la-Diabetes-IGSS-2019-7-630x420.jpg\" srcset=\"\/wp-content\/uploads\/sites\/5\/2019\/11\/Dia-Mundial-de-la-Diabetes-IGSS-2019-7-630x420.jpg 630w, \/wp-content\/uploads\/sites\/5\/2019\/11\/Dia-Mundial-de-la-Diabetes-IGSS-2019-7-300x200.jpg 300w, \/wp-content\/uploads\/sites\/5\/2019\/11\/Dia-Mundial-de-la-Diabetes-IGSS-2019-7-768x512.jpg 768w, \/wp-content\/uploads\/sites\/5\/2019\/11\/Dia-Mundial-de-la-Diabetes-IGSS-2019-7-1024x682.jpg 1024w, \/wp-content\/uploads\/sites\/5\/2019\/11\/Dia-Mundial-de-la-Diabetes-IGSS-2019-7-696x464.jpg 696w, \/wp-content\/uploads\/sites\/5\/2019\/11\/Dia-Mundial-de-la-Diabetes-IGSS-2019-7-1068x712.jpg 1068w, \/wp-content\/uploads\/sites\/5\/2019\/11\/Dia-Mundial-de-la-Diabetes-IGSS-2019-7-534x356.jpg 534w, \/wp-content\/uploads\/sites\/5\/2019\/11\/Dia-Mundial-de-la-Diabetes-IGSS-2019-7.jpg 1280w\" sizes=\"(max-width: 630px) 100vw, 630px\" alt=\"\">\r\n                            <\/a>\r\n                            \r\n                        <\/figure>\r\n                    <\/div>\r\n                    <div class = \"td-slide-item td-item8\">\r\n                        <figure class=\"td-slide-galery-figure td-slide-popup-gallery\">\r\n                            <a class=\"slide-gallery-image-link\" href=\"\/wp-content\/uploads\/sites\/5\/2019\/11\/Dia-Mundial-de-la-Diabetes-IGSS-2019-8.jpg\" title=\"Dia Mundial de la Diabetes IGSS 2019-8\"  data-caption=\"\"  data-description=\"\">\r\n                                <img decoding=\"async\" src=\"\/wp-content\/uploads\/sites\/5\/2019\/11\/Dia-Mundial-de-la-Diabetes-IGSS-2019-8-630x420.jpg\" srcset=\"\/wp-content\/uploads\/sites\/5\/2019\/11\/Dia-Mundial-de-la-Diabetes-IGSS-2019-8-630x420.jpg 630w, \/wp-content\/uploads\/sites\/5\/2019\/11\/Dia-Mundial-de-la-Diabetes-IGSS-2019-8-300x200.jpg 300w, \/wp-content\/uploads\/sites\/5\/2019\/11\/Dia-Mundial-de-la-Diabetes-IGSS-2019-8-768x512.jpg 768w, \/wp-content\/uploads\/sites\/5\/2019\/11\/Dia-Mundial-de-la-Diabetes-IGSS-2019-8-1024x682.jpg 1024w, \/wp-content\/uploads\/sites\/5\/2019\/11\/Dia-Mundial-de-la-Diabetes-IGSS-2019-8-696x464.jpg 696w, \/wp-content\/uploads\/sites\/5\/2019\/11\/Dia-Mundial-de-la-Diabetes-IGSS-2019-8-1068x712.jpg 1068w, \/wp-content\/uploads\/sites\/5\/2019\/11\/Dia-Mundial-de-la-Diabetes-IGSS-2019-8-534x356.jpg 534w, \/wp-content\/uploads\/sites\/5\/2019\/11\/Dia-Mundial-de-la-Diabetes-IGSS-2019-8.jpg 1280w\" sizes=\"(max-width: 630px) 100vw, 630px\" alt=\"\">\r\n                            <\/a>\r\n                            \r\n                        <\/figure>\r\n                    <\/div>\r\n                    <div class = \"td-slide-item td-item9\">\r\n                        <figure class=\"td-slide-galery-figure td-slide-popup-gallery\">\r\n                            <a class=\"slide-gallery-image-link\" href=\"\/wp-content\/uploads\/sites\/5\/2019\/11\/Dia-Mundial-de-la-Diabetes-IGSS-2019-9.jpg\" title=\"Dia Mundial de la Diabetes IGSS 2019-9\"  data-caption=\"\"  data-description=\"\">\r\n                                <img decoding=\"async\" src=\"\/wp-content\/uploads\/sites\/5\/2019\/11\/Dia-Mundial-de-la-Diabetes-IGSS-2019-9-560x420.jpg\" srcset=\"\/wp-content\/uploads\/sites\/5\/2019\/11\/Dia-Mundial-de-la-Diabetes-IGSS-2019-9-560x420.jpg 560w, \/wp-content\/uploads\/sites\/5\/2019\/11\/Dia-Mundial-de-la-Diabetes-IGSS-2019-9-300x225.jpg 300w, \/wp-content\/uploads\/sites\/5\/2019\/11\/Dia-Mundial-de-la-Diabetes-IGSS-2019-9-768x576.jpg 768w, \/wp-content\/uploads\/sites\/5\/2019\/11\/Dia-Mundial-de-la-Diabetes-IGSS-2019-9-1024x768.jpg 1024w, \/wp-content\/uploads\/sites\/5\/2019\/11\/Dia-Mundial-de-la-Diabetes-IGSS-2019-9-80x60.jpg 80w, \/wp-content\/uploads\/sites\/5\/2019\/11\/Dia-Mundial-de-la-Diabetes-IGSS-2019-9-696x522.jpg 696w, \/wp-content\/uploads\/sites\/5\/2019\/11\/Dia-Mundial-de-la-Diabetes-IGSS-2019-9-1068x801.jpg 1068w, \/wp-content\/uploads\/sites\/5\/2019\/11\/Dia-Mundial-de-la-Diabetes-IGSS-2019-9-265x198.jpg 265w, \/wp-content\/uploads\/sites\/5\/2019\/11\/Dia-Mundial-de-la-Diabetes-IGSS-2019-9-534x401.jpg 534w, \/wp-content\/uploads\/sites\/5\/2019\/11\/Dia-Mundial-de-la-Diabetes-IGSS-2019-9.jpg 1280w\" sizes=\"(max-width: 560px) 100vw, 560px\" alt=\"\">\r\n                            <\/a>\r\n                            \r\n                        <\/figure>\r\n                    <\/div>\r\n                    <div class = \"td-slide-item td-item10\">\r\n                        <figure class=\"td-slide-galery-figure td-slide-popup-gallery\">\r\n                            <a class=\"slide-gallery-image-link\" href=\"\/wp-content\/uploads\/sites\/5\/2019\/11\/Dia-Mundial-de-la-Diabetes-IGSS-2019-10.jpg\" title=\"Dia Mundial de la Diabetes IGSS 2019-10\"  data-caption=\"\"  data-description=\"\">\r\n                                <img decoding=\"async\" src=\"\/wp-content\/uploads\/sites\/5\/2019\/11\/Dia-Mundial-de-la-Diabetes-IGSS-2019-10-560x420.jpg\" srcset=\"\/wp-content\/uploads\/sites\/5\/2019\/11\/Dia-Mundial-de-la-Diabetes-IGSS-2019-10-560x420.jpg 560w, \/wp-content\/uploads\/sites\/5\/2019\/11\/Dia-Mundial-de-la-Diabetes-IGSS-2019-10-300x225.jpg 300w, \/wp-content\/uploads\/sites\/5\/2019\/11\/Dia-Mundial-de-la-Diabetes-IGSS-2019-10-768x576.jpg 768w, \/wp-content\/uploads\/sites\/5\/2019\/11\/Dia-Mundial-de-la-Diabetes-IGSS-2019-10-1024x768.jpg 1024w, \/wp-content\/uploads\/sites\/5\/2019\/11\/Dia-Mundial-de-la-Diabetes-IGSS-2019-10-80x60.jpg 80w, \/wp-content\/uploads\/sites\/5\/2019\/11\/Dia-Mundial-de-la-Diabetes-IGSS-2019-10-696x522.jpg 696w, \/wp-content\/uploads\/sites\/5\/2019\/11\/Dia-Mundial-de-la-Diabetes-IGSS-2019-10-1068x801.jpg 1068w, \/wp-content\/uploads\/sites\/5\/2019\/11\/Dia-Mundial-de-la-Diabetes-IGSS-2019-10-265x198.jpg 265w, \/wp-content\/uploads\/sites\/5\/2019\/11\/Dia-Mundial-de-la-Diabetes-IGSS-2019-10-534x401.jpg 534w, \/wp-content\/uploads\/sites\/5\/2019\/11\/Dia-Mundial-de-la-Diabetes-IGSS-2019-10.jpg 1280w\" sizes=\"(max-width: 560px) 100vw, 560px\" alt=\"\">\r\n                            <\/a>\r\n                            \r\n                        <\/figure>\r\n                    <\/div>\r\n                    <div class = \"td-slide-item td-item11\">\r\n                        <figure class=\"td-slide-galery-figure td-slide-popup-gallery\">\r\n                            <a class=\"slide-gallery-image-link\" href=\"\/wp-content\/uploads\/sites\/5\/2019\/11\/Dia-Mundial-de-la-Diabetes-IGSS-2019-11.jpg\" title=\"Dia Mundial de la Diabetes IGSS 2019-11\"  data-caption=\"\"  data-description=\"\">\r\n                                <img decoding=\"async\" src=\"\/wp-content\/uploads\/sites\/5\/2019\/11\/Dia-Mundial-de-la-Diabetes-IGSS-2019-11-466x420.jpg\" srcset=\"\/wp-content\/uploads\/sites\/5\/2019\/11\/Dia-Mundial-de-la-Diabetes-IGSS-2019-11-466x420.jpg 466w, \/wp-content\/uploads\/sites\/5\/2019\/11\/Dia-Mundial-de-la-Diabetes-IGSS-2019-11-300x270.jpg 300w, \/wp-content\/uploads\/sites\/5\/2019\/11\/Dia-Mundial-de-la-Diabetes-IGSS-2019-11-768x692.jpg 768w, \/wp-content\/uploads\/sites\/5\/2019\/11\/Dia-Mundial-de-la-Diabetes-IGSS-2019-11-1024x923.jpg 1024w, \/wp-content\/uploads\/sites\/5\/2019\/11\/Dia-Mundial-de-la-Diabetes-IGSS-2019-11-696x627.jpg 696w, \/wp-content\/uploads\/sites\/5\/2019\/11\/Dia-Mundial-de-la-Diabetes-IGSS-2019-11-1068x963.jpg 1068w, \/wp-content\/uploads\/sites\/5\/2019\/11\/Dia-Mundial-de-la-Diabetes-IGSS-2019-11-512x462.jpg 512w, \/wp-content\/uploads\/sites\/5\/2019\/11\/Dia-Mundial-de-la-Diabetes-IGSS-2019-11.jpg 1280w\" sizes=\"(max-width: 466px) 100vw, 466px\" alt=\"\">\r\n                            <\/a>\r\n                            \r\n                        <\/figure>\r\n                    <\/div>\r\n                    <div class = \"td-slide-item td-item12\">\r\n                        <figure class=\"td-slide-galery-figure td-slide-popup-gallery\">\r\n                            <a class=\"slide-gallery-image-link\" href=\"\/wp-content\/uploads\/sites\/5\/2019\/11\/Dia-Mundial-de-la-Diabetes-IGSS-2019-12.jpg\" title=\"Dia Mundial de la Diabetes IGSS 2019-12\"  data-caption=\"\"  data-description=\"\">\r\n                                <img decoding=\"async\" src=\"\/wp-content\/uploads\/sites\/5\/2019\/11\/Dia-Mundial-de-la-Diabetes-IGSS-2019-12-747x420.jpg\" srcset=\"\/wp-content\/uploads\/sites\/5\/2019\/11\/Dia-Mundial-de-la-Diabetes-IGSS-2019-12-747x420.jpg 747w, \/wp-content\/uploads\/sites\/5\/2019\/11\/Dia-Mundial-de-la-Diabetes-IGSS-2019-12-300x169.jpg 300w, \/wp-content\/uploads\/sites\/5\/2019\/11\/Dia-Mundial-de-la-Diabetes-IGSS-2019-12-768x432.jpg 768w, \/wp-content\/uploads\/sites\/5\/2019\/11\/Dia-Mundial-de-la-Diabetes-IGSS-2019-12-1024x576.jpg 1024w, \/wp-content\/uploads\/sites\/5\/2019\/11\/Dia-Mundial-de-la-Diabetes-IGSS-2019-12-696x392.jpg 696w, \/wp-content\/uploads\/sites\/5\/2019\/11\/Dia-Mundial-de-la-Diabetes-IGSS-2019-12-1068x601.jpg 1068w, \/wp-content\/uploads\/sites\/5\/2019\/11\/Dia-Mundial-de-la-Diabetes-IGSS-2019-12-534x300.jpg 534w, \/wp-content\/uploads\/sites\/5\/2019\/11\/Dia-Mundial-de-la-Diabetes-IGSS-2019-12.jpg 1152w\" sizes=\"(max-width: 747px) 100vw, 747px\" alt=\"\">\r\n                            <\/a>\r\n                            \r\n                        <\/figure>\r\n                    <\/div>\r\n                    <div class = \"td-slide-item td-item13\">\r\n                        <figure class=\"td-slide-galery-figure td-slide-popup-gallery\">\r\n                            <a class=\"slide-gallery-image-link\" href=\"\/wp-content\/uploads\/sites\/5\/2019\/11\/Dia-Mundial-de-la-Diabetes-IGSS-2019-13.jpg\" title=\"Dia Mundial de la Diabetes IGSS 2019-13\"  data-caption=\"\"  data-description=\"\">\r\n                                <img decoding=\"async\" src=\"\/wp-content\/uploads\/sites\/5\/2019\/11\/Dia-Mundial-de-la-Diabetes-IGSS-2019-13-630x420.jpg\" srcset=\"\/wp-content\/uploads\/sites\/5\/2019\/11\/Dia-Mundial-de-la-Diabetes-IGSS-2019-13-630x420.jpg 630w, \/wp-content\/uploads\/sites\/5\/2019\/11\/Dia-Mundial-de-la-Diabetes-IGSS-2019-13-300x200.jpg 300w, \/wp-content\/uploads\/sites\/5\/2019\/11\/Dia-Mundial-de-la-Diabetes-IGSS-2019-13-768x512.jpg 768w, \/wp-content\/uploads\/sites\/5\/2019\/11\/Dia-Mundial-de-la-Diabetes-IGSS-2019-13-1024x682.jpg 1024w, \/wp-content\/uploads\/sites\/5\/2019\/11\/Dia-Mundial-de-la-Diabetes-IGSS-2019-13-696x464.jpg 696w, \/wp-content\/uploads\/sites\/5\/2019\/11\/Dia-Mundial-de-la-Diabetes-IGSS-2019-13-1068x712.jpg 1068w, \/wp-content\/uploads\/sites\/5\/2019\/11\/Dia-Mundial-de-la-Diabetes-IGSS-2019-13-534x356.jpg 534w, \/wp-content\/uploads\/sites\/5\/2019\/11\/Dia-Mundial-de-la-Diabetes-IGSS-2019-13.jpg 1280w\" sizes=\"(max-width: 630px) 100vw, 630px\" alt=\"\">\r\n                            <\/a>\r\n                            \r\n                        <\/figure>\r\n                    <\/div>\r\n                    <div class = \"td-slide-item td-item14\">\r\n                        <figure class=\"td-slide-galery-figure td-slide-popup-gallery\">\r\n                            <a class=\"slide-gallery-image-link\" href=\"\/wp-content\/uploads\/sites\/5\/2019\/11\/Dia-Mundial-de-la-Diabetes-IGSS-2019-14.jpg\" title=\"Dia Mundial de la Diabetes IGSS 2019-14\"  data-caption=\"\"  data-description=\"\">\r\n                                <img decoding=\"async\" src=\"\/wp-content\/uploads\/sites\/5\/2019\/11\/Dia-Mundial-de-la-Diabetes-IGSS-2019-14-630x420.jpg\" srcset=\"\/wp-content\/uploads\/sites\/5\/2019\/11\/Dia-Mundial-de-la-Diabetes-IGSS-2019-14-630x420.jpg 630w, \/wp-content\/uploads\/sites\/5\/2019\/11\/Dia-Mundial-de-la-Diabetes-IGSS-2019-14-300x200.jpg 300w, \/wp-content\/uploads\/sites\/5\/2019\/11\/Dia-Mundial-de-la-Diabetes-IGSS-2019-14-768x512.jpg 768w, \/wp-content\/uploads\/sites\/5\/2019\/11\/Dia-Mundial-de-la-Diabetes-IGSS-2019-14-1024x683.jpg 1024w, \/wp-content\/uploads\/sites\/5\/2019\/11\/Dia-Mundial-de-la-Diabetes-IGSS-2019-14-696x464.jpg 696w, \/wp-content\/uploads\/sites\/5\/2019\/11\/Dia-Mundial-de-la-Diabetes-IGSS-2019-14-1068x713.jpg 1068w, \/wp-content\/uploads\/sites\/5\/2019\/11\/Dia-Mundial-de-la-Diabetes-IGSS-2019-14-534x356.jpg 534w, \/wp-content\/uploads\/sites\/5\/2019\/11\/Dia-Mundial-de-la-Diabetes-IGSS-2019-14.jpg 1280w\" sizes=\"(max-width: 630px) 100vw, 630px\" alt=\"\">\r\n                            <\/a>\r\n                            \r\n                        <\/figure>\r\n                    <\/div>\r\n                    <div class = \"td-slide-item td-item15\">\r\n                        <figure class=\"td-slide-galery-figure td-slide-popup-gallery\">\r\n                            <a class=\"slide-gallery-image-link\" href=\"\/wp-content\/uploads\/sites\/5\/2019\/11\/Dia-Mundial-de-la-Diabetes-IGSS-2019-15.jpg\" title=\"Dia Mundial de la Diabetes IGSS 2019-15\"  data-caption=\"\"  data-description=\"\">\r\n                                <img decoding=\"async\" src=\"\/wp-content\/uploads\/sites\/5\/2019\/11\/Dia-Mundial-de-la-Diabetes-IGSS-2019-15-463x420.jpg\" srcset=\"\/wp-content\/uploads\/sites\/5\/2019\/11\/Dia-Mundial-de-la-Diabetes-IGSS-2019-15-463x420.jpg 463w, \/wp-content\/uploads\/sites\/5\/2019\/11\/Dia-Mundial-de-la-Diabetes-IGSS-2019-15-300x272.jpg 300w, \/wp-content\/uploads\/sites\/5\/2019\/11\/Dia-Mundial-de-la-Diabetes-IGSS-2019-15-768x697.jpg 768w, \/wp-content\/uploads\/sites\/5\/2019\/11\/Dia-Mundial-de-la-Diabetes-IGSS-2019-15-1024x930.jpg 1024w, \/wp-content\/uploads\/sites\/5\/2019\/11\/Dia-Mundial-de-la-Diabetes-IGSS-2019-15-696x632.jpg 696w, \/wp-content\/uploads\/sites\/5\/2019\/11\/Dia-Mundial-de-la-Diabetes-IGSS-2019-15-1068x970.jpg 1068w, \/wp-content\/uploads\/sites\/5\/2019\/11\/Dia-Mundial-de-la-Diabetes-IGSS-2019-15-509x462.jpg 509w, \/wp-content\/uploads\/sites\/5\/2019\/11\/Dia-Mundial-de-la-Diabetes-IGSS-2019-15.jpg 1280w\" sizes=\"(max-width: 463px) 100vw, 463px\" alt=\"\">\r\n                            <\/a>\r\n                            \r\n                        <\/figure>\r\n                    <\/div>\r\n                    <div class = \"td-slide-item td-item16\">\r\n                        <figure class=\"td-slide-galery-figure td-slide-popup-gallery\">\r\n                            <a class=\"slide-gallery-image-link\" href=\"\/wp-content\/uploads\/sites\/5\/2019\/11\/Dia-Mundial-de-la-Diabetes-IGSS-2019-16.jpg\" title=\"Dia Mundial de la Diabetes IGSS 2019-16\"  data-caption=\"\"  data-description=\"\">\r\n                                <img decoding=\"async\" src=\"\/wp-content\/uploads\/sites\/5\/2019\/11\/Dia-Mundial-de-la-Diabetes-IGSS-2019-16-747x420.jpg\" srcset=\"\/wp-content\/uploads\/sites\/5\/2019\/11\/Dia-Mundial-de-la-Diabetes-IGSS-2019-16-747x420.jpg 747w, \/wp-content\/uploads\/sites\/5\/2019\/11\/Dia-Mundial-de-la-Diabetes-IGSS-2019-16-300x169.jpg 300w, \/wp-content\/uploads\/sites\/5\/2019\/11\/Dia-Mundial-de-la-Diabetes-IGSS-2019-16-768x432.jpg 768w, \/wp-content\/uploads\/sites\/5\/2019\/11\/Dia-Mundial-de-la-Diabetes-IGSS-2019-16-1024x576.jpg 1024w, \/wp-content\/uploads\/sites\/5\/2019\/11\/Dia-Mundial-de-la-Diabetes-IGSS-2019-16-696x392.jpg 696w, \/wp-content\/uploads\/sites\/5\/2019\/11\/Dia-Mundial-de-la-Diabetes-IGSS-2019-16-1068x601.jpg 1068w, \/wp-content\/uploads\/sites\/5\/2019\/11\/Dia-Mundial-de-la-Diabetes-IGSS-2019-16-534x300.jpg 534w, \/wp-content\/uploads\/sites\/5\/2019\/11\/Dia-Mundial-de-la-Diabetes-IGSS-2019-16.jpg 1280w\" sizes=\"(max-width: 747px) 100vw, 747px\" alt=\"\">\r\n                            <\/a>\r\n                            \r\n                        <\/figure>\r\n                    <\/div>\r\n                    <div class = \"td-slide-item td-item17\">\r\n                        <figure class=\"td-slide-galery-figure td-slide-popup-gallery\">\r\n                            <a class=\"slide-gallery-image-link\" href=\"\/wp-content\/uploads\/sites\/5\/2019\/11\/Dia-Mundial-de-la-Diabetes-IGSS-2019-17.jpg\" title=\"Dia Mundial de la Diabetes IGSS 2019-17\"  data-caption=\"\"  data-description=\"\">\r\n                                <img decoding=\"async\" src=\"\/wp-content\/uploads\/sites\/5\/2019\/11\/Dia-Mundial-de-la-Diabetes-IGSS-2019-17-560x420.jpg\" srcset=\"\/wp-content\/uploads\/sites\/5\/2019\/11\/Dia-Mundial-de-la-Diabetes-IGSS-2019-17-560x420.jpg 560w, \/wp-content\/uploads\/sites\/5\/2019\/11\/Dia-Mundial-de-la-Diabetes-IGSS-2019-17-300x225.jpg 300w, \/wp-content\/uploads\/sites\/5\/2019\/11\/Dia-Mundial-de-la-Diabetes-IGSS-2019-17-768x576.jpg 768w, \/wp-content\/uploads\/sites\/5\/2019\/11\/Dia-Mundial-de-la-Diabetes-IGSS-2019-17.jpg 1024w, \/wp-content\/uploads\/sites\/5\/2019\/11\/Dia-Mundial-de-la-Diabetes-IGSS-2019-17-80x60.jpg 80w, \/wp-content\/uploads\/sites\/5\/2019\/11\/Dia-Mundial-de-la-Diabetes-IGSS-2019-17-696x522.jpg 696w, \/wp-content\/uploads\/sites\/5\/2019\/11\/Dia-Mundial-de-la-Diabetes-IGSS-2019-17-265x198.jpg 265w, \/wp-content\/uploads\/sites\/5\/2019\/11\/Dia-Mundial-de-la-Diabetes-IGSS-2019-17-534x401.jpg 534w\" sizes=\"(max-width: 560px) 100vw, 560px\" alt=\"\">\r\n                            <\/a>\r\n                            \r\n                        <\/figure>\r\n                    <\/div>\r\n                    <div class = \"td-slide-item td-item18\">\r\n                        <figure class=\"td-slide-galery-figure td-slide-popup-gallery\">\r\n                            <a class=\"slide-gallery-image-link\" href=\"\/wp-content\/uploads\/sites\/5\/2019\/11\/Dia-Mundial-de-la-Diabetes-IGSS-2019-18.jpg\" title=\"Dia Mundial de la Diabetes IGSS 2019-18\"  data-caption=\"\"  data-description=\"\">\r\n                                <img decoding=\"async\" src=\"\/wp-content\/uploads\/sites\/5\/2019\/11\/Dia-Mundial-de-la-Diabetes-IGSS-2019-18-280x420.jpg\" srcset=\"\/wp-content\/uploads\/sites\/5\/2019\/11\/Dia-Mundial-de-la-Diabetes-IGSS-2019-18-280x420.jpg 280w, \/wp-content\/uploads\/sites\/5\/2019\/11\/Dia-Mundial-de-la-Diabetes-IGSS-2019-18-200x300.jpg 200w, \/wp-content\/uploads\/sites\/5\/2019\/11\/Dia-Mundial-de-la-Diabetes-IGSS-2019-18-768x1152.jpg 768w, \/wp-content\/uploads\/sites\/5\/2019\/11\/Dia-Mundial-de-la-Diabetes-IGSS-2019-18-682x1024.jpg 682w, \/wp-content\/uploads\/sites\/5\/2019\/11\/Dia-Mundial-de-la-Diabetes-IGSS-2019-18-696x1044.jpg 696w, \/wp-content\/uploads\/sites\/5\/2019\/11\/Dia-Mundial-de-la-Diabetes-IGSS-2019-18-308x462.jpg 308w, \/wp-content\/uploads\/sites\/5\/2019\/11\/Dia-Mundial-de-la-Diabetes-IGSS-2019-18.jpg 853w\" sizes=\"(max-width: 280px) 100vw, 280px\" alt=\"\">\r\n                            <\/a>\r\n                            \r\n                        <\/figure>\r\n                    <\/div>\r\n                    <div class = \"td-slide-item td-item19\">\r\n                        <figure class=\"td-slide-galery-figure td-slide-popup-gallery\">\r\n                            <a class=\"slide-gallery-image-link\" href=\"\/wp-content\/uploads\/sites\/5\/2019\/11\/Dia-Mundial-de-la-Diabetes-IGSS-2019-19.jpg\" title=\"Dia Mundial de la Diabetes IGSS 2019-19\"  data-caption=\"\"  data-description=\"\">\r\n                                <img decoding=\"async\" src=\"\/wp-content\/uploads\/sites\/5\/2019\/11\/Dia-Mundial-de-la-Diabetes-IGSS-2019-19-560x420.jpg\" srcset=\"\/wp-content\/uploads\/sites\/5\/2019\/11\/Dia-Mundial-de-la-Diabetes-IGSS-2019-19-560x420.jpg 560w, \/wp-content\/uploads\/sites\/5\/2019\/11\/Dia-Mundial-de-la-Diabetes-IGSS-2019-19-300x225.jpg 300w, \/wp-content\/uploads\/sites\/5\/2019\/11\/Dia-Mundial-de-la-Diabetes-IGSS-2019-19-768x576.jpg 768w, \/wp-content\/uploads\/sites\/5\/2019\/11\/Dia-Mundial-de-la-Diabetes-IGSS-2019-19-1024x768.jpg 1024w, \/wp-content\/uploads\/sites\/5\/2019\/11\/Dia-Mundial-de-la-Diabetes-IGSS-2019-19-80x60.jpg 80w, \/wp-content\/uploads\/sites\/5\/2019\/11\/Dia-Mundial-de-la-Diabetes-IGSS-2019-19-696x522.jpg 696w, \/wp-content\/uploads\/sites\/5\/2019\/11\/Dia-Mundial-de-la-Diabetes-IGSS-2019-19-1068x801.jpg 1068w, \/wp-content\/uploads\/sites\/5\/2019\/11\/Dia-Mundial-de-la-Diabetes-IGSS-2019-19-265x198.jpg 265w, \/wp-content\/uploads\/sites\/5\/2019\/11\/Dia-Mundial-de-la-Diabetes-IGSS-2019-19-534x401.jpg 534w, \/wp-content\/uploads\/sites\/5\/2019\/11\/Dia-Mundial-de-la-Diabetes-IGSS-2019-19.jpg 1280w\" sizes=\"(max-width: 560px) 100vw, 560px\" alt=\"\">\r\n                            <\/a>\r\n                            \r\n                        <\/figure>\r\n                    <\/div>\r\n                    <div class = \"td-slide-item td-item20\">\r\n                        <figure class=\"td-slide-galery-figure td-slide-popup-gallery\">\r\n                            <a class=\"slide-gallery-image-link\" href=\"\/wp-content\/uploads\/sites\/5\/2019\/11\/Dia-Mundial-de-la-Diabetes-IGSS-2019-20.jpg\" title=\"Dia Mundial de la Diabetes IGSS 2019-20\"  data-caption=\"\"  data-description=\"\">\r\n                                <img decoding=\"async\" src=\"\/wp-content\/uploads\/sites\/5\/2019\/11\/Dia-Mundial-de-la-Diabetes-IGSS-2019-20-630x420.jpg\" srcset=\"\/wp-content\/uploads\/sites\/5\/2019\/11\/Dia-Mundial-de-la-Diabetes-IGSS-2019-20-630x420.jpg 630w, \/wp-content\/uploads\/sites\/5\/2019\/11\/Dia-Mundial-de-la-Diabetes-IGSS-2019-20-300x200.jpg 300w, \/wp-content\/uploads\/sites\/5\/2019\/11\/Dia-Mundial-de-la-Diabetes-IGSS-2019-20-768x512.jpg 768w, \/wp-content\/uploads\/sites\/5\/2019\/11\/Dia-Mundial-de-la-Diabetes-IGSS-2019-20-1024x683.jpg 1024w, \/wp-content\/uploads\/sites\/5\/2019\/11\/Dia-Mundial-de-la-Diabetes-IGSS-2019-20-696x464.jpg 696w, \/wp-content\/uploads\/sites\/5\/2019\/11\/Dia-Mundial-de-la-Diabetes-IGSS-2019-20-1068x713.jpg 1068w, \/wp-content\/uploads\/sites\/5\/2019\/11\/Dia-Mundial-de-la-Diabetes-IGSS-2019-20-534x356.jpg 534w, \/wp-content\/uploads\/sites\/5\/2019\/11\/Dia-Mundial-de-la-Diabetes-IGSS-2019-20.jpg 1280w\" sizes=\"(max-width: 630px) 100vw, 630px\" alt=\"\">\r\n                            <\/a>\r\n                            \r\n                        <\/figure>\r\n                    <\/div>\r\n                    <div class = \"td-slide-item td-item21\">\r\n                        <figure class=\"td-slide-galery-figure td-slide-popup-gallery\">\r\n                            <a class=\"slide-gallery-image-link\" href=\"\/wp-content\/uploads\/sites\/5\/2019\/11\/Dia-Mundial-de-la-Diabetes-IGSS-2019-21.jpg\" title=\"Dia Mundial de la Diabetes IGSS 2019-21\"  data-caption=\"\"  data-description=\"\">\r\n                                <img decoding=\"async\" src=\"\/wp-content\/uploads\/sites\/5\/2019\/11\/Dia-Mundial-de-la-Diabetes-IGSS-2019-21-630x420.jpg\" srcset=\"\/wp-content\/uploads\/sites\/5\/2019\/11\/Dia-Mundial-de-la-Diabetes-IGSS-2019-21-630x420.jpg 630w, \/wp-content\/uploads\/sites\/5\/2019\/11\/Dia-Mundial-de-la-Diabetes-IGSS-2019-21-300x200.jpg 300w, \/wp-content\/uploads\/sites\/5\/2019\/11\/Dia-Mundial-de-la-Diabetes-IGSS-2019-21-768x512.jpg 768w, \/wp-content\/uploads\/sites\/5\/2019\/11\/Dia-Mundial-de-la-Diabetes-IGSS-2019-21-1024x683.jpg 1024w, \/wp-content\/uploads\/sites\/5\/2019\/11\/Dia-Mundial-de-la-Diabetes-IGSS-2019-21-696x464.jpg 696w, \/wp-content\/uploads\/sites\/5\/2019\/11\/Dia-Mundial-de-la-Diabetes-IGSS-2019-21-1068x713.jpg 1068w, \/wp-content\/uploads\/sites\/5\/2019\/11\/Dia-Mundial-de-la-Diabetes-IGSS-2019-21-534x356.jpg 534w, \/wp-content\/uploads\/sites\/5\/2019\/11\/Dia-Mundial-de-la-Diabetes-IGSS-2019-21.jpg 1280w\" sizes=\"(max-width: 630px) 100vw, 630px\" alt=\"\">\r\n                            <\/a>\r\n                            \r\n                        <\/figure>\r\n                    <\/div>\r\n                    <div class = \"td-slide-item td-item22\">\r\n                        <figure class=\"td-slide-galery-figure td-slide-popup-gallery\">\r\n                            <a class=\"slide-gallery-image-link\" href=\"\/wp-content\/uploads\/sites\/5\/2019\/11\/Dia-Mundial-de-la-Diabetes-IGSS-2019-22.jpg\" title=\"Dia Mundial de la Diabetes IGSS 2019-22\"  data-caption=\"\"  data-description=\"\">\r\n                                <img decoding=\"async\" src=\"\/wp-content\/uploads\/sites\/5\/2019\/11\/Dia-Mundial-de-la-Diabetes-IGSS-2019-22-560x420.jpg\" srcset=\"\/wp-content\/uploads\/sites\/5\/2019\/11\/Dia-Mundial-de-la-Diabetes-IGSS-2019-22-560x420.jpg 560w, \/wp-content\/uploads\/sites\/5\/2019\/11\/Dia-Mundial-de-la-Diabetes-IGSS-2019-22-300x225.jpg 300w, \/wp-content\/uploads\/sites\/5\/2019\/11\/Dia-Mundial-de-la-Diabetes-IGSS-2019-22-768x576.jpg 768w, \/wp-content\/uploads\/sites\/5\/2019\/11\/Dia-Mundial-de-la-Diabetes-IGSS-2019-22-1024x768.jpg 1024w, \/wp-content\/uploads\/sites\/5\/2019\/11\/Dia-Mundial-de-la-Diabetes-IGSS-2019-22-80x60.jpg 80w, \/wp-content\/uploads\/sites\/5\/2019\/11\/Dia-Mundial-de-la-Diabetes-IGSS-2019-22-696x522.jpg 696w, \/wp-content\/uploads\/sites\/5\/2019\/11\/Dia-Mundial-de-la-Diabetes-IGSS-2019-22-1068x801.jpg 1068w, \/wp-content\/uploads\/sites\/5\/2019\/11\/Dia-Mundial-de-la-Diabetes-IGSS-2019-22-265x198.jpg 265w, \/wp-content\/uploads\/sites\/5\/2019\/11\/Dia-Mundial-de-la-Diabetes-IGSS-2019-22-534x401.jpg 534w, \/wp-content\/uploads\/sites\/5\/2019\/11\/Dia-Mundial-de-la-Diabetes-IGSS-2019-22.jpg 1280w\" sizes=\"(max-width: 560px) 100vw, 560px\" alt=\"\">\r\n                            <\/a>\r\n                            \r\n                        <\/figure>\r\n                    <\/div>\r\n                    <div class = \"td-slide-item td-item23\">\r\n                        <figure class=\"td-slide-galery-figure td-slide-popup-gallery\">\r\n                            <a class=\"slide-gallery-image-link\" href=\"\/wp-content\/uploads\/sites\/5\/2019\/11\/Dia-Mundial-de-la-Diabetes-IGSS-2019-23.jpg\" title=\"Dia Mundial de la Diabetes IGSS 2019-23\"  data-caption=\"\"  data-description=\"\">\r\n                                <img decoding=\"async\" src=\"\/wp-content\/uploads\/sites\/5\/2019\/11\/Dia-Mundial-de-la-Diabetes-IGSS-2019-23-630x420.jpg\" srcset=\"\/wp-content\/uploads\/sites\/5\/2019\/11\/Dia-Mundial-de-la-Diabetes-IGSS-2019-23-630x420.jpg 630w, \/wp-content\/uploads\/sites\/5\/2019\/11\/Dia-Mundial-de-la-Diabetes-IGSS-2019-23-300x200.jpg 300w, \/wp-content\/uploads\/sites\/5\/2019\/11\/Dia-Mundial-de-la-Diabetes-IGSS-2019-23-768x512.jpg 768w, \/wp-content\/uploads\/sites\/5\/2019\/11\/Dia-Mundial-de-la-Diabetes-IGSS-2019-23-1024x682.jpg 1024w, \/wp-content\/uploads\/sites\/5\/2019\/11\/Dia-Mundial-de-la-Diabetes-IGSS-2019-23-696x464.jpg 696w, \/wp-content\/uploads\/sites\/5\/2019\/11\/Dia-Mundial-de-la-Diabetes-IGSS-2019-23-1068x712.jpg 1068w, \/wp-content\/uploads\/sites\/5\/2019\/11\/Dia-Mundial-de-la-Diabetes-IGSS-2019-23-534x356.jpg 534w, \/wp-content\/uploads\/sites\/5\/2019\/11\/Dia-Mundial-de-la-Diabetes-IGSS-2019-23.jpg 1280w\" sizes=\"(max-width: 630px) 100vw, 630px\" alt=\"\">\r\n                            <\/a>\r\n                            \r\n                        <\/figure>\r\n                    <\/div>\r\n                    <div class = \"td-slide-item td-item24\">\r\n                        <figure class=\"td-slide-galery-figure td-slide-popup-gallery\">\r\n                            <a class=\"slide-gallery-image-link\" href=\"\/wp-content\/uploads\/sites\/5\/2019\/11\/Dia-Mundial-de-la-Diabetes-IGSS-2019-24.jpg\" title=\"Dia Mundial de la Diabetes IGSS 2019-24\"  data-caption=\"\"  data-description=\"\">\r\n                                <img decoding=\"async\" src=\"\/wp-content\/uploads\/sites\/5\/2019\/11\/Dia-Mundial-de-la-Diabetes-IGSS-2019-24-560x420.jpg\" srcset=\"\/wp-content\/uploads\/sites\/5\/2019\/11\/Dia-Mundial-de-la-Diabetes-IGSS-2019-24-560x420.jpg 560w, \/wp-content\/uploads\/sites\/5\/2019\/11\/Dia-Mundial-de-la-Diabetes-IGSS-2019-24-300x225.jpg 300w, \/wp-content\/uploads\/sites\/5\/2019\/11\/Dia-Mundial-de-la-Diabetes-IGSS-2019-24-768x576.jpg 768w, \/wp-content\/uploads\/sites\/5\/2019\/11\/Dia-Mundial-de-la-Diabetes-IGSS-2019-24-1024x768.jpg 1024w, \/wp-content\/uploads\/sites\/5\/2019\/11\/Dia-Mundial-de-la-Diabetes-IGSS-2019-24-80x60.jpg 80w, \/wp-content\/uploads\/sites\/5\/2019\/11\/Dia-Mundial-de-la-Diabetes-IGSS-2019-24-696x522.jpg 696w, \/wp-content\/uploads\/sites\/5\/2019\/11\/Dia-Mundial-de-la-Diabetes-IGSS-2019-24-1068x801.jpg 1068w, \/wp-content\/uploads\/sites\/5\/2019\/11\/Dia-Mundial-de-la-Diabetes-IGSS-2019-24-265x198.jpg 265w, \/wp-content\/uploads\/sites\/5\/2019\/11\/Dia-Mundial-de-la-Diabetes-IGSS-2019-24-534x401.jpg 534w, \/wp-content\/uploads\/sites\/5\/2019\/11\/Dia-Mundial-de-la-Diabetes-IGSS-2019-24.jpg 1280w\" sizes=\"(max-width: 560px) 100vw, 560px\" alt=\"\">\r\n                            <\/a>\r\n                            \r\n                        <\/figure>\r\n                    <\/div>\r\n                    <div class = \"td-slide-item td-item25\">\r\n                        <figure class=\"td-slide-galery-figure td-slide-popup-gallery\">\r\n                            <a class=\"slide-gallery-image-link\" href=\"\/wp-content\/uploads\/sites\/5\/2019\/11\/Dia-Mundial-de-la-Diabetes-IGSS-2019-25.jpg\" title=\"Dia Mundial de la Diabetes IGSS 2019-25\"  data-caption=\"\"  data-description=\"\">\r\n                                <img decoding=\"async\" src=\"\/wp-content\/uploads\/sites\/5\/2019\/11\/Dia-Mundial-de-la-Diabetes-IGSS-2019-25-630x420.jpg\" srcset=\"\/wp-content\/uploads\/sites\/5\/2019\/11\/Dia-Mundial-de-la-Diabetes-IGSS-2019-25-630x420.jpg 630w, \/wp-content\/uploads\/sites\/5\/2019\/11\/Dia-Mundial-de-la-Diabetes-IGSS-2019-25-300x200.jpg 300w, \/wp-content\/uploads\/sites\/5\/2019\/11\/Dia-Mundial-de-la-Diabetes-IGSS-2019-25-768x512.jpg 768w, \/wp-content\/uploads\/sites\/5\/2019\/11\/Dia-Mundial-de-la-Diabetes-IGSS-2019-25-1024x682.jpg 1024w, \/wp-content\/uploads\/sites\/5\/2019\/11\/Dia-Mundial-de-la-Diabetes-IGSS-2019-25-696x464.jpg 696w, \/wp-content\/uploads\/sites\/5\/2019\/11\/Dia-Mundial-de-la-Diabetes-IGSS-2019-25-1068x712.jpg 1068w, \/wp-content\/uploads\/sites\/5\/2019\/11\/Dia-Mundial-de-la-Diabetes-IGSS-2019-25-534x356.jpg 534w, \/wp-content\/uploads\/sites\/5\/2019\/11\/Dia-Mundial-de-la-Diabetes-IGSS-2019-25.jpg 1280w\" sizes=\"(max-width: 630px) 100vw, 630px\" alt=\"\">\r\n                            <\/a>\r\n                            \r\n                        <\/figure>\r\n                    <\/div>\r\n                    <div class = \"td-slide-item td-item26\">\r\n                        <figure class=\"td-slide-galery-figure td-slide-popup-gallery\">\r\n                            <a class=\"slide-gallery-image-link\" href=\"\/wp-content\/uploads\/sites\/5\/2019\/11\/Dia-Mundial-de-la-Diabetes-IGSS-2019-26.jpg\" title=\"Dia Mundial de la Diabetes IGSS 2019-26\"  data-caption=\"\"  data-description=\"\">\r\n                                <img decoding=\"async\" src=\"\/wp-content\/uploads\/sites\/5\/2019\/11\/Dia-Mundial-de-la-Diabetes-IGSS-2019-26-747x420.jpg\" srcset=\"\/wp-content\/uploads\/sites\/5\/2019\/11\/Dia-Mundial-de-la-Diabetes-IGSS-2019-26-747x420.jpg 747w, \/wp-content\/uploads\/sites\/5\/2019\/11\/Dia-Mundial-de-la-Diabetes-IGSS-2019-26-300x169.jpg 300w, \/wp-content\/uploads\/sites\/5\/2019\/11\/Dia-Mundial-de-la-Diabetes-IGSS-2019-26-768x432.jpg 768w, \/wp-content\/uploads\/sites\/5\/2019\/11\/Dia-Mundial-de-la-Diabetes-IGSS-2019-26-1024x576.jpg 1024w, \/wp-content\/uploads\/sites\/5\/2019\/11\/Dia-Mundial-de-la-Diabetes-IGSS-2019-26-696x392.jpg 696w, \/wp-content\/uploads\/sites\/5\/2019\/11\/Dia-Mundial-de-la-Diabetes-IGSS-2019-26-1068x601.jpg 1068w, \/wp-content\/uploads\/sites\/5\/2019\/11\/Dia-Mundial-de-la-Diabetes-IGSS-2019-26-534x300.jpg 534w, \/wp-content\/uploads\/sites\/5\/2019\/11\/Dia-Mundial-de-la-Diabetes-IGSS-2019-26.jpg 1152w\" sizes=\"(max-width: 747px) 100vw, 747px\" alt=\"\">\r\n                            <\/a>\r\n                            \r\n                        <\/figure>\r\n                    <\/div>\r\n                            <\/div>\r\n                        <\/div>\r\n\r\n                        <div class = \"td-doubleSlider-2\">\r\n                            <div class = \"td-slider\">\r\n                                \r\n                    <div class = \"td-button td-item1\">\r\n                        <div class = \"td-border\"><\/div>\r\n                    <\/div>\r\n                    <div class = \"td-button td-item2\">\r\n                        <div class = \"td-border\"><\/div>\r\n                    <\/div>\r\n                    <div class = \"td-button td-item3\">\r\n                        <div class = \"td-border\"><\/div>\r\n                    <\/div>\r\n                    <div class = \"td-button td-item4\">\r\n                        <div class = \"td-border\"><\/div>\r\n                    <\/div>\r\n                    <div class = \"td-button td-item5\">\r\n                        <div class = \"td-border\"><\/div>\r\n                    <\/div>\r\n                    <div class = \"td-button td-item6\">\r\n                        <div class = \"td-border\"><\/div>\r\n                    <\/div>\r\n                    <div class = \"td-button td-item7\">\r\n                        <div class = \"td-border\"><\/div>\r\n                    <\/div>\r\n                    <div class = \"td-button td-item8\">\r\n                        <div class = \"td-border\"><\/div>\r\n                    <\/div>\r\n                    <div class = \"td-button td-item9\">\r\n                        <div class = \"td-border\"><\/div>\r\n                    <\/div>\r\n                    <div class = \"td-button td-item10\">\r\n                        <div class = \"td-border\"><\/div>\r\n                    <\/div>\r\n                    <div class = \"td-button td-item11\">\r\n                        <div class = \"td-border\"><\/div>\r\n                    <\/div>\r\n                    <div class = \"td-button td-item12\">\r\n                        <div class = \"td-border\"><\/div>\r\n                    <\/div>\r\n                    <div class = \"td-button td-item13\">\r\n                        <div class = \"td-border\"><\/div>\r\n                    <\/div>\r\n                    <div class = \"td-button td-item14\">\r\n                        <div class = \"td-border\"><\/div>\r\n                    <\/div>\r\n                    <div class = \"td-button td-item15\">\r\n                        <div class = \"td-border\"><\/div>\r\n                    <\/div>\r\n                    <div class = \"td-button td-item16\">\r\n                        <div class = \"td-border\"><\/div>\r\n                    <\/div>\r\n                    <div class = \"td-button td-item17\">\r\n                        <div class = \"td-border\"><\/div>\r\n                    <\/div>\r\n                    <div class = \"td-button td-item18\">\r\n                        <div class = \"td-border\"><\/div>\r\n                    <\/div>\r\n                    <div class = \"td-button td-item19\">\r\n                        <div class = \"td-border\"><\/div>\r\n                    <\/div>\r\n                    <div class = \"td-button td-item20\">\r\n                        <div class = \"td-border\"><\/div>\r\n                    <\/div>\r\n                    <div class = \"td-button td-item21\">\r\n                        <div class = \"td-border\"><\/div>\r\n                    <\/div>\r\n                    <div class = \"td-button td-item22\">\r\n                        <div class = \"td-border\"><\/div>\r\n                    <\/div>\r\n                    <div class = \"td-button td-item23\">\r\n                        <div class = \"td-border\"><\/div>\r\n                    <\/div>\r\n                    <div class = \"td-button td-item24\">\r\n                        <div class = \"td-border\"><\/div>\r\n                    <\/div>\r\n                    <div class = \"td-button td-item25\">\r\n                        <div class = \"td-border\"><\/div>\r\n                    <\/div>\r\n                    <div class = \"td-button td-item26\">\r\n                        <div class = \"td-border\"><\/div>\r\n                    <\/div>\r\n                            <\/div>\r\n                        <\/div>\r\n\r\n                    <\/div>\r\n\r\n                <\/div>\r\n                \n","protected":false},"excerpt":{"rendered":"<p>Un equipo multidisciplinario de distintas unidades del IGSS participa en diversas actividades conmemorativas del D\u00eda Mundial de la Diabetes, con el objetivo de que los derechohabientes y personas en general asuman acciones para prevenir esta enfermedad, la cual seg\u00fan las estimaciones de la Organizaci\u00f3n Mundial de la Salud (OMS) para el 2030 ser\u00e1 la s\u00e9ptima [&hellip;]<\/p>\n","protected":false},"author":4,"featured_media":14522,"comment_status":"open","ping_status":"open","sticky":false,"template":"","format":"standard","meta":{"footnotes":""},"categories":[3,45,27,29],"tags":[242,490],"coauthors":[881],"class_list":{"0":"post-14520","1":"post","2":"type-post","3":"status-publish","4":"format-standard","5":"has-post-thumbnail","7":"category-actualidad","8":"category-jornadas-medicas","9":"category-prevencion-en-salud","10":"category-publicaciones","11":"tag-dia-mundial-de-la-diabetes","12":"tag-igss"},"_links":{"self":[{"href":"https:\/\/www.igssgt.org\/noticias\/wp-json\/wp\/v2\/posts\/14520","targetHints":{"allow":["GET"]}}],"collection":[{"href":"https:\/\/www.igssgt.org\/noticias\/wp-json\/wp\/v2\/posts"}],"about":[{"href":"https:\/\/www.igssgt.org\/noticias\/wp-json\/wp\/v2\/types\/post"}],"author":[{"embeddable":true,"href":"https:\/\/www.igssgt.org\/noticias\/wp-json\/wp\/v2\/users\/4"}],"replies":[{"embeddable":true,"href":"https:\/\/www.igssgt.org\/noticias\/wp-json\/wp\/v2\/comments?post=14520"}],"version-history":[{"count":1,"href":"https:\/\/www.igssgt.org\/noticias\/wp-json\/wp\/v2\/posts\/14520\/revisions"}],"predecessor-version":[{"id":14547,"href":"https:\/\/www.igssgt.org\/noticias\/wp-json\/wp\/v2\/posts\/14520\/revisions\/14547"}],"wp:featuredmedia":[{"embeddable":true,"href":"https:\/\/www.igssgt.org\/noticias\/wp-json\/wp\/v2\/media\/14522"}],"wp:attachment":[{"href":"https:\/\/www.igssgt.org\/noticias\/wp-json\/wp\/v2\/media?parent=14520"}],"wp:term":[{"taxonomy":"category","embeddable":true,"href":"https:\/\/www.igssgt.org\/noticias\/wp-json\/wp\/v2\/categories?post=14520"},{"taxonomy":"post_tag","embeddable":true,"href":"https:\/\/www.igssgt.org\/noticias\/wp-json\/wp\/v2\/tags?post=14520"},{"taxonomy":"author","embeddable":true,"href":"https:\/\/www.igssgt.org\/noticias\/wp-json\/wp\/v2\/coauthors?post=14520"}],"curies":[{"name":"wp","href":"https:\/\/api.w.org\/{rel}","templated":true}]}}