{"id":14548,"date":"2019-11-14T15:57:06","date_gmt":"2019-11-14T21:57:06","guid":{"rendered":"https:\/\/www.igssgt.org\/noticias\/?p=14548"},"modified":"2019-11-14T15:57:09","modified_gmt":"2019-11-14T21:57:09","slug":"conmemoran-el-dia-nacional-del-adulto-mayor-2","status":"publish","type":"post","link":"https:\/\/www.igssgt.org\/noticias\/2019\/11\/14\/conmemoran-el-dia-nacional-del-adulto-mayor-2\/","title":{"rendered":"Conmemoran el D\u00eda Nacional del Adulto Mayor"},"content":{"rendered":"\n<p>Representantes de distintas instituciones que forman parte del Consejo Nacional de Protecci\u00f3n a la Vejez (CONAPROV), participaron hoy en una actividad en la que se conmemor\u00f3 el D\u00eda Nacional del Adulto Mayor, el cual se celebra el 15 de noviembre seg\u00fan el Decreto 25-2009 del Congreso de la Rep\u00fablica.<\/p>\n<p>El evento se realiz\u00f3 en el Parque Erick Barrondo, ubicado en la zona 7, al cual asistieron adultos mayores de los tres Centros de Atenci\u00f3n M\u00e9dica Integral para Pensionados (CAMIP), as\u00ed como de otras organizaciones de distintas regiones del pa\u00eds, quienes compartieron un delicioso almuerzo.<\/p>\n<p>Personal multidisciplinario del IGSS efectu\u00f3 pruebas de glucosa, presi\u00f3n arterial, talla y peso, informaci\u00f3n del programa de Invalidez, Vejez y Sobrevivencia, as\u00ed como evaluaci\u00f3n nutricional. Adem\u00e1s, los asistentes se deleitaron con notas de la marimba Maderas de mi Tierra, del Ministerio de Cultura y Deportes, y otras actividades art\u00edsticas y recreativas.<\/p>\n<p>El programa adulto mayor del IGSS tiene como finalidad fomentar la actividad f\u00edsica, mediante diversos deportes y baile, logrando con esto desarrollar sus capacidades f\u00edsicas y mentales.<\/p>\n<p>Se distribuy\u00f3 material informativo y atenci\u00f3n personalizada sobre hipertensi\u00f3n, diabetes, salud bucal, c\u00e1ncer de mama, fisioterapia y medicamentos.<\/p>\n\n\n\n\r\n                <style type=\"text\/css\">\r\n                    \r\n                    #tdi_1  .td-doubleSlider-2 .td-item1 {\r\n                        background: url(\/wp-content\/uploads\/sites\/5\/2019\/11\/Dia-Nacional-del-Adulto-Mayor-IGSS-2019-10-80x60.jpg) 0 0 no-repeat;\r\n                    }\r\n                    #tdi_1  .td-doubleSlider-2 .td-item2 {\r\n                        background: url(\/wp-content\/uploads\/sites\/5\/2019\/11\/Dia-Nacional-del-Adulto-Mayor-IGSS-2019-6-80x60.jpg) 0 0 no-repeat;\r\n                    }\r\n                    #tdi_1  .td-doubleSlider-2 .td-item3 {\r\n                        background: url(\/wp-content\/uploads\/sites\/5\/2019\/11\/Dia-Nacional-del-Adulto-Mayor-IGSS-2019-12-80x60.jpg) 0 0 no-repeat;\r\n                    }\r\n                    #tdi_1  .td-doubleSlider-2 .td-item4 {\r\n                        background: url(\/wp-content\/uploads\/sites\/5\/2019\/11\/Dia-Mundial-de-la-Diabetes-IGSS-2019-23-80x60.jpg) 0 0 no-repeat;\r\n                    }\r\n                    #tdi_1  .td-doubleSlider-2 .td-item5 {\r\n                        background: url(\/wp-content\/uploads\/sites\/5\/2019\/11\/Dia-Nacional-del-Adulto-Mayor-IGSS-2019-5-80x60.jpg) 0 0 no-repeat;\r\n                    }\r\n                    #tdi_1  .td-doubleSlider-2 .td-item6 {\r\n                        background: url(\/wp-content\/uploads\/sites\/5\/2019\/11\/Dia-Mundial-de-la-Diabetes-IGSS-2019-15-80x60.jpg) 0 0 no-repeat;\r\n                    }\r\n                    #tdi_1  .td-doubleSlider-2 .td-item7 {\r\n                        background: url(\/wp-content\/uploads\/sites\/5\/2019\/11\/Dia-Mundial-de-la-Diabetes-IGSS-2019-25-80x60.jpg) 0 0 no-repeat;\r\n                    }\r\n                    #tdi_1  .td-doubleSlider-2 .td-item8 {\r\n                        background: url(\/wp-content\/uploads\/sites\/5\/2019\/11\/Dia-Mundial-de-la-Diabetes-IGSS-2019-19-80x60.jpg) 0 0 no-repeat;\r\n                    }\r\n                    #tdi_1  .td-doubleSlider-2 .td-item9 {\r\n                        background: url(\/wp-content\/uploads\/sites\/5\/2019\/11\/Dia-Mundial-de-la-Diabetes-IGSS-2019-18-80x60.jpg) 0 0 no-repeat;\r\n                    }\r\n                    #tdi_1  .td-doubleSlider-2 .td-item10 {\r\n                        background: url(\/wp-content\/uploads\/sites\/5\/2019\/11\/Dia-Mundial-de-la-Diabetes-IGSS-2019-13-80x60.jpg) 0 0 no-repeat;\r\n                    }\r\n                    #tdi_1  .td-doubleSlider-2 .td-item11 {\r\n                        background: url(\/wp-content\/uploads\/sites\/5\/2019\/11\/Dia-Mundial-de-la-Diabetes-IGSS-2019-9-80x60.jpg) 0 0 no-repeat;\r\n                    }\r\n                    #tdi_1  .td-doubleSlider-2 .td-item12 {\r\n                        background: url(\/wp-content\/uploads\/sites\/5\/2019\/11\/Dia-Mundial-de-la-Diabetes-IGSS-2019-10-80x60.jpg) 0 0 no-repeat;\r\n                    }\r\n                    #tdi_1  .td-doubleSlider-2 .td-item13 {\r\n                        background: url(\/wp-content\/uploads\/sites\/5\/2019\/11\/Dia-Mundial-de-la-Diabetes-IGSS-2019-8-80x60.jpg) 0 0 no-repeat;\r\n                    }\r\n                    #tdi_1  .td-doubleSlider-2 .td-item14 {\r\n                        background: url(\/wp-content\/uploads\/sites\/5\/2019\/11\/Dia-Mundial-de-la-Diabetes-IGSS-2019-7-80x60.jpg) 0 0 no-repeat;\r\n                    }\r\n                    #tdi_1  .td-doubleSlider-2 .td-item15 {\r\n                        background: url(\/wp-content\/uploads\/sites\/5\/2019\/11\/Dia-Nacional-del-Adulto-Mayor-IGSS-2019-1-80x60.jpg) 0 0 no-repeat;\r\n                    }\r\n                    #tdi_1  .td-doubleSlider-2 .td-item16 {\r\n                        background: url(\/wp-content\/uploads\/sites\/5\/2019\/11\/Dia-Nacional-del-Adulto-Mayor-IGSS-2019-2-80x60.jpg) 0 0 no-repeat;\r\n                    }\r\n                    #tdi_1  .td-doubleSlider-2 .td-item17 {\r\n                        background: url(\/wp-content\/uploads\/sites\/5\/2019\/11\/Dia-Nacional-del-Adulto-Mayor-IGSS-2019-3-80x60.jpg) 0 0 no-repeat;\r\n                    }\r\n                    #tdi_1  .td-doubleSlider-2 .td-item18 {\r\n                        background: url(\/wp-content\/uploads\/sites\/5\/2019\/11\/Dia-Nacional-del-Adulto-Mayor-IGSS-2019-4-80x60.jpg) 0 0 no-repeat;\r\n                    }\r\n                    #tdi_1  .td-doubleSlider-2 .td-item19 {\r\n                        background: url(\/wp-content\/uploads\/sites\/5\/2019\/11\/Dia-Nacional-del-Adulto-Mayor-IGSS-2019-7-80x60.jpg) 0 0 no-repeat;\r\n                    }\r\n                    #tdi_1  .td-doubleSlider-2 .td-item20 {\r\n                        background: url(\/wp-content\/uploads\/sites\/5\/2019\/11\/Dia-Nacional-del-Adulto-Mayor-IGSS-2019-8-80x60.jpg) 0 0 no-repeat;\r\n                    }\r\n                    #tdi_1  .td-doubleSlider-2 .td-item21 {\r\n                        background: url(\/wp-content\/uploads\/sites\/5\/2019\/11\/Dia-Nacional-del-Adulto-Mayor-IGSS-2019-9-80x60.jpg) 0 0 no-repeat;\r\n                    }\r\n                    #tdi_1  .td-doubleSlider-2 .td-item22 {\r\n                        background: url(\/wp-content\/uploads\/sites\/5\/2019\/11\/Dia-Nacional-del-Adulto-Mayor-IGSS-2019-11-80x60.jpg) 0 0 no-repeat;\r\n                    }\r\n                    #tdi_1  .td-doubleSlider-2 .td-item23 {\r\n                        background: url(\/wp-content\/uploads\/sites\/5\/2019\/11\/Dia-Nacional-del-Adulto-Mayor-IGSS-2019-13-80x60.jpg) 0 0 no-repeat;\r\n                    }\r\n                    #tdi_1  .td-doubleSlider-2 .td-item24 {\r\n                        background: url(\/wp-content\/uploads\/sites\/5\/2019\/11\/Dia-Nacional-del-Adulto-Mayor-IGSS-2019-14-80x60.jpg) 0 0 no-repeat;\r\n                    }\r\n                <\/style>\r\n\r\n                <div id=\"tdi_1\" class=\"td-gallery td-slide-on-2-columns\">\r\n                    <div class=\"post_td_gallery\">\r\n                        <div class=\"td-gallery-slide-top\">\r\n                           <div class=\"td-gallery-title\">Galer\u00eda de Im\u00e1genes<\/div>\r\n\r\n                            <div class=\"td-gallery-controls-wrapper\">\r\n                                <div class=\"td-gallery-slide-count\"><span class=\"td-gallery-slide-item-focus\">1<\/span> de 24<\/div>\r\n                                <div class=\"td-gallery-slide-prev-next-but\">\r\n                                    <i class = \"td-icon-left doubleSliderPrevButton\"><\/i>\r\n                                    <i class = \"td-icon-right doubleSliderNextButton\"><\/i>\r\n                                <\/div>\r\n                            <\/div>\r\n                        <\/div>\r\n\r\n                        <div class = \"td-doubleSlider-1 \">\r\n                            <div class = \"td-slider\">\r\n                                \r\n                    <div class = \"td-slide-item td-item1\">\r\n                        <figure class=\"td-slide-galery-figure td-slide-popup-gallery\">\r\n                            <a class=\"slide-gallery-image-link\" href=\"\/wp-content\/uploads\/sites\/5\/2019\/11\/Dia-Nacional-del-Adulto-Mayor-IGSS-2019-10.jpg\" title=\"Dia Nacional del Adulto Mayor IGSS 2019-10\"  data-caption=\"\"  data-description=\"\">\r\n                                <img decoding=\"async\" src=\"\/wp-content\/uploads\/sites\/5\/2019\/11\/Dia-Nacional-del-Adulto-Mayor-IGSS-2019-10-630x420.jpg\" srcset=\"\/wp-content\/uploads\/sites\/5\/2019\/11\/Dia-Nacional-del-Adulto-Mayor-IGSS-2019-10-630x420.jpg 630w, \/wp-content\/uploads\/sites\/5\/2019\/11\/Dia-Nacional-del-Adulto-Mayor-IGSS-2019-10-300x200.jpg 300w, \/wp-content\/uploads\/sites\/5\/2019\/11\/Dia-Nacional-del-Adulto-Mayor-IGSS-2019-10-768x512.jpg 768w, \/wp-content\/uploads\/sites\/5\/2019\/11\/Dia-Nacional-del-Adulto-Mayor-IGSS-2019-10-1024x682.jpg 1024w, \/wp-content\/uploads\/sites\/5\/2019\/11\/Dia-Nacional-del-Adulto-Mayor-IGSS-2019-10-696x464.jpg 696w, \/wp-content\/uploads\/sites\/5\/2019\/11\/Dia-Nacional-del-Adulto-Mayor-IGSS-2019-10-1068x712.jpg 1068w, \/wp-content\/uploads\/sites\/5\/2019\/11\/Dia-Nacional-del-Adulto-Mayor-IGSS-2019-10-534x356.jpg 534w, \/wp-content\/uploads\/sites\/5\/2019\/11\/Dia-Nacional-del-Adulto-Mayor-IGSS-2019-10.jpg 1280w\" sizes=\"(max-width: 630px) 100vw, 630px\" alt=\"\">\r\n                            <\/a>\r\n                            \r\n                        <\/figure>\r\n                    <\/div>\r\n                    <div class = \"td-slide-item td-item2\">\r\n                        <figure class=\"td-slide-galery-figure td-slide-popup-gallery\">\r\n                            <a class=\"slide-gallery-image-link\" href=\"\/wp-content\/uploads\/sites\/5\/2019\/11\/Dia-Nacional-del-Adulto-Mayor-IGSS-2019-6.jpg\" title=\"Dia Nacional del Adulto Mayor IGSS 2019-6\"  data-caption=\"\"  data-description=\"\">\r\n                                <img decoding=\"async\" src=\"\/wp-content\/uploads\/sites\/5\/2019\/11\/Dia-Nacional-del-Adulto-Mayor-IGSS-2019-6-630x420.jpg\" srcset=\"\/wp-content\/uploads\/sites\/5\/2019\/11\/Dia-Nacional-del-Adulto-Mayor-IGSS-2019-6-630x420.jpg 630w, \/wp-content\/uploads\/sites\/5\/2019\/11\/Dia-Nacional-del-Adulto-Mayor-IGSS-2019-6-300x200.jpg 300w, \/wp-content\/uploads\/sites\/5\/2019\/11\/Dia-Nacional-del-Adulto-Mayor-IGSS-2019-6-768x512.jpg 768w, \/wp-content\/uploads\/sites\/5\/2019\/11\/Dia-Nacional-del-Adulto-Mayor-IGSS-2019-6-1024x682.jpg 1024w, \/wp-content\/uploads\/sites\/5\/2019\/11\/Dia-Nacional-del-Adulto-Mayor-IGSS-2019-6-696x464.jpg 696w, \/wp-content\/uploads\/sites\/5\/2019\/11\/Dia-Nacional-del-Adulto-Mayor-IGSS-2019-6-1068x712.jpg 1068w, \/wp-content\/uploads\/sites\/5\/2019\/11\/Dia-Nacional-del-Adulto-Mayor-IGSS-2019-6-534x356.jpg 534w, \/wp-content\/uploads\/sites\/5\/2019\/11\/Dia-Nacional-del-Adulto-Mayor-IGSS-2019-6.jpg 1280w\" sizes=\"(max-width: 630px) 100vw, 630px\" alt=\"\">\r\n                            <\/a>\r\n                            \r\n                        <\/figure>\r\n                    <\/div>\r\n                    <div class = \"td-slide-item td-item3\">\r\n                        <figure class=\"td-slide-galery-figure td-slide-popup-gallery\">\r\n                            <a class=\"slide-gallery-image-link\" href=\"\/wp-content\/uploads\/sites\/5\/2019\/11\/Dia-Nacional-del-Adulto-Mayor-IGSS-2019-12.jpg\" title=\"Dia Nacional del Adulto Mayor IGSS 2019-12\"  data-caption=\"\"  data-description=\"\">\r\n                                <img decoding=\"async\" src=\"\/wp-content\/uploads\/sites\/5\/2019\/11\/Dia-Nacional-del-Adulto-Mayor-IGSS-2019-12-630x420.jpg\" srcset=\"\/wp-content\/uploads\/sites\/5\/2019\/11\/Dia-Nacional-del-Adulto-Mayor-IGSS-2019-12-630x420.jpg 630w, \/wp-content\/uploads\/sites\/5\/2019\/11\/Dia-Nacional-del-Adulto-Mayor-IGSS-2019-12-300x200.jpg 300w, \/wp-content\/uploads\/sites\/5\/2019\/11\/Dia-Nacional-del-Adulto-Mayor-IGSS-2019-12-768x512.jpg 768w, \/wp-content\/uploads\/sites\/5\/2019\/11\/Dia-Nacional-del-Adulto-Mayor-IGSS-2019-12-1024x682.jpg 1024w, \/wp-content\/uploads\/sites\/5\/2019\/11\/Dia-Nacional-del-Adulto-Mayor-IGSS-2019-12-696x464.jpg 696w, \/wp-content\/uploads\/sites\/5\/2019\/11\/Dia-Nacional-del-Adulto-Mayor-IGSS-2019-12-1068x712.jpg 1068w, \/wp-content\/uploads\/sites\/5\/2019\/11\/Dia-Nacional-del-Adulto-Mayor-IGSS-2019-12-534x356.jpg 534w, \/wp-content\/uploads\/sites\/5\/2019\/11\/Dia-Nacional-del-Adulto-Mayor-IGSS-2019-12.jpg 1280w\" sizes=\"(max-width: 630px) 100vw, 630px\" alt=\"\">\r\n                            <\/a>\r\n                            \r\n                        <\/figure>\r\n                    <\/div>\r\n                    <div class = \"td-slide-item td-item4\">\r\n                        <figure class=\"td-slide-galery-figure td-slide-popup-gallery\">\r\n                            <a class=\"slide-gallery-image-link\" href=\"\/wp-content\/uploads\/sites\/5\/2019\/11\/Dia-Mundial-de-la-Diabetes-IGSS-2019-23.jpg\" title=\"Dia Mundial de la Diabetes IGSS 2019-23\"  data-caption=\"\"  data-description=\"\">\r\n                                <img decoding=\"async\" src=\"\/wp-content\/uploads\/sites\/5\/2019\/11\/Dia-Mundial-de-la-Diabetes-IGSS-2019-23-630x420.jpg\" srcset=\"\/wp-content\/uploads\/sites\/5\/2019\/11\/Dia-Mundial-de-la-Diabetes-IGSS-2019-23-630x420.jpg 630w, \/wp-content\/uploads\/sites\/5\/2019\/11\/Dia-Mundial-de-la-Diabetes-IGSS-2019-23-300x200.jpg 300w, \/wp-content\/uploads\/sites\/5\/2019\/11\/Dia-Mundial-de-la-Diabetes-IGSS-2019-23-768x512.jpg 768w, \/wp-content\/uploads\/sites\/5\/2019\/11\/Dia-Mundial-de-la-Diabetes-IGSS-2019-23-1024x682.jpg 1024w, \/wp-content\/uploads\/sites\/5\/2019\/11\/Dia-Mundial-de-la-Diabetes-IGSS-2019-23-696x464.jpg 696w, \/wp-content\/uploads\/sites\/5\/2019\/11\/Dia-Mundial-de-la-Diabetes-IGSS-2019-23-1068x712.jpg 1068w, \/wp-content\/uploads\/sites\/5\/2019\/11\/Dia-Mundial-de-la-Diabetes-IGSS-2019-23-534x356.jpg 534w, \/wp-content\/uploads\/sites\/5\/2019\/11\/Dia-Mundial-de-la-Diabetes-IGSS-2019-23.jpg 1280w\" sizes=\"(max-width: 630px) 100vw, 630px\" alt=\"\">\r\n                            <\/a>\r\n                            \r\n                        <\/figure>\r\n                    <\/div>\r\n                    <div class = \"td-slide-item td-item5\">\r\n                        <figure class=\"td-slide-galery-figure td-slide-popup-gallery\">\r\n                            <a class=\"slide-gallery-image-link\" href=\"\/wp-content\/uploads\/sites\/5\/2019\/11\/Dia-Nacional-del-Adulto-Mayor-IGSS-2019-5.jpg\" title=\"Dia Nacional del Adulto Mayor IGSS 2019-5\"  data-caption=\"\"  data-description=\"\">\r\n                                <img decoding=\"async\" src=\"\/wp-content\/uploads\/sites\/5\/2019\/11\/Dia-Nacional-del-Adulto-Mayor-IGSS-2019-5-630x420.jpg\" srcset=\"\/wp-content\/uploads\/sites\/5\/2019\/11\/Dia-Nacional-del-Adulto-Mayor-IGSS-2019-5-630x420.jpg 630w, \/wp-content\/uploads\/sites\/5\/2019\/11\/Dia-Nacional-del-Adulto-Mayor-IGSS-2019-5-300x200.jpg 300w, \/wp-content\/uploads\/sites\/5\/2019\/11\/Dia-Nacional-del-Adulto-Mayor-IGSS-2019-5-768x512.jpg 768w, \/wp-content\/uploads\/sites\/5\/2019\/11\/Dia-Nacional-del-Adulto-Mayor-IGSS-2019-5-1024x682.jpg 1024w, \/wp-content\/uploads\/sites\/5\/2019\/11\/Dia-Nacional-del-Adulto-Mayor-IGSS-2019-5-696x464.jpg 696w, \/wp-content\/uploads\/sites\/5\/2019\/11\/Dia-Nacional-del-Adulto-Mayor-IGSS-2019-5-1068x712.jpg 1068w, \/wp-content\/uploads\/sites\/5\/2019\/11\/Dia-Nacional-del-Adulto-Mayor-IGSS-2019-5-534x356.jpg 534w, \/wp-content\/uploads\/sites\/5\/2019\/11\/Dia-Nacional-del-Adulto-Mayor-IGSS-2019-5.jpg 1280w\" sizes=\"(max-width: 630px) 100vw, 630px\" alt=\"\">\r\n                            <\/a>\r\n                            \r\n                        <\/figure>\r\n                    <\/div>\r\n                    <div class = \"td-slide-item td-item6\">\r\n                        <figure class=\"td-slide-galery-figure td-slide-popup-gallery\">\r\n                            <a class=\"slide-gallery-image-link\" href=\"\/wp-content\/uploads\/sites\/5\/2019\/11\/Dia-Mundial-de-la-Diabetes-IGSS-2019-15.jpg\" title=\"Dia Mundial de la Diabetes IGSS 2019-15\"  data-caption=\"\"  data-description=\"\">\r\n                                <img decoding=\"async\" src=\"\/wp-content\/uploads\/sites\/5\/2019\/11\/Dia-Mundial-de-la-Diabetes-IGSS-2019-15-463x420.jpg\" srcset=\"\/wp-content\/uploads\/sites\/5\/2019\/11\/Dia-Mundial-de-la-Diabetes-IGSS-2019-15-463x420.jpg 463w, \/wp-content\/uploads\/sites\/5\/2019\/11\/Dia-Mundial-de-la-Diabetes-IGSS-2019-15-300x272.jpg 300w, \/wp-content\/uploads\/sites\/5\/2019\/11\/Dia-Mundial-de-la-Diabetes-IGSS-2019-15-768x697.jpg 768w, \/wp-content\/uploads\/sites\/5\/2019\/11\/Dia-Mundial-de-la-Diabetes-IGSS-2019-15-1024x930.jpg 1024w, \/wp-content\/uploads\/sites\/5\/2019\/11\/Dia-Mundial-de-la-Diabetes-IGSS-2019-15-696x632.jpg 696w, \/wp-content\/uploads\/sites\/5\/2019\/11\/Dia-Mundial-de-la-Diabetes-IGSS-2019-15-1068x970.jpg 1068w, \/wp-content\/uploads\/sites\/5\/2019\/11\/Dia-Mundial-de-la-Diabetes-IGSS-2019-15-509x462.jpg 509w, \/wp-content\/uploads\/sites\/5\/2019\/11\/Dia-Mundial-de-la-Diabetes-IGSS-2019-15.jpg 1280w\" sizes=\"(max-width: 463px) 100vw, 463px\" alt=\"\">\r\n                            <\/a>\r\n                            \r\n                        <\/figure>\r\n                    <\/div>\r\n                    <div class = \"td-slide-item td-item7\">\r\n                        <figure class=\"td-slide-galery-figure td-slide-popup-gallery\">\r\n                            <a class=\"slide-gallery-image-link\" href=\"\/wp-content\/uploads\/sites\/5\/2019\/11\/Dia-Mundial-de-la-Diabetes-IGSS-2019-25.jpg\" title=\"Dia Mundial de la Diabetes IGSS 2019-25\"  data-caption=\"\"  data-description=\"\">\r\n                                <img decoding=\"async\" src=\"\/wp-content\/uploads\/sites\/5\/2019\/11\/Dia-Mundial-de-la-Diabetes-IGSS-2019-25-630x420.jpg\" srcset=\"\/wp-content\/uploads\/sites\/5\/2019\/11\/Dia-Mundial-de-la-Diabetes-IGSS-2019-25-630x420.jpg 630w, \/wp-content\/uploads\/sites\/5\/2019\/11\/Dia-Mundial-de-la-Diabetes-IGSS-2019-25-300x200.jpg 300w, \/wp-content\/uploads\/sites\/5\/2019\/11\/Dia-Mundial-de-la-Diabetes-IGSS-2019-25-768x512.jpg 768w, \/wp-content\/uploads\/sites\/5\/2019\/11\/Dia-Mundial-de-la-Diabetes-IGSS-2019-25-1024x682.jpg 1024w, \/wp-content\/uploads\/sites\/5\/2019\/11\/Dia-Mundial-de-la-Diabetes-IGSS-2019-25-696x464.jpg 696w, \/wp-content\/uploads\/sites\/5\/2019\/11\/Dia-Mundial-de-la-Diabetes-IGSS-2019-25-1068x712.jpg 1068w, \/wp-content\/uploads\/sites\/5\/2019\/11\/Dia-Mundial-de-la-Diabetes-IGSS-2019-25-534x356.jpg 534w, \/wp-content\/uploads\/sites\/5\/2019\/11\/Dia-Mundial-de-la-Diabetes-IGSS-2019-25.jpg 1280w\" sizes=\"(max-width: 630px) 100vw, 630px\" alt=\"\">\r\n                            <\/a>\r\n                            \r\n                        <\/figure>\r\n                    <\/div>\r\n                    <div class = \"td-slide-item td-item8\">\r\n                        <figure class=\"td-slide-galery-figure td-slide-popup-gallery\">\r\n                            <a class=\"slide-gallery-image-link\" href=\"\/wp-content\/uploads\/sites\/5\/2019\/11\/Dia-Mundial-de-la-Diabetes-IGSS-2019-19.jpg\" title=\"Dia Mundial de la Diabetes IGSS 2019-19\"  data-caption=\"\"  data-description=\"\">\r\n                                <img decoding=\"async\" src=\"\/wp-content\/uploads\/sites\/5\/2019\/11\/Dia-Mundial-de-la-Diabetes-IGSS-2019-19-560x420.jpg\" srcset=\"\/wp-content\/uploads\/sites\/5\/2019\/11\/Dia-Mundial-de-la-Diabetes-IGSS-2019-19-560x420.jpg 560w, \/wp-content\/uploads\/sites\/5\/2019\/11\/Dia-Mundial-de-la-Diabetes-IGSS-2019-19-300x225.jpg 300w, \/wp-content\/uploads\/sites\/5\/2019\/11\/Dia-Mundial-de-la-Diabetes-IGSS-2019-19-768x576.jpg 768w, \/wp-content\/uploads\/sites\/5\/2019\/11\/Dia-Mundial-de-la-Diabetes-IGSS-2019-19-1024x768.jpg 1024w, \/wp-content\/uploads\/sites\/5\/2019\/11\/Dia-Mundial-de-la-Diabetes-IGSS-2019-19-80x60.jpg 80w, \/wp-content\/uploads\/sites\/5\/2019\/11\/Dia-Mundial-de-la-Diabetes-IGSS-2019-19-696x522.jpg 696w, \/wp-content\/uploads\/sites\/5\/2019\/11\/Dia-Mundial-de-la-Diabetes-IGSS-2019-19-1068x801.jpg 1068w, \/wp-content\/uploads\/sites\/5\/2019\/11\/Dia-Mundial-de-la-Diabetes-IGSS-2019-19-265x198.jpg 265w, \/wp-content\/uploads\/sites\/5\/2019\/11\/Dia-Mundial-de-la-Diabetes-IGSS-2019-19-534x401.jpg 534w, \/wp-content\/uploads\/sites\/5\/2019\/11\/Dia-Mundial-de-la-Diabetes-IGSS-2019-19.jpg 1280w\" sizes=\"(max-width: 560px) 100vw, 560px\" alt=\"\">\r\n                            <\/a>\r\n                            \r\n                        <\/figure>\r\n                    <\/div>\r\n                    <div class = \"td-slide-item td-item9\">\r\n                        <figure class=\"td-slide-galery-figure td-slide-popup-gallery\">\r\n                            <a class=\"slide-gallery-image-link\" href=\"\/wp-content\/uploads\/sites\/5\/2019\/11\/Dia-Mundial-de-la-Diabetes-IGSS-2019-18.jpg\" title=\"Dia Mundial de la Diabetes IGSS 2019-18\"  data-caption=\"\"  data-description=\"\">\r\n                                <img decoding=\"async\" src=\"\/wp-content\/uploads\/sites\/5\/2019\/11\/Dia-Mundial-de-la-Diabetes-IGSS-2019-18-280x420.jpg\" srcset=\"\/wp-content\/uploads\/sites\/5\/2019\/11\/Dia-Mundial-de-la-Diabetes-IGSS-2019-18-280x420.jpg 280w, \/wp-content\/uploads\/sites\/5\/2019\/11\/Dia-Mundial-de-la-Diabetes-IGSS-2019-18-200x300.jpg 200w, \/wp-content\/uploads\/sites\/5\/2019\/11\/Dia-Mundial-de-la-Diabetes-IGSS-2019-18-768x1152.jpg 768w, \/wp-content\/uploads\/sites\/5\/2019\/11\/Dia-Mundial-de-la-Diabetes-IGSS-2019-18-682x1024.jpg 682w, \/wp-content\/uploads\/sites\/5\/2019\/11\/Dia-Mundial-de-la-Diabetes-IGSS-2019-18-696x1044.jpg 696w, \/wp-content\/uploads\/sites\/5\/2019\/11\/Dia-Mundial-de-la-Diabetes-IGSS-2019-18-308x462.jpg 308w, \/wp-content\/uploads\/sites\/5\/2019\/11\/Dia-Mundial-de-la-Diabetes-IGSS-2019-18.jpg 853w\" sizes=\"(max-width: 280px) 100vw, 280px\" alt=\"\">\r\n                            <\/a>\r\n                            \r\n                        <\/figure>\r\n                    <\/div>\r\n                    <div class = \"td-slide-item td-item10\">\r\n                        <figure class=\"td-slide-galery-figure td-slide-popup-gallery\">\r\n                            <a class=\"slide-gallery-image-link\" href=\"\/wp-content\/uploads\/sites\/5\/2019\/11\/Dia-Mundial-de-la-Diabetes-IGSS-2019-13.jpg\" title=\"Dia Mundial de la Diabetes IGSS 2019-13\"  data-caption=\"\"  data-description=\"\">\r\n                                <img decoding=\"async\" src=\"\/wp-content\/uploads\/sites\/5\/2019\/11\/Dia-Mundial-de-la-Diabetes-IGSS-2019-13-630x420.jpg\" srcset=\"\/wp-content\/uploads\/sites\/5\/2019\/11\/Dia-Mundial-de-la-Diabetes-IGSS-2019-13-630x420.jpg 630w, \/wp-content\/uploads\/sites\/5\/2019\/11\/Dia-Mundial-de-la-Diabetes-IGSS-2019-13-300x200.jpg 300w, \/wp-content\/uploads\/sites\/5\/2019\/11\/Dia-Mundial-de-la-Diabetes-IGSS-2019-13-768x512.jpg 768w, \/wp-content\/uploads\/sites\/5\/2019\/11\/Dia-Mundial-de-la-Diabetes-IGSS-2019-13-1024x682.jpg 1024w, \/wp-content\/uploads\/sites\/5\/2019\/11\/Dia-Mundial-de-la-Diabetes-IGSS-2019-13-696x464.jpg 696w, \/wp-content\/uploads\/sites\/5\/2019\/11\/Dia-Mundial-de-la-Diabetes-IGSS-2019-13-1068x712.jpg 1068w, \/wp-content\/uploads\/sites\/5\/2019\/11\/Dia-Mundial-de-la-Diabetes-IGSS-2019-13-534x356.jpg 534w, \/wp-content\/uploads\/sites\/5\/2019\/11\/Dia-Mundial-de-la-Diabetes-IGSS-2019-13.jpg 1280w\" sizes=\"(max-width: 630px) 100vw, 630px\" alt=\"\">\r\n                            <\/a>\r\n                            \r\n                        <\/figure>\r\n                    <\/div>\r\n                    <div class = \"td-slide-item td-item11\">\r\n                        <figure class=\"td-slide-galery-figure td-slide-popup-gallery\">\r\n                            <a class=\"slide-gallery-image-link\" href=\"\/wp-content\/uploads\/sites\/5\/2019\/11\/Dia-Mundial-de-la-Diabetes-IGSS-2019-9.jpg\" title=\"Dia Mundial de la Diabetes IGSS 2019-9\"  data-caption=\"\"  data-description=\"\">\r\n                                <img decoding=\"async\" src=\"\/wp-content\/uploads\/sites\/5\/2019\/11\/Dia-Mundial-de-la-Diabetes-IGSS-2019-9-560x420.jpg\" srcset=\"\/wp-content\/uploads\/sites\/5\/2019\/11\/Dia-Mundial-de-la-Diabetes-IGSS-2019-9-560x420.jpg 560w, \/wp-content\/uploads\/sites\/5\/2019\/11\/Dia-Mundial-de-la-Diabetes-IGSS-2019-9-300x225.jpg 300w, \/wp-content\/uploads\/sites\/5\/2019\/11\/Dia-Mundial-de-la-Diabetes-IGSS-2019-9-768x576.jpg 768w, \/wp-content\/uploads\/sites\/5\/2019\/11\/Dia-Mundial-de-la-Diabetes-IGSS-2019-9-1024x768.jpg 1024w, \/wp-content\/uploads\/sites\/5\/2019\/11\/Dia-Mundial-de-la-Diabetes-IGSS-2019-9-80x60.jpg 80w, \/wp-content\/uploads\/sites\/5\/2019\/11\/Dia-Mundial-de-la-Diabetes-IGSS-2019-9-696x522.jpg 696w, \/wp-content\/uploads\/sites\/5\/2019\/11\/Dia-Mundial-de-la-Diabetes-IGSS-2019-9-1068x801.jpg 1068w, \/wp-content\/uploads\/sites\/5\/2019\/11\/Dia-Mundial-de-la-Diabetes-IGSS-2019-9-265x198.jpg 265w, \/wp-content\/uploads\/sites\/5\/2019\/11\/Dia-Mundial-de-la-Diabetes-IGSS-2019-9-534x401.jpg 534w, \/wp-content\/uploads\/sites\/5\/2019\/11\/Dia-Mundial-de-la-Diabetes-IGSS-2019-9.jpg 1280w\" sizes=\"(max-width: 560px) 100vw, 560px\" alt=\"\">\r\n                            <\/a>\r\n                            \r\n                        <\/figure>\r\n                    <\/div>\r\n                    <div class = \"td-slide-item td-item12\">\r\n                        <figure class=\"td-slide-galery-figure td-slide-popup-gallery\">\r\n                            <a class=\"slide-gallery-image-link\" href=\"\/wp-content\/uploads\/sites\/5\/2019\/11\/Dia-Mundial-de-la-Diabetes-IGSS-2019-10.jpg\" title=\"Dia Mundial de la Diabetes IGSS 2019-10\"  data-caption=\"\"  data-description=\"\">\r\n                                <img decoding=\"async\" src=\"\/wp-content\/uploads\/sites\/5\/2019\/11\/Dia-Mundial-de-la-Diabetes-IGSS-2019-10-560x420.jpg\" srcset=\"\/wp-content\/uploads\/sites\/5\/2019\/11\/Dia-Mundial-de-la-Diabetes-IGSS-2019-10-560x420.jpg 560w, \/wp-content\/uploads\/sites\/5\/2019\/11\/Dia-Mundial-de-la-Diabetes-IGSS-2019-10-300x225.jpg 300w, \/wp-content\/uploads\/sites\/5\/2019\/11\/Dia-Mundial-de-la-Diabetes-IGSS-2019-10-768x576.jpg 768w, \/wp-content\/uploads\/sites\/5\/2019\/11\/Dia-Mundial-de-la-Diabetes-IGSS-2019-10-1024x768.jpg 1024w, \/wp-content\/uploads\/sites\/5\/2019\/11\/Dia-Mundial-de-la-Diabetes-IGSS-2019-10-80x60.jpg 80w, \/wp-content\/uploads\/sites\/5\/2019\/11\/Dia-Mundial-de-la-Diabetes-IGSS-2019-10-696x522.jpg 696w, \/wp-content\/uploads\/sites\/5\/2019\/11\/Dia-Mundial-de-la-Diabetes-IGSS-2019-10-1068x801.jpg 1068w, \/wp-content\/uploads\/sites\/5\/2019\/11\/Dia-Mundial-de-la-Diabetes-IGSS-2019-10-265x198.jpg 265w, \/wp-content\/uploads\/sites\/5\/2019\/11\/Dia-Mundial-de-la-Diabetes-IGSS-2019-10-534x401.jpg 534w, \/wp-content\/uploads\/sites\/5\/2019\/11\/Dia-Mundial-de-la-Diabetes-IGSS-2019-10.jpg 1280w\" sizes=\"(max-width: 560px) 100vw, 560px\" alt=\"\">\r\n                            <\/a>\r\n                            \r\n                        <\/figure>\r\n                    <\/div>\r\n                    <div class = \"td-slide-item td-item13\">\r\n                        <figure class=\"td-slide-galery-figure td-slide-popup-gallery\">\r\n                            <a class=\"slide-gallery-image-link\" href=\"\/wp-content\/uploads\/sites\/5\/2019\/11\/Dia-Mundial-de-la-Diabetes-IGSS-2019-8.jpg\" title=\"Dia Mundial de la Diabetes IGSS 2019-8\"  data-caption=\"\"  data-description=\"\">\r\n                                <img decoding=\"async\" src=\"\/wp-content\/uploads\/sites\/5\/2019\/11\/Dia-Mundial-de-la-Diabetes-IGSS-2019-8-630x420.jpg\" srcset=\"\/wp-content\/uploads\/sites\/5\/2019\/11\/Dia-Mundial-de-la-Diabetes-IGSS-2019-8-630x420.jpg 630w, \/wp-content\/uploads\/sites\/5\/2019\/11\/Dia-Mundial-de-la-Diabetes-IGSS-2019-8-300x200.jpg 300w, \/wp-content\/uploads\/sites\/5\/2019\/11\/Dia-Mundial-de-la-Diabetes-IGSS-2019-8-768x512.jpg 768w, \/wp-content\/uploads\/sites\/5\/2019\/11\/Dia-Mundial-de-la-Diabetes-IGSS-2019-8-1024x682.jpg 1024w, \/wp-content\/uploads\/sites\/5\/2019\/11\/Dia-Mundial-de-la-Diabetes-IGSS-2019-8-696x464.jpg 696w, \/wp-content\/uploads\/sites\/5\/2019\/11\/Dia-Mundial-de-la-Diabetes-IGSS-2019-8-1068x712.jpg 1068w, \/wp-content\/uploads\/sites\/5\/2019\/11\/Dia-Mundial-de-la-Diabetes-IGSS-2019-8-534x356.jpg 534w, \/wp-content\/uploads\/sites\/5\/2019\/11\/Dia-Mundial-de-la-Diabetes-IGSS-2019-8.jpg 1280w\" sizes=\"(max-width: 630px) 100vw, 630px\" alt=\"\">\r\n                            <\/a>\r\n                            \r\n                        <\/figure>\r\n                    <\/div>\r\n                    <div class = \"td-slide-item td-item14\">\r\n                        <figure class=\"td-slide-galery-figure td-slide-popup-gallery\">\r\n                            <a class=\"slide-gallery-image-link\" href=\"\/wp-content\/uploads\/sites\/5\/2019\/11\/Dia-Mundial-de-la-Diabetes-IGSS-2019-7.jpg\" title=\"Dia Mundial de la Diabetes IGSS 2019-7\"  data-caption=\"\"  data-description=\"\">\r\n                                <img decoding=\"async\" src=\"\/wp-content\/uploads\/sites\/5\/2019\/11\/Dia-Mundial-de-la-Diabetes-IGSS-2019-7-630x420.jpg\" srcset=\"\/wp-content\/uploads\/sites\/5\/2019\/11\/Dia-Mundial-de-la-Diabetes-IGSS-2019-7-630x420.jpg 630w, \/wp-content\/uploads\/sites\/5\/2019\/11\/Dia-Mundial-de-la-Diabetes-IGSS-2019-7-300x200.jpg 300w, \/wp-content\/uploads\/sites\/5\/2019\/11\/Dia-Mundial-de-la-Diabetes-IGSS-2019-7-768x512.jpg 768w, \/wp-content\/uploads\/sites\/5\/2019\/11\/Dia-Mundial-de-la-Diabetes-IGSS-2019-7-1024x682.jpg 1024w, \/wp-content\/uploads\/sites\/5\/2019\/11\/Dia-Mundial-de-la-Diabetes-IGSS-2019-7-696x464.jpg 696w, \/wp-content\/uploads\/sites\/5\/2019\/11\/Dia-Mundial-de-la-Diabetes-IGSS-2019-7-1068x712.jpg 1068w, \/wp-content\/uploads\/sites\/5\/2019\/11\/Dia-Mundial-de-la-Diabetes-IGSS-2019-7-534x356.jpg 534w, \/wp-content\/uploads\/sites\/5\/2019\/11\/Dia-Mundial-de-la-Diabetes-IGSS-2019-7.jpg 1280w\" sizes=\"(max-width: 630px) 100vw, 630px\" alt=\"\">\r\n                            <\/a>\r\n                            \r\n                        <\/figure>\r\n                    <\/div>\r\n                    <div class = \"td-slide-item td-item15\">\r\n                        <figure class=\"td-slide-galery-figure td-slide-popup-gallery\">\r\n                            <a class=\"slide-gallery-image-link\" href=\"\/wp-content\/uploads\/sites\/5\/2019\/11\/Dia-Nacional-del-Adulto-Mayor-IGSS-2019-1.jpg\" title=\"Dia Nacional del Adulto Mayor IGSS 2019-1\"  data-caption=\"\"  data-description=\"\">\r\n                                <img decoding=\"async\" src=\"\/wp-content\/uploads\/sites\/5\/2019\/11\/Dia-Nacional-del-Adulto-Mayor-IGSS-2019-1-630x420.jpg\" srcset=\"\/wp-content\/uploads\/sites\/5\/2019\/11\/Dia-Nacional-del-Adulto-Mayor-IGSS-2019-1-630x420.jpg 630w, \/wp-content\/uploads\/sites\/5\/2019\/11\/Dia-Nacional-del-Adulto-Mayor-IGSS-2019-1-300x200.jpg 300w, \/wp-content\/uploads\/sites\/5\/2019\/11\/Dia-Nacional-del-Adulto-Mayor-IGSS-2019-1-768x512.jpg 768w, \/wp-content\/uploads\/sites\/5\/2019\/11\/Dia-Nacional-del-Adulto-Mayor-IGSS-2019-1-1024x682.jpg 1024w, \/wp-content\/uploads\/sites\/5\/2019\/11\/Dia-Nacional-del-Adulto-Mayor-IGSS-2019-1-696x464.jpg 696w, \/wp-content\/uploads\/sites\/5\/2019\/11\/Dia-Nacional-del-Adulto-Mayor-IGSS-2019-1-1068x712.jpg 1068w, \/wp-content\/uploads\/sites\/5\/2019\/11\/Dia-Nacional-del-Adulto-Mayor-IGSS-2019-1-534x356.jpg 534w, \/wp-content\/uploads\/sites\/5\/2019\/11\/Dia-Nacional-del-Adulto-Mayor-IGSS-2019-1.jpg 1280w\" sizes=\"(max-width: 630px) 100vw, 630px\" alt=\"\">\r\n                            <\/a>\r\n                            \r\n                        <\/figure>\r\n                    <\/div>\r\n                    <div class = \"td-slide-item td-item16\">\r\n                        <figure class=\"td-slide-galery-figure td-slide-popup-gallery\">\r\n                            <a class=\"slide-gallery-image-link\" href=\"\/wp-content\/uploads\/sites\/5\/2019\/11\/Dia-Nacional-del-Adulto-Mayor-IGSS-2019-2.jpg\" title=\"Dia Nacional del Adulto Mayor IGSS 2019-2\"  data-caption=\"\"  data-description=\"\">\r\n                                <img decoding=\"async\" src=\"\/wp-content\/uploads\/sites\/5\/2019\/11\/Dia-Nacional-del-Adulto-Mayor-IGSS-2019-2-630x420.jpg\" srcset=\"\/wp-content\/uploads\/sites\/5\/2019\/11\/Dia-Nacional-del-Adulto-Mayor-IGSS-2019-2-630x420.jpg 630w, \/wp-content\/uploads\/sites\/5\/2019\/11\/Dia-Nacional-del-Adulto-Mayor-IGSS-2019-2-300x200.jpg 300w, \/wp-content\/uploads\/sites\/5\/2019\/11\/Dia-Nacional-del-Adulto-Mayor-IGSS-2019-2-768x512.jpg 768w, \/wp-content\/uploads\/sites\/5\/2019\/11\/Dia-Nacional-del-Adulto-Mayor-IGSS-2019-2-1024x682.jpg 1024w, \/wp-content\/uploads\/sites\/5\/2019\/11\/Dia-Nacional-del-Adulto-Mayor-IGSS-2019-2-696x464.jpg 696w, \/wp-content\/uploads\/sites\/5\/2019\/11\/Dia-Nacional-del-Adulto-Mayor-IGSS-2019-2-1068x712.jpg 1068w, \/wp-content\/uploads\/sites\/5\/2019\/11\/Dia-Nacional-del-Adulto-Mayor-IGSS-2019-2-534x356.jpg 534w, \/wp-content\/uploads\/sites\/5\/2019\/11\/Dia-Nacional-del-Adulto-Mayor-IGSS-2019-2.jpg 1280w\" sizes=\"(max-width: 630px) 100vw, 630px\" alt=\"\">\r\n                            <\/a>\r\n                            \r\n                        <\/figure>\r\n                    <\/div>\r\n                    <div class = \"td-slide-item td-item17\">\r\n                        <figure class=\"td-slide-galery-figure td-slide-popup-gallery\">\r\n                            <a class=\"slide-gallery-image-link\" href=\"\/wp-content\/uploads\/sites\/5\/2019\/11\/Dia-Nacional-del-Adulto-Mayor-IGSS-2019-3.jpg\" title=\"Dia Nacional del Adulto Mayor IGSS 2019-3\"  data-caption=\"\"  data-description=\"\">\r\n                                <img decoding=\"async\" src=\"\/wp-content\/uploads\/sites\/5\/2019\/11\/Dia-Nacional-del-Adulto-Mayor-IGSS-2019-3-630x420.jpg\" srcset=\"\/wp-content\/uploads\/sites\/5\/2019\/11\/Dia-Nacional-del-Adulto-Mayor-IGSS-2019-3-630x420.jpg 630w, \/wp-content\/uploads\/sites\/5\/2019\/11\/Dia-Nacional-del-Adulto-Mayor-IGSS-2019-3-300x200.jpg 300w, \/wp-content\/uploads\/sites\/5\/2019\/11\/Dia-Nacional-del-Adulto-Mayor-IGSS-2019-3-768x512.jpg 768w, \/wp-content\/uploads\/sites\/5\/2019\/11\/Dia-Nacional-del-Adulto-Mayor-IGSS-2019-3-1024x682.jpg 1024w, \/wp-content\/uploads\/sites\/5\/2019\/11\/Dia-Nacional-del-Adulto-Mayor-IGSS-2019-3-696x464.jpg 696w, \/wp-content\/uploads\/sites\/5\/2019\/11\/Dia-Nacional-del-Adulto-Mayor-IGSS-2019-3-1068x712.jpg 1068w, \/wp-content\/uploads\/sites\/5\/2019\/11\/Dia-Nacional-del-Adulto-Mayor-IGSS-2019-3-534x356.jpg 534w, \/wp-content\/uploads\/sites\/5\/2019\/11\/Dia-Nacional-del-Adulto-Mayor-IGSS-2019-3.jpg 1280w\" sizes=\"(max-width: 630px) 100vw, 630px\" alt=\"\">\r\n                            <\/a>\r\n                            \r\n                        <\/figure>\r\n                    <\/div>\r\n                    <div class = \"td-slide-item td-item18\">\r\n                        <figure class=\"td-slide-galery-figure td-slide-popup-gallery\">\r\n                            <a class=\"slide-gallery-image-link\" href=\"\/wp-content\/uploads\/sites\/5\/2019\/11\/Dia-Nacional-del-Adulto-Mayor-IGSS-2019-4.jpg\" title=\"Dia Nacional del Adulto Mayor IGSS 2019-4\"  data-caption=\"\"  data-description=\"\">\r\n                                <img decoding=\"async\" src=\"\/wp-content\/uploads\/sites\/5\/2019\/11\/Dia-Nacional-del-Adulto-Mayor-IGSS-2019-4-280x420.jpg\" srcset=\"\/wp-content\/uploads\/sites\/5\/2019\/11\/Dia-Nacional-del-Adulto-Mayor-IGSS-2019-4-280x420.jpg 280w, \/wp-content\/uploads\/sites\/5\/2019\/11\/Dia-Nacional-del-Adulto-Mayor-IGSS-2019-4-200x300.jpg 200w, \/wp-content\/uploads\/sites\/5\/2019\/11\/Dia-Nacional-del-Adulto-Mayor-IGSS-2019-4-768x1152.jpg 768w, \/wp-content\/uploads\/sites\/5\/2019\/11\/Dia-Nacional-del-Adulto-Mayor-IGSS-2019-4-682x1024.jpg 682w, \/wp-content\/uploads\/sites\/5\/2019\/11\/Dia-Nacional-del-Adulto-Mayor-IGSS-2019-4-696x1044.jpg 696w, \/wp-content\/uploads\/sites\/5\/2019\/11\/Dia-Nacional-del-Adulto-Mayor-IGSS-2019-4-308x462.jpg 308w, \/wp-content\/uploads\/sites\/5\/2019\/11\/Dia-Nacional-del-Adulto-Mayor-IGSS-2019-4.jpg 853w\" sizes=\"(max-width: 280px) 100vw, 280px\" alt=\"\">\r\n                            <\/a>\r\n                            \r\n                        <\/figure>\r\n                    <\/div>\r\n                    <div class = \"td-slide-item td-item19\">\r\n                        <figure class=\"td-slide-galery-figure td-slide-popup-gallery\">\r\n                            <a class=\"slide-gallery-image-link\" href=\"\/wp-content\/uploads\/sites\/5\/2019\/11\/Dia-Nacional-del-Adulto-Mayor-IGSS-2019-7.jpg\" title=\"Dia Nacional del Adulto Mayor IGSS 2019-7\"  data-caption=\"\"  data-description=\"\">\r\n                                <img decoding=\"async\" src=\"\/wp-content\/uploads\/sites\/5\/2019\/11\/Dia-Nacional-del-Adulto-Mayor-IGSS-2019-7-560x420.jpg\" srcset=\"\/wp-content\/uploads\/sites\/5\/2019\/11\/Dia-Nacional-del-Adulto-Mayor-IGSS-2019-7-560x420.jpg 560w, \/wp-content\/uploads\/sites\/5\/2019\/11\/Dia-Nacional-del-Adulto-Mayor-IGSS-2019-7-300x225.jpg 300w, \/wp-content\/uploads\/sites\/5\/2019\/11\/Dia-Nacional-del-Adulto-Mayor-IGSS-2019-7-768x576.jpg 768w, \/wp-content\/uploads\/sites\/5\/2019\/11\/Dia-Nacional-del-Adulto-Mayor-IGSS-2019-7-1024x768.jpg 1024w, \/wp-content\/uploads\/sites\/5\/2019\/11\/Dia-Nacional-del-Adulto-Mayor-IGSS-2019-7-80x60.jpg 80w, \/wp-content\/uploads\/sites\/5\/2019\/11\/Dia-Nacional-del-Adulto-Mayor-IGSS-2019-7-696x522.jpg 696w, \/wp-content\/uploads\/sites\/5\/2019\/11\/Dia-Nacional-del-Adulto-Mayor-IGSS-2019-7-1068x801.jpg 1068w, \/wp-content\/uploads\/sites\/5\/2019\/11\/Dia-Nacional-del-Adulto-Mayor-IGSS-2019-7-265x198.jpg 265w, \/wp-content\/uploads\/sites\/5\/2019\/11\/Dia-Nacional-del-Adulto-Mayor-IGSS-2019-7-534x401.jpg 534w, \/wp-content\/uploads\/sites\/5\/2019\/11\/Dia-Nacional-del-Adulto-Mayor-IGSS-2019-7.jpg 1280w\" sizes=\"(max-width: 560px) 100vw, 560px\" alt=\"\">\r\n                            <\/a>\r\n                            \r\n                        <\/figure>\r\n                    <\/div>\r\n                    <div class = \"td-slide-item td-item20\">\r\n                        <figure class=\"td-slide-galery-figure td-slide-popup-gallery\">\r\n                            <a class=\"slide-gallery-image-link\" href=\"\/wp-content\/uploads\/sites\/5\/2019\/11\/Dia-Nacional-del-Adulto-Mayor-IGSS-2019-8.jpg\" title=\"Dia Nacional del Adulto Mayor IGSS 2019-8\"  data-caption=\"\"  data-description=\"\">\r\n                                <img decoding=\"async\" src=\"\/wp-content\/uploads\/sites\/5\/2019\/11\/Dia-Nacional-del-Adulto-Mayor-IGSS-2019-8-630x420.jpg\" srcset=\"\/wp-content\/uploads\/sites\/5\/2019\/11\/Dia-Nacional-del-Adulto-Mayor-IGSS-2019-8-630x420.jpg 630w, \/wp-content\/uploads\/sites\/5\/2019\/11\/Dia-Nacional-del-Adulto-Mayor-IGSS-2019-8-300x200.jpg 300w, \/wp-content\/uploads\/sites\/5\/2019\/11\/Dia-Nacional-del-Adulto-Mayor-IGSS-2019-8-768x512.jpg 768w, \/wp-content\/uploads\/sites\/5\/2019\/11\/Dia-Nacional-del-Adulto-Mayor-IGSS-2019-8-1024x682.jpg 1024w, \/wp-content\/uploads\/sites\/5\/2019\/11\/Dia-Nacional-del-Adulto-Mayor-IGSS-2019-8-696x464.jpg 696w, \/wp-content\/uploads\/sites\/5\/2019\/11\/Dia-Nacional-del-Adulto-Mayor-IGSS-2019-8-1068x712.jpg 1068w, \/wp-content\/uploads\/sites\/5\/2019\/11\/Dia-Nacional-del-Adulto-Mayor-IGSS-2019-8-534x356.jpg 534w, \/wp-content\/uploads\/sites\/5\/2019\/11\/Dia-Nacional-del-Adulto-Mayor-IGSS-2019-8.jpg 1280w\" sizes=\"(max-width: 630px) 100vw, 630px\" alt=\"\">\r\n                            <\/a>\r\n                            \r\n                        <\/figure>\r\n                    <\/div>\r\n                    <div class = \"td-slide-item td-item21\">\r\n                        <figure class=\"td-slide-galery-figure td-slide-popup-gallery\">\r\n                            <a class=\"slide-gallery-image-link\" href=\"\/wp-content\/uploads\/sites\/5\/2019\/11\/Dia-Nacional-del-Adulto-Mayor-IGSS-2019-9.jpg\" title=\"Dia Nacional del Adulto Mayor IGSS 2019-9\"  data-caption=\"\"  data-description=\"\">\r\n                                <img decoding=\"async\" src=\"\/wp-content\/uploads\/sites\/5\/2019\/11\/Dia-Nacional-del-Adulto-Mayor-IGSS-2019-9-560x420.jpg\" srcset=\"\/wp-content\/uploads\/sites\/5\/2019\/11\/Dia-Nacional-del-Adulto-Mayor-IGSS-2019-9-560x420.jpg 560w, \/wp-content\/uploads\/sites\/5\/2019\/11\/Dia-Nacional-del-Adulto-Mayor-IGSS-2019-9-300x225.jpg 300w, \/wp-content\/uploads\/sites\/5\/2019\/11\/Dia-Nacional-del-Adulto-Mayor-IGSS-2019-9-768x576.jpg 768w, \/wp-content\/uploads\/sites\/5\/2019\/11\/Dia-Nacional-del-Adulto-Mayor-IGSS-2019-9-1024x768.jpg 1024w, \/wp-content\/uploads\/sites\/5\/2019\/11\/Dia-Nacional-del-Adulto-Mayor-IGSS-2019-9-80x60.jpg 80w, \/wp-content\/uploads\/sites\/5\/2019\/11\/Dia-Nacional-del-Adulto-Mayor-IGSS-2019-9-696x522.jpg 696w, \/wp-content\/uploads\/sites\/5\/2019\/11\/Dia-Nacional-del-Adulto-Mayor-IGSS-2019-9-1068x801.jpg 1068w, \/wp-content\/uploads\/sites\/5\/2019\/11\/Dia-Nacional-del-Adulto-Mayor-IGSS-2019-9-265x198.jpg 265w, \/wp-content\/uploads\/sites\/5\/2019\/11\/Dia-Nacional-del-Adulto-Mayor-IGSS-2019-9-534x401.jpg 534w, \/wp-content\/uploads\/sites\/5\/2019\/11\/Dia-Nacional-del-Adulto-Mayor-IGSS-2019-9.jpg 1280w\" sizes=\"(max-width: 560px) 100vw, 560px\" alt=\"\">\r\n                            <\/a>\r\n                            \r\n                        <\/figure>\r\n                    <\/div>\r\n                    <div class = \"td-slide-item td-item22\">\r\n                        <figure class=\"td-slide-galery-figure td-slide-popup-gallery\">\r\n                            <a class=\"slide-gallery-image-link\" href=\"\/wp-content\/uploads\/sites\/5\/2019\/11\/Dia-Nacional-del-Adulto-Mayor-IGSS-2019-11.jpg\" title=\"Dia Nacional del Adulto Mayor IGSS 2019-11\"  data-caption=\"\"  data-description=\"\">\r\n                                <img decoding=\"async\" src=\"\/wp-content\/uploads\/sites\/5\/2019\/11\/Dia-Nacional-del-Adulto-Mayor-IGSS-2019-11-630x420.jpg\" srcset=\"\/wp-content\/uploads\/sites\/5\/2019\/11\/Dia-Nacional-del-Adulto-Mayor-IGSS-2019-11-630x420.jpg 630w, \/wp-content\/uploads\/sites\/5\/2019\/11\/Dia-Nacional-del-Adulto-Mayor-IGSS-2019-11-300x200.jpg 300w, \/wp-content\/uploads\/sites\/5\/2019\/11\/Dia-Nacional-del-Adulto-Mayor-IGSS-2019-11-768x512.jpg 768w, \/wp-content\/uploads\/sites\/5\/2019\/11\/Dia-Nacional-del-Adulto-Mayor-IGSS-2019-11-1024x682.jpg 1024w, \/wp-content\/uploads\/sites\/5\/2019\/11\/Dia-Nacional-del-Adulto-Mayor-IGSS-2019-11-696x464.jpg 696w, \/wp-content\/uploads\/sites\/5\/2019\/11\/Dia-Nacional-del-Adulto-Mayor-IGSS-2019-11-1068x712.jpg 1068w, \/wp-content\/uploads\/sites\/5\/2019\/11\/Dia-Nacional-del-Adulto-Mayor-IGSS-2019-11-534x356.jpg 534w, \/wp-content\/uploads\/sites\/5\/2019\/11\/Dia-Nacional-del-Adulto-Mayor-IGSS-2019-11.jpg 1280w\" sizes=\"(max-width: 630px) 100vw, 630px\" alt=\"\">\r\n                            <\/a>\r\n                            \r\n                        <\/figure>\r\n                    <\/div>\r\n                    <div class = \"td-slide-item td-item23\">\r\n                        <figure class=\"td-slide-galery-figure td-slide-popup-gallery\">\r\n                            <a class=\"slide-gallery-image-link\" href=\"\/wp-content\/uploads\/sites\/5\/2019\/11\/Dia-Nacional-del-Adulto-Mayor-IGSS-2019-13.jpg\" title=\"Dia Nacional del Adulto Mayor IGSS 2019-13\"  data-caption=\"\"  data-description=\"\">\r\n                                <img decoding=\"async\" src=\"\/wp-content\/uploads\/sites\/5\/2019\/11\/Dia-Nacional-del-Adulto-Mayor-IGSS-2019-13-560x420.jpg\" srcset=\"\/wp-content\/uploads\/sites\/5\/2019\/11\/Dia-Nacional-del-Adulto-Mayor-IGSS-2019-13-560x420.jpg 560w, \/wp-content\/uploads\/sites\/5\/2019\/11\/Dia-Nacional-del-Adulto-Mayor-IGSS-2019-13-300x225.jpg 300w, \/wp-content\/uploads\/sites\/5\/2019\/11\/Dia-Nacional-del-Adulto-Mayor-IGSS-2019-13-768x576.jpg 768w, \/wp-content\/uploads\/sites\/5\/2019\/11\/Dia-Nacional-del-Adulto-Mayor-IGSS-2019-13-1024x768.jpg 1024w, \/wp-content\/uploads\/sites\/5\/2019\/11\/Dia-Nacional-del-Adulto-Mayor-IGSS-2019-13-80x60.jpg 80w, \/wp-content\/uploads\/sites\/5\/2019\/11\/Dia-Nacional-del-Adulto-Mayor-IGSS-2019-13-696x522.jpg 696w, \/wp-content\/uploads\/sites\/5\/2019\/11\/Dia-Nacional-del-Adulto-Mayor-IGSS-2019-13-1068x801.jpg 1068w, \/wp-content\/uploads\/sites\/5\/2019\/11\/Dia-Nacional-del-Adulto-Mayor-IGSS-2019-13-265x198.jpg 265w, \/wp-content\/uploads\/sites\/5\/2019\/11\/Dia-Nacional-del-Adulto-Mayor-IGSS-2019-13-534x401.jpg 534w, \/wp-content\/uploads\/sites\/5\/2019\/11\/Dia-Nacional-del-Adulto-Mayor-IGSS-2019-13.jpg 1280w\" sizes=\"(max-width: 560px) 100vw, 560px\" alt=\"\">\r\n                            <\/a>\r\n                            \r\n                        <\/figure>\r\n                    <\/div>\r\n                    <div class = \"td-slide-item td-item24\">\r\n                        <figure class=\"td-slide-galery-figure td-slide-popup-gallery\">\r\n                            <a class=\"slide-gallery-image-link\" href=\"\/wp-content\/uploads\/sites\/5\/2019\/11\/Dia-Nacional-del-Adulto-Mayor-IGSS-2019-14.jpg\" title=\"Dia Nacional del Adulto Mayor IGSS 2019-14\"  data-caption=\"\"  data-description=\"\">\r\n                                <img decoding=\"async\" src=\"\/wp-content\/uploads\/sites\/5\/2019\/11\/Dia-Nacional-del-Adulto-Mayor-IGSS-2019-14-630x420.jpg\" srcset=\"\/wp-content\/uploads\/sites\/5\/2019\/11\/Dia-Nacional-del-Adulto-Mayor-IGSS-2019-14-630x420.jpg 630w, \/wp-content\/uploads\/sites\/5\/2019\/11\/Dia-Nacional-del-Adulto-Mayor-IGSS-2019-14-300x200.jpg 300w, \/wp-content\/uploads\/sites\/5\/2019\/11\/Dia-Nacional-del-Adulto-Mayor-IGSS-2019-14-768x512.jpg 768w, \/wp-content\/uploads\/sites\/5\/2019\/11\/Dia-Nacional-del-Adulto-Mayor-IGSS-2019-14-1024x682.jpg 1024w, \/wp-content\/uploads\/sites\/5\/2019\/11\/Dia-Nacional-del-Adulto-Mayor-IGSS-2019-14-696x464.jpg 696w, \/wp-content\/uploads\/sites\/5\/2019\/11\/Dia-Nacional-del-Adulto-Mayor-IGSS-2019-14-1068x712.jpg 1068w, \/wp-content\/uploads\/sites\/5\/2019\/11\/Dia-Nacional-del-Adulto-Mayor-IGSS-2019-14-534x356.jpg 534w, \/wp-content\/uploads\/sites\/5\/2019\/11\/Dia-Nacional-del-Adulto-Mayor-IGSS-2019-14.jpg 1280w\" sizes=\"(max-width: 630px) 100vw, 630px\" alt=\"\">\r\n                            <\/a>\r\n                            \r\n                        <\/figure>\r\n                    <\/div>\r\n                            <\/div>\r\n                        <\/div>\r\n\r\n                        <div class = \"td-doubleSlider-2\">\r\n                            <div class = \"td-slider\">\r\n                                \r\n                    <div class = \"td-button td-item1\">\r\n                        <div class = \"td-border\"><\/div>\r\n                    <\/div>\r\n                    <div class = \"td-button td-item2\">\r\n                        <div class = \"td-border\"><\/div>\r\n                    <\/div>\r\n                    <div class = \"td-button td-item3\">\r\n                        <div class = \"td-border\"><\/div>\r\n                    <\/div>\r\n                    <div class = \"td-button td-item4\">\r\n                        <div class = \"td-border\"><\/div>\r\n                    <\/div>\r\n                    <div class = \"td-button td-item5\">\r\n                        <div class = \"td-border\"><\/div>\r\n                    <\/div>\r\n                    <div class = \"td-button td-item6\">\r\n                        <div class = \"td-border\"><\/div>\r\n                    <\/div>\r\n                    <div class = \"td-button td-item7\">\r\n                        <div class = \"td-border\"><\/div>\r\n                    <\/div>\r\n                    <div class = \"td-button td-item8\">\r\n                        <div class = \"td-border\"><\/div>\r\n                    <\/div>\r\n                    <div class = \"td-button td-item9\">\r\n                        <div class = \"td-border\"><\/div>\r\n                    <\/div>\r\n                    <div class = \"td-button td-item10\">\r\n                        <div class = \"td-border\"><\/div>\r\n                    <\/div>\r\n                    <div class = \"td-button td-item11\">\r\n                        <div class = \"td-border\"><\/div>\r\n                    <\/div>\r\n                    <div class = \"td-button td-item12\">\r\n                        <div class = \"td-border\"><\/div>\r\n                    <\/div>\r\n                    <div class = \"td-button td-item13\">\r\n                        <div class = \"td-border\"><\/div>\r\n                    <\/div>\r\n                    <div class = \"td-button td-item14\">\r\n                        <div class = \"td-border\"><\/div>\r\n                    <\/div>\r\n                    <div class = \"td-button td-item15\">\r\n                        <div class = \"td-border\"><\/div>\r\n                    <\/div>\r\n                    <div class = \"td-button td-item16\">\r\n                        <div class = \"td-border\"><\/div>\r\n                    <\/div>\r\n                    <div class = \"td-button td-item17\">\r\n                        <div class = \"td-border\"><\/div>\r\n                    <\/div>\r\n                    <div class = \"td-button td-item18\">\r\n                        <div class = \"td-border\"><\/div>\r\n                    <\/div>\r\n                    <div class = \"td-button td-item19\">\r\n                        <div class = \"td-border\"><\/div>\r\n                    <\/div>\r\n                    <div class = \"td-button td-item20\">\r\n                        <div class = \"td-border\"><\/div>\r\n                    <\/div>\r\n                    <div class = \"td-button td-item21\">\r\n                        <div class = \"td-border\"><\/div>\r\n                    <\/div>\r\n                    <div class = \"td-button td-item22\">\r\n                        <div class = \"td-border\"><\/div>\r\n                    <\/div>\r\n                    <div class = \"td-button td-item23\">\r\n                        <div class = \"td-border\"><\/div>\r\n                    <\/div>\r\n                    <div class = \"td-button td-item24\">\r\n                        <div class = \"td-border\"><\/div>\r\n                    <\/div>\r\n                            <\/div>\r\n                        <\/div>\r\n\r\n                    <\/div>\r\n\r\n                <\/div>\r\n                \n","protected":false},"excerpt":{"rendered":"<p>Representantes de distintas instituciones que forman parte del Consejo Nacional de Protecci\u00f3n a la Vejez (CONAPROV), participaron hoy en una actividad en la que se conmemor\u00f3 el D\u00eda Nacional del Adulto Mayor, el cual se celebra el 15 de noviembre seg\u00fan el Decreto 25-2009 del Congreso de la Rep\u00fablica. El evento se realiz\u00f3 en el [&hellip;]<\/p>\n","protected":false},"author":4,"featured_media":14558,"comment_status":"open","ping_status":"open","sticky":false,"template":"","format":"standard","meta":{"footnotes":""},"categories":[3,20,25,29],"tags":[88,490,699],"coauthors":[881],"class_list":{"0":"post-14548","1":"post","2":"type-post","3":"status-publish","4":"format-standard","5":"has-post-thumbnail","7":"category-actualidad","8":"category-jubilados","9":"category-pensionados","10":"category-publicaciones","11":"tag-adultor-mayor","12":"tag-igss","13":"tag-pensionados"},"_links":{"self":[{"href":"https:\/\/www.igssgt.org\/noticias\/wp-json\/wp\/v2\/posts\/14548","targetHints":{"allow":["GET"]}}],"collection":[{"href":"https:\/\/www.igssgt.org\/noticias\/wp-json\/wp\/v2\/posts"}],"about":[{"href":"https:\/\/www.igssgt.org\/noticias\/wp-json\/wp\/v2\/types\/post"}],"author":[{"embeddable":true,"href":"https:\/\/www.igssgt.org\/noticias\/wp-json\/wp\/v2\/users\/4"}],"replies":[{"embeddable":true,"href":"https:\/\/www.igssgt.org\/noticias\/wp-json\/wp\/v2\/comments?post=14548"}],"version-history":[{"count":1,"href":"https:\/\/www.igssgt.org\/noticias\/wp-json\/wp\/v2\/posts\/14548\/revisions"}],"predecessor-version":[{"id":14563,"href":"https:\/\/www.igssgt.org\/noticias\/wp-json\/wp\/v2\/posts\/14548\/revisions\/14563"}],"wp:featuredmedia":[{"embeddable":true,"href":"https:\/\/www.igssgt.org\/noticias\/wp-json\/wp\/v2\/media\/14558"}],"wp:attachment":[{"href":"https:\/\/www.igssgt.org\/noticias\/wp-json\/wp\/v2\/media?parent=14548"}],"wp:term":[{"taxonomy":"category","embeddable":true,"href":"https:\/\/www.igssgt.org\/noticias\/wp-json\/wp\/v2\/categories?post=14548"},{"taxonomy":"post_tag","embeddable":true,"href":"https:\/\/www.igssgt.org\/noticias\/wp-json\/wp\/v2\/tags?post=14548"},{"taxonomy":"author","embeddable":true,"href":"https:\/\/www.igssgt.org\/noticias\/wp-json\/wp\/v2\/coauthors?post=14548"}],"curies":[{"name":"wp","href":"https:\/\/api.w.org\/{rel}","templated":true}]}}