{"id":14586,"date":"2019-11-15T10:11:00","date_gmt":"2019-11-15T16:11:00","guid":{"rendered":"https:\/\/www.igssgt.org\/noticias\/?p=14586"},"modified":"2019-11-15T10:57:49","modified_gmt":"2019-11-15T16:57:49","slug":"el-curso-de-manualidades-navidenas-cumple-15-anos-de-ser-impartido-en-la-biblioteca-central-del-igss","status":"publish","type":"post","link":"https:\/\/www.igssgt.org\/noticias\/2019\/11\/15\/el-curso-de-manualidades-navidenas-cumple-15-anos-de-ser-impartido-en-la-biblioteca-central-del-igss\/","title":{"rendered":"El curso de manualidades navide\u00f1as cumple 15 a\u00f1os de ser impartido en la Biblioteca Central del IGSS"},"content":{"rendered":"\n<p>Un total de 55 menores participan en el curso-taller vacacional de manualidades \u201cTerapia Ocupacional\u201d, el cual se inici\u00f3 esta semana en la Biblioteca de las Oficinas Centrales del Instituto, actividad que en esta ocasi\u00f3n suma 15 a\u00f1os de ser impartido.<\/p>\n<p>Este taller est\u00e1 dirigido a ni\u00f1os y adolescentes hijos de trabajadores de la instituci\u00f3n, el cual se imparte de lunes a viernes de 8:00 a 16:00 horas.<\/p>\n<p>Durante el curso los ni\u00f1os aprenden a utilizar t\u00e9cnicas como repujado, falso repujado, decoupage y pintura acr\u00edlica. La mayor\u00eda de materiales a utilizar son reciclados, entre estos botellas de gaseosas, revistas, papel peri\u00f3dico y recipientes de art\u00edculos de limpieza, con los que elaboran jarrones, macetas, canastos, guirnaldas con enfoque navide\u00f1o, entre otros, precis\u00f3 Sonia Franco, maestra y encargada de la Biblioteca.<\/p>\n<p>Los ni\u00f1os tambi\u00e9n participan en actividades recreativas, los mi\u00e9rcoles y viernes, las cuales van enfocadas en busca del desarrollo grupal para mantener una convivencia sana a trav\u00e9s del deporte para incentivar el desarrollo f\u00edsico desde su temprana edad.<\/p>\n<h4>Funcionamiento<\/h4>\n<p>Franco inform\u00f3 que el curso \u201cTerapia Ocupacional\u201d se inici\u00f3 en el a\u00f1o 2004, en las instalaciones de la Biblioteca de la Unidad Perif\u00e9rica de la zona 5, para adiestrar a los ni\u00f1os y porque al llegar las vacaciones de fin de a\u00f1o disminuye el n\u00famero de usuarios de los servicios.<\/p>\n<p>Franco fue traslada en el a\u00f1o 2013 a la Biblioteca de las Oficinas Centrales, donde incorpor\u00f3 este taller de manualidades.<\/p>\n<p>Durante este tiempo el curso ha sido impartido a m\u00e1s de 800 ni\u00f1os y adolescentes, quienes adem\u00e1s de aprender estas t\u00e9cnicas crean un v\u00ednculo m\u00e1s estrecho con sus padres al conocer el \u00e1rea donde estos realizan su trabajo diario.<\/p>\n<p>El curso finalizar\u00e1 el pr\u00f3ximo viernes 22 de noviembre con una exposici\u00f3n de los trabajos elaborados por cada uno de los participantes, los que recibir\u00e1n un diploma.<\/p>\n\n\n\n\r\n                <style type=\"text\/css\">\r\n                    \r\n                    #tdi_1  .td-doubleSlider-2 .td-item1 {\r\n                        background: url(\/wp-content\/uploads\/sites\/5\/2019\/11\/Curso-de-Vacaciones-Biblioteca-IGSS-2019-15-80x60.jpg) 0 0 no-repeat;\r\n                    }\r\n                    #tdi_1  .td-doubleSlider-2 .td-item2 {\r\n                        background: url(\/wp-content\/uploads\/sites\/5\/2019\/11\/Curso-de-Vacaciones-Biblioteca-IGSS-2019-7-80x60.jpg) 0 0 no-repeat;\r\n                    }\r\n                    #tdi_1  .td-doubleSlider-2 .td-item3 {\r\n                        background: url(\/wp-content\/uploads\/sites\/5\/2019\/11\/Curso-de-Vacaciones-Biblioteca-IGSS-2019-2-80x60.jpg) 0 0 no-repeat;\r\n                    }\r\n                    #tdi_1  .td-doubleSlider-2 .td-item4 {\r\n                        background: url(\/wp-content\/uploads\/sites\/5\/2019\/11\/Curso-de-Vacaciones-Biblioteca-IGSS-2019-4-80x60.jpg) 0 0 no-repeat;\r\n                    }\r\n                    #tdi_1  .td-doubleSlider-2 .td-item5 {\r\n                        background: url(\/wp-content\/uploads\/sites\/5\/2019\/11\/Curso-de-Vacaciones-Biblioteca-IGSS-2019-3-80x60.jpg) 0 0 no-repeat;\r\n                    }\r\n                    #tdi_1  .td-doubleSlider-2 .td-item6 {\r\n                        background: url(\/wp-content\/uploads\/sites\/5\/2019\/11\/Curso-de-Vacaciones-Biblioteca-IGSS-2019-5-80x60.jpg) 0 0 no-repeat;\r\n                    }\r\n                    #tdi_1  .td-doubleSlider-2 .td-item7 {\r\n                        background: url(\/wp-content\/uploads\/sites\/5\/2019\/11\/Curso-de-Vacaciones-Biblioteca-IGSS-2019-1-80x60.jpg) 0 0 no-repeat;\r\n                    }\r\n                    #tdi_1  .td-doubleSlider-2 .td-item8 {\r\n                        background: url(\/wp-content\/uploads\/sites\/5\/2019\/11\/Curso-de-Vacaciones-Biblioteca-IGSS-2019-6-80x60.jpg) 0 0 no-repeat;\r\n                    }\r\n                    #tdi_1  .td-doubleSlider-2 .td-item9 {\r\n                        background: url(\/wp-content\/uploads\/sites\/5\/2019\/11\/Curso-de-Vacaciones-Biblioteca-IGSS-2019-16-80x60.jpg) 0 0 no-repeat;\r\n                    }\r\n                    #tdi_1  .td-doubleSlider-2 .td-item10 {\r\n                        background: url(\/wp-content\/uploads\/sites\/5\/2019\/11\/Curso-de-Vacaciones-Biblioteca-IGSS-2019-8-80x60.jpg) 0 0 no-repeat;\r\n                    }\r\n                    #tdi_1  .td-doubleSlider-2 .td-item11 {\r\n                        background: url(\/wp-content\/uploads\/sites\/5\/2019\/11\/Curso-de-Vacaciones-Biblioteca-IGSS-2019-12-80x60.jpg) 0 0 no-repeat;\r\n                    }\r\n                    #tdi_1  .td-doubleSlider-2 .td-item12 {\r\n                        background: url(\/wp-content\/uploads\/sites\/5\/2019\/11\/Curso-de-Vacaciones-Biblioteca-IGSS-2019-9-80x60.jpg) 0 0 no-repeat;\r\n                    }\r\n                    #tdi_1  .td-doubleSlider-2 .td-item13 {\r\n                        background: url(\/wp-content\/uploads\/sites\/5\/2019\/11\/Curso-de-Vacaciones-Biblioteca-IGSS-2019-10-80x60.jpg) 0 0 no-repeat;\r\n                    }\r\n                    #tdi_1  .td-doubleSlider-2 .td-item14 {\r\n                        background: url(\/wp-content\/uploads\/sites\/5\/2019\/11\/Curso-de-Vacaciones-Biblioteca-IGSS-2019-11-80x60.jpg) 0 0 no-repeat;\r\n                    }\r\n                    #tdi_1  .td-doubleSlider-2 .td-item15 {\r\n                        background: url(\/wp-content\/uploads\/sites\/5\/2019\/11\/Curso-de-Vacaciones-Biblioteca-IGSS-2019-13-80x60.jpg) 0 0 no-repeat;\r\n                    }\r\n                    #tdi_1  .td-doubleSlider-2 .td-item16 {\r\n                        background: url(\/wp-content\/uploads\/sites\/5\/2019\/11\/Curso-de-Vacaciones-Biblioteca-IGSS-2019-14-80x60.jpg) 0 0 no-repeat;\r\n                    }\r\n                    #tdi_1  .td-doubleSlider-2 .td-item17 {\r\n                        background: url(\/wp-content\/uploads\/sites\/5\/2019\/11\/Curso-de-Vacaciones-Biblioteca-IGSS-2019-18-80x60.jpg) 0 0 no-repeat;\r\n                    }\r\n                    #tdi_1  .td-doubleSlider-2 .td-item18 {\r\n                        background: url(\/wp-content\/uploads\/sites\/5\/2019\/11\/Curso-de-Vacaciones-Biblioteca-IGSS-2019-17-80x60.jpg) 0 0 no-repeat;\r\n                    }\r\n                    #tdi_1  .td-doubleSlider-2 .td-item19 {\r\n                        background: url(\/wp-content\/uploads\/sites\/5\/2019\/11\/Curso-de-Vacaciones-Biblioteca-IGSS-2019-19-80x60.jpg) 0 0 no-repeat;\r\n                    }\r\n                <\/style>\r\n\r\n                <div id=\"tdi_1\" class=\"td-gallery td-slide-on-2-columns\">\r\n                    <div class=\"post_td_gallery\">\r\n                        <div class=\"td-gallery-slide-top\">\r\n                           <div class=\"td-gallery-title\">Galer\u00eda de Im\u00e1genes<\/div>\r\n\r\n                            <div class=\"td-gallery-controls-wrapper\">\r\n                                <div class=\"td-gallery-slide-count\"><span class=\"td-gallery-slide-item-focus\">1<\/span> de 19<\/div>\r\n                                <div class=\"td-gallery-slide-prev-next-but\">\r\n                                    <i class = \"td-icon-left doubleSliderPrevButton\"><\/i>\r\n                                    <i class = \"td-icon-right doubleSliderNextButton\"><\/i>\r\n                                <\/div>\r\n                            <\/div>\r\n                        <\/div>\r\n\r\n                        <div class = \"td-doubleSlider-1 \">\r\n                            <div class = \"td-slider\">\r\n                                \r\n                    <div class = \"td-slide-item td-item1\">\r\n                        <figure class=\"td-slide-galery-figure td-slide-popup-gallery\">\r\n                            <a class=\"slide-gallery-image-link\" href=\"\/wp-content\/uploads\/sites\/5\/2019\/11\/Curso-de-Vacaciones-Biblioteca-IGSS-2019-15.jpg\" title=\"Curso de Vacaciones Biblioteca IGSS 2019-15\"  data-caption=\"\"  data-description=\"\">\r\n                                <img decoding=\"async\" src=\"\/wp-content\/uploads\/sites\/5\/2019\/11\/Curso-de-Vacaciones-Biblioteca-IGSS-2019-15-630x420.jpg\" srcset=\"\/wp-content\/uploads\/sites\/5\/2019\/11\/Curso-de-Vacaciones-Biblioteca-IGSS-2019-15-630x420.jpg 630w, \/wp-content\/uploads\/sites\/5\/2019\/11\/Curso-de-Vacaciones-Biblioteca-IGSS-2019-15-300x200.jpg 300w, \/wp-content\/uploads\/sites\/5\/2019\/11\/Curso-de-Vacaciones-Biblioteca-IGSS-2019-15-768x512.jpg 768w, \/wp-content\/uploads\/sites\/5\/2019\/11\/Curso-de-Vacaciones-Biblioteca-IGSS-2019-15-1024x682.jpg 1024w, \/wp-content\/uploads\/sites\/5\/2019\/11\/Curso-de-Vacaciones-Biblioteca-IGSS-2019-15-696x464.jpg 696w, \/wp-content\/uploads\/sites\/5\/2019\/11\/Curso-de-Vacaciones-Biblioteca-IGSS-2019-15-1068x712.jpg 1068w, \/wp-content\/uploads\/sites\/5\/2019\/11\/Curso-de-Vacaciones-Biblioteca-IGSS-2019-15-534x356.jpg 534w, \/wp-content\/uploads\/sites\/5\/2019\/11\/Curso-de-Vacaciones-Biblioteca-IGSS-2019-15.jpg 1280w\" sizes=\"(max-width: 630px) 100vw, 630px\" alt=\"\">\r\n                            <\/a>\r\n                            \r\n                        <\/figure>\r\n                    <\/div>\r\n                    <div class = \"td-slide-item td-item2\">\r\n                        <figure class=\"td-slide-galery-figure td-slide-popup-gallery\">\r\n                            <a class=\"slide-gallery-image-link\" href=\"\/wp-content\/uploads\/sites\/5\/2019\/11\/Curso-de-Vacaciones-Biblioteca-IGSS-2019-7.jpg\" title=\"Curso de Vacaciones Biblioteca IGSS 2019-7\"  data-caption=\"\"  data-description=\"\">\r\n                                <img decoding=\"async\" src=\"\/wp-content\/uploads\/sites\/5\/2019\/11\/Curso-de-Vacaciones-Biblioteca-IGSS-2019-7-630x420.jpg\" srcset=\"\/wp-content\/uploads\/sites\/5\/2019\/11\/Curso-de-Vacaciones-Biblioteca-IGSS-2019-7-630x420.jpg 630w, \/wp-content\/uploads\/sites\/5\/2019\/11\/Curso-de-Vacaciones-Biblioteca-IGSS-2019-7-300x200.jpg 300w, \/wp-content\/uploads\/sites\/5\/2019\/11\/Curso-de-Vacaciones-Biblioteca-IGSS-2019-7-768x512.jpg 768w, \/wp-content\/uploads\/sites\/5\/2019\/11\/Curso-de-Vacaciones-Biblioteca-IGSS-2019-7-1024x682.jpg 1024w, \/wp-content\/uploads\/sites\/5\/2019\/11\/Curso-de-Vacaciones-Biblioteca-IGSS-2019-7-696x464.jpg 696w, \/wp-content\/uploads\/sites\/5\/2019\/11\/Curso-de-Vacaciones-Biblioteca-IGSS-2019-7-1068x712.jpg 1068w, \/wp-content\/uploads\/sites\/5\/2019\/11\/Curso-de-Vacaciones-Biblioteca-IGSS-2019-7-534x356.jpg 534w, \/wp-content\/uploads\/sites\/5\/2019\/11\/Curso-de-Vacaciones-Biblioteca-IGSS-2019-7.jpg 1280w\" sizes=\"(max-width: 630px) 100vw, 630px\" alt=\"\">\r\n                            <\/a>\r\n                            \r\n                        <\/figure>\r\n                    <\/div>\r\n                    <div class = \"td-slide-item td-item3\">\r\n                        <figure class=\"td-slide-galery-figure td-slide-popup-gallery\">\r\n                            <a class=\"slide-gallery-image-link\" href=\"\/wp-content\/uploads\/sites\/5\/2019\/11\/Curso-de-Vacaciones-Biblioteca-IGSS-2019-2.jpg\" title=\"Curso de Vacaciones Biblioteca IGSS 2019-2\"  data-caption=\"\"  data-description=\"\">\r\n                                <img decoding=\"async\" src=\"\/wp-content\/uploads\/sites\/5\/2019\/11\/Curso-de-Vacaciones-Biblioteca-IGSS-2019-2-630x420.jpg\" srcset=\"\/wp-content\/uploads\/sites\/5\/2019\/11\/Curso-de-Vacaciones-Biblioteca-IGSS-2019-2-630x420.jpg 630w, \/wp-content\/uploads\/sites\/5\/2019\/11\/Curso-de-Vacaciones-Biblioteca-IGSS-2019-2-300x200.jpg 300w, \/wp-content\/uploads\/sites\/5\/2019\/11\/Curso-de-Vacaciones-Biblioteca-IGSS-2019-2-768x512.jpg 768w, \/wp-content\/uploads\/sites\/5\/2019\/11\/Curso-de-Vacaciones-Biblioteca-IGSS-2019-2-1024x682.jpg 1024w, \/wp-content\/uploads\/sites\/5\/2019\/11\/Curso-de-Vacaciones-Biblioteca-IGSS-2019-2-696x464.jpg 696w, \/wp-content\/uploads\/sites\/5\/2019\/11\/Curso-de-Vacaciones-Biblioteca-IGSS-2019-2-1068x712.jpg 1068w, \/wp-content\/uploads\/sites\/5\/2019\/11\/Curso-de-Vacaciones-Biblioteca-IGSS-2019-2-534x356.jpg 534w, \/wp-content\/uploads\/sites\/5\/2019\/11\/Curso-de-Vacaciones-Biblioteca-IGSS-2019-2.jpg 1280w\" sizes=\"(max-width: 630px) 100vw, 630px\" alt=\"\">\r\n                            <\/a>\r\n                            \r\n                        <\/figure>\r\n                    <\/div>\r\n                    <div class = \"td-slide-item td-item4\">\r\n                        <figure class=\"td-slide-galery-figure td-slide-popup-gallery\">\r\n                            <a class=\"slide-gallery-image-link\" href=\"\/wp-content\/uploads\/sites\/5\/2019\/11\/Curso-de-Vacaciones-Biblioteca-IGSS-2019-4.jpg\" title=\"Curso de Vacaciones Biblioteca IGSS 2019-4\"  data-caption=\"\"  data-description=\"\">\r\n                                <img decoding=\"async\" src=\"\/wp-content\/uploads\/sites\/5\/2019\/11\/Curso-de-Vacaciones-Biblioteca-IGSS-2019-4-630x420.jpg\" srcset=\"\/wp-content\/uploads\/sites\/5\/2019\/11\/Curso-de-Vacaciones-Biblioteca-IGSS-2019-4-630x420.jpg 630w, \/wp-content\/uploads\/sites\/5\/2019\/11\/Curso-de-Vacaciones-Biblioteca-IGSS-2019-4-300x200.jpg 300w, \/wp-content\/uploads\/sites\/5\/2019\/11\/Curso-de-Vacaciones-Biblioteca-IGSS-2019-4-768x512.jpg 768w, \/wp-content\/uploads\/sites\/5\/2019\/11\/Curso-de-Vacaciones-Biblioteca-IGSS-2019-4-1024x682.jpg 1024w, \/wp-content\/uploads\/sites\/5\/2019\/11\/Curso-de-Vacaciones-Biblioteca-IGSS-2019-4-696x464.jpg 696w, \/wp-content\/uploads\/sites\/5\/2019\/11\/Curso-de-Vacaciones-Biblioteca-IGSS-2019-4-1068x712.jpg 1068w, \/wp-content\/uploads\/sites\/5\/2019\/11\/Curso-de-Vacaciones-Biblioteca-IGSS-2019-4-534x356.jpg 534w, \/wp-content\/uploads\/sites\/5\/2019\/11\/Curso-de-Vacaciones-Biblioteca-IGSS-2019-4.jpg 1280w\" sizes=\"(max-width: 630px) 100vw, 630px\" alt=\"\">\r\n                            <\/a>\r\n                            \r\n                        <\/figure>\r\n                    <\/div>\r\n                    <div class = \"td-slide-item td-item5\">\r\n                        <figure class=\"td-slide-galery-figure td-slide-popup-gallery\">\r\n                            <a class=\"slide-gallery-image-link\" href=\"\/wp-content\/uploads\/sites\/5\/2019\/11\/Curso-de-Vacaciones-Biblioteca-IGSS-2019-3.jpg\" title=\"Curso de Vacaciones Biblioteca IGSS 2019-3\"  data-caption=\"\"  data-description=\"\">\r\n                                <img decoding=\"async\" src=\"\/wp-content\/uploads\/sites\/5\/2019\/11\/Curso-de-Vacaciones-Biblioteca-IGSS-2019-3-630x420.jpg\" srcset=\"\/wp-content\/uploads\/sites\/5\/2019\/11\/Curso-de-Vacaciones-Biblioteca-IGSS-2019-3-630x420.jpg 630w, \/wp-content\/uploads\/sites\/5\/2019\/11\/Curso-de-Vacaciones-Biblioteca-IGSS-2019-3-300x200.jpg 300w, \/wp-content\/uploads\/sites\/5\/2019\/11\/Curso-de-Vacaciones-Biblioteca-IGSS-2019-3-768x512.jpg 768w, \/wp-content\/uploads\/sites\/5\/2019\/11\/Curso-de-Vacaciones-Biblioteca-IGSS-2019-3-1024x682.jpg 1024w, \/wp-content\/uploads\/sites\/5\/2019\/11\/Curso-de-Vacaciones-Biblioteca-IGSS-2019-3-696x464.jpg 696w, \/wp-content\/uploads\/sites\/5\/2019\/11\/Curso-de-Vacaciones-Biblioteca-IGSS-2019-3-1068x712.jpg 1068w, \/wp-content\/uploads\/sites\/5\/2019\/11\/Curso-de-Vacaciones-Biblioteca-IGSS-2019-3-534x356.jpg 534w, \/wp-content\/uploads\/sites\/5\/2019\/11\/Curso-de-Vacaciones-Biblioteca-IGSS-2019-3.jpg 1280w\" sizes=\"(max-width: 630px) 100vw, 630px\" alt=\"\">\r\n                            <\/a>\r\n                            \r\n                        <\/figure>\r\n                    <\/div>\r\n                    <div class = \"td-slide-item td-item6\">\r\n                        <figure class=\"td-slide-galery-figure td-slide-popup-gallery\">\r\n                            <a class=\"slide-gallery-image-link\" href=\"\/wp-content\/uploads\/sites\/5\/2019\/11\/Curso-de-Vacaciones-Biblioteca-IGSS-2019-5.jpg\" title=\"Curso de Vacaciones Biblioteca IGSS 2019-5\"  data-caption=\"\"  data-description=\"\">\r\n                                <img decoding=\"async\" src=\"\/wp-content\/uploads\/sites\/5\/2019\/11\/Curso-de-Vacaciones-Biblioteca-IGSS-2019-5-630x420.jpg\" srcset=\"\/wp-content\/uploads\/sites\/5\/2019\/11\/Curso-de-Vacaciones-Biblioteca-IGSS-2019-5-630x420.jpg 630w, \/wp-content\/uploads\/sites\/5\/2019\/11\/Curso-de-Vacaciones-Biblioteca-IGSS-2019-5-300x200.jpg 300w, \/wp-content\/uploads\/sites\/5\/2019\/11\/Curso-de-Vacaciones-Biblioteca-IGSS-2019-5-768x512.jpg 768w, \/wp-content\/uploads\/sites\/5\/2019\/11\/Curso-de-Vacaciones-Biblioteca-IGSS-2019-5-1024x682.jpg 1024w, \/wp-content\/uploads\/sites\/5\/2019\/11\/Curso-de-Vacaciones-Biblioteca-IGSS-2019-5-696x464.jpg 696w, \/wp-content\/uploads\/sites\/5\/2019\/11\/Curso-de-Vacaciones-Biblioteca-IGSS-2019-5-1068x712.jpg 1068w, \/wp-content\/uploads\/sites\/5\/2019\/11\/Curso-de-Vacaciones-Biblioteca-IGSS-2019-5-534x356.jpg 534w, \/wp-content\/uploads\/sites\/5\/2019\/11\/Curso-de-Vacaciones-Biblioteca-IGSS-2019-5.jpg 1280w\" sizes=\"(max-width: 630px) 100vw, 630px\" alt=\"\">\r\n                            <\/a>\r\n                            \r\n                        <\/figure>\r\n                    <\/div>\r\n                    <div class = \"td-slide-item td-item7\">\r\n                        <figure class=\"td-slide-galery-figure td-slide-popup-gallery\">\r\n                            <a class=\"slide-gallery-image-link\" href=\"\/wp-content\/uploads\/sites\/5\/2019\/11\/Curso-de-Vacaciones-Biblioteca-IGSS-2019-1.jpg\" title=\"Curso de Vacaciones Biblioteca IGSS 2019-1\"  data-caption=\"\"  data-description=\"\">\r\n                                <img decoding=\"async\" src=\"\/wp-content\/uploads\/sites\/5\/2019\/11\/Curso-de-Vacaciones-Biblioteca-IGSS-2019-1-630x420.jpg\" srcset=\"\/wp-content\/uploads\/sites\/5\/2019\/11\/Curso-de-Vacaciones-Biblioteca-IGSS-2019-1-630x420.jpg 630w, \/wp-content\/uploads\/sites\/5\/2019\/11\/Curso-de-Vacaciones-Biblioteca-IGSS-2019-1-300x200.jpg 300w, \/wp-content\/uploads\/sites\/5\/2019\/11\/Curso-de-Vacaciones-Biblioteca-IGSS-2019-1-768x512.jpg 768w, \/wp-content\/uploads\/sites\/5\/2019\/11\/Curso-de-Vacaciones-Biblioteca-IGSS-2019-1-1024x682.jpg 1024w, \/wp-content\/uploads\/sites\/5\/2019\/11\/Curso-de-Vacaciones-Biblioteca-IGSS-2019-1-696x464.jpg 696w, \/wp-content\/uploads\/sites\/5\/2019\/11\/Curso-de-Vacaciones-Biblioteca-IGSS-2019-1-1068x712.jpg 1068w, \/wp-content\/uploads\/sites\/5\/2019\/11\/Curso-de-Vacaciones-Biblioteca-IGSS-2019-1-534x356.jpg 534w, \/wp-content\/uploads\/sites\/5\/2019\/11\/Curso-de-Vacaciones-Biblioteca-IGSS-2019-1.jpg 1280w\" sizes=\"(max-width: 630px) 100vw, 630px\" alt=\"\">\r\n                            <\/a>\r\n                            \r\n                        <\/figure>\r\n                    <\/div>\r\n                    <div class = \"td-slide-item td-item8\">\r\n                        <figure class=\"td-slide-galery-figure td-slide-popup-gallery\">\r\n                            <a class=\"slide-gallery-image-link\" href=\"\/wp-content\/uploads\/sites\/5\/2019\/11\/Curso-de-Vacaciones-Biblioteca-IGSS-2019-6.jpg\" title=\"Curso de Vacaciones Biblioteca IGSS 2019-6\"  data-caption=\"\"  data-description=\"\">\r\n                                <img decoding=\"async\" src=\"\/wp-content\/uploads\/sites\/5\/2019\/11\/Curso-de-Vacaciones-Biblioteca-IGSS-2019-6-630x420.jpg\" srcset=\"\/wp-content\/uploads\/sites\/5\/2019\/11\/Curso-de-Vacaciones-Biblioteca-IGSS-2019-6-630x420.jpg 630w, \/wp-content\/uploads\/sites\/5\/2019\/11\/Curso-de-Vacaciones-Biblioteca-IGSS-2019-6-300x200.jpg 300w, \/wp-content\/uploads\/sites\/5\/2019\/11\/Curso-de-Vacaciones-Biblioteca-IGSS-2019-6-768x512.jpg 768w, \/wp-content\/uploads\/sites\/5\/2019\/11\/Curso-de-Vacaciones-Biblioteca-IGSS-2019-6-1024x682.jpg 1024w, \/wp-content\/uploads\/sites\/5\/2019\/11\/Curso-de-Vacaciones-Biblioteca-IGSS-2019-6-696x464.jpg 696w, \/wp-content\/uploads\/sites\/5\/2019\/11\/Curso-de-Vacaciones-Biblioteca-IGSS-2019-6-1068x712.jpg 1068w, \/wp-content\/uploads\/sites\/5\/2019\/11\/Curso-de-Vacaciones-Biblioteca-IGSS-2019-6-534x356.jpg 534w, \/wp-content\/uploads\/sites\/5\/2019\/11\/Curso-de-Vacaciones-Biblioteca-IGSS-2019-6.jpg 1280w\" sizes=\"(max-width: 630px) 100vw, 630px\" alt=\"\">\r\n                            <\/a>\r\n                            \r\n                        <\/figure>\r\n                    <\/div>\r\n                    <div class = \"td-slide-item td-item9\">\r\n                        <figure class=\"td-slide-galery-figure td-slide-popup-gallery\">\r\n                            <a class=\"slide-gallery-image-link\" href=\"\/wp-content\/uploads\/sites\/5\/2019\/11\/Curso-de-Vacaciones-Biblioteca-IGSS-2019-16.jpg\" title=\"Curso de Vacaciones Biblioteca IGSS 2019-16\"  data-caption=\"\"  data-description=\"\">\r\n                                <img decoding=\"async\" src=\"\/wp-content\/uploads\/sites\/5\/2019\/11\/Curso-de-Vacaciones-Biblioteca-IGSS-2019-16-645x420.jpg\" srcset=\"\/wp-content\/uploads\/sites\/5\/2019\/11\/Curso-de-Vacaciones-Biblioteca-IGSS-2019-16-645x420.jpg 645w, \/wp-content\/uploads\/sites\/5\/2019\/11\/Curso-de-Vacaciones-Biblioteca-IGSS-2019-16-300x195.jpg 300w, \/wp-content\/uploads\/sites\/5\/2019\/11\/Curso-de-Vacaciones-Biblioteca-IGSS-2019-16-768x500.jpg 768w, \/wp-content\/uploads\/sites\/5\/2019\/11\/Curso-de-Vacaciones-Biblioteca-IGSS-2019-16-1024x667.jpg 1024w, \/wp-content\/uploads\/sites\/5\/2019\/11\/Curso-de-Vacaciones-Biblioteca-IGSS-2019-16-696x453.jpg 696w, \/wp-content\/uploads\/sites\/5\/2019\/11\/Curso-de-Vacaciones-Biblioteca-IGSS-2019-16-1068x696.jpg 1068w, \/wp-content\/uploads\/sites\/5\/2019\/11\/Curso-de-Vacaciones-Biblioteca-IGSS-2019-16-534x348.jpg 534w, \/wp-content\/uploads\/sites\/5\/2019\/11\/Curso-de-Vacaciones-Biblioteca-IGSS-2019-16.jpg 1280w\" sizes=\"(max-width: 645px) 100vw, 645px\" alt=\"\">\r\n                            <\/a>\r\n                            \r\n                        <\/figure>\r\n                    <\/div>\r\n                    <div class = \"td-slide-item td-item10\">\r\n                        <figure class=\"td-slide-galery-figure td-slide-popup-gallery\">\r\n                            <a class=\"slide-gallery-image-link\" href=\"\/wp-content\/uploads\/sites\/5\/2019\/11\/Curso-de-Vacaciones-Biblioteca-IGSS-2019-8.jpg\" title=\"Curso de Vacaciones Biblioteca IGSS 2019-8\"  data-caption=\"\"  data-description=\"\">\r\n                                <img decoding=\"async\" src=\"\/wp-content\/uploads\/sites\/5\/2019\/11\/Curso-de-Vacaciones-Biblioteca-IGSS-2019-8-630x420.jpg\" srcset=\"\/wp-content\/uploads\/sites\/5\/2019\/11\/Curso-de-Vacaciones-Biblioteca-IGSS-2019-8-630x420.jpg 630w, \/wp-content\/uploads\/sites\/5\/2019\/11\/Curso-de-Vacaciones-Biblioteca-IGSS-2019-8-300x200.jpg 300w, \/wp-content\/uploads\/sites\/5\/2019\/11\/Curso-de-Vacaciones-Biblioteca-IGSS-2019-8-768x512.jpg 768w, \/wp-content\/uploads\/sites\/5\/2019\/11\/Curso-de-Vacaciones-Biblioteca-IGSS-2019-8-1024x682.jpg 1024w, \/wp-content\/uploads\/sites\/5\/2019\/11\/Curso-de-Vacaciones-Biblioteca-IGSS-2019-8-696x464.jpg 696w, \/wp-content\/uploads\/sites\/5\/2019\/11\/Curso-de-Vacaciones-Biblioteca-IGSS-2019-8-1068x712.jpg 1068w, \/wp-content\/uploads\/sites\/5\/2019\/11\/Curso-de-Vacaciones-Biblioteca-IGSS-2019-8-534x356.jpg 534w, \/wp-content\/uploads\/sites\/5\/2019\/11\/Curso-de-Vacaciones-Biblioteca-IGSS-2019-8.jpg 1280w\" sizes=\"(max-width: 630px) 100vw, 630px\" alt=\"\">\r\n                            <\/a>\r\n                            \r\n                        <\/figure>\r\n                    <\/div>\r\n                    <div class = \"td-slide-item td-item11\">\r\n                        <figure class=\"td-slide-galery-figure td-slide-popup-gallery\">\r\n                            <a class=\"slide-gallery-image-link\" href=\"\/wp-content\/uploads\/sites\/5\/2019\/11\/Curso-de-Vacaciones-Biblioteca-IGSS-2019-12.jpg\" title=\"Curso de Vacaciones Biblioteca IGSS 2019-12\"  data-caption=\"\"  data-description=\"\">\r\n                                <img decoding=\"async\" src=\"\/wp-content\/uploads\/sites\/5\/2019\/11\/Curso-de-Vacaciones-Biblioteca-IGSS-2019-12-630x420.jpg\" srcset=\"\/wp-content\/uploads\/sites\/5\/2019\/11\/Curso-de-Vacaciones-Biblioteca-IGSS-2019-12-630x420.jpg 630w, \/wp-content\/uploads\/sites\/5\/2019\/11\/Curso-de-Vacaciones-Biblioteca-IGSS-2019-12-300x200.jpg 300w, \/wp-content\/uploads\/sites\/5\/2019\/11\/Curso-de-Vacaciones-Biblioteca-IGSS-2019-12-768x512.jpg 768w, \/wp-content\/uploads\/sites\/5\/2019\/11\/Curso-de-Vacaciones-Biblioteca-IGSS-2019-12-1024x682.jpg 1024w, \/wp-content\/uploads\/sites\/5\/2019\/11\/Curso-de-Vacaciones-Biblioteca-IGSS-2019-12-696x464.jpg 696w, \/wp-content\/uploads\/sites\/5\/2019\/11\/Curso-de-Vacaciones-Biblioteca-IGSS-2019-12-1068x712.jpg 1068w, \/wp-content\/uploads\/sites\/5\/2019\/11\/Curso-de-Vacaciones-Biblioteca-IGSS-2019-12-534x356.jpg 534w, \/wp-content\/uploads\/sites\/5\/2019\/11\/Curso-de-Vacaciones-Biblioteca-IGSS-2019-12.jpg 1280w\" sizes=\"(max-width: 630px) 100vw, 630px\" alt=\"\">\r\n                            <\/a>\r\n                            \r\n                        <\/figure>\r\n                    <\/div>\r\n                    <div class = \"td-slide-item td-item12\">\r\n                        <figure class=\"td-slide-galery-figure td-slide-popup-gallery\">\r\n                            <a class=\"slide-gallery-image-link\" href=\"\/wp-content\/uploads\/sites\/5\/2019\/11\/Curso-de-Vacaciones-Biblioteca-IGSS-2019-9.jpg\" title=\"Curso de Vacaciones Biblioteca IGSS 2019-9\"  data-caption=\"\"  data-description=\"\">\r\n                                <img decoding=\"async\" src=\"\/wp-content\/uploads\/sites\/5\/2019\/11\/Curso-de-Vacaciones-Biblioteca-IGSS-2019-9-630x420.jpg\" srcset=\"\/wp-content\/uploads\/sites\/5\/2019\/11\/Curso-de-Vacaciones-Biblioteca-IGSS-2019-9-630x420.jpg 630w, \/wp-content\/uploads\/sites\/5\/2019\/11\/Curso-de-Vacaciones-Biblioteca-IGSS-2019-9-300x200.jpg 300w, \/wp-content\/uploads\/sites\/5\/2019\/11\/Curso-de-Vacaciones-Biblioteca-IGSS-2019-9-768x512.jpg 768w, \/wp-content\/uploads\/sites\/5\/2019\/11\/Curso-de-Vacaciones-Biblioteca-IGSS-2019-9-1024x682.jpg 1024w, \/wp-content\/uploads\/sites\/5\/2019\/11\/Curso-de-Vacaciones-Biblioteca-IGSS-2019-9-696x464.jpg 696w, \/wp-content\/uploads\/sites\/5\/2019\/11\/Curso-de-Vacaciones-Biblioteca-IGSS-2019-9-1068x712.jpg 1068w, \/wp-content\/uploads\/sites\/5\/2019\/11\/Curso-de-Vacaciones-Biblioteca-IGSS-2019-9-534x356.jpg 534w, \/wp-content\/uploads\/sites\/5\/2019\/11\/Curso-de-Vacaciones-Biblioteca-IGSS-2019-9.jpg 1280w\" sizes=\"(max-width: 630px) 100vw, 630px\" alt=\"\">\r\n                            <\/a>\r\n                            \r\n                        <\/figure>\r\n                    <\/div>\r\n                    <div class = \"td-slide-item td-item13\">\r\n                        <figure class=\"td-slide-galery-figure td-slide-popup-gallery\">\r\n                            <a class=\"slide-gallery-image-link\" href=\"\/wp-content\/uploads\/sites\/5\/2019\/11\/Curso-de-Vacaciones-Biblioteca-IGSS-2019-10.jpg\" title=\"Curso de Vacaciones Biblioteca IGSS 2019-10\"  data-caption=\"\"  data-description=\"\">\r\n                                <img decoding=\"async\" src=\"\/wp-content\/uploads\/sites\/5\/2019\/11\/Curso-de-Vacaciones-Biblioteca-IGSS-2019-10-630x420.jpg\" srcset=\"\/wp-content\/uploads\/sites\/5\/2019\/11\/Curso-de-Vacaciones-Biblioteca-IGSS-2019-10-630x420.jpg 630w, \/wp-content\/uploads\/sites\/5\/2019\/11\/Curso-de-Vacaciones-Biblioteca-IGSS-2019-10-300x200.jpg 300w, \/wp-content\/uploads\/sites\/5\/2019\/11\/Curso-de-Vacaciones-Biblioteca-IGSS-2019-10-768x512.jpg 768w, \/wp-content\/uploads\/sites\/5\/2019\/11\/Curso-de-Vacaciones-Biblioteca-IGSS-2019-10-1024x682.jpg 1024w, \/wp-content\/uploads\/sites\/5\/2019\/11\/Curso-de-Vacaciones-Biblioteca-IGSS-2019-10-696x464.jpg 696w, \/wp-content\/uploads\/sites\/5\/2019\/11\/Curso-de-Vacaciones-Biblioteca-IGSS-2019-10-1068x712.jpg 1068w, \/wp-content\/uploads\/sites\/5\/2019\/11\/Curso-de-Vacaciones-Biblioteca-IGSS-2019-10-534x356.jpg 534w, \/wp-content\/uploads\/sites\/5\/2019\/11\/Curso-de-Vacaciones-Biblioteca-IGSS-2019-10.jpg 1280w\" sizes=\"(max-width: 630px) 100vw, 630px\" alt=\"\">\r\n                            <\/a>\r\n                            \r\n                        <\/figure>\r\n                    <\/div>\r\n                    <div class = \"td-slide-item td-item14\">\r\n                        <figure class=\"td-slide-galery-figure td-slide-popup-gallery\">\r\n                            <a class=\"slide-gallery-image-link\" href=\"\/wp-content\/uploads\/sites\/5\/2019\/11\/Curso-de-Vacaciones-Biblioteca-IGSS-2019-11.jpg\" title=\"Curso de Vacaciones Biblioteca IGSS 2019-11\"  data-caption=\"\"  data-description=\"\">\r\n                                <img decoding=\"async\" src=\"\/wp-content\/uploads\/sites\/5\/2019\/11\/Curso-de-Vacaciones-Biblioteca-IGSS-2019-11-630x420.jpg\" srcset=\"\/wp-content\/uploads\/sites\/5\/2019\/11\/Curso-de-Vacaciones-Biblioteca-IGSS-2019-11-630x420.jpg 630w, \/wp-content\/uploads\/sites\/5\/2019\/11\/Curso-de-Vacaciones-Biblioteca-IGSS-2019-11-300x200.jpg 300w, \/wp-content\/uploads\/sites\/5\/2019\/11\/Curso-de-Vacaciones-Biblioteca-IGSS-2019-11-768x512.jpg 768w, \/wp-content\/uploads\/sites\/5\/2019\/11\/Curso-de-Vacaciones-Biblioteca-IGSS-2019-11-1024x682.jpg 1024w, \/wp-content\/uploads\/sites\/5\/2019\/11\/Curso-de-Vacaciones-Biblioteca-IGSS-2019-11-696x464.jpg 696w, \/wp-content\/uploads\/sites\/5\/2019\/11\/Curso-de-Vacaciones-Biblioteca-IGSS-2019-11-1068x712.jpg 1068w, \/wp-content\/uploads\/sites\/5\/2019\/11\/Curso-de-Vacaciones-Biblioteca-IGSS-2019-11-534x356.jpg 534w, \/wp-content\/uploads\/sites\/5\/2019\/11\/Curso-de-Vacaciones-Biblioteca-IGSS-2019-11.jpg 1280w\" sizes=\"(max-width: 630px) 100vw, 630px\" alt=\"\">\r\n                            <\/a>\r\n                            \r\n                        <\/figure>\r\n                    <\/div>\r\n                    <div class = \"td-slide-item td-item15\">\r\n                        <figure class=\"td-slide-galery-figure td-slide-popup-gallery\">\r\n                            <a class=\"slide-gallery-image-link\" href=\"\/wp-content\/uploads\/sites\/5\/2019\/11\/Curso-de-Vacaciones-Biblioteca-IGSS-2019-13.jpg\" title=\"Curso de Vacaciones Biblioteca IGSS 2019-13\"  data-caption=\"\"  data-description=\"\">\r\n                                <img decoding=\"async\" src=\"\/wp-content\/uploads\/sites\/5\/2019\/11\/Curso-de-Vacaciones-Biblioteca-IGSS-2019-13-630x420.jpg\" srcset=\"\/wp-content\/uploads\/sites\/5\/2019\/11\/Curso-de-Vacaciones-Biblioteca-IGSS-2019-13-630x420.jpg 630w, \/wp-content\/uploads\/sites\/5\/2019\/11\/Curso-de-Vacaciones-Biblioteca-IGSS-2019-13-300x200.jpg 300w, \/wp-content\/uploads\/sites\/5\/2019\/11\/Curso-de-Vacaciones-Biblioteca-IGSS-2019-13-768x512.jpg 768w, \/wp-content\/uploads\/sites\/5\/2019\/11\/Curso-de-Vacaciones-Biblioteca-IGSS-2019-13-1024x682.jpg 1024w, \/wp-content\/uploads\/sites\/5\/2019\/11\/Curso-de-Vacaciones-Biblioteca-IGSS-2019-13-696x464.jpg 696w, \/wp-content\/uploads\/sites\/5\/2019\/11\/Curso-de-Vacaciones-Biblioteca-IGSS-2019-13-1068x712.jpg 1068w, \/wp-content\/uploads\/sites\/5\/2019\/11\/Curso-de-Vacaciones-Biblioteca-IGSS-2019-13-534x356.jpg 534w, \/wp-content\/uploads\/sites\/5\/2019\/11\/Curso-de-Vacaciones-Biblioteca-IGSS-2019-13.jpg 1280w\" sizes=\"(max-width: 630px) 100vw, 630px\" alt=\"\">\r\n                            <\/a>\r\n                            \r\n                        <\/figure>\r\n                    <\/div>\r\n                    <div class = \"td-slide-item td-item16\">\r\n                        <figure class=\"td-slide-galery-figure td-slide-popup-gallery\">\r\n                            <a class=\"slide-gallery-image-link\" href=\"\/wp-content\/uploads\/sites\/5\/2019\/11\/Curso-de-Vacaciones-Biblioteca-IGSS-2019-14.jpg\" title=\"Curso de Vacaciones Biblioteca IGSS 2019-14\"  data-caption=\"\"  data-description=\"\">\r\n                                <img decoding=\"async\" src=\"\/wp-content\/uploads\/sites\/5\/2019\/11\/Curso-de-Vacaciones-Biblioteca-IGSS-2019-14-630x420.jpg\" srcset=\"\/wp-content\/uploads\/sites\/5\/2019\/11\/Curso-de-Vacaciones-Biblioteca-IGSS-2019-14-630x420.jpg 630w, \/wp-content\/uploads\/sites\/5\/2019\/11\/Curso-de-Vacaciones-Biblioteca-IGSS-2019-14-300x200.jpg 300w, \/wp-content\/uploads\/sites\/5\/2019\/11\/Curso-de-Vacaciones-Biblioteca-IGSS-2019-14-768x512.jpg 768w, \/wp-content\/uploads\/sites\/5\/2019\/11\/Curso-de-Vacaciones-Biblioteca-IGSS-2019-14-1024x682.jpg 1024w, \/wp-content\/uploads\/sites\/5\/2019\/11\/Curso-de-Vacaciones-Biblioteca-IGSS-2019-14-696x464.jpg 696w, \/wp-content\/uploads\/sites\/5\/2019\/11\/Curso-de-Vacaciones-Biblioteca-IGSS-2019-14-1068x712.jpg 1068w, \/wp-content\/uploads\/sites\/5\/2019\/11\/Curso-de-Vacaciones-Biblioteca-IGSS-2019-14-534x356.jpg 534w, \/wp-content\/uploads\/sites\/5\/2019\/11\/Curso-de-Vacaciones-Biblioteca-IGSS-2019-14.jpg 1280w\" sizes=\"(max-width: 630px) 100vw, 630px\" alt=\"\">\r\n                            <\/a>\r\n                            \r\n                        <\/figure>\r\n                    <\/div>\r\n                    <div class = \"td-slide-item td-item17\">\r\n                        <figure class=\"td-slide-galery-figure td-slide-popup-gallery\">\r\n                            <a class=\"slide-gallery-image-link\" href=\"\/wp-content\/uploads\/sites\/5\/2019\/11\/Curso-de-Vacaciones-Biblioteca-IGSS-2019-18.jpg\" title=\"Curso de Vacaciones Biblioteca IGSS 2019-18\"  data-caption=\"\"  data-description=\"\">\r\n                                <img decoding=\"async\" src=\"\/wp-content\/uploads\/sites\/5\/2019\/11\/Curso-de-Vacaciones-Biblioteca-IGSS-2019-18-630x420.jpg\" srcset=\"\/wp-content\/uploads\/sites\/5\/2019\/11\/Curso-de-Vacaciones-Biblioteca-IGSS-2019-18-630x420.jpg 630w, \/wp-content\/uploads\/sites\/5\/2019\/11\/Curso-de-Vacaciones-Biblioteca-IGSS-2019-18-300x200.jpg 300w, \/wp-content\/uploads\/sites\/5\/2019\/11\/Curso-de-Vacaciones-Biblioteca-IGSS-2019-18-768x512.jpg 768w, \/wp-content\/uploads\/sites\/5\/2019\/11\/Curso-de-Vacaciones-Biblioteca-IGSS-2019-18-1024x682.jpg 1024w, \/wp-content\/uploads\/sites\/5\/2019\/11\/Curso-de-Vacaciones-Biblioteca-IGSS-2019-18-696x464.jpg 696w, \/wp-content\/uploads\/sites\/5\/2019\/11\/Curso-de-Vacaciones-Biblioteca-IGSS-2019-18-1068x712.jpg 1068w, \/wp-content\/uploads\/sites\/5\/2019\/11\/Curso-de-Vacaciones-Biblioteca-IGSS-2019-18-534x356.jpg 534w, \/wp-content\/uploads\/sites\/5\/2019\/11\/Curso-de-Vacaciones-Biblioteca-IGSS-2019-18.jpg 1280w\" sizes=\"(max-width: 630px) 100vw, 630px\" alt=\"\">\r\n                            <\/a>\r\n                            \r\n                        <\/figure>\r\n                    <\/div>\r\n                    <div class = \"td-slide-item td-item18\">\r\n                        <figure class=\"td-slide-galery-figure td-slide-popup-gallery\">\r\n                            <a class=\"slide-gallery-image-link\" href=\"\/wp-content\/uploads\/sites\/5\/2019\/11\/Curso-de-Vacaciones-Biblioteca-IGSS-2019-17.jpg\" title=\"Curso de Vacaciones Biblioteca IGSS 2019-17\"  data-caption=\"\"  data-description=\"\">\r\n                                <img decoding=\"async\" src=\"\/wp-content\/uploads\/sites\/5\/2019\/11\/Curso-de-Vacaciones-Biblioteca-IGSS-2019-17-622x420.jpg\" srcset=\"\/wp-content\/uploads\/sites\/5\/2019\/11\/Curso-de-Vacaciones-Biblioteca-IGSS-2019-17-622x420.jpg 622w, \/wp-content\/uploads\/sites\/5\/2019\/11\/Curso-de-Vacaciones-Biblioteca-IGSS-2019-17-300x203.jpg 300w, \/wp-content\/uploads\/sites\/5\/2019\/11\/Curso-de-Vacaciones-Biblioteca-IGSS-2019-17-768x518.jpg 768w, \/wp-content\/uploads\/sites\/5\/2019\/11\/Curso-de-Vacaciones-Biblioteca-IGSS-2019-17-1024x691.jpg 1024w, \/wp-content\/uploads\/sites\/5\/2019\/11\/Curso-de-Vacaciones-Biblioteca-IGSS-2019-17-696x470.jpg 696w, \/wp-content\/uploads\/sites\/5\/2019\/11\/Curso-de-Vacaciones-Biblioteca-IGSS-2019-17-1068x721.jpg 1068w, \/wp-content\/uploads\/sites\/5\/2019\/11\/Curso-de-Vacaciones-Biblioteca-IGSS-2019-17-534x360.jpg 534w, \/wp-content\/uploads\/sites\/5\/2019\/11\/Curso-de-Vacaciones-Biblioteca-IGSS-2019-17.jpg 1280w\" sizes=\"(max-width: 622px) 100vw, 622px\" alt=\"\">\r\n                            <\/a>\r\n                            \r\n                        <\/figure>\r\n                    <\/div>\r\n                    <div class = \"td-slide-item td-item19\">\r\n                        <figure class=\"td-slide-galery-figure td-slide-popup-gallery\">\r\n                            <a class=\"slide-gallery-image-link\" href=\"\/wp-content\/uploads\/sites\/5\/2019\/11\/Curso-de-Vacaciones-Biblioteca-IGSS-2019-19.jpg\" title=\"Curso de Vacaciones Biblioteca IGSS 2019-19\"  data-caption=\"\"  data-description=\"\">\r\n                                <img decoding=\"async\" src=\"\/wp-content\/uploads\/sites\/5\/2019\/11\/Curso-de-Vacaciones-Biblioteca-IGSS-2019-19-630x420.jpg\" srcset=\"\/wp-content\/uploads\/sites\/5\/2019\/11\/Curso-de-Vacaciones-Biblioteca-IGSS-2019-19-630x420.jpg 630w, \/wp-content\/uploads\/sites\/5\/2019\/11\/Curso-de-Vacaciones-Biblioteca-IGSS-2019-19-300x200.jpg 300w, \/wp-content\/uploads\/sites\/5\/2019\/11\/Curso-de-Vacaciones-Biblioteca-IGSS-2019-19-768x512.jpg 768w, \/wp-content\/uploads\/sites\/5\/2019\/11\/Curso-de-Vacaciones-Biblioteca-IGSS-2019-19-1024x682.jpg 1024w, \/wp-content\/uploads\/sites\/5\/2019\/11\/Curso-de-Vacaciones-Biblioteca-IGSS-2019-19-696x464.jpg 696w, \/wp-content\/uploads\/sites\/5\/2019\/11\/Curso-de-Vacaciones-Biblioteca-IGSS-2019-19-1068x712.jpg 1068w, \/wp-content\/uploads\/sites\/5\/2019\/11\/Curso-de-Vacaciones-Biblioteca-IGSS-2019-19-534x356.jpg 534w, \/wp-content\/uploads\/sites\/5\/2019\/11\/Curso-de-Vacaciones-Biblioteca-IGSS-2019-19.jpg 1280w\" sizes=\"(max-width: 630px) 100vw, 630px\" alt=\"\">\r\n                            <\/a>\r\n                            \r\n                        <\/figure>\r\n                    <\/div>\r\n                            <\/div>\r\n                        <\/div>\r\n\r\n                        <div class = \"td-doubleSlider-2\">\r\n                            <div class = \"td-slider\">\r\n                                \r\n                    <div class = \"td-button td-item1\">\r\n                        <div class = \"td-border\"><\/div>\r\n                    <\/div>\r\n                    <div class = \"td-button td-item2\">\r\n                        <div class = \"td-border\"><\/div>\r\n                    <\/div>\r\n                    <div class = \"td-button td-item3\">\r\n                        <div class = \"td-border\"><\/div>\r\n                    <\/div>\r\n                    <div class = \"td-button td-item4\">\r\n                        <div class = \"td-border\"><\/div>\r\n                    <\/div>\r\n                    <div class = \"td-button td-item5\">\r\n                        <div class = \"td-border\"><\/div>\r\n                    <\/div>\r\n                    <div class = \"td-button td-item6\">\r\n                        <div class = \"td-border\"><\/div>\r\n                    <\/div>\r\n                    <div class = \"td-button td-item7\">\r\n                        <div class = \"td-border\"><\/div>\r\n                    <\/div>\r\n                    <div class = \"td-button td-item8\">\r\n                        <div class = \"td-border\"><\/div>\r\n                    <\/div>\r\n                    <div class = \"td-button td-item9\">\r\n                        <div class = \"td-border\"><\/div>\r\n                    <\/div>\r\n                    <div class = \"td-button td-item10\">\r\n                        <div class = \"td-border\"><\/div>\r\n                    <\/div>\r\n                    <div class = \"td-button td-item11\">\r\n                        <div class = \"td-border\"><\/div>\r\n                    <\/div>\r\n                    <div class = \"td-button td-item12\">\r\n                        <div class = \"td-border\"><\/div>\r\n                    <\/div>\r\n                    <div class = \"td-button td-item13\">\r\n                        <div class = \"td-border\"><\/div>\r\n                    <\/div>\r\n                    <div class = \"td-button td-item14\">\r\n                        <div class = \"td-border\"><\/div>\r\n                    <\/div>\r\n                    <div class = \"td-button td-item15\">\r\n                        <div class = \"td-border\"><\/div>\r\n                    <\/div>\r\n                    <div class = \"td-button td-item16\">\r\n                        <div class = \"td-border\"><\/div>\r\n                    <\/div>\r\n                    <div class = \"td-button td-item17\">\r\n                        <div class = \"td-border\"><\/div>\r\n                    <\/div>\r\n                    <div class = \"td-button td-item18\">\r\n                        <div class = \"td-border\"><\/div>\r\n                    <\/div>\r\n                    <div class = \"td-button td-item19\">\r\n                        <div class = \"td-border\"><\/div>\r\n                    <\/div>\r\n                            <\/div>\r\n                        <\/div>\r\n\r\n                    <\/div>\r\n\r\n                <\/div>\r\n                \n","protected":false},"excerpt":{"rendered":"<p>Un total de 55 menores participan en el curso-taller vacacional de manualidades \u201cTerapia Ocupacional\u201d, el cual se inici\u00f3 esta semana en la Biblioteca de las Oficinas Centrales del Instituto, actividad que en esta ocasi\u00f3n suma 15 a\u00f1os de ser impartido. Este taller est\u00e1 dirigido a ni\u00f1os y adolescentes hijos de trabajadores de la instituci\u00f3n, el [&hellip;]<\/p>\n","protected":false},"author":4,"featured_media":14599,"comment_status":"open","ping_status":"open","sticky":false,"template":"","format":"standard","meta":{"footnotes":""},"categories":[3,29],"tags":[137,223],"coauthors":[881],"class_list":{"0":"post-14586","1":"post","2":"type-post","3":"status-publish","4":"format-standard","5":"has-post-thumbnail","7":"category-actualidad","8":"category-publicaciones","9":"tag-biblioteca-igss","10":"tag-curso-de-vacaciones"},"_links":{"self":[{"href":"https:\/\/www.igssgt.org\/noticias\/wp-json\/wp\/v2\/posts\/14586","targetHints":{"allow":["GET"]}}],"collection":[{"href":"https:\/\/www.igssgt.org\/noticias\/wp-json\/wp\/v2\/posts"}],"about":[{"href":"https:\/\/www.igssgt.org\/noticias\/wp-json\/wp\/v2\/types\/post"}],"author":[{"embeddable":true,"href":"https:\/\/www.igssgt.org\/noticias\/wp-json\/wp\/v2\/users\/4"}],"replies":[{"embeddable":true,"href":"https:\/\/www.igssgt.org\/noticias\/wp-json\/wp\/v2\/comments?post=14586"}],"version-history":[{"count":1,"href":"https:\/\/www.igssgt.org\/noticias\/wp-json\/wp\/v2\/posts\/14586\/revisions"}],"predecessor-version":[{"id":14606,"href":"https:\/\/www.igssgt.org\/noticias\/wp-json\/wp\/v2\/posts\/14586\/revisions\/14606"}],"wp:featuredmedia":[{"embeddable":true,"href":"https:\/\/www.igssgt.org\/noticias\/wp-json\/wp\/v2\/media\/14599"}],"wp:attachment":[{"href":"https:\/\/www.igssgt.org\/noticias\/wp-json\/wp\/v2\/media?parent=14586"}],"wp:term":[{"taxonomy":"category","embeddable":true,"href":"https:\/\/www.igssgt.org\/noticias\/wp-json\/wp\/v2\/categories?post=14586"},{"taxonomy":"post_tag","embeddable":true,"href":"https:\/\/www.igssgt.org\/noticias\/wp-json\/wp\/v2\/tags?post=14586"},{"taxonomy":"author","embeddable":true,"href":"https:\/\/www.igssgt.org\/noticias\/wp-json\/wp\/v2\/coauthors?post=14586"}],"curies":[{"name":"wp","href":"https:\/\/api.w.org\/{rel}","templated":true}]}}