{"id":14809,"date":"2019-11-25T09:05:56","date_gmt":"2019-11-25T15:05:56","guid":{"rendered":"https:\/\/www.igssgt.org\/noticias\/?p=14809"},"modified":"2019-11-25T12:11:49","modified_gmt":"2019-11-25T18:11:49","slug":"concluye-el-iii-congreso-de-medicos-residentes","status":"publish","type":"post","link":"https:\/\/www.igssgt.org\/noticias\/2019\/11\/25\/concluye-el-iii-congreso-de-medicos-residentes\/","title":{"rendered":"Concluye el III Congreso de M\u00e9dicos Residentes"},"content":{"rendered":"\n<p>Cuarenta expertos expusieron sus conocimientos durante dos d\u00edas en el III Congreso de M\u00e9dicos Residentes del IGSS, el cual tuvo como tema central \u201cSeguridad y calidad en la atenci\u00f3n del paciente derechohabiente\u201d. La actividad m\u00e9dico cient\u00edfica cont\u00f3 con la participaci\u00f3n de 520 m\u00e9dicos de 24 especialidades.<\/p>\n<p>Durante la charlas los m\u00e9dicos fueron capacitados en especialidades como los tratamientos en las \u00e1reas de pediatr\u00eda, ginecolog\u00eda, gastroenterolog\u00eda, oncolog\u00eda, neurocirug\u00eda, medicina f\u00edsica, rehabilitaci\u00f3n, ortopedia y reumatolog\u00eda, entre otros.<\/p>\n<p>La doctora Ana Marilyn Ortiz, gerente del Seguro Social, expuso el tema Plenaria, Seguridad y Calidad en la Atenci\u00f3n al Paciente Derechohabiente. En su intervenci\u00f3n exhort\u00f3 a los asistentes a brindar al paciente y a los trabajadores un trato con calidez y humanidad, e hizo \u00e9nfasis en que en el Instituto se atiende a adultos mayores, adultos, j\u00f3venes, ni\u00f1os y reci\u00e9n nacidos.<\/p>\n<h4>Premiaci\u00f3n <\/h4>\n<p>La actividad concluy\u00f3 con la premiaci\u00f3n de los tres mejores casos cl\u00ednicos, los que fueron presentados por los doctores Julio Adalberto P\u00e9rez, Sergio Pablo Vel\u00e1squez y Luis Alberto Contreras, quienes recibieron un diploma de reconocimiento.<\/p>\n<p>Tambi\u00e9n se premi\u00f3 a los m\u00e9dicos Juan Andreas Mejicanos y Andrea Sof\u00eda L\u00f3pez Enr\u00edquez por obtener el primer lugar en los casos mejor investigados, segundo lugar Nancy Melina Mendoza y el tercero fue para M\u00f3nica Flores. Finalmente fue nombrado el doctor Alejandro Aguilar como presidente de la Junta Directiva para el IV Congreso de Residentes, que se realizar\u00e1 en el a\u00f1o 2020.<\/p>\n\n\n\n\r\n                <style type=\"text\/css\">\r\n                    \r\n                    #tdi_1  .td-doubleSlider-2 .td-item1 {\r\n                        background: url(\/wp-content\/uploads\/sites\/5\/2019\/11\/Tercer-congreso-medicos-residentes-igss-2019-1-80x60.jpg) 0 0 no-repeat;\r\n                    }\r\n                    #tdi_1  .td-doubleSlider-2 .td-item2 {\r\n                        background: url(\/wp-content\/uploads\/sites\/5\/2019\/11\/Tercer-congreso-medicos-residentes-igss-2019-2-80x60.jpg) 0 0 no-repeat;\r\n                    }\r\n                    #tdi_1  .td-doubleSlider-2 .td-item3 {\r\n                        background: url(\/wp-content\/uploads\/sites\/5\/2019\/11\/Tercer-congreso-medicos-residentes-igss-2019-3-80x60.jpg) 0 0 no-repeat;\r\n                    }\r\n                    #tdi_1  .td-doubleSlider-2 .td-item4 {\r\n                        background: url(\/wp-content\/uploads\/sites\/5\/2019\/11\/Tercer-congreso-medicos-residentes-igss-2019-4-80x60.jpg) 0 0 no-repeat;\r\n                    }\r\n                    #tdi_1  .td-doubleSlider-2 .td-item5 {\r\n                        background: url(\/wp-content\/uploads\/sites\/5\/2019\/11\/Tercer-congreso-medicos-residentes-igss-2019-5-80x60.jpg) 0 0 no-repeat;\r\n                    }\r\n                    #tdi_1  .td-doubleSlider-2 .td-item6 {\r\n                        background: url(\/wp-content\/uploads\/sites\/5\/2019\/11\/Tercer-congreso-medicos-residentes-igss-2019-6-80x60.jpg) 0 0 no-repeat;\r\n                    }\r\n                    #tdi_1  .td-doubleSlider-2 .td-item7 {\r\n                        background: url(\/wp-content\/uploads\/sites\/5\/2019\/11\/Tercer-congreso-medicos-residentes-igss-2019-7-80x60.jpg) 0 0 no-repeat;\r\n                    }\r\n                    #tdi_1  .td-doubleSlider-2 .td-item8 {\r\n                        background: url(\/wp-content\/uploads\/sites\/5\/2019\/11\/Tercer-congreso-medicos-residentes-igss-2019-8-80x60.jpg) 0 0 no-repeat;\r\n                    }\r\n                    #tdi_1  .td-doubleSlider-2 .td-item9 {\r\n                        background: url(\/wp-content\/uploads\/sites\/5\/2019\/11\/Tercer-congreso-medicos-residentes-igss-2019-9-80x60.jpg) 0 0 no-repeat;\r\n                    }\r\n                    #tdi_1  .td-doubleSlider-2 .td-item10 {\r\n                        background: url(\/wp-content\/uploads\/sites\/5\/2019\/11\/Tercer-congreso-medicos-residentes-igss-2019-10-80x60.jpg) 0 0 no-repeat;\r\n                    }\r\n                    #tdi_1  .td-doubleSlider-2 .td-item11 {\r\n                        background: url(\/wp-content\/uploads\/sites\/5\/2019\/11\/Tercer-congreso-medicos-residentes-igss-2019-11-80x60.jpg) 0 0 no-repeat;\r\n                    }\r\n                    #tdi_1  .td-doubleSlider-2 .td-item12 {\r\n                        background: url(\/wp-content\/uploads\/sites\/5\/2019\/11\/Tercer-congreso-medicos-residentes-igss-2019-12-80x60.jpg) 0 0 no-repeat;\r\n                    }\r\n                    #tdi_1  .td-doubleSlider-2 .td-item13 {\r\n                        background: url(\/wp-content\/uploads\/sites\/5\/2019\/11\/Tercer-congreso-medicos-residentes-igss-2019-14-80x60.jpg) 0 0 no-repeat;\r\n                    }\r\n                    #tdi_1  .td-doubleSlider-2 .td-item14 {\r\n                        background: url(\/wp-content\/uploads\/sites\/5\/2019\/11\/Tercer-congreso-medicos-residentes-igss-2019-15-80x60.jpg) 0 0 no-repeat;\r\n                    }\r\n                    #tdi_1  .td-doubleSlider-2 .td-item15 {\r\n                        background: url(\/wp-content\/uploads\/sites\/5\/2019\/11\/Tercer-congreso-medicos-residentes-igss-2019-16-80x60.jpg) 0 0 no-repeat;\r\n                    }\r\n                    #tdi_1  .td-doubleSlider-2 .td-item16 {\r\n                        background: url(\/wp-content\/uploads\/sites\/5\/2019\/11\/Tercer-congreso-medicos-residentes-igss-2019-17-80x60.jpg) 0 0 no-repeat;\r\n                    }\r\n                    #tdi_1  .td-doubleSlider-2 .td-item17 {\r\n                        background: url(\/wp-content\/uploads\/sites\/5\/2019\/11\/Tercer-congreso-medicos-residentes-igss-2019-18-80x60.jpg) 0 0 no-repeat;\r\n                    }\r\n                    #tdi_1  .td-doubleSlider-2 .td-item18 {\r\n                        background: url(\/wp-content\/uploads\/sites\/5\/2019\/11\/Tercer-congreso-medicos-residentes-igss-2019-19-80x60.jpg) 0 0 no-repeat;\r\n                    }\r\n                    #tdi_1  .td-doubleSlider-2 .td-item19 {\r\n                        background: url(\/wp-content\/uploads\/sites\/5\/2019\/11\/Tercer-congreso-medicos-residentes-igss-2019-20-80x60.jpg) 0 0 no-repeat;\r\n                    }\r\n                    #tdi_1  .td-doubleSlider-2 .td-item20 {\r\n                        background: url(\/wp-content\/uploads\/sites\/5\/2019\/11\/Tercer-congreso-medicos-residentes-igss-2019-21-80x60.jpg) 0 0 no-repeat;\r\n                    }\r\n                <\/style>\r\n\r\n                <div id=\"tdi_1\" class=\"td-gallery td-slide-on-2-columns\">\r\n                    <div class=\"post_td_gallery\">\r\n                        <div class=\"td-gallery-slide-top\">\r\n                           <div class=\"td-gallery-title\">Galer\u00eda de Im\u00e1genes<\/div>\r\n\r\n                            <div class=\"td-gallery-controls-wrapper\">\r\n                                <div class=\"td-gallery-slide-count\"><span class=\"td-gallery-slide-item-focus\">1<\/span> de 20<\/div>\r\n                                <div class=\"td-gallery-slide-prev-next-but\">\r\n                                    <i class = \"td-icon-left doubleSliderPrevButton\"><\/i>\r\n                                    <i class = \"td-icon-right doubleSliderNextButton\"><\/i>\r\n                                <\/div>\r\n                            <\/div>\r\n                        <\/div>\r\n\r\n                        <div class = \"td-doubleSlider-1 \">\r\n                            <div class = \"td-slider\">\r\n                                \r\n                    <div class = \"td-slide-item td-item1\">\r\n                        <figure class=\"td-slide-galery-figure td-slide-popup-gallery\">\r\n                            <a class=\"slide-gallery-image-link\" href=\"\/wp-content\/uploads\/sites\/5\/2019\/11\/Tercer-congreso-medicos-residentes-igss-2019-1.jpg\" title=\"Tercer congreso medicos residentes igss 2019-1\"  data-caption=\"\"  data-description=\"\">\r\n                                <img decoding=\"async\" src=\"\/wp-content\/uploads\/sites\/5\/2019\/11\/Tercer-congreso-medicos-residentes-igss-2019-1-630x420.jpg\" srcset=\"\/wp-content\/uploads\/sites\/5\/2019\/11\/Tercer-congreso-medicos-residentes-igss-2019-1-630x420.jpg 630w, \/wp-content\/uploads\/sites\/5\/2019\/11\/Tercer-congreso-medicos-residentes-igss-2019-1-300x200.jpg 300w, \/wp-content\/uploads\/sites\/5\/2019\/11\/Tercer-congreso-medicos-residentes-igss-2019-1-768x512.jpg 768w, \/wp-content\/uploads\/sites\/5\/2019\/11\/Tercer-congreso-medicos-residentes-igss-2019-1-1024x682.jpg 1024w, \/wp-content\/uploads\/sites\/5\/2019\/11\/Tercer-congreso-medicos-residentes-igss-2019-1-696x464.jpg 696w, \/wp-content\/uploads\/sites\/5\/2019\/11\/Tercer-congreso-medicos-residentes-igss-2019-1-1068x712.jpg 1068w, \/wp-content\/uploads\/sites\/5\/2019\/11\/Tercer-congreso-medicos-residentes-igss-2019-1-534x356.jpg 534w, \/wp-content\/uploads\/sites\/5\/2019\/11\/Tercer-congreso-medicos-residentes-igss-2019-1.jpg 1280w\" sizes=\"(max-width: 630px) 100vw, 630px\" alt=\"\">\r\n                            <\/a>\r\n                            \r\n                        <\/figure>\r\n                    <\/div>\r\n                    <div class = \"td-slide-item td-item2\">\r\n                        <figure class=\"td-slide-galery-figure td-slide-popup-gallery\">\r\n                            <a class=\"slide-gallery-image-link\" href=\"\/wp-content\/uploads\/sites\/5\/2019\/11\/Tercer-congreso-medicos-residentes-igss-2019-2.jpg\" title=\"Tercer congreso medicos residentes igss 2019-2\"  data-caption=\"\"  data-description=\"\">\r\n                                <img decoding=\"async\" src=\"\/wp-content\/uploads\/sites\/5\/2019\/11\/Tercer-congreso-medicos-residentes-igss-2019-2-630x420.jpg\" srcset=\"\/wp-content\/uploads\/sites\/5\/2019\/11\/Tercer-congreso-medicos-residentes-igss-2019-2-630x420.jpg 630w, \/wp-content\/uploads\/sites\/5\/2019\/11\/Tercer-congreso-medicos-residentes-igss-2019-2-300x200.jpg 300w, \/wp-content\/uploads\/sites\/5\/2019\/11\/Tercer-congreso-medicos-residentes-igss-2019-2-768x512.jpg 768w, \/wp-content\/uploads\/sites\/5\/2019\/11\/Tercer-congreso-medicos-residentes-igss-2019-2-1024x682.jpg 1024w, \/wp-content\/uploads\/sites\/5\/2019\/11\/Tercer-congreso-medicos-residentes-igss-2019-2-696x464.jpg 696w, \/wp-content\/uploads\/sites\/5\/2019\/11\/Tercer-congreso-medicos-residentes-igss-2019-2-1068x712.jpg 1068w, \/wp-content\/uploads\/sites\/5\/2019\/11\/Tercer-congreso-medicos-residentes-igss-2019-2-534x356.jpg 534w, \/wp-content\/uploads\/sites\/5\/2019\/11\/Tercer-congreso-medicos-residentes-igss-2019-2.jpg 1280w\" sizes=\"(max-width: 630px) 100vw, 630px\" alt=\"\">\r\n                            <\/a>\r\n                            \r\n                        <\/figure>\r\n                    <\/div>\r\n                    <div class = \"td-slide-item td-item3\">\r\n                        <figure class=\"td-slide-galery-figure td-slide-popup-gallery\">\r\n                            <a class=\"slide-gallery-image-link\" href=\"\/wp-content\/uploads\/sites\/5\/2019\/11\/Tercer-congreso-medicos-residentes-igss-2019-3.jpg\" title=\"Tercer congreso medicos residentes igss 2019-3\"  data-caption=\"\"  data-description=\"\">\r\n                                <img decoding=\"async\" src=\"\/wp-content\/uploads\/sites\/5\/2019\/11\/Tercer-congreso-medicos-residentes-igss-2019-3-630x420.jpg\" srcset=\"\/wp-content\/uploads\/sites\/5\/2019\/11\/Tercer-congreso-medicos-residentes-igss-2019-3-630x420.jpg 630w, \/wp-content\/uploads\/sites\/5\/2019\/11\/Tercer-congreso-medicos-residentes-igss-2019-3-300x200.jpg 300w, \/wp-content\/uploads\/sites\/5\/2019\/11\/Tercer-congreso-medicos-residentes-igss-2019-3-768x512.jpg 768w, \/wp-content\/uploads\/sites\/5\/2019\/11\/Tercer-congreso-medicos-residentes-igss-2019-3-1024x682.jpg 1024w, \/wp-content\/uploads\/sites\/5\/2019\/11\/Tercer-congreso-medicos-residentes-igss-2019-3-696x464.jpg 696w, \/wp-content\/uploads\/sites\/5\/2019\/11\/Tercer-congreso-medicos-residentes-igss-2019-3-1068x712.jpg 1068w, \/wp-content\/uploads\/sites\/5\/2019\/11\/Tercer-congreso-medicos-residentes-igss-2019-3-534x356.jpg 534w, \/wp-content\/uploads\/sites\/5\/2019\/11\/Tercer-congreso-medicos-residentes-igss-2019-3.jpg 1280w\" sizes=\"(max-width: 630px) 100vw, 630px\" alt=\"\">\r\n                            <\/a>\r\n                            \r\n                        <\/figure>\r\n                    <\/div>\r\n                    <div class = \"td-slide-item td-item4\">\r\n                        <figure class=\"td-slide-galery-figure td-slide-popup-gallery\">\r\n                            <a class=\"slide-gallery-image-link\" href=\"\/wp-content\/uploads\/sites\/5\/2019\/11\/Tercer-congreso-medicos-residentes-igss-2019-4.jpg\" title=\"Tercer congreso medicos residentes igss 2019-4\"  data-caption=\"\"  data-description=\"\">\r\n                                <img decoding=\"async\" src=\"\/wp-content\/uploads\/sites\/5\/2019\/11\/Tercer-congreso-medicos-residentes-igss-2019-4-630x420.jpg\" srcset=\"\/wp-content\/uploads\/sites\/5\/2019\/11\/Tercer-congreso-medicos-residentes-igss-2019-4-630x420.jpg 630w, \/wp-content\/uploads\/sites\/5\/2019\/11\/Tercer-congreso-medicos-residentes-igss-2019-4-300x200.jpg 300w, \/wp-content\/uploads\/sites\/5\/2019\/11\/Tercer-congreso-medicos-residentes-igss-2019-4-768x512.jpg 768w, \/wp-content\/uploads\/sites\/5\/2019\/11\/Tercer-congreso-medicos-residentes-igss-2019-4-1024x682.jpg 1024w, \/wp-content\/uploads\/sites\/5\/2019\/11\/Tercer-congreso-medicos-residentes-igss-2019-4-696x464.jpg 696w, \/wp-content\/uploads\/sites\/5\/2019\/11\/Tercer-congreso-medicos-residentes-igss-2019-4-1068x712.jpg 1068w, \/wp-content\/uploads\/sites\/5\/2019\/11\/Tercer-congreso-medicos-residentes-igss-2019-4-534x356.jpg 534w, \/wp-content\/uploads\/sites\/5\/2019\/11\/Tercer-congreso-medicos-residentes-igss-2019-4.jpg 1280w\" sizes=\"(max-width: 630px) 100vw, 630px\" alt=\"\">\r\n                            <\/a>\r\n                            \r\n                        <\/figure>\r\n                    <\/div>\r\n                    <div class = \"td-slide-item td-item5\">\r\n                        <figure class=\"td-slide-galery-figure td-slide-popup-gallery\">\r\n                            <a class=\"slide-gallery-image-link\" href=\"\/wp-content\/uploads\/sites\/5\/2019\/11\/Tercer-congreso-medicos-residentes-igss-2019-5.jpg\" title=\"Tercer congreso medicos residentes igss 2019-5\"  data-caption=\"\"  data-description=\"\">\r\n                                <img decoding=\"async\" src=\"\/wp-content\/uploads\/sites\/5\/2019\/11\/Tercer-congreso-medicos-residentes-igss-2019-5-630x420.jpg\" srcset=\"\/wp-content\/uploads\/sites\/5\/2019\/11\/Tercer-congreso-medicos-residentes-igss-2019-5-630x420.jpg 630w, \/wp-content\/uploads\/sites\/5\/2019\/11\/Tercer-congreso-medicos-residentes-igss-2019-5-300x200.jpg 300w, \/wp-content\/uploads\/sites\/5\/2019\/11\/Tercer-congreso-medicos-residentes-igss-2019-5-768x512.jpg 768w, \/wp-content\/uploads\/sites\/5\/2019\/11\/Tercer-congreso-medicos-residentes-igss-2019-5-1024x682.jpg 1024w, \/wp-content\/uploads\/sites\/5\/2019\/11\/Tercer-congreso-medicos-residentes-igss-2019-5-696x464.jpg 696w, \/wp-content\/uploads\/sites\/5\/2019\/11\/Tercer-congreso-medicos-residentes-igss-2019-5-1068x712.jpg 1068w, \/wp-content\/uploads\/sites\/5\/2019\/11\/Tercer-congreso-medicos-residentes-igss-2019-5-534x356.jpg 534w, \/wp-content\/uploads\/sites\/5\/2019\/11\/Tercer-congreso-medicos-residentes-igss-2019-5.jpg 1280w\" sizes=\"(max-width: 630px) 100vw, 630px\" alt=\"\">\r\n                            <\/a>\r\n                            \r\n                        <\/figure>\r\n                    <\/div>\r\n                    <div class = \"td-slide-item td-item6\">\r\n                        <figure class=\"td-slide-galery-figure td-slide-popup-gallery\">\r\n                            <a class=\"slide-gallery-image-link\" href=\"\/wp-content\/uploads\/sites\/5\/2019\/11\/Tercer-congreso-medicos-residentes-igss-2019-6.jpg\" title=\"Tercer congreso medicos residentes igss 2019-6\"  data-caption=\"\"  data-description=\"\">\r\n                                <img decoding=\"async\" src=\"\/wp-content\/uploads\/sites\/5\/2019\/11\/Tercer-congreso-medicos-residentes-igss-2019-6-630x420.jpg\" srcset=\"\/wp-content\/uploads\/sites\/5\/2019\/11\/Tercer-congreso-medicos-residentes-igss-2019-6-630x420.jpg 630w, \/wp-content\/uploads\/sites\/5\/2019\/11\/Tercer-congreso-medicos-residentes-igss-2019-6-300x200.jpg 300w, \/wp-content\/uploads\/sites\/5\/2019\/11\/Tercer-congreso-medicos-residentes-igss-2019-6-768x512.jpg 768w, \/wp-content\/uploads\/sites\/5\/2019\/11\/Tercer-congreso-medicos-residentes-igss-2019-6-1024x682.jpg 1024w, \/wp-content\/uploads\/sites\/5\/2019\/11\/Tercer-congreso-medicos-residentes-igss-2019-6-696x464.jpg 696w, \/wp-content\/uploads\/sites\/5\/2019\/11\/Tercer-congreso-medicos-residentes-igss-2019-6-1068x712.jpg 1068w, \/wp-content\/uploads\/sites\/5\/2019\/11\/Tercer-congreso-medicos-residentes-igss-2019-6-534x356.jpg 534w, \/wp-content\/uploads\/sites\/5\/2019\/11\/Tercer-congreso-medicos-residentes-igss-2019-6.jpg 1280w\" sizes=\"(max-width: 630px) 100vw, 630px\" alt=\"\">\r\n                            <\/a>\r\n                            \r\n                        <\/figure>\r\n                    <\/div>\r\n                    <div class = \"td-slide-item td-item7\">\r\n                        <figure class=\"td-slide-galery-figure td-slide-popup-gallery\">\r\n                            <a class=\"slide-gallery-image-link\" href=\"\/wp-content\/uploads\/sites\/5\/2019\/11\/Tercer-congreso-medicos-residentes-igss-2019-7.jpg\" title=\"Tercer congreso medicos residentes igss 2019-7\"  data-caption=\"\"  data-description=\"\">\r\n                                <img decoding=\"async\" src=\"\/wp-content\/uploads\/sites\/5\/2019\/11\/Tercer-congreso-medicos-residentes-igss-2019-7-630x420.jpg\" srcset=\"\/wp-content\/uploads\/sites\/5\/2019\/11\/Tercer-congreso-medicos-residentes-igss-2019-7-630x420.jpg 630w, \/wp-content\/uploads\/sites\/5\/2019\/11\/Tercer-congreso-medicos-residentes-igss-2019-7-300x200.jpg 300w, \/wp-content\/uploads\/sites\/5\/2019\/11\/Tercer-congreso-medicos-residentes-igss-2019-7-768x512.jpg 768w, \/wp-content\/uploads\/sites\/5\/2019\/11\/Tercer-congreso-medicos-residentes-igss-2019-7-1024x682.jpg 1024w, \/wp-content\/uploads\/sites\/5\/2019\/11\/Tercer-congreso-medicos-residentes-igss-2019-7-696x464.jpg 696w, \/wp-content\/uploads\/sites\/5\/2019\/11\/Tercer-congreso-medicos-residentes-igss-2019-7-1068x712.jpg 1068w, \/wp-content\/uploads\/sites\/5\/2019\/11\/Tercer-congreso-medicos-residentes-igss-2019-7-534x356.jpg 534w, \/wp-content\/uploads\/sites\/5\/2019\/11\/Tercer-congreso-medicos-residentes-igss-2019-7.jpg 1280w\" sizes=\"(max-width: 630px) 100vw, 630px\" alt=\"\">\r\n                            <\/a>\r\n                            \r\n                        <\/figure>\r\n                    <\/div>\r\n                    <div class = \"td-slide-item td-item8\">\r\n                        <figure class=\"td-slide-galery-figure td-slide-popup-gallery\">\r\n                            <a class=\"slide-gallery-image-link\" href=\"\/wp-content\/uploads\/sites\/5\/2019\/11\/Tercer-congreso-medicos-residentes-igss-2019-8.jpg\" title=\"Tercer congreso medicos residentes igss 2019-8\"  data-caption=\"\"  data-description=\"\">\r\n                                <img decoding=\"async\" src=\"\/wp-content\/uploads\/sites\/5\/2019\/11\/Tercer-congreso-medicos-residentes-igss-2019-8-630x420.jpg\" srcset=\"\/wp-content\/uploads\/sites\/5\/2019\/11\/Tercer-congreso-medicos-residentes-igss-2019-8-630x420.jpg 630w, \/wp-content\/uploads\/sites\/5\/2019\/11\/Tercer-congreso-medicos-residentes-igss-2019-8-300x200.jpg 300w, \/wp-content\/uploads\/sites\/5\/2019\/11\/Tercer-congreso-medicos-residentes-igss-2019-8-768x512.jpg 768w, \/wp-content\/uploads\/sites\/5\/2019\/11\/Tercer-congreso-medicos-residentes-igss-2019-8-1024x682.jpg 1024w, \/wp-content\/uploads\/sites\/5\/2019\/11\/Tercer-congreso-medicos-residentes-igss-2019-8-696x464.jpg 696w, \/wp-content\/uploads\/sites\/5\/2019\/11\/Tercer-congreso-medicos-residentes-igss-2019-8-1068x712.jpg 1068w, \/wp-content\/uploads\/sites\/5\/2019\/11\/Tercer-congreso-medicos-residentes-igss-2019-8-534x356.jpg 534w, \/wp-content\/uploads\/sites\/5\/2019\/11\/Tercer-congreso-medicos-residentes-igss-2019-8.jpg 1280w\" sizes=\"(max-width: 630px) 100vw, 630px\" alt=\"\">\r\n                            <\/a>\r\n                            \r\n                        <\/figure>\r\n                    <\/div>\r\n                    <div class = \"td-slide-item td-item9\">\r\n                        <figure class=\"td-slide-galery-figure td-slide-popup-gallery\">\r\n                            <a class=\"slide-gallery-image-link\" href=\"\/wp-content\/uploads\/sites\/5\/2019\/11\/Tercer-congreso-medicos-residentes-igss-2019-9.jpg\" title=\"Tercer congreso medicos residentes igss 2019-9\"  data-caption=\"\"  data-description=\"\">\r\n                                <img decoding=\"async\" src=\"\/wp-content\/uploads\/sites\/5\/2019\/11\/Tercer-congreso-medicos-residentes-igss-2019-9-630x420.jpg\" srcset=\"\/wp-content\/uploads\/sites\/5\/2019\/11\/Tercer-congreso-medicos-residentes-igss-2019-9-630x420.jpg 630w, \/wp-content\/uploads\/sites\/5\/2019\/11\/Tercer-congreso-medicos-residentes-igss-2019-9-300x200.jpg 300w, \/wp-content\/uploads\/sites\/5\/2019\/11\/Tercer-congreso-medicos-residentes-igss-2019-9-768x512.jpg 768w, \/wp-content\/uploads\/sites\/5\/2019\/11\/Tercer-congreso-medicos-residentes-igss-2019-9-1024x682.jpg 1024w, \/wp-content\/uploads\/sites\/5\/2019\/11\/Tercer-congreso-medicos-residentes-igss-2019-9-696x464.jpg 696w, \/wp-content\/uploads\/sites\/5\/2019\/11\/Tercer-congreso-medicos-residentes-igss-2019-9-1068x712.jpg 1068w, \/wp-content\/uploads\/sites\/5\/2019\/11\/Tercer-congreso-medicos-residentes-igss-2019-9-534x356.jpg 534w, \/wp-content\/uploads\/sites\/5\/2019\/11\/Tercer-congreso-medicos-residentes-igss-2019-9.jpg 1280w\" sizes=\"(max-width: 630px) 100vw, 630px\" alt=\"\">\r\n                            <\/a>\r\n                            \r\n                        <\/figure>\r\n                    <\/div>\r\n                    <div class = \"td-slide-item td-item10\">\r\n                        <figure class=\"td-slide-galery-figure td-slide-popup-gallery\">\r\n                            <a class=\"slide-gallery-image-link\" href=\"\/wp-content\/uploads\/sites\/5\/2019\/11\/Tercer-congreso-medicos-residentes-igss-2019-10.jpg\" title=\"Tercer congreso medicos residentes igss 2019-10\"  data-caption=\"\"  data-description=\"\">\r\n                                <img decoding=\"async\" src=\"\/wp-content\/uploads\/sites\/5\/2019\/11\/Tercer-congreso-medicos-residentes-igss-2019-10-630x420.jpg\" srcset=\"\/wp-content\/uploads\/sites\/5\/2019\/11\/Tercer-congreso-medicos-residentes-igss-2019-10-630x420.jpg 630w, \/wp-content\/uploads\/sites\/5\/2019\/11\/Tercer-congreso-medicos-residentes-igss-2019-10-300x200.jpg 300w, \/wp-content\/uploads\/sites\/5\/2019\/11\/Tercer-congreso-medicos-residentes-igss-2019-10-768x512.jpg 768w, \/wp-content\/uploads\/sites\/5\/2019\/11\/Tercer-congreso-medicos-residentes-igss-2019-10-1024x682.jpg 1024w, \/wp-content\/uploads\/sites\/5\/2019\/11\/Tercer-congreso-medicos-residentes-igss-2019-10-696x464.jpg 696w, \/wp-content\/uploads\/sites\/5\/2019\/11\/Tercer-congreso-medicos-residentes-igss-2019-10-1068x712.jpg 1068w, \/wp-content\/uploads\/sites\/5\/2019\/11\/Tercer-congreso-medicos-residentes-igss-2019-10-534x356.jpg 534w, \/wp-content\/uploads\/sites\/5\/2019\/11\/Tercer-congreso-medicos-residentes-igss-2019-10.jpg 1280w\" sizes=\"(max-width: 630px) 100vw, 630px\" alt=\"\">\r\n                            <\/a>\r\n                            \r\n                        <\/figure>\r\n                    <\/div>\r\n                    <div class = \"td-slide-item td-item11\">\r\n                        <figure class=\"td-slide-galery-figure td-slide-popup-gallery\">\r\n                            <a class=\"slide-gallery-image-link\" href=\"\/wp-content\/uploads\/sites\/5\/2019\/11\/Tercer-congreso-medicos-residentes-igss-2019-11.jpg\" title=\"Tercer congreso medicos residentes igss 2019-11\"  data-caption=\"\"  data-description=\"\">\r\n                                <img decoding=\"async\" src=\"\/wp-content\/uploads\/sites\/5\/2019\/11\/Tercer-congreso-medicos-residentes-igss-2019-11-630x420.jpg\" srcset=\"\/wp-content\/uploads\/sites\/5\/2019\/11\/Tercer-congreso-medicos-residentes-igss-2019-11-630x420.jpg 630w, \/wp-content\/uploads\/sites\/5\/2019\/11\/Tercer-congreso-medicos-residentes-igss-2019-11-300x200.jpg 300w, \/wp-content\/uploads\/sites\/5\/2019\/11\/Tercer-congreso-medicos-residentes-igss-2019-11-768x512.jpg 768w, \/wp-content\/uploads\/sites\/5\/2019\/11\/Tercer-congreso-medicos-residentes-igss-2019-11-1024x682.jpg 1024w, \/wp-content\/uploads\/sites\/5\/2019\/11\/Tercer-congreso-medicos-residentes-igss-2019-11-696x464.jpg 696w, \/wp-content\/uploads\/sites\/5\/2019\/11\/Tercer-congreso-medicos-residentes-igss-2019-11-1068x712.jpg 1068w, \/wp-content\/uploads\/sites\/5\/2019\/11\/Tercer-congreso-medicos-residentes-igss-2019-11-534x356.jpg 534w, \/wp-content\/uploads\/sites\/5\/2019\/11\/Tercer-congreso-medicos-residentes-igss-2019-11.jpg 1280w\" sizes=\"(max-width: 630px) 100vw, 630px\" alt=\"\">\r\n                            <\/a>\r\n                            \r\n                        <\/figure>\r\n                    <\/div>\r\n                    <div class = \"td-slide-item td-item12\">\r\n                        <figure class=\"td-slide-galery-figure td-slide-popup-gallery\">\r\n                            <a class=\"slide-gallery-image-link\" href=\"\/wp-content\/uploads\/sites\/5\/2019\/11\/Tercer-congreso-medicos-residentes-igss-2019-12.jpg\" title=\"Tercer congreso medicos residentes igss 2019-12\"  data-caption=\"\"  data-description=\"\">\r\n                                <img decoding=\"async\" src=\"\/wp-content\/uploads\/sites\/5\/2019\/11\/Tercer-congreso-medicos-residentes-igss-2019-12-630x420.jpg\" srcset=\"\/wp-content\/uploads\/sites\/5\/2019\/11\/Tercer-congreso-medicos-residentes-igss-2019-12-630x420.jpg 630w, \/wp-content\/uploads\/sites\/5\/2019\/11\/Tercer-congreso-medicos-residentes-igss-2019-12-300x200.jpg 300w, \/wp-content\/uploads\/sites\/5\/2019\/11\/Tercer-congreso-medicos-residentes-igss-2019-12-768x512.jpg 768w, \/wp-content\/uploads\/sites\/5\/2019\/11\/Tercer-congreso-medicos-residentes-igss-2019-12-1024x682.jpg 1024w, \/wp-content\/uploads\/sites\/5\/2019\/11\/Tercer-congreso-medicos-residentes-igss-2019-12-696x464.jpg 696w, \/wp-content\/uploads\/sites\/5\/2019\/11\/Tercer-congreso-medicos-residentes-igss-2019-12-1068x712.jpg 1068w, \/wp-content\/uploads\/sites\/5\/2019\/11\/Tercer-congreso-medicos-residentes-igss-2019-12-534x356.jpg 534w, \/wp-content\/uploads\/sites\/5\/2019\/11\/Tercer-congreso-medicos-residentes-igss-2019-12.jpg 1280w\" sizes=\"(max-width: 630px) 100vw, 630px\" alt=\"\">\r\n                            <\/a>\r\n                            \r\n                        <\/figure>\r\n                    <\/div>\r\n                    <div class = \"td-slide-item td-item13\">\r\n                        <figure class=\"td-slide-galery-figure td-slide-popup-gallery\">\r\n                            <a class=\"slide-gallery-image-link\" href=\"\/wp-content\/uploads\/sites\/5\/2019\/11\/Tercer-congreso-medicos-residentes-igss-2019-14.jpg\" title=\"Tercer congreso medicos residentes igss 2019-14\"  data-caption=\"\"  data-description=\"\">\r\n                                <img decoding=\"async\" src=\"\/wp-content\/uploads\/sites\/5\/2019\/11\/Tercer-congreso-medicos-residentes-igss-2019-14-560x420.jpg\" srcset=\"\/wp-content\/uploads\/sites\/5\/2019\/11\/Tercer-congreso-medicos-residentes-igss-2019-14-560x420.jpg 560w, \/wp-content\/uploads\/sites\/5\/2019\/11\/Tercer-congreso-medicos-residentes-igss-2019-14-300x225.jpg 300w, \/wp-content\/uploads\/sites\/5\/2019\/11\/Tercer-congreso-medicos-residentes-igss-2019-14-768x576.jpg 768w, \/wp-content\/uploads\/sites\/5\/2019\/11\/Tercer-congreso-medicos-residentes-igss-2019-14-1024x768.jpg 1024w, \/wp-content\/uploads\/sites\/5\/2019\/11\/Tercer-congreso-medicos-residentes-igss-2019-14-80x60.jpg 80w, \/wp-content\/uploads\/sites\/5\/2019\/11\/Tercer-congreso-medicos-residentes-igss-2019-14-696x522.jpg 696w, \/wp-content\/uploads\/sites\/5\/2019\/11\/Tercer-congreso-medicos-residentes-igss-2019-14-1068x801.jpg 1068w, \/wp-content\/uploads\/sites\/5\/2019\/11\/Tercer-congreso-medicos-residentes-igss-2019-14-265x198.jpg 265w, \/wp-content\/uploads\/sites\/5\/2019\/11\/Tercer-congreso-medicos-residentes-igss-2019-14-534x401.jpg 534w, \/wp-content\/uploads\/sites\/5\/2019\/11\/Tercer-congreso-medicos-residentes-igss-2019-14.jpg 1280w\" sizes=\"(max-width: 560px) 100vw, 560px\" alt=\"\">\r\n                            <\/a>\r\n                            \r\n                        <\/figure>\r\n                    <\/div>\r\n                    <div class = \"td-slide-item td-item14\">\r\n                        <figure class=\"td-slide-galery-figure td-slide-popup-gallery\">\r\n                            <a class=\"slide-gallery-image-link\" href=\"\/wp-content\/uploads\/sites\/5\/2019\/11\/Tercer-congreso-medicos-residentes-igss-2019-15.jpg\" title=\"Tercer congreso medicos residentes igss 2019-15\"  data-caption=\"\"  data-description=\"\">\r\n                                <img decoding=\"async\" src=\"\/wp-content\/uploads\/sites\/5\/2019\/11\/Tercer-congreso-medicos-residentes-igss-2019-15-630x420.jpg\" srcset=\"\/wp-content\/uploads\/sites\/5\/2019\/11\/Tercer-congreso-medicos-residentes-igss-2019-15-630x420.jpg 630w, \/wp-content\/uploads\/sites\/5\/2019\/11\/Tercer-congreso-medicos-residentes-igss-2019-15-300x200.jpg 300w, \/wp-content\/uploads\/sites\/5\/2019\/11\/Tercer-congreso-medicos-residentes-igss-2019-15-768x512.jpg 768w, \/wp-content\/uploads\/sites\/5\/2019\/11\/Tercer-congreso-medicos-residentes-igss-2019-15-1024x682.jpg 1024w, \/wp-content\/uploads\/sites\/5\/2019\/11\/Tercer-congreso-medicos-residentes-igss-2019-15-696x464.jpg 696w, \/wp-content\/uploads\/sites\/5\/2019\/11\/Tercer-congreso-medicos-residentes-igss-2019-15-1068x712.jpg 1068w, \/wp-content\/uploads\/sites\/5\/2019\/11\/Tercer-congreso-medicos-residentes-igss-2019-15-534x356.jpg 534w, \/wp-content\/uploads\/sites\/5\/2019\/11\/Tercer-congreso-medicos-residentes-igss-2019-15.jpg 1280w\" sizes=\"(max-width: 630px) 100vw, 630px\" alt=\"\">\r\n                            <\/a>\r\n                            \r\n                        <\/figure>\r\n                    <\/div>\r\n                    <div class = \"td-slide-item td-item15\">\r\n                        <figure class=\"td-slide-galery-figure td-slide-popup-gallery\">\r\n                            <a class=\"slide-gallery-image-link\" href=\"\/wp-content\/uploads\/sites\/5\/2019\/11\/Tercer-congreso-medicos-residentes-igss-2019-16.jpg\" title=\"Tercer congreso medicos residentes igss 2019-16\"  data-caption=\"\"  data-description=\"\">\r\n                                <img decoding=\"async\" src=\"\/wp-content\/uploads\/sites\/5\/2019\/11\/Tercer-congreso-medicos-residentes-igss-2019-16-630x420.jpg\" srcset=\"\/wp-content\/uploads\/sites\/5\/2019\/11\/Tercer-congreso-medicos-residentes-igss-2019-16-630x420.jpg 630w, \/wp-content\/uploads\/sites\/5\/2019\/11\/Tercer-congreso-medicos-residentes-igss-2019-16-300x200.jpg 300w, \/wp-content\/uploads\/sites\/5\/2019\/11\/Tercer-congreso-medicos-residentes-igss-2019-16-768x512.jpg 768w, \/wp-content\/uploads\/sites\/5\/2019\/11\/Tercer-congreso-medicos-residentes-igss-2019-16-1024x682.jpg 1024w, \/wp-content\/uploads\/sites\/5\/2019\/11\/Tercer-congreso-medicos-residentes-igss-2019-16-696x464.jpg 696w, \/wp-content\/uploads\/sites\/5\/2019\/11\/Tercer-congreso-medicos-residentes-igss-2019-16-1068x712.jpg 1068w, \/wp-content\/uploads\/sites\/5\/2019\/11\/Tercer-congreso-medicos-residentes-igss-2019-16-534x356.jpg 534w, \/wp-content\/uploads\/sites\/5\/2019\/11\/Tercer-congreso-medicos-residentes-igss-2019-16.jpg 1280w\" sizes=\"(max-width: 630px) 100vw, 630px\" alt=\"\">\r\n                            <\/a>\r\n                            \r\n                        <\/figure>\r\n                    <\/div>\r\n                    <div class = \"td-slide-item td-item16\">\r\n                        <figure class=\"td-slide-galery-figure td-slide-popup-gallery\">\r\n                            <a class=\"slide-gallery-image-link\" href=\"\/wp-content\/uploads\/sites\/5\/2019\/11\/Tercer-congreso-medicos-residentes-igss-2019-17.jpg\" title=\"Tercer congreso medicos residentes igss 2019-17\"  data-caption=\"\"  data-description=\"\">\r\n                                <img decoding=\"async\" src=\"\/wp-content\/uploads\/sites\/5\/2019\/11\/Tercer-congreso-medicos-residentes-igss-2019-17-630x420.jpg\" srcset=\"\/wp-content\/uploads\/sites\/5\/2019\/11\/Tercer-congreso-medicos-residentes-igss-2019-17-630x420.jpg 630w, \/wp-content\/uploads\/sites\/5\/2019\/11\/Tercer-congreso-medicos-residentes-igss-2019-17-300x200.jpg 300w, \/wp-content\/uploads\/sites\/5\/2019\/11\/Tercer-congreso-medicos-residentes-igss-2019-17-768x512.jpg 768w, \/wp-content\/uploads\/sites\/5\/2019\/11\/Tercer-congreso-medicos-residentes-igss-2019-17-1024x682.jpg 1024w, \/wp-content\/uploads\/sites\/5\/2019\/11\/Tercer-congreso-medicos-residentes-igss-2019-17-696x464.jpg 696w, \/wp-content\/uploads\/sites\/5\/2019\/11\/Tercer-congreso-medicos-residentes-igss-2019-17-1068x712.jpg 1068w, \/wp-content\/uploads\/sites\/5\/2019\/11\/Tercer-congreso-medicos-residentes-igss-2019-17-534x356.jpg 534w, \/wp-content\/uploads\/sites\/5\/2019\/11\/Tercer-congreso-medicos-residentes-igss-2019-17.jpg 1280w\" sizes=\"(max-width: 630px) 100vw, 630px\" alt=\"\">\r\n                            <\/a>\r\n                            \r\n                        <\/figure>\r\n                    <\/div>\r\n                    <div class = \"td-slide-item td-item17\">\r\n                        <figure class=\"td-slide-galery-figure td-slide-popup-gallery\">\r\n                            <a class=\"slide-gallery-image-link\" href=\"\/wp-content\/uploads\/sites\/5\/2019\/11\/Tercer-congreso-medicos-residentes-igss-2019-18.jpg\" title=\"Tercer congreso medicos residentes igss 2019-18\"  data-caption=\"\"  data-description=\"\">\r\n                                <img decoding=\"async\" src=\"\/wp-content\/uploads\/sites\/5\/2019\/11\/Tercer-congreso-medicos-residentes-igss-2019-18-630x420.jpg\" srcset=\"\/wp-content\/uploads\/sites\/5\/2019\/11\/Tercer-congreso-medicos-residentes-igss-2019-18-630x420.jpg 630w, \/wp-content\/uploads\/sites\/5\/2019\/11\/Tercer-congreso-medicos-residentes-igss-2019-18-300x200.jpg 300w, \/wp-content\/uploads\/sites\/5\/2019\/11\/Tercer-congreso-medicos-residentes-igss-2019-18-768x512.jpg 768w, \/wp-content\/uploads\/sites\/5\/2019\/11\/Tercer-congreso-medicos-residentes-igss-2019-18-1024x682.jpg 1024w, \/wp-content\/uploads\/sites\/5\/2019\/11\/Tercer-congreso-medicos-residentes-igss-2019-18-696x464.jpg 696w, \/wp-content\/uploads\/sites\/5\/2019\/11\/Tercer-congreso-medicos-residentes-igss-2019-18-1068x712.jpg 1068w, \/wp-content\/uploads\/sites\/5\/2019\/11\/Tercer-congreso-medicos-residentes-igss-2019-18-534x356.jpg 534w, \/wp-content\/uploads\/sites\/5\/2019\/11\/Tercer-congreso-medicos-residentes-igss-2019-18.jpg 1280w\" sizes=\"(max-width: 630px) 100vw, 630px\" alt=\"\">\r\n                            <\/a>\r\n                            \r\n                        <\/figure>\r\n                    <\/div>\r\n                    <div class = \"td-slide-item td-item18\">\r\n                        <figure class=\"td-slide-galery-figure td-slide-popup-gallery\">\r\n                            <a class=\"slide-gallery-image-link\" href=\"\/wp-content\/uploads\/sites\/5\/2019\/11\/Tercer-congreso-medicos-residentes-igss-2019-19.jpg\" title=\"Tercer congreso medicos residentes igss 2019-19\"  data-caption=\"\"  data-description=\"\">\r\n                                <img decoding=\"async\" src=\"\/wp-content\/uploads\/sites\/5\/2019\/11\/Tercer-congreso-medicos-residentes-igss-2019-19-630x420.jpg\" srcset=\"\/wp-content\/uploads\/sites\/5\/2019\/11\/Tercer-congreso-medicos-residentes-igss-2019-19-630x420.jpg 630w, \/wp-content\/uploads\/sites\/5\/2019\/11\/Tercer-congreso-medicos-residentes-igss-2019-19-300x200.jpg 300w, \/wp-content\/uploads\/sites\/5\/2019\/11\/Tercer-congreso-medicos-residentes-igss-2019-19-768x512.jpg 768w, \/wp-content\/uploads\/sites\/5\/2019\/11\/Tercer-congreso-medicos-residentes-igss-2019-19-1024x682.jpg 1024w, \/wp-content\/uploads\/sites\/5\/2019\/11\/Tercer-congreso-medicos-residentes-igss-2019-19-696x464.jpg 696w, \/wp-content\/uploads\/sites\/5\/2019\/11\/Tercer-congreso-medicos-residentes-igss-2019-19-1068x712.jpg 1068w, \/wp-content\/uploads\/sites\/5\/2019\/11\/Tercer-congreso-medicos-residentes-igss-2019-19-534x356.jpg 534w, \/wp-content\/uploads\/sites\/5\/2019\/11\/Tercer-congreso-medicos-residentes-igss-2019-19.jpg 1280w\" sizes=\"(max-width: 630px) 100vw, 630px\" alt=\"\">\r\n                            <\/a>\r\n                            \r\n                        <\/figure>\r\n                    <\/div>\r\n                    <div class = \"td-slide-item td-item19\">\r\n                        <figure class=\"td-slide-galery-figure td-slide-popup-gallery\">\r\n                            <a class=\"slide-gallery-image-link\" href=\"\/wp-content\/uploads\/sites\/5\/2019\/11\/Tercer-congreso-medicos-residentes-igss-2019-20.jpg\" title=\"Tercer congreso medicos residentes igss 2019-20\"  data-caption=\"\"  data-description=\"\">\r\n                                <img decoding=\"async\" src=\"\/wp-content\/uploads\/sites\/5\/2019\/11\/Tercer-congreso-medicos-residentes-igss-2019-20-630x420.jpg\" srcset=\"\/wp-content\/uploads\/sites\/5\/2019\/11\/Tercer-congreso-medicos-residentes-igss-2019-20-630x420.jpg 630w, \/wp-content\/uploads\/sites\/5\/2019\/11\/Tercer-congreso-medicos-residentes-igss-2019-20-300x200.jpg 300w, \/wp-content\/uploads\/sites\/5\/2019\/11\/Tercer-congreso-medicos-residentes-igss-2019-20-768x512.jpg 768w, \/wp-content\/uploads\/sites\/5\/2019\/11\/Tercer-congreso-medicos-residentes-igss-2019-20-1024x682.jpg 1024w, \/wp-content\/uploads\/sites\/5\/2019\/11\/Tercer-congreso-medicos-residentes-igss-2019-20-696x464.jpg 696w, \/wp-content\/uploads\/sites\/5\/2019\/11\/Tercer-congreso-medicos-residentes-igss-2019-20-1068x712.jpg 1068w, \/wp-content\/uploads\/sites\/5\/2019\/11\/Tercer-congreso-medicos-residentes-igss-2019-20-534x356.jpg 534w, \/wp-content\/uploads\/sites\/5\/2019\/11\/Tercer-congreso-medicos-residentes-igss-2019-20.jpg 1280w\" sizes=\"(max-width: 630px) 100vw, 630px\" alt=\"\">\r\n                            <\/a>\r\n                            \r\n                        <\/figure>\r\n                    <\/div>\r\n                    <div class = \"td-slide-item td-item20\">\r\n                        <figure class=\"td-slide-galery-figure td-slide-popup-gallery\">\r\n                            <a class=\"slide-gallery-image-link\" href=\"\/wp-content\/uploads\/sites\/5\/2019\/11\/Tercer-congreso-medicos-residentes-igss-2019-21.jpg\" title=\"Tercer congreso medicos residentes igss 2019-21\"  data-caption=\"\"  data-description=\"\">\r\n                                <img decoding=\"async\" src=\"\/wp-content\/uploads\/sites\/5\/2019\/11\/Tercer-congreso-medicos-residentes-igss-2019-21-630x420.jpg\" srcset=\"\/wp-content\/uploads\/sites\/5\/2019\/11\/Tercer-congreso-medicos-residentes-igss-2019-21-630x420.jpg 630w, \/wp-content\/uploads\/sites\/5\/2019\/11\/Tercer-congreso-medicos-residentes-igss-2019-21-300x200.jpg 300w, \/wp-content\/uploads\/sites\/5\/2019\/11\/Tercer-congreso-medicos-residentes-igss-2019-21-768x512.jpg 768w, \/wp-content\/uploads\/sites\/5\/2019\/11\/Tercer-congreso-medicos-residentes-igss-2019-21-1024x682.jpg 1024w, \/wp-content\/uploads\/sites\/5\/2019\/11\/Tercer-congreso-medicos-residentes-igss-2019-21-696x464.jpg 696w, \/wp-content\/uploads\/sites\/5\/2019\/11\/Tercer-congreso-medicos-residentes-igss-2019-21-1068x712.jpg 1068w, \/wp-content\/uploads\/sites\/5\/2019\/11\/Tercer-congreso-medicos-residentes-igss-2019-21-534x356.jpg 534w, \/wp-content\/uploads\/sites\/5\/2019\/11\/Tercer-congreso-medicos-residentes-igss-2019-21.jpg 1280w\" sizes=\"(max-width: 630px) 100vw, 630px\" alt=\"\">\r\n                            <\/a>\r\n                            \r\n                        <\/figure>\r\n                    <\/div>\r\n                            <\/div>\r\n                        <\/div>\r\n\r\n                        <div class = \"td-doubleSlider-2\">\r\n                            <div class = \"td-slider\">\r\n                                \r\n                    <div class = \"td-button td-item1\">\r\n                        <div class = \"td-border\"><\/div>\r\n                    <\/div>\r\n                    <div class = \"td-button td-item2\">\r\n                        <div class = \"td-border\"><\/div>\r\n                    <\/div>\r\n                    <div class = \"td-button td-item3\">\r\n                        <div class = \"td-border\"><\/div>\r\n                    <\/div>\r\n                    <div class = \"td-button td-item4\">\r\n                        <div class = \"td-border\"><\/div>\r\n                    <\/div>\r\n                    <div class = \"td-button td-item5\">\r\n                        <div class = \"td-border\"><\/div>\r\n                    <\/div>\r\n                    <div class = \"td-button td-item6\">\r\n                        <div class = \"td-border\"><\/div>\r\n                    <\/div>\r\n                    <div class = \"td-button td-item7\">\r\n                        <div class = \"td-border\"><\/div>\r\n                    <\/div>\r\n                    <div class = \"td-button td-item8\">\r\n                        <div class = \"td-border\"><\/div>\r\n                    <\/div>\r\n                    <div class = \"td-button td-item9\">\r\n                        <div class = \"td-border\"><\/div>\r\n                    <\/div>\r\n                    <div class = \"td-button td-item10\">\r\n                        <div class = \"td-border\"><\/div>\r\n                    <\/div>\r\n                    <div class = \"td-button td-item11\">\r\n                        <div class = \"td-border\"><\/div>\r\n                    <\/div>\r\n                    <div class = \"td-button td-item12\">\r\n                        <div class = \"td-border\"><\/div>\r\n                    <\/div>\r\n                    <div class = \"td-button td-item13\">\r\n                        <div class = \"td-border\"><\/div>\r\n                    <\/div>\r\n                    <div class = \"td-button td-item14\">\r\n                        <div class = \"td-border\"><\/div>\r\n                    <\/div>\r\n                    <div class = \"td-button td-item15\">\r\n                        <div class = \"td-border\"><\/div>\r\n                    <\/div>\r\n                    <div class = \"td-button td-item16\">\r\n                        <div class = \"td-border\"><\/div>\r\n                    <\/div>\r\n                    <div class = \"td-button td-item17\">\r\n                        <div class = \"td-border\"><\/div>\r\n                    <\/div>\r\n                    <div class = \"td-button td-item18\">\r\n                        <div class = \"td-border\"><\/div>\r\n                    <\/div>\r\n                    <div class = \"td-button td-item19\">\r\n                        <div class = \"td-border\"><\/div>\r\n                    <\/div>\r\n                    <div class = \"td-button td-item20\">\r\n                        <div class = \"td-border\"><\/div>\r\n                    <\/div>\r\n                            <\/div>\r\n                        <\/div>\r\n\r\n                    <\/div>\r\n\r\n                <\/div>\r\n                \n","protected":false},"excerpt":{"rendered":"<p>Cuarenta expertos expusieron sus conocimientos durante dos d\u00edas en el III Congreso de M\u00e9dicos Residentes del IGSS, el cual tuvo como tema central \u201cSeguridad y calidad en la atenci\u00f3n del paciente derechohabiente\u201d. La actividad m\u00e9dico cient\u00edfica cont\u00f3 con la participaci\u00f3n de 520 m\u00e9dicos de 24 especialidades. Durante la charlas los m\u00e9dicos fueron capacitados en especialidades [&hellip;]<\/p>\n","protected":false},"author":4,"featured_media":14818,"comment_status":"open","ping_status":"open","sticky":false,"template":"","format":"standard","meta":{"footnotes":""},"categories":[3,15,17,29],"tags":[200,490],"coauthors":[881],"class_list":{"0":"post-14809","1":"post","2":"type-post","3":"status-publish","4":"format-standard","5":"has-post-thumbnail","7":"category-actualidad","8":"category-destacado","9":"category-formacion-y-desarrollo","10":"category-publicaciones","11":"tag-congreso-de-residentes","12":"tag-igss"},"_links":{"self":[{"href":"https:\/\/www.igssgt.org\/noticias\/wp-json\/wp\/v2\/posts\/14809","targetHints":{"allow":["GET"]}}],"collection":[{"href":"https:\/\/www.igssgt.org\/noticias\/wp-json\/wp\/v2\/posts"}],"about":[{"href":"https:\/\/www.igssgt.org\/noticias\/wp-json\/wp\/v2\/types\/post"}],"author":[{"embeddable":true,"href":"https:\/\/www.igssgt.org\/noticias\/wp-json\/wp\/v2\/users\/4"}],"replies":[{"embeddable":true,"href":"https:\/\/www.igssgt.org\/noticias\/wp-json\/wp\/v2\/comments?post=14809"}],"version-history":[{"count":1,"href":"https:\/\/www.igssgt.org\/noticias\/wp-json\/wp\/v2\/posts\/14809\/revisions"}],"predecessor-version":[{"id":14831,"href":"https:\/\/www.igssgt.org\/noticias\/wp-json\/wp\/v2\/posts\/14809\/revisions\/14831"}],"wp:featuredmedia":[{"embeddable":true,"href":"https:\/\/www.igssgt.org\/noticias\/wp-json\/wp\/v2\/media\/14818"}],"wp:attachment":[{"href":"https:\/\/www.igssgt.org\/noticias\/wp-json\/wp\/v2\/media?parent=14809"}],"wp:term":[{"taxonomy":"category","embeddable":true,"href":"https:\/\/www.igssgt.org\/noticias\/wp-json\/wp\/v2\/categories?post=14809"},{"taxonomy":"post_tag","embeddable":true,"href":"https:\/\/www.igssgt.org\/noticias\/wp-json\/wp\/v2\/tags?post=14809"},{"taxonomy":"author","embeddable":true,"href":"https:\/\/www.igssgt.org\/noticias\/wp-json\/wp\/v2\/coauthors?post=14809"}],"curies":[{"name":"wp","href":"https:\/\/api.w.org\/{rel}","templated":true}]}}