{"id":14917,"date":"2019-11-28T14:15:31","date_gmt":"2019-11-28T20:15:31","guid":{"rendered":"https:\/\/www.igssgt.org\/noticias\/?p=14917"},"modified":"2019-11-28T14:57:03","modified_gmt":"2019-11-28T20:57:03","slug":"realizan-simposio-dirigido-a-personas-con-discapacidad","status":"publish","type":"post","link":"https:\/\/www.igssgt.org\/noticias\/2019\/11\/28\/realizan-simposio-dirigido-a-personas-con-discapacidad\/","title":{"rendered":"Realizan simposio dirigido a personas con discapacidad"},"content":{"rendered":"\n<p>\u201cDesaf\u00edos, retos e inclusi\u00f3n para las personas con discapacidad\u201d fue el tema central del simposio realizado hoy en el Hospital de Rehabilitaci\u00f3n, con el cual se busca fortalecer y empoderar a las personas con discapacidad, as\u00ed como garantizar la igualdad, como parte de las actividades previas al 3 de diciembre, cuando se conmemora el D\u00eda Internacional de las Personas con Discapacidad.<\/p>\n<p>\u201cLa importancia del empoderamiento es que se derriban barreras, lo cual les permite salir adelante y tener un desarrollo integral en la sociedad. Los asistentes a esta actividad son personas que han egresado de este hospital que ahora llevan una normal\u201d, indic\u00f3 la doctora Karina Rodr\u00edguez, directora m\u00e9dica de este centro asistencial.<\/p>\n<p>Los expositores abordaron temas como el emprendimiento, capacitaci\u00f3n, deporte, dolor neurop\u00e1tico (dolor por el mal funcionamiento del sistema nervioso), amputaciones y rehabilitaci\u00f3n sexual. El pa\u00eds cuenta actualmente con 1.6 millones de personas con discapacidad, indic\u00f3 la doctora Rodr\u00edguez.<\/p>\n<p>\u201cMovilizarse en sillas de ruedas no debe tomarse como una barrera, pues se puede llevar una vida normal. Yo soy muestra de ello, tengo nueve a\u00f1os de andar en silla de ruedas\u201d, indic\u00f3 la licenciada Paola Ponce, administradora del Hospital del IGSS en Cob\u00e1n, Alta Verapaz.<\/p>\n<p>Los asistentes agradecieron a los organizadores del simposio as\u00ed como todas las acciones emprendidas por el IGSS en favor de su rehabilitaci\u00f3n y reinserci\u00f3n integral a la sociedad.<\/p>\n\n\n\n\r\n                <style type=\"text\/css\">\r\n                    \r\n                    #tdi_1  .td-doubleSlider-2 .td-item1 {\r\n                        background: url(\/wp-content\/uploads\/sites\/5\/2019\/11\/Simposio-personas-con-discapacidad-igss-hospital-de-rehabilitacion-IGSS-2019-1-80x60.jpg) 0 0 no-repeat;\r\n                    }\r\n                    #tdi_1  .td-doubleSlider-2 .td-item2 {\r\n                        background: url(\/wp-content\/uploads\/sites\/5\/2019\/11\/Simposio-personas-con-discapacidad-igss-hospital-de-rehabilitacion-IGSS-2019-2-80x60.jpg) 0 0 no-repeat;\r\n                    }\r\n                    #tdi_1  .td-doubleSlider-2 .td-item3 {\r\n                        background: url(\/wp-content\/uploads\/sites\/5\/2019\/11\/Simposio-personas-con-discapacidad-igss-hospital-de-rehabilitacion-IGSS-2019-3-80x60.jpg) 0 0 no-repeat;\r\n                    }\r\n                    #tdi_1  .td-doubleSlider-2 .td-item4 {\r\n                        background: url(\/wp-content\/uploads\/sites\/5\/2019\/11\/Simposio-personas-con-discapacidad-igss-hospital-de-rehabilitacion-IGSS-2019-4-80x60.jpg) 0 0 no-repeat;\r\n                    }\r\n                    #tdi_1  .td-doubleSlider-2 .td-item5 {\r\n                        background: url(\/wp-content\/uploads\/sites\/5\/2019\/11\/Simposio-personas-con-discapacidad-igss-hospital-de-rehabilitacion-IGSS-2019-5-80x60.jpg) 0 0 no-repeat;\r\n                    }\r\n                    #tdi_1  .td-doubleSlider-2 .td-item6 {\r\n                        background: url(\/wp-content\/uploads\/sites\/5\/2019\/11\/Simposio-personas-con-discapacidad-igss-hospital-de-rehabilitacion-IGSS-2019-6-80x60.jpg) 0 0 no-repeat;\r\n                    }\r\n                    #tdi_1  .td-doubleSlider-2 .td-item7 {\r\n                        background: url(\/wp-content\/uploads\/sites\/5\/2019\/11\/Simposio-personas-con-discapacidad-igss-hospital-de-rehabilitacion-IGSS-2019-7-80x60.jpg) 0 0 no-repeat;\r\n                    }\r\n                    #tdi_1  .td-doubleSlider-2 .td-item8 {\r\n                        background: url(\/wp-content\/uploads\/sites\/5\/2019\/11\/Simposio-personas-con-discapacidad-igss-hospital-de-rehabilitacion-IGSS-2019-8-80x60.jpg) 0 0 no-repeat;\r\n                    }\r\n                    #tdi_1  .td-doubleSlider-2 .td-item9 {\r\n                        background: url(\/wp-content\/uploads\/sites\/5\/2019\/11\/Simposio-personas-con-discapacidad-igss-hospital-de-rehabilitacion-IGSS-2019-9-80x60.jpg) 0 0 no-repeat;\r\n                    }\r\n                    #tdi_1  .td-doubleSlider-2 .td-item10 {\r\n                        background: url(\/wp-content\/uploads\/sites\/5\/2019\/11\/Simposio-personas-con-discapacidad-igss-hospital-de-rehabilitacion-IGSS-2019-10-80x60.jpg) 0 0 no-repeat;\r\n                    }\r\n                    #tdi_1  .td-doubleSlider-2 .td-item11 {\r\n                        background: url(\/wp-content\/uploads\/sites\/5\/2019\/11\/Simposio-personas-con-discapacidad-igss-hospital-de-rehabilitacion-IGSS-2019-11-80x60.jpg) 0 0 no-repeat;\r\n                    }\r\n                    #tdi_1  .td-doubleSlider-2 .td-item12 {\r\n                        background: url(\/wp-content\/uploads\/sites\/5\/2019\/11\/Simposio-personas-con-discapacidad-igss-hospital-de-rehabilitacion-IGSS-2019-12-80x60.jpg) 0 0 no-repeat;\r\n                    }\r\n                    #tdi_1  .td-doubleSlider-2 .td-item13 {\r\n                        background: url(\/wp-content\/uploads\/sites\/5\/2019\/11\/Simposio-personas-con-discapacidad-igss-hospital-de-rehabilitacion-IGSS-2019-13-80x60.jpg) 0 0 no-repeat;\r\n                    }\r\n                    #tdi_1  .td-doubleSlider-2 .td-item14 {\r\n                        background: url(\/wp-content\/uploads\/sites\/5\/2019\/11\/Simposio-personas-con-discapacidad-igss-hospital-de-rehabilitacion-IGSS-2019-14-80x60.jpg) 0 0 no-repeat;\r\n                    }\r\n                    #tdi_1  .td-doubleSlider-2 .td-item15 {\r\n                        background: url(\/wp-content\/uploads\/sites\/5\/2019\/11\/Simposio-personas-con-discapacidad-igss-hospital-de-rehabilitacion-IGSS-2019-15-80x60.jpg) 0 0 no-repeat;\r\n                    }\r\n                    #tdi_1  .td-doubleSlider-2 .td-item16 {\r\n                        background: url(\/wp-content\/uploads\/sites\/5\/2019\/11\/Simposio-personas-con-discapacidad-igss-hospital-de-rehabilitacion-IGSS-2019-16-80x60.jpg) 0 0 no-repeat;\r\n                    }\r\n                <\/style>\r\n\r\n                <div id=\"tdi_1\" class=\"td-gallery td-slide-on-2-columns\">\r\n                    <div class=\"post_td_gallery\">\r\n                        <div class=\"td-gallery-slide-top\">\r\n                           <div class=\"td-gallery-title\">Galer\u00eda de Im\u00e1genes<\/div>\r\n\r\n                            <div class=\"td-gallery-controls-wrapper\">\r\n                                <div class=\"td-gallery-slide-count\"><span class=\"td-gallery-slide-item-focus\">1<\/span> de 16<\/div>\r\n                                <div class=\"td-gallery-slide-prev-next-but\">\r\n                                    <i class = \"td-icon-left doubleSliderPrevButton\"><\/i>\r\n                                    <i class = \"td-icon-right doubleSliderNextButton\"><\/i>\r\n                                <\/div>\r\n                            <\/div>\r\n                        <\/div>\r\n\r\n                        <div class = \"td-doubleSlider-1 \">\r\n                            <div class = \"td-slider\">\r\n                                \r\n                    <div class = \"td-slide-item td-item1\">\r\n                        <figure class=\"td-slide-galery-figure td-slide-popup-gallery\">\r\n                            <a class=\"slide-gallery-image-link\" href=\"\/wp-content\/uploads\/sites\/5\/2019\/11\/Simposio-personas-con-discapacidad-igss-hospital-de-rehabilitacion-IGSS-2019-1.jpg\" title=\"Simposio personas con discapacidad igss hospital de rehabilitacion IGSS 2019-1\"  data-caption=\"\"  data-description=\"\">\r\n                                <img decoding=\"async\" src=\"\/wp-content\/uploads\/sites\/5\/2019\/11\/Simposio-personas-con-discapacidad-igss-hospital-de-rehabilitacion-IGSS-2019-1-630x420.jpg\" srcset=\"\/wp-content\/uploads\/sites\/5\/2019\/11\/Simposio-personas-con-discapacidad-igss-hospital-de-rehabilitacion-IGSS-2019-1-630x420.jpg 630w, \/wp-content\/uploads\/sites\/5\/2019\/11\/Simposio-personas-con-discapacidad-igss-hospital-de-rehabilitacion-IGSS-2019-1-300x200.jpg 300w, \/wp-content\/uploads\/sites\/5\/2019\/11\/Simposio-personas-con-discapacidad-igss-hospital-de-rehabilitacion-IGSS-2019-1-768x512.jpg 768w, \/wp-content\/uploads\/sites\/5\/2019\/11\/Simposio-personas-con-discapacidad-igss-hospital-de-rehabilitacion-IGSS-2019-1-1024x682.jpg 1024w, \/wp-content\/uploads\/sites\/5\/2019\/11\/Simposio-personas-con-discapacidad-igss-hospital-de-rehabilitacion-IGSS-2019-1-696x464.jpg 696w, \/wp-content\/uploads\/sites\/5\/2019\/11\/Simposio-personas-con-discapacidad-igss-hospital-de-rehabilitacion-IGSS-2019-1-1068x712.jpg 1068w, \/wp-content\/uploads\/sites\/5\/2019\/11\/Simposio-personas-con-discapacidad-igss-hospital-de-rehabilitacion-IGSS-2019-1-534x356.jpg 534w, \/wp-content\/uploads\/sites\/5\/2019\/11\/Simposio-personas-con-discapacidad-igss-hospital-de-rehabilitacion-IGSS-2019-1.jpg 1280w\" sizes=\"(max-width: 630px) 100vw, 630px\" alt=\"\">\r\n                            <\/a>\r\n                            \r\n                        <\/figure>\r\n                    <\/div>\r\n                    <div class = \"td-slide-item td-item2\">\r\n                        <figure class=\"td-slide-galery-figure td-slide-popup-gallery\">\r\n                            <a class=\"slide-gallery-image-link\" href=\"\/wp-content\/uploads\/sites\/5\/2019\/11\/Simposio-personas-con-discapacidad-igss-hospital-de-rehabilitacion-IGSS-2019-2.jpg\" title=\"Simposio personas con discapacidad igss hospital de rehabilitacion IGSS 2019-2\"  data-caption=\"\"  data-description=\"\">\r\n                                <img decoding=\"async\" src=\"\/wp-content\/uploads\/sites\/5\/2019\/11\/Simposio-personas-con-discapacidad-igss-hospital-de-rehabilitacion-IGSS-2019-2-630x420.jpg\" srcset=\"\/wp-content\/uploads\/sites\/5\/2019\/11\/Simposio-personas-con-discapacidad-igss-hospital-de-rehabilitacion-IGSS-2019-2-630x420.jpg 630w, \/wp-content\/uploads\/sites\/5\/2019\/11\/Simposio-personas-con-discapacidad-igss-hospital-de-rehabilitacion-IGSS-2019-2-300x200.jpg 300w, \/wp-content\/uploads\/sites\/5\/2019\/11\/Simposio-personas-con-discapacidad-igss-hospital-de-rehabilitacion-IGSS-2019-2-768x512.jpg 768w, \/wp-content\/uploads\/sites\/5\/2019\/11\/Simposio-personas-con-discapacidad-igss-hospital-de-rehabilitacion-IGSS-2019-2-1024x682.jpg 1024w, \/wp-content\/uploads\/sites\/5\/2019\/11\/Simposio-personas-con-discapacidad-igss-hospital-de-rehabilitacion-IGSS-2019-2-696x464.jpg 696w, \/wp-content\/uploads\/sites\/5\/2019\/11\/Simposio-personas-con-discapacidad-igss-hospital-de-rehabilitacion-IGSS-2019-2-1068x712.jpg 1068w, \/wp-content\/uploads\/sites\/5\/2019\/11\/Simposio-personas-con-discapacidad-igss-hospital-de-rehabilitacion-IGSS-2019-2-534x356.jpg 534w, \/wp-content\/uploads\/sites\/5\/2019\/11\/Simposio-personas-con-discapacidad-igss-hospital-de-rehabilitacion-IGSS-2019-2.jpg 1280w\" sizes=\"(max-width: 630px) 100vw, 630px\" alt=\"\">\r\n                            <\/a>\r\n                            \r\n                        <\/figure>\r\n                    <\/div>\r\n                    <div class = \"td-slide-item td-item3\">\r\n                        <figure class=\"td-slide-galery-figure td-slide-popup-gallery\">\r\n                            <a class=\"slide-gallery-image-link\" href=\"\/wp-content\/uploads\/sites\/5\/2019\/11\/Simposio-personas-con-discapacidad-igss-hospital-de-rehabilitacion-IGSS-2019-3.jpg\" title=\"Simposio personas con discapacidad igss hospital de rehabilitacion IGSS 2019-3\"  data-caption=\"\"  data-description=\"\">\r\n                                <img decoding=\"async\" src=\"\/wp-content\/uploads\/sites\/5\/2019\/11\/Simposio-personas-con-discapacidad-igss-hospital-de-rehabilitacion-IGSS-2019-3-630x420.jpg\" srcset=\"\/wp-content\/uploads\/sites\/5\/2019\/11\/Simposio-personas-con-discapacidad-igss-hospital-de-rehabilitacion-IGSS-2019-3-630x420.jpg 630w, \/wp-content\/uploads\/sites\/5\/2019\/11\/Simposio-personas-con-discapacidad-igss-hospital-de-rehabilitacion-IGSS-2019-3-300x200.jpg 300w, \/wp-content\/uploads\/sites\/5\/2019\/11\/Simposio-personas-con-discapacidad-igss-hospital-de-rehabilitacion-IGSS-2019-3-768x512.jpg 768w, \/wp-content\/uploads\/sites\/5\/2019\/11\/Simposio-personas-con-discapacidad-igss-hospital-de-rehabilitacion-IGSS-2019-3-1024x682.jpg 1024w, \/wp-content\/uploads\/sites\/5\/2019\/11\/Simposio-personas-con-discapacidad-igss-hospital-de-rehabilitacion-IGSS-2019-3-696x464.jpg 696w, \/wp-content\/uploads\/sites\/5\/2019\/11\/Simposio-personas-con-discapacidad-igss-hospital-de-rehabilitacion-IGSS-2019-3-1068x712.jpg 1068w, \/wp-content\/uploads\/sites\/5\/2019\/11\/Simposio-personas-con-discapacidad-igss-hospital-de-rehabilitacion-IGSS-2019-3-534x356.jpg 534w, \/wp-content\/uploads\/sites\/5\/2019\/11\/Simposio-personas-con-discapacidad-igss-hospital-de-rehabilitacion-IGSS-2019-3.jpg 1280w\" sizes=\"(max-width: 630px) 100vw, 630px\" alt=\"\">\r\n                            <\/a>\r\n                            \r\n                        <\/figure>\r\n                    <\/div>\r\n                    <div class = \"td-slide-item td-item4\">\r\n                        <figure class=\"td-slide-galery-figure td-slide-popup-gallery\">\r\n                            <a class=\"slide-gallery-image-link\" href=\"\/wp-content\/uploads\/sites\/5\/2019\/11\/Simposio-personas-con-discapacidad-igss-hospital-de-rehabilitacion-IGSS-2019-4.jpg\" title=\"Simposio personas con discapacidad igss hospital de rehabilitacion IGSS 2019-4\"  data-caption=\"\"  data-description=\"\">\r\n                                <img decoding=\"async\" src=\"\/wp-content\/uploads\/sites\/5\/2019\/11\/Simposio-personas-con-discapacidad-igss-hospital-de-rehabilitacion-IGSS-2019-4-630x420.jpg\" srcset=\"\/wp-content\/uploads\/sites\/5\/2019\/11\/Simposio-personas-con-discapacidad-igss-hospital-de-rehabilitacion-IGSS-2019-4-630x420.jpg 630w, \/wp-content\/uploads\/sites\/5\/2019\/11\/Simposio-personas-con-discapacidad-igss-hospital-de-rehabilitacion-IGSS-2019-4-300x200.jpg 300w, \/wp-content\/uploads\/sites\/5\/2019\/11\/Simposio-personas-con-discapacidad-igss-hospital-de-rehabilitacion-IGSS-2019-4-768x512.jpg 768w, \/wp-content\/uploads\/sites\/5\/2019\/11\/Simposio-personas-con-discapacidad-igss-hospital-de-rehabilitacion-IGSS-2019-4-1024x682.jpg 1024w, \/wp-content\/uploads\/sites\/5\/2019\/11\/Simposio-personas-con-discapacidad-igss-hospital-de-rehabilitacion-IGSS-2019-4-696x464.jpg 696w, \/wp-content\/uploads\/sites\/5\/2019\/11\/Simposio-personas-con-discapacidad-igss-hospital-de-rehabilitacion-IGSS-2019-4-1068x712.jpg 1068w, \/wp-content\/uploads\/sites\/5\/2019\/11\/Simposio-personas-con-discapacidad-igss-hospital-de-rehabilitacion-IGSS-2019-4-534x356.jpg 534w, \/wp-content\/uploads\/sites\/5\/2019\/11\/Simposio-personas-con-discapacidad-igss-hospital-de-rehabilitacion-IGSS-2019-4.jpg 1280w\" sizes=\"(max-width: 630px) 100vw, 630px\" alt=\"\">\r\n                            <\/a>\r\n                            \r\n                        <\/figure>\r\n                    <\/div>\r\n                    <div class = \"td-slide-item td-item5\">\r\n                        <figure class=\"td-slide-galery-figure td-slide-popup-gallery\">\r\n                            <a class=\"slide-gallery-image-link\" href=\"\/wp-content\/uploads\/sites\/5\/2019\/11\/Simposio-personas-con-discapacidad-igss-hospital-de-rehabilitacion-IGSS-2019-5.jpg\" title=\"Simposio personas con discapacidad igss hospital de rehabilitacion IGSS 2019-5\"  data-caption=\"\"  data-description=\"\">\r\n                                <img decoding=\"async\" src=\"\/wp-content\/uploads\/sites\/5\/2019\/11\/Simposio-personas-con-discapacidad-igss-hospital-de-rehabilitacion-IGSS-2019-5-280x420.jpg\" srcset=\"\/wp-content\/uploads\/sites\/5\/2019\/11\/Simposio-personas-con-discapacidad-igss-hospital-de-rehabilitacion-IGSS-2019-5-280x420.jpg 280w, \/wp-content\/uploads\/sites\/5\/2019\/11\/Simposio-personas-con-discapacidad-igss-hospital-de-rehabilitacion-IGSS-2019-5-200x300.jpg 200w, \/wp-content\/uploads\/sites\/5\/2019\/11\/Simposio-personas-con-discapacidad-igss-hospital-de-rehabilitacion-IGSS-2019-5-768x1152.jpg 768w, \/wp-content\/uploads\/sites\/5\/2019\/11\/Simposio-personas-con-discapacidad-igss-hospital-de-rehabilitacion-IGSS-2019-5-682x1024.jpg 682w, \/wp-content\/uploads\/sites\/5\/2019\/11\/Simposio-personas-con-discapacidad-igss-hospital-de-rehabilitacion-IGSS-2019-5-696x1044.jpg 696w, \/wp-content\/uploads\/sites\/5\/2019\/11\/Simposio-personas-con-discapacidad-igss-hospital-de-rehabilitacion-IGSS-2019-5-308x462.jpg 308w, \/wp-content\/uploads\/sites\/5\/2019\/11\/Simposio-personas-con-discapacidad-igss-hospital-de-rehabilitacion-IGSS-2019-5.jpg 853w\" sizes=\"(max-width: 280px) 100vw, 280px\" alt=\"\">\r\n                            <\/a>\r\n                            \r\n                        <\/figure>\r\n                    <\/div>\r\n                    <div class = \"td-slide-item td-item6\">\r\n                        <figure class=\"td-slide-galery-figure td-slide-popup-gallery\">\r\n                            <a class=\"slide-gallery-image-link\" href=\"\/wp-content\/uploads\/sites\/5\/2019\/11\/Simposio-personas-con-discapacidad-igss-hospital-de-rehabilitacion-IGSS-2019-6.jpg\" title=\"Simposio personas con discapacidad igss hospital de rehabilitacion IGSS 2019-6\"  data-caption=\"\"  data-description=\"\">\r\n                                <img decoding=\"async\" src=\"\/wp-content\/uploads\/sites\/5\/2019\/11\/Simposio-personas-con-discapacidad-igss-hospital-de-rehabilitacion-IGSS-2019-6-630x420.jpg\" srcset=\"\/wp-content\/uploads\/sites\/5\/2019\/11\/Simposio-personas-con-discapacidad-igss-hospital-de-rehabilitacion-IGSS-2019-6-630x420.jpg 630w, \/wp-content\/uploads\/sites\/5\/2019\/11\/Simposio-personas-con-discapacidad-igss-hospital-de-rehabilitacion-IGSS-2019-6-300x200.jpg 300w, \/wp-content\/uploads\/sites\/5\/2019\/11\/Simposio-personas-con-discapacidad-igss-hospital-de-rehabilitacion-IGSS-2019-6-768x512.jpg 768w, \/wp-content\/uploads\/sites\/5\/2019\/11\/Simposio-personas-con-discapacidad-igss-hospital-de-rehabilitacion-IGSS-2019-6-1024x682.jpg 1024w, \/wp-content\/uploads\/sites\/5\/2019\/11\/Simposio-personas-con-discapacidad-igss-hospital-de-rehabilitacion-IGSS-2019-6-696x464.jpg 696w, \/wp-content\/uploads\/sites\/5\/2019\/11\/Simposio-personas-con-discapacidad-igss-hospital-de-rehabilitacion-IGSS-2019-6-1068x712.jpg 1068w, \/wp-content\/uploads\/sites\/5\/2019\/11\/Simposio-personas-con-discapacidad-igss-hospital-de-rehabilitacion-IGSS-2019-6-534x356.jpg 534w, \/wp-content\/uploads\/sites\/5\/2019\/11\/Simposio-personas-con-discapacidad-igss-hospital-de-rehabilitacion-IGSS-2019-6.jpg 1280w\" sizes=\"(max-width: 630px) 100vw, 630px\" alt=\"\">\r\n                            <\/a>\r\n                            \r\n                        <\/figure>\r\n                    <\/div>\r\n                    <div class = \"td-slide-item td-item7\">\r\n                        <figure class=\"td-slide-galery-figure td-slide-popup-gallery\">\r\n                            <a class=\"slide-gallery-image-link\" href=\"\/wp-content\/uploads\/sites\/5\/2019\/11\/Simposio-personas-con-discapacidad-igss-hospital-de-rehabilitacion-IGSS-2019-7.jpg\" title=\"Simposio personas con discapacidad igss hospital de rehabilitacion IGSS 2019-7\"  data-caption=\"\"  data-description=\"\">\r\n                                <img decoding=\"async\" src=\"\/wp-content\/uploads\/sites\/5\/2019\/11\/Simposio-personas-con-discapacidad-igss-hospital-de-rehabilitacion-IGSS-2019-7-630x420.jpg\" srcset=\"\/wp-content\/uploads\/sites\/5\/2019\/11\/Simposio-personas-con-discapacidad-igss-hospital-de-rehabilitacion-IGSS-2019-7-630x420.jpg 630w, \/wp-content\/uploads\/sites\/5\/2019\/11\/Simposio-personas-con-discapacidad-igss-hospital-de-rehabilitacion-IGSS-2019-7-300x200.jpg 300w, \/wp-content\/uploads\/sites\/5\/2019\/11\/Simposio-personas-con-discapacidad-igss-hospital-de-rehabilitacion-IGSS-2019-7-768x512.jpg 768w, \/wp-content\/uploads\/sites\/5\/2019\/11\/Simposio-personas-con-discapacidad-igss-hospital-de-rehabilitacion-IGSS-2019-7-1024x682.jpg 1024w, \/wp-content\/uploads\/sites\/5\/2019\/11\/Simposio-personas-con-discapacidad-igss-hospital-de-rehabilitacion-IGSS-2019-7-696x464.jpg 696w, \/wp-content\/uploads\/sites\/5\/2019\/11\/Simposio-personas-con-discapacidad-igss-hospital-de-rehabilitacion-IGSS-2019-7-1068x712.jpg 1068w, \/wp-content\/uploads\/sites\/5\/2019\/11\/Simposio-personas-con-discapacidad-igss-hospital-de-rehabilitacion-IGSS-2019-7-534x356.jpg 534w, \/wp-content\/uploads\/sites\/5\/2019\/11\/Simposio-personas-con-discapacidad-igss-hospital-de-rehabilitacion-IGSS-2019-7.jpg 1280w\" sizes=\"(max-width: 630px) 100vw, 630px\" alt=\"\">\r\n                            <\/a>\r\n                            \r\n                        <\/figure>\r\n                    <\/div>\r\n                    <div class = \"td-slide-item td-item8\">\r\n                        <figure class=\"td-slide-galery-figure td-slide-popup-gallery\">\r\n                            <a class=\"slide-gallery-image-link\" href=\"\/wp-content\/uploads\/sites\/5\/2019\/11\/Simposio-personas-con-discapacidad-igss-hospital-de-rehabilitacion-IGSS-2019-8.jpg\" title=\"Simposio personas con discapacidad igss hospital de rehabilitacion IGSS 2019-8\"  data-caption=\"\"  data-description=\"\">\r\n                                <img decoding=\"async\" src=\"\/wp-content\/uploads\/sites\/5\/2019\/11\/Simposio-personas-con-discapacidad-igss-hospital-de-rehabilitacion-IGSS-2019-8-630x420.jpg\" srcset=\"\/wp-content\/uploads\/sites\/5\/2019\/11\/Simposio-personas-con-discapacidad-igss-hospital-de-rehabilitacion-IGSS-2019-8-630x420.jpg 630w, \/wp-content\/uploads\/sites\/5\/2019\/11\/Simposio-personas-con-discapacidad-igss-hospital-de-rehabilitacion-IGSS-2019-8-300x200.jpg 300w, \/wp-content\/uploads\/sites\/5\/2019\/11\/Simposio-personas-con-discapacidad-igss-hospital-de-rehabilitacion-IGSS-2019-8-768x512.jpg 768w, \/wp-content\/uploads\/sites\/5\/2019\/11\/Simposio-personas-con-discapacidad-igss-hospital-de-rehabilitacion-IGSS-2019-8-1024x682.jpg 1024w, \/wp-content\/uploads\/sites\/5\/2019\/11\/Simposio-personas-con-discapacidad-igss-hospital-de-rehabilitacion-IGSS-2019-8-696x464.jpg 696w, \/wp-content\/uploads\/sites\/5\/2019\/11\/Simposio-personas-con-discapacidad-igss-hospital-de-rehabilitacion-IGSS-2019-8-1068x712.jpg 1068w, \/wp-content\/uploads\/sites\/5\/2019\/11\/Simposio-personas-con-discapacidad-igss-hospital-de-rehabilitacion-IGSS-2019-8-534x356.jpg 534w, \/wp-content\/uploads\/sites\/5\/2019\/11\/Simposio-personas-con-discapacidad-igss-hospital-de-rehabilitacion-IGSS-2019-8.jpg 1280w\" sizes=\"(max-width: 630px) 100vw, 630px\" alt=\"\">\r\n                            <\/a>\r\n                            \r\n                        <\/figure>\r\n                    <\/div>\r\n                    <div class = \"td-slide-item td-item9\">\r\n                        <figure class=\"td-slide-galery-figure td-slide-popup-gallery\">\r\n                            <a class=\"slide-gallery-image-link\" href=\"\/wp-content\/uploads\/sites\/5\/2019\/11\/Simposio-personas-con-discapacidad-igss-hospital-de-rehabilitacion-IGSS-2019-9.jpg\" title=\"Simposio personas con discapacidad igss hospital de rehabilitacion IGSS 2019-9\"  data-caption=\"\"  data-description=\"\">\r\n                                <img decoding=\"async\" src=\"\/wp-content\/uploads\/sites\/5\/2019\/11\/Simposio-personas-con-discapacidad-igss-hospital-de-rehabilitacion-IGSS-2019-9-630x420.jpg\" srcset=\"\/wp-content\/uploads\/sites\/5\/2019\/11\/Simposio-personas-con-discapacidad-igss-hospital-de-rehabilitacion-IGSS-2019-9-630x420.jpg 630w, \/wp-content\/uploads\/sites\/5\/2019\/11\/Simposio-personas-con-discapacidad-igss-hospital-de-rehabilitacion-IGSS-2019-9-300x200.jpg 300w, \/wp-content\/uploads\/sites\/5\/2019\/11\/Simposio-personas-con-discapacidad-igss-hospital-de-rehabilitacion-IGSS-2019-9-768x512.jpg 768w, \/wp-content\/uploads\/sites\/5\/2019\/11\/Simposio-personas-con-discapacidad-igss-hospital-de-rehabilitacion-IGSS-2019-9-1024x682.jpg 1024w, \/wp-content\/uploads\/sites\/5\/2019\/11\/Simposio-personas-con-discapacidad-igss-hospital-de-rehabilitacion-IGSS-2019-9-696x464.jpg 696w, \/wp-content\/uploads\/sites\/5\/2019\/11\/Simposio-personas-con-discapacidad-igss-hospital-de-rehabilitacion-IGSS-2019-9-1068x712.jpg 1068w, \/wp-content\/uploads\/sites\/5\/2019\/11\/Simposio-personas-con-discapacidad-igss-hospital-de-rehabilitacion-IGSS-2019-9-534x356.jpg 534w, \/wp-content\/uploads\/sites\/5\/2019\/11\/Simposio-personas-con-discapacidad-igss-hospital-de-rehabilitacion-IGSS-2019-9.jpg 1280w\" sizes=\"(max-width: 630px) 100vw, 630px\" alt=\"\">\r\n                            <\/a>\r\n                            \r\n                        <\/figure>\r\n                    <\/div>\r\n                    <div class = \"td-slide-item td-item10\">\r\n                        <figure class=\"td-slide-galery-figure td-slide-popup-gallery\">\r\n                            <a class=\"slide-gallery-image-link\" href=\"\/wp-content\/uploads\/sites\/5\/2019\/11\/Simposio-personas-con-discapacidad-igss-hospital-de-rehabilitacion-IGSS-2019-10.jpg\" title=\"Simposio personas con discapacidad igss hospital de rehabilitacion IGSS 2019-10\"  data-caption=\"\"  data-description=\"\">\r\n                                <img decoding=\"async\" src=\"\/wp-content\/uploads\/sites\/5\/2019\/11\/Simposio-personas-con-discapacidad-igss-hospital-de-rehabilitacion-IGSS-2019-10-630x420.jpg\" srcset=\"\/wp-content\/uploads\/sites\/5\/2019\/11\/Simposio-personas-con-discapacidad-igss-hospital-de-rehabilitacion-IGSS-2019-10-630x420.jpg 630w, \/wp-content\/uploads\/sites\/5\/2019\/11\/Simposio-personas-con-discapacidad-igss-hospital-de-rehabilitacion-IGSS-2019-10-300x200.jpg 300w, \/wp-content\/uploads\/sites\/5\/2019\/11\/Simposio-personas-con-discapacidad-igss-hospital-de-rehabilitacion-IGSS-2019-10-768x512.jpg 768w, \/wp-content\/uploads\/sites\/5\/2019\/11\/Simposio-personas-con-discapacidad-igss-hospital-de-rehabilitacion-IGSS-2019-10-1024x682.jpg 1024w, \/wp-content\/uploads\/sites\/5\/2019\/11\/Simposio-personas-con-discapacidad-igss-hospital-de-rehabilitacion-IGSS-2019-10-696x464.jpg 696w, \/wp-content\/uploads\/sites\/5\/2019\/11\/Simposio-personas-con-discapacidad-igss-hospital-de-rehabilitacion-IGSS-2019-10-1068x712.jpg 1068w, \/wp-content\/uploads\/sites\/5\/2019\/11\/Simposio-personas-con-discapacidad-igss-hospital-de-rehabilitacion-IGSS-2019-10-534x356.jpg 534w, \/wp-content\/uploads\/sites\/5\/2019\/11\/Simposio-personas-con-discapacidad-igss-hospital-de-rehabilitacion-IGSS-2019-10.jpg 1280w\" sizes=\"(max-width: 630px) 100vw, 630px\" alt=\"\">\r\n                            <\/a>\r\n                            \r\n                        <\/figure>\r\n                    <\/div>\r\n                    <div class = \"td-slide-item td-item11\">\r\n                        <figure class=\"td-slide-galery-figure td-slide-popup-gallery\">\r\n                            <a class=\"slide-gallery-image-link\" href=\"\/wp-content\/uploads\/sites\/5\/2019\/11\/Simposio-personas-con-discapacidad-igss-hospital-de-rehabilitacion-IGSS-2019-11.jpg\" title=\"Simposio personas con discapacidad igss hospital de rehabilitacion IGSS 2019-11\"  data-caption=\"\"  data-description=\"\">\r\n                                <img decoding=\"async\" src=\"\/wp-content\/uploads\/sites\/5\/2019\/11\/Simposio-personas-con-discapacidad-igss-hospital-de-rehabilitacion-IGSS-2019-11-630x420.jpg\" srcset=\"\/wp-content\/uploads\/sites\/5\/2019\/11\/Simposio-personas-con-discapacidad-igss-hospital-de-rehabilitacion-IGSS-2019-11-630x420.jpg 630w, \/wp-content\/uploads\/sites\/5\/2019\/11\/Simposio-personas-con-discapacidad-igss-hospital-de-rehabilitacion-IGSS-2019-11-300x200.jpg 300w, \/wp-content\/uploads\/sites\/5\/2019\/11\/Simposio-personas-con-discapacidad-igss-hospital-de-rehabilitacion-IGSS-2019-11-768x512.jpg 768w, \/wp-content\/uploads\/sites\/5\/2019\/11\/Simposio-personas-con-discapacidad-igss-hospital-de-rehabilitacion-IGSS-2019-11-1024x682.jpg 1024w, \/wp-content\/uploads\/sites\/5\/2019\/11\/Simposio-personas-con-discapacidad-igss-hospital-de-rehabilitacion-IGSS-2019-11-696x464.jpg 696w, \/wp-content\/uploads\/sites\/5\/2019\/11\/Simposio-personas-con-discapacidad-igss-hospital-de-rehabilitacion-IGSS-2019-11-1068x712.jpg 1068w, \/wp-content\/uploads\/sites\/5\/2019\/11\/Simposio-personas-con-discapacidad-igss-hospital-de-rehabilitacion-IGSS-2019-11-534x356.jpg 534w, \/wp-content\/uploads\/sites\/5\/2019\/11\/Simposio-personas-con-discapacidad-igss-hospital-de-rehabilitacion-IGSS-2019-11.jpg 1280w\" sizes=\"(max-width: 630px) 100vw, 630px\" alt=\"\">\r\n                            <\/a>\r\n                            \r\n                        <\/figure>\r\n                    <\/div>\r\n                    <div class = \"td-slide-item td-item12\">\r\n                        <figure class=\"td-slide-galery-figure td-slide-popup-gallery\">\r\n                            <a class=\"slide-gallery-image-link\" href=\"\/wp-content\/uploads\/sites\/5\/2019\/11\/Simposio-personas-con-discapacidad-igss-hospital-de-rehabilitacion-IGSS-2019-12.jpg\" title=\"Simposio personas con discapacidad igss hospital de rehabilitacion IGSS 2019-12\"  data-caption=\"\"  data-description=\"\">\r\n                                <img decoding=\"async\" src=\"\/wp-content\/uploads\/sites\/5\/2019\/11\/Simposio-personas-con-discapacidad-igss-hospital-de-rehabilitacion-IGSS-2019-12-630x420.jpg\" srcset=\"\/wp-content\/uploads\/sites\/5\/2019\/11\/Simposio-personas-con-discapacidad-igss-hospital-de-rehabilitacion-IGSS-2019-12-630x420.jpg 630w, \/wp-content\/uploads\/sites\/5\/2019\/11\/Simposio-personas-con-discapacidad-igss-hospital-de-rehabilitacion-IGSS-2019-12-300x200.jpg 300w, \/wp-content\/uploads\/sites\/5\/2019\/11\/Simposio-personas-con-discapacidad-igss-hospital-de-rehabilitacion-IGSS-2019-12-768x512.jpg 768w, \/wp-content\/uploads\/sites\/5\/2019\/11\/Simposio-personas-con-discapacidad-igss-hospital-de-rehabilitacion-IGSS-2019-12-1024x682.jpg 1024w, \/wp-content\/uploads\/sites\/5\/2019\/11\/Simposio-personas-con-discapacidad-igss-hospital-de-rehabilitacion-IGSS-2019-12-696x464.jpg 696w, \/wp-content\/uploads\/sites\/5\/2019\/11\/Simposio-personas-con-discapacidad-igss-hospital-de-rehabilitacion-IGSS-2019-12-1068x712.jpg 1068w, \/wp-content\/uploads\/sites\/5\/2019\/11\/Simposio-personas-con-discapacidad-igss-hospital-de-rehabilitacion-IGSS-2019-12-534x356.jpg 534w, \/wp-content\/uploads\/sites\/5\/2019\/11\/Simposio-personas-con-discapacidad-igss-hospital-de-rehabilitacion-IGSS-2019-12.jpg 1280w\" sizes=\"(max-width: 630px) 100vw, 630px\" alt=\"\">\r\n                            <\/a>\r\n                            \r\n                        <\/figure>\r\n                    <\/div>\r\n                    <div class = \"td-slide-item td-item13\">\r\n                        <figure class=\"td-slide-galery-figure td-slide-popup-gallery\">\r\n                            <a class=\"slide-gallery-image-link\" href=\"\/wp-content\/uploads\/sites\/5\/2019\/11\/Simposio-personas-con-discapacidad-igss-hospital-de-rehabilitacion-IGSS-2019-13.jpg\" title=\"Simposio personas con discapacidad igss hospital de rehabilitacion IGSS 2019-13\"  data-caption=\"\"  data-description=\"\">\r\n                                <img decoding=\"async\" src=\"\/wp-content\/uploads\/sites\/5\/2019\/11\/Simposio-personas-con-discapacidad-igss-hospital-de-rehabilitacion-IGSS-2019-13-630x420.jpg\" srcset=\"\/wp-content\/uploads\/sites\/5\/2019\/11\/Simposio-personas-con-discapacidad-igss-hospital-de-rehabilitacion-IGSS-2019-13-630x420.jpg 630w, \/wp-content\/uploads\/sites\/5\/2019\/11\/Simposio-personas-con-discapacidad-igss-hospital-de-rehabilitacion-IGSS-2019-13-300x200.jpg 300w, \/wp-content\/uploads\/sites\/5\/2019\/11\/Simposio-personas-con-discapacidad-igss-hospital-de-rehabilitacion-IGSS-2019-13-768x512.jpg 768w, \/wp-content\/uploads\/sites\/5\/2019\/11\/Simposio-personas-con-discapacidad-igss-hospital-de-rehabilitacion-IGSS-2019-13-1024x682.jpg 1024w, \/wp-content\/uploads\/sites\/5\/2019\/11\/Simposio-personas-con-discapacidad-igss-hospital-de-rehabilitacion-IGSS-2019-13-696x464.jpg 696w, \/wp-content\/uploads\/sites\/5\/2019\/11\/Simposio-personas-con-discapacidad-igss-hospital-de-rehabilitacion-IGSS-2019-13-1068x712.jpg 1068w, \/wp-content\/uploads\/sites\/5\/2019\/11\/Simposio-personas-con-discapacidad-igss-hospital-de-rehabilitacion-IGSS-2019-13-534x356.jpg 534w, \/wp-content\/uploads\/sites\/5\/2019\/11\/Simposio-personas-con-discapacidad-igss-hospital-de-rehabilitacion-IGSS-2019-13.jpg 1280w\" sizes=\"(max-width: 630px) 100vw, 630px\" alt=\"\">\r\n                            <\/a>\r\n                            \r\n                        <\/figure>\r\n                    <\/div>\r\n                    <div class = \"td-slide-item td-item14\">\r\n                        <figure class=\"td-slide-galery-figure td-slide-popup-gallery\">\r\n                            <a class=\"slide-gallery-image-link\" href=\"\/wp-content\/uploads\/sites\/5\/2019\/11\/Simposio-personas-con-discapacidad-igss-hospital-de-rehabilitacion-IGSS-2019-14.jpg\" title=\"Simposio personas con discapacidad igss hospital de rehabilitacion IGSS 2019-14\"  data-caption=\"\"  data-description=\"\">\r\n                                <img decoding=\"async\" src=\"\/wp-content\/uploads\/sites\/5\/2019\/11\/Simposio-personas-con-discapacidad-igss-hospital-de-rehabilitacion-IGSS-2019-14-630x420.jpg\" srcset=\"\/wp-content\/uploads\/sites\/5\/2019\/11\/Simposio-personas-con-discapacidad-igss-hospital-de-rehabilitacion-IGSS-2019-14-630x420.jpg 630w, \/wp-content\/uploads\/sites\/5\/2019\/11\/Simposio-personas-con-discapacidad-igss-hospital-de-rehabilitacion-IGSS-2019-14-300x200.jpg 300w, \/wp-content\/uploads\/sites\/5\/2019\/11\/Simposio-personas-con-discapacidad-igss-hospital-de-rehabilitacion-IGSS-2019-14-768x512.jpg 768w, \/wp-content\/uploads\/sites\/5\/2019\/11\/Simposio-personas-con-discapacidad-igss-hospital-de-rehabilitacion-IGSS-2019-14-1024x682.jpg 1024w, \/wp-content\/uploads\/sites\/5\/2019\/11\/Simposio-personas-con-discapacidad-igss-hospital-de-rehabilitacion-IGSS-2019-14-696x464.jpg 696w, \/wp-content\/uploads\/sites\/5\/2019\/11\/Simposio-personas-con-discapacidad-igss-hospital-de-rehabilitacion-IGSS-2019-14-1068x712.jpg 1068w, \/wp-content\/uploads\/sites\/5\/2019\/11\/Simposio-personas-con-discapacidad-igss-hospital-de-rehabilitacion-IGSS-2019-14-534x356.jpg 534w, \/wp-content\/uploads\/sites\/5\/2019\/11\/Simposio-personas-con-discapacidad-igss-hospital-de-rehabilitacion-IGSS-2019-14.jpg 1280w\" sizes=\"(max-width: 630px) 100vw, 630px\" alt=\"\">\r\n                            <\/a>\r\n                            \r\n                        <\/figure>\r\n                    <\/div>\r\n                    <div class = \"td-slide-item td-item15\">\r\n                        <figure class=\"td-slide-galery-figure td-slide-popup-gallery\">\r\n                            <a class=\"slide-gallery-image-link\" href=\"\/wp-content\/uploads\/sites\/5\/2019\/11\/Simposio-personas-con-discapacidad-igss-hospital-de-rehabilitacion-IGSS-2019-15.jpg\" title=\"Simposio personas con discapacidad igss hospital de rehabilitacion IGSS 2019-15\"  data-caption=\"\"  data-description=\"\">\r\n                                <img decoding=\"async\" src=\"\/wp-content\/uploads\/sites\/5\/2019\/11\/Simposio-personas-con-discapacidad-igss-hospital-de-rehabilitacion-IGSS-2019-15-630x420.jpg\" srcset=\"\/wp-content\/uploads\/sites\/5\/2019\/11\/Simposio-personas-con-discapacidad-igss-hospital-de-rehabilitacion-IGSS-2019-15-630x420.jpg 630w, \/wp-content\/uploads\/sites\/5\/2019\/11\/Simposio-personas-con-discapacidad-igss-hospital-de-rehabilitacion-IGSS-2019-15-300x200.jpg 300w, \/wp-content\/uploads\/sites\/5\/2019\/11\/Simposio-personas-con-discapacidad-igss-hospital-de-rehabilitacion-IGSS-2019-15-768x512.jpg 768w, \/wp-content\/uploads\/sites\/5\/2019\/11\/Simposio-personas-con-discapacidad-igss-hospital-de-rehabilitacion-IGSS-2019-15-1024x682.jpg 1024w, \/wp-content\/uploads\/sites\/5\/2019\/11\/Simposio-personas-con-discapacidad-igss-hospital-de-rehabilitacion-IGSS-2019-15-696x464.jpg 696w, \/wp-content\/uploads\/sites\/5\/2019\/11\/Simposio-personas-con-discapacidad-igss-hospital-de-rehabilitacion-IGSS-2019-15-1068x712.jpg 1068w, \/wp-content\/uploads\/sites\/5\/2019\/11\/Simposio-personas-con-discapacidad-igss-hospital-de-rehabilitacion-IGSS-2019-15-534x356.jpg 534w, \/wp-content\/uploads\/sites\/5\/2019\/11\/Simposio-personas-con-discapacidad-igss-hospital-de-rehabilitacion-IGSS-2019-15.jpg 1280w\" sizes=\"(max-width: 630px) 100vw, 630px\" alt=\"\">\r\n                            <\/a>\r\n                            \r\n                        <\/figure>\r\n                    <\/div>\r\n                    <div class = \"td-slide-item td-item16\">\r\n                        <figure class=\"td-slide-galery-figure td-slide-popup-gallery\">\r\n                            <a class=\"slide-gallery-image-link\" href=\"\/wp-content\/uploads\/sites\/5\/2019\/11\/Simposio-personas-con-discapacidad-igss-hospital-de-rehabilitacion-IGSS-2019-16.jpg\" title=\"Simposio personas con discapacidad igss hospital de rehabilitacion IGSS 2019-16\"  data-caption=\"\"  data-description=\"\">\r\n                                <img decoding=\"async\" src=\"\/wp-content\/uploads\/sites\/5\/2019\/11\/Simposio-personas-con-discapacidad-igss-hospital-de-rehabilitacion-IGSS-2019-16-630x420.jpg\" srcset=\"\/wp-content\/uploads\/sites\/5\/2019\/11\/Simposio-personas-con-discapacidad-igss-hospital-de-rehabilitacion-IGSS-2019-16-630x420.jpg 630w, \/wp-content\/uploads\/sites\/5\/2019\/11\/Simposio-personas-con-discapacidad-igss-hospital-de-rehabilitacion-IGSS-2019-16-300x200.jpg 300w, \/wp-content\/uploads\/sites\/5\/2019\/11\/Simposio-personas-con-discapacidad-igss-hospital-de-rehabilitacion-IGSS-2019-16-768x512.jpg 768w, \/wp-content\/uploads\/sites\/5\/2019\/11\/Simposio-personas-con-discapacidad-igss-hospital-de-rehabilitacion-IGSS-2019-16-1024x682.jpg 1024w, \/wp-content\/uploads\/sites\/5\/2019\/11\/Simposio-personas-con-discapacidad-igss-hospital-de-rehabilitacion-IGSS-2019-16-696x464.jpg 696w, \/wp-content\/uploads\/sites\/5\/2019\/11\/Simposio-personas-con-discapacidad-igss-hospital-de-rehabilitacion-IGSS-2019-16-1068x712.jpg 1068w, \/wp-content\/uploads\/sites\/5\/2019\/11\/Simposio-personas-con-discapacidad-igss-hospital-de-rehabilitacion-IGSS-2019-16-534x356.jpg 534w, \/wp-content\/uploads\/sites\/5\/2019\/11\/Simposio-personas-con-discapacidad-igss-hospital-de-rehabilitacion-IGSS-2019-16.jpg 1280w\" sizes=\"(max-width: 630px) 100vw, 630px\" alt=\"\">\r\n                            <\/a>\r\n                            \r\n                        <\/figure>\r\n                    <\/div>\r\n                            <\/div>\r\n                        <\/div>\r\n\r\n                        <div class = \"td-doubleSlider-2\">\r\n                            <div class = \"td-slider\">\r\n                                \r\n                    <div class = \"td-button td-item1\">\r\n                        <div class = \"td-border\"><\/div>\r\n                    <\/div>\r\n                    <div class = \"td-button td-item2\">\r\n                        <div class = \"td-border\"><\/div>\r\n                    <\/div>\r\n                    <div class = \"td-button td-item3\">\r\n                        <div class = \"td-border\"><\/div>\r\n                    <\/div>\r\n                    <div class = \"td-button td-item4\">\r\n                        <div class = \"td-border\"><\/div>\r\n                    <\/div>\r\n                    <div class = \"td-button td-item5\">\r\n                        <div class = \"td-border\"><\/div>\r\n                    <\/div>\r\n                    <div class = \"td-button td-item6\">\r\n                        <div class = \"td-border\"><\/div>\r\n                    <\/div>\r\n                    <div class = \"td-button td-item7\">\r\n                        <div class = \"td-border\"><\/div>\r\n                    <\/div>\r\n                    <div class = \"td-button td-item8\">\r\n                        <div class = \"td-border\"><\/div>\r\n                    <\/div>\r\n                    <div class = \"td-button td-item9\">\r\n                        <div class = \"td-border\"><\/div>\r\n                    <\/div>\r\n                    <div class = \"td-button td-item10\">\r\n                        <div class = \"td-border\"><\/div>\r\n                    <\/div>\r\n                    <div class = \"td-button td-item11\">\r\n                        <div class = \"td-border\"><\/div>\r\n                    <\/div>\r\n                    <div class = \"td-button td-item12\">\r\n                        <div class = \"td-border\"><\/div>\r\n                    <\/div>\r\n                    <div class = \"td-button td-item13\">\r\n                        <div class = \"td-border\"><\/div>\r\n                    <\/div>\r\n                    <div class = \"td-button td-item14\">\r\n                        <div class = \"td-border\"><\/div>\r\n                    <\/div>\r\n                    <div class = \"td-button td-item15\">\r\n                        <div class = \"td-border\"><\/div>\r\n                    <\/div>\r\n                    <div class = \"td-button td-item16\">\r\n                        <div class = \"td-border\"><\/div>\r\n                    <\/div>\r\n                            <\/div>\r\n                        <\/div>\r\n\r\n                    <\/div>\r\n\r\n                <\/div>\r\n                \n","protected":false},"excerpt":{"rendered":"<p>\u201cDesaf\u00edos, retos e inclusi\u00f3n para las personas con discapacidad\u201d fue el tema central del simposio realizado hoy en el Hospital de Rehabilitaci\u00f3n, con el cual se busca fortalecer y empoderar a las personas con discapacidad, as\u00ed como garantizar la igualdad, como parte de las actividades previas al 3 de diciembre, cuando se conmemora el D\u00eda [&hellip;]<\/p>\n","protected":false},"author":4,"featured_media":14932,"comment_status":"open","ping_status":"open","sticky":false,"template":"","format":"standard","meta":{"footnotes":""},"categories":[3,14,17,29,30],"tags":[160,1053,1049,364,478,490,754],"coauthors":[881],"class_list":{"0":"post-14917","1":"post","2":"type-post","3":"status-publish","4":"format-standard","5":"has-post-thumbnail","7":"category-actualidad","8":"category-convocatorias","9":"category-formacion-y-desarrollo","10":"category-publicaciones","11":"category-rehabilitacion","12":"tag-capacitacion","13":"tag-coban","14":"tag-discapacidad","15":"tag-dra-karina-rodriguez","16":"tag-hospital-de-rehabilitacion","17":"tag-igss","18":"tag-rehabilitacion"},"_links":{"self":[{"href":"https:\/\/www.igssgt.org\/noticias\/wp-json\/wp\/v2\/posts\/14917","targetHints":{"allow":["GET"]}}],"collection":[{"href":"https:\/\/www.igssgt.org\/noticias\/wp-json\/wp\/v2\/posts"}],"about":[{"href":"https:\/\/www.igssgt.org\/noticias\/wp-json\/wp\/v2\/types\/post"}],"author":[{"embeddable":true,"href":"https:\/\/www.igssgt.org\/noticias\/wp-json\/wp\/v2\/users\/4"}],"replies":[{"embeddable":true,"href":"https:\/\/www.igssgt.org\/noticias\/wp-json\/wp\/v2\/comments?post=14917"}],"version-history":[{"count":1,"href":"https:\/\/www.igssgt.org\/noticias\/wp-json\/wp\/v2\/posts\/14917\/revisions"}],"predecessor-version":[{"id":14934,"href":"https:\/\/www.igssgt.org\/noticias\/wp-json\/wp\/v2\/posts\/14917\/revisions\/14934"}],"wp:featuredmedia":[{"embeddable":true,"href":"https:\/\/www.igssgt.org\/noticias\/wp-json\/wp\/v2\/media\/14932"}],"wp:attachment":[{"href":"https:\/\/www.igssgt.org\/noticias\/wp-json\/wp\/v2\/media?parent=14917"}],"wp:term":[{"taxonomy":"category","embeddable":true,"href":"https:\/\/www.igssgt.org\/noticias\/wp-json\/wp\/v2\/categories?post=14917"},{"taxonomy":"post_tag","embeddable":true,"href":"https:\/\/www.igssgt.org\/noticias\/wp-json\/wp\/v2\/tags?post=14917"},{"taxonomy":"author","embeddable":true,"href":"https:\/\/www.igssgt.org\/noticias\/wp-json\/wp\/v2\/coauthors?post=14917"}],"curies":[{"name":"wp","href":"https:\/\/api.w.org\/{rel}","templated":true}]}}