{"id":14948,"date":"2019-11-29T16:04:40","date_gmt":"2019-11-29T22:04:40","guid":{"rendered":"https:\/\/www.igssgt.org\/noticias\/?p=14948"},"modified":"2019-12-02T10:39:57","modified_gmt":"2019-12-02T16:39:57","slug":"alto-a-la-violencia-contra-la-mujer","status":"publish","type":"post","link":"https:\/\/www.igssgt.org\/noticias\/2019\/11\/29\/alto-a-la-violencia-contra-la-mujer\/","title":{"rendered":"Alto a la violencia contra la mujer"},"content":{"rendered":"\n<p>\u201cSeg\u00fan el Instituto Nacional de Ciencias Forenses (Inacif), en lo que va del a\u00f1o han sido asesinadas 571 mujeres, un promedio de casi dos cr\u00edmenes por d\u00eda\u201d, inform\u00f3 la psic\u00f3loga Karla Ren\u00e9 Lemus durante una charla que imparti\u00f3 en el Hospital General de Enfermedades, organizado por el Comit\u00e9 de Promoci\u00f3n y Prevenci\u00f3n, de este centro asistencial.<\/p>\n<p>La profesional indic\u00f3 que la violencia contra la mujer puede ser econ\u00f3mica, f\u00edsica, sexual y psicol\u00f3gica. La v\u00edctima llega a ser incapaz de tomar sus propias decisiones, al extremo que su autoestima es muy baja y la hace sentir que no es importante, y en los casos extremos no valora ni su propia vida.<\/p>\n<p>Tambi\u00e9n existe violencia por acoso sexual, laboral, coacci\u00f3n sutil y perceptible, dijo la licenciada Lemus durante la charla impartida en el marco de la conmemoraci\u00f3n de D\u00eda Internacional de la Eliminaci\u00f3n de la Violencia contra la Mujer, instituido el 25 de noviembre.<\/p>\n<figure id=\"attachment_14953\" aria-describedby=\"caption-attachment-14953\" style=\"width: 725px\" class=\"wp-caption aligncenter\"><img loading=\"lazy\" decoding=\"async\" class=\"wp-image-14953 size-full\" src=\"\/wp-content\/uploads\/sites\/5\/2019\/11\/violencia5.jpg\" alt=\"\" width=\"725\" height=\"526\" srcset=\"\/wp-content\/uploads\/sites\/5\/2019\/11\/violencia5.jpg 725w, \/wp-content\/uploads\/sites\/5\/2019\/11\/violencia5-300x218.jpg 300w, \/wp-content\/uploads\/sites\/5\/2019\/11\/violencia5-579x420.jpg 579w, \/wp-content\/uploads\/sites\/5\/2019\/11\/violencia5-696x505.jpg 696w, \/wp-content\/uploads\/sites\/5\/2019\/11\/violencia5-324x235.jpg 324w, \/wp-content\/uploads\/sites\/5\/2019\/11\/violencia5-534x387.jpg 534w\" sizes=\"auto, (max-width: 725px) 100vw, 725px\" \/><figcaption id=\"caption-attachment-14953\" class=\"wp-caption-text\">El IGSS realiza varias capacitaci\u00f3n para contrarrestar la violencia contra la mujer. Foto: Prensa IGSS<\/figcaption><\/figure>\n<p>En Guatemala una de cada tres mujeres ha sido v\u00edctima de violencia por parte de un hombre, sin embargo, un alto porcentaje de ellas no se atreven a denunciar. Para erradicar la violencia es necesario que la mujer rompa el silencio y denuncie al agresor\u201d, expres\u00f3 la psic\u00f3loga.<\/p>\n","protected":false},"excerpt":{"rendered":"<p>\u201cSeg\u00fan el Instituto Nacional de Ciencias Forenses (Inacif), en lo que va del a\u00f1o han sido asesinadas 571 mujeres, un promedio de casi dos cr\u00edmenes por d\u00eda\u201d, inform\u00f3 la psic\u00f3loga Karla Ren\u00e9 Lemus durante una charla que imparti\u00f3 en el Hospital General de Enfermedades, organizado por el Comit\u00e9 de Promoci\u00f3n y Prevenci\u00f3n, de este centro [&hellip;]<\/p>\n","protected":false},"author":160,"featured_media":14949,"comment_status":"open","ping_status":"open","sticky":false,"template":"","format":"standard","meta":{"footnotes":""},"categories":[3],"tags":[58,490,861,1054],"coauthors":[1041],"class_list":{"0":"post-14948","1":"post","2":"type-post","3":"status-publish","4":"format-standard","5":"has-post-thumbnail","7":"category-actualidad","8":"tag-igss-guatemala","9":"tag-igss","10":"tag-violencia","11":"tag-violencia-contra-la-mujer"},"_links":{"self":[{"href":"https:\/\/www.igssgt.org\/noticias\/wp-json\/wp\/v2\/posts\/14948","targetHints":{"allow":["GET"]}}],"collection":[{"href":"https:\/\/www.igssgt.org\/noticias\/wp-json\/wp\/v2\/posts"}],"about":[{"href":"https:\/\/www.igssgt.org\/noticias\/wp-json\/wp\/v2\/types\/post"}],"author":[{"embeddable":true,"href":"https:\/\/www.igssgt.org\/noticias\/wp-json\/wp\/v2\/users\/160"}],"replies":[{"embeddable":true,"href":"https:\/\/www.igssgt.org\/noticias\/wp-json\/wp\/v2\/comments?post=14948"}],"version-history":[{"count":4,"href":"https:\/\/www.igssgt.org\/noticias\/wp-json\/wp\/v2\/posts\/14948\/revisions"}],"predecessor-version":[{"id":14957,"href":"https:\/\/www.igssgt.org\/noticias\/wp-json\/wp\/v2\/posts\/14948\/revisions\/14957"}],"wp:featuredmedia":[{"embeddable":true,"href":"https:\/\/www.igssgt.org\/noticias\/wp-json\/wp\/v2\/media\/14949"}],"wp:attachment":[{"href":"https:\/\/www.igssgt.org\/noticias\/wp-json\/wp\/v2\/media?parent=14948"}],"wp:term":[{"taxonomy":"category","embeddable":true,"href":"https:\/\/www.igssgt.org\/noticias\/wp-json\/wp\/v2\/categories?post=14948"},{"taxonomy":"post_tag","embeddable":true,"href":"https:\/\/www.igssgt.org\/noticias\/wp-json\/wp\/v2\/tags?post=14948"},{"taxonomy":"author","embeddable":true,"href":"https:\/\/www.igssgt.org\/noticias\/wp-json\/wp\/v2\/coauthors?post=14948"}],"curies":[{"name":"wp","href":"https:\/\/api.w.org\/{rel}","templated":true}]}}