{"id":15047,"date":"2019-12-06T15:26:29","date_gmt":"2019-12-06T21:26:29","guid":{"rendered":"https:\/\/www.igssgt.org\/noticias\/?p=15047"},"modified":"2019-12-09T09:08:25","modified_gmt":"2019-12-09T15:08:25","slug":"inauguran-modulo-de-nueve-clinicas-en-camip-pamplona","status":"publish","type":"post","link":"https:\/\/www.igssgt.org\/noticias\/2019\/12\/06\/inauguran-modulo-de-nueve-clinicas-en-camip-pamplona\/","title":{"rendered":"Inauguran M\u00f3dulo de nueve Cl\u00ednicas en CAMIP Pamplona"},"content":{"rendered":"\n<p><a href=\"\/wp-content\/uploads\/sites\/5\/2019\/12\/Inauguran-clinicas-camip-pamplona-2019-9.jpg\"><img loading=\"lazy\" decoding=\"async\" class=\"aligncenter size-full wp-image-15053\" src=\"\/wp-content\/uploads\/sites\/5\/2019\/12\/Inauguran-clinicas-camip-pamplona-2019-9.jpg\" alt=\"\" width=\"1280\" height=\"853\" srcset=\"\/wp-content\/uploads\/sites\/5\/2019\/12\/Inauguran-clinicas-camip-pamplona-2019-9.jpg 1280w, \/wp-content\/uploads\/sites\/5\/2019\/12\/Inauguran-clinicas-camip-pamplona-2019-9-300x200.jpg 300w, \/wp-content\/uploads\/sites\/5\/2019\/12\/Inauguran-clinicas-camip-pamplona-2019-9-768x512.jpg 768w, \/wp-content\/uploads\/sites\/5\/2019\/12\/Inauguran-clinicas-camip-pamplona-2019-9-1024x682.jpg 1024w, \/wp-content\/uploads\/sites\/5\/2019\/12\/Inauguran-clinicas-camip-pamplona-2019-9-630x420.jpg 630w, \/wp-content\/uploads\/sites\/5\/2019\/12\/Inauguran-clinicas-camip-pamplona-2019-9-696x464.jpg 696w, \/wp-content\/uploads\/sites\/5\/2019\/12\/Inauguran-clinicas-camip-pamplona-2019-9-1068x712.jpg 1068w, \/wp-content\/uploads\/sites\/5\/2019\/12\/Inauguran-clinicas-camip-pamplona-2019-9-534x356.jpg 534w\" sizes=\"auto, (max-width: 1280px) 100vw, 1280px\" \/><\/a><\/p>\n<p>Autoridades del IGSS y del Centro de Atenci\u00f3n M\u00e9dica Integral para Pensionados (CAMIP), ubicado en la zona 12, inauguraron hoy un m\u00f3dulo con nueve cl\u00ednicas, siete de estas son para casos de enfermedad com\u00fan, una de medicina interna y una de signos vitales, con lo que mensualmente se beneficiar\u00e1 a m\u00e1s de 8 mil pacientes.<\/p>\n<p>Con la habilitaci\u00f3n de estas cl\u00ednicas se dar\u00e1 mayor agilizaci\u00f3n a los procesos establecidos en los distintos servicios, adem\u00e1s permitir\u00e1 que las citas sean programadas con menos tiempo de espera.<\/p>\n<p>Estas nuevas instalaciones son m\u00e1s amplias, lo que proporcionar\u00e1 mayor comodidad a los usuarios, y est\u00e1n mejor iluminadas. Adem\u00e1s, se cuenta con tecnolog\u00eda de punta y equipo m\u00e9dico.<\/p>\n<p>\u201cEsta es una unidad emblem\u00e1tica, es la pionera de los CAMIP, para la Junta Directiva y la Administraci\u00f3n del Instituto es fundamental que los derechohabientes reciban una atenci\u00f3n con calidad y calidez, por esa raz\u00f3n, pese a las limitaciones de la Ley de Contrataciones, se hacen los esfuerzos para brindarles mayor comodidad\u201d, expres\u00f3 la doctora Ana Marilyn Ortiz, gerente de la instituci\u00f3n.<\/p>\n<p>\u201cLas autoridades del IGSS estamos comprometidas con el servicio, y una de tantas pruebas de esto es la construcci\u00f3n, equipamiento y contrataci\u00f3n de m\u00e1s de 1,700 trabajadores. Ahora procedimos a la apertura de estas nuevas cl\u00ednicas, todos los esfuerzos est\u00e1n enfocados en mejorar la atenci\u00f3n de los usuarios de los servicios\u201d, dijo el licenciado Carlos Contreras, presidente de la Junta Directiva del Instituto.<\/p>\n\n\n\n\r\n                <style type=\"text\/css\">\r\n                    \r\n                    #tdi_1  .td-doubleSlider-2 .td-item1 {\r\n                        background: url(\/wp-content\/uploads\/sites\/5\/2019\/12\/Inauguran-clinicas-camip-pamplona-2019-1-80x60.jpg) 0 0 no-repeat;\r\n                    }\r\n                    #tdi_1  .td-doubleSlider-2 .td-item2 {\r\n                        background: url(\/wp-content\/uploads\/sites\/5\/2019\/12\/Inauguran-clinicas-camip-pamplona-2019-2-80x60.jpg) 0 0 no-repeat;\r\n                    }\r\n                    #tdi_1  .td-doubleSlider-2 .td-item3 {\r\n                        background: url(\/wp-content\/uploads\/sites\/5\/2019\/12\/Inauguran-clinicas-camip-pamplona-2019-4-80x60.jpg) 0 0 no-repeat;\r\n                    }\r\n                    #tdi_1  .td-doubleSlider-2 .td-item4 {\r\n                        background: url(\/wp-content\/uploads\/sites\/5\/2019\/12\/Inauguran-clinicas-camip-pamplona-2019-7-80x60.jpg) 0 0 no-repeat;\r\n                    }\r\n                    #tdi_1  .td-doubleSlider-2 .td-item5 {\r\n                        background: url(\/wp-content\/uploads\/sites\/5\/2019\/12\/Inauguran-clinicas-camip-pamplona-2019-9-80x60.jpg) 0 0 no-repeat;\r\n                    }\r\n                    #tdi_1  .td-doubleSlider-2 .td-item6 {\r\n                        background: url(\/wp-content\/uploads\/sites\/5\/2019\/12\/Inauguran-clinicas-camip-pamplona-2019-10-80x60.jpg) 0 0 no-repeat;\r\n                    }\r\n                    #tdi_1  .td-doubleSlider-2 .td-item7 {\r\n                        background: url(\/wp-content\/uploads\/sites\/5\/2019\/12\/Inauguran-clinicas-camip-pamplona-2019-12-80x60.jpg) 0 0 no-repeat;\r\n                    }\r\n                    #tdi_1  .td-doubleSlider-2 .td-item8 {\r\n                        background: url(\/wp-content\/uploads\/sites\/5\/2019\/12\/Inauguran-clinicas-camip-pamplona-2019-13-80x60.jpg) 0 0 no-repeat;\r\n                    }\r\n                    #tdi_1  .td-doubleSlider-2 .td-item9 {\r\n                        background: url(\/wp-content\/uploads\/sites\/5\/2019\/12\/Inauguran-clinicas-camip-pamplona-2019-16-80x60.jpg) 0 0 no-repeat;\r\n                    }\r\n                    #tdi_1  .td-doubleSlider-2 .td-item10 {\r\n                        background: url(\/wp-content\/uploads\/sites\/5\/2019\/12\/Inauguran-clinicas-camip-pamplona-2019-19-80x60.jpg) 0 0 no-repeat;\r\n                    }\r\n                    #tdi_1  .td-doubleSlider-2 .td-item11 {\r\n                        background: url(\/wp-content\/uploads\/sites\/5\/2019\/12\/Inauguran-clinicas-camip-pamplona-2019-21-80x60.jpg) 0 0 no-repeat;\r\n                    }\r\n                    #tdi_1  .td-doubleSlider-2 .td-item12 {\r\n                        background: url(\/wp-content\/uploads\/sites\/5\/2019\/12\/Inauguran-clinicas-camip-pamplona-2019-23-80x60.jpg) 0 0 no-repeat;\r\n                    }\r\n                    #tdi_1  .td-doubleSlider-2 .td-item13 {\r\n                        background: url(\/wp-content\/uploads\/sites\/5\/2019\/12\/Inauguran-clinicas-camip-pamplona-2019-24-80x60.jpg) 0 0 no-repeat;\r\n                    }\r\n                    #tdi_1  .td-doubleSlider-2 .td-item14 {\r\n                        background: url(\/wp-content\/uploads\/sites\/5\/2019\/12\/Inauguran-clinicas-camip-pamplona-2019-25-80x60.jpg) 0 0 no-repeat;\r\n                    }\r\n                    #tdi_1  .td-doubleSlider-2 .td-item15 {\r\n                        background: url(\/wp-content\/uploads\/sites\/5\/2019\/12\/Inauguran-clinicas-camip-pamplona-2019-28-80x60.jpg) 0 0 no-repeat;\r\n                    }\r\n                    #tdi_1  .td-doubleSlider-2 .td-item16 {\r\n                        background: url(\/wp-content\/uploads\/sites\/5\/2019\/12\/Inauguran-clinicas-camip-pamplona-2019-29-80x60.jpg) 0 0 no-repeat;\r\n                    }\r\n                <\/style>\r\n\r\n                <div id=\"tdi_1\" class=\"td-gallery td-slide-on-2-columns\">\r\n                    <div class=\"post_td_gallery\">\r\n                        <div class=\"td-gallery-slide-top\">\r\n                           <div class=\"td-gallery-title\">Galer\u00eda de Im\u00e1genes<\/div>\r\n\r\n                            <div class=\"td-gallery-controls-wrapper\">\r\n                                <div class=\"td-gallery-slide-count\"><span class=\"td-gallery-slide-item-focus\">1<\/span> de 16<\/div>\r\n                                <div class=\"td-gallery-slide-prev-next-but\">\r\n                                    <i class = \"td-icon-left doubleSliderPrevButton\"><\/i>\r\n                                    <i class = \"td-icon-right doubleSliderNextButton\"><\/i>\r\n                                <\/div>\r\n                            <\/div>\r\n                        <\/div>\r\n\r\n                        <div class = \"td-doubleSlider-1 \">\r\n                            <div class = \"td-slider\">\r\n                                \r\n                    <div class = \"td-slide-item td-item1\">\r\n                        <figure class=\"td-slide-galery-figure td-slide-popup-gallery\">\r\n                            <a class=\"slide-gallery-image-link\" href=\"\/wp-content\/uploads\/sites\/5\/2019\/12\/Inauguran-clinicas-camip-pamplona-2019-1.jpg\" title=\"Inauguran clinicas camip pamplona 2019-1\"  data-caption=\"\"  data-description=\"\">\r\n                                <img decoding=\"async\" src=\"\/wp-content\/uploads\/sites\/5\/2019\/12\/Inauguran-clinicas-camip-pamplona-2019-1-630x420.jpg\" srcset=\"\/wp-content\/uploads\/sites\/5\/2019\/12\/Inauguran-clinicas-camip-pamplona-2019-1-630x420.jpg 630w, \/wp-content\/uploads\/sites\/5\/2019\/12\/Inauguran-clinicas-camip-pamplona-2019-1-300x200.jpg 300w, \/wp-content\/uploads\/sites\/5\/2019\/12\/Inauguran-clinicas-camip-pamplona-2019-1-768x512.jpg 768w, \/wp-content\/uploads\/sites\/5\/2019\/12\/Inauguran-clinicas-camip-pamplona-2019-1-1024x682.jpg 1024w, \/wp-content\/uploads\/sites\/5\/2019\/12\/Inauguran-clinicas-camip-pamplona-2019-1-696x464.jpg 696w, \/wp-content\/uploads\/sites\/5\/2019\/12\/Inauguran-clinicas-camip-pamplona-2019-1-1068x712.jpg 1068w, \/wp-content\/uploads\/sites\/5\/2019\/12\/Inauguran-clinicas-camip-pamplona-2019-1-534x356.jpg 534w, \/wp-content\/uploads\/sites\/5\/2019\/12\/Inauguran-clinicas-camip-pamplona-2019-1.jpg 1280w\" sizes=\"(max-width: 630px) 100vw, 630px\" alt=\"\">\r\n                            <\/a>\r\n                            \r\n                        <\/figure>\r\n                    <\/div>\r\n                    <div class = \"td-slide-item td-item2\">\r\n                        <figure class=\"td-slide-galery-figure td-slide-popup-gallery\">\r\n                            <a class=\"slide-gallery-image-link\" href=\"\/wp-content\/uploads\/sites\/5\/2019\/12\/Inauguran-clinicas-camip-pamplona-2019-2.jpg\" title=\"Inauguran clinicas camip pamplona 2019-2\"  data-caption=\"\"  data-description=\"\">\r\n                                <img decoding=\"async\" src=\"\/wp-content\/uploads\/sites\/5\/2019\/12\/Inauguran-clinicas-camip-pamplona-2019-2-630x420.jpg\" srcset=\"\/wp-content\/uploads\/sites\/5\/2019\/12\/Inauguran-clinicas-camip-pamplona-2019-2-630x420.jpg 630w, \/wp-content\/uploads\/sites\/5\/2019\/12\/Inauguran-clinicas-camip-pamplona-2019-2-300x200.jpg 300w, \/wp-content\/uploads\/sites\/5\/2019\/12\/Inauguran-clinicas-camip-pamplona-2019-2-768x512.jpg 768w, \/wp-content\/uploads\/sites\/5\/2019\/12\/Inauguran-clinicas-camip-pamplona-2019-2-1024x682.jpg 1024w, \/wp-content\/uploads\/sites\/5\/2019\/12\/Inauguran-clinicas-camip-pamplona-2019-2-696x464.jpg 696w, \/wp-content\/uploads\/sites\/5\/2019\/12\/Inauguran-clinicas-camip-pamplona-2019-2-1068x712.jpg 1068w, \/wp-content\/uploads\/sites\/5\/2019\/12\/Inauguran-clinicas-camip-pamplona-2019-2-534x356.jpg 534w, \/wp-content\/uploads\/sites\/5\/2019\/12\/Inauguran-clinicas-camip-pamplona-2019-2.jpg 1280w\" sizes=\"(max-width: 630px) 100vw, 630px\" alt=\"\">\r\n                            <\/a>\r\n                            \r\n                        <\/figure>\r\n                    <\/div>\r\n                    <div class = \"td-slide-item td-item3\">\r\n                        <figure class=\"td-slide-galery-figure td-slide-popup-gallery\">\r\n                            <a class=\"slide-gallery-image-link\" href=\"\/wp-content\/uploads\/sites\/5\/2019\/12\/Inauguran-clinicas-camip-pamplona-2019-4.jpg\" title=\"Inauguran clinicas camip pamplona 2019-4\"  data-caption=\"\"  data-description=\"\">\r\n                                <img decoding=\"async\" src=\"\/wp-content\/uploads\/sites\/5\/2019\/12\/Inauguran-clinicas-camip-pamplona-2019-4-630x420.jpg\" srcset=\"\/wp-content\/uploads\/sites\/5\/2019\/12\/Inauguran-clinicas-camip-pamplona-2019-4-630x420.jpg 630w, \/wp-content\/uploads\/sites\/5\/2019\/12\/Inauguran-clinicas-camip-pamplona-2019-4-300x200.jpg 300w, \/wp-content\/uploads\/sites\/5\/2019\/12\/Inauguran-clinicas-camip-pamplona-2019-4-768x512.jpg 768w, \/wp-content\/uploads\/sites\/5\/2019\/12\/Inauguran-clinicas-camip-pamplona-2019-4-1024x682.jpg 1024w, \/wp-content\/uploads\/sites\/5\/2019\/12\/Inauguran-clinicas-camip-pamplona-2019-4-696x464.jpg 696w, \/wp-content\/uploads\/sites\/5\/2019\/12\/Inauguran-clinicas-camip-pamplona-2019-4-1068x712.jpg 1068w, \/wp-content\/uploads\/sites\/5\/2019\/12\/Inauguran-clinicas-camip-pamplona-2019-4-534x356.jpg 534w, \/wp-content\/uploads\/sites\/5\/2019\/12\/Inauguran-clinicas-camip-pamplona-2019-4.jpg 1280w\" sizes=\"(max-width: 630px) 100vw, 630px\" alt=\"\">\r\n                            <\/a>\r\n                            \r\n                        <\/figure>\r\n                    <\/div>\r\n                    <div class = \"td-slide-item td-item4\">\r\n                        <figure class=\"td-slide-galery-figure td-slide-popup-gallery\">\r\n                            <a class=\"slide-gallery-image-link\" href=\"\/wp-content\/uploads\/sites\/5\/2019\/12\/Inauguran-clinicas-camip-pamplona-2019-7.jpg\" title=\"Inauguran clinicas camip pamplona 2019-7\"  data-caption=\"\"  data-description=\"\">\r\n                                <img decoding=\"async\" src=\"\/wp-content\/uploads\/sites\/5\/2019\/12\/Inauguran-clinicas-camip-pamplona-2019-7-630x420.jpg\" srcset=\"\/wp-content\/uploads\/sites\/5\/2019\/12\/Inauguran-clinicas-camip-pamplona-2019-7-630x420.jpg 630w, \/wp-content\/uploads\/sites\/5\/2019\/12\/Inauguran-clinicas-camip-pamplona-2019-7-300x200.jpg 300w, \/wp-content\/uploads\/sites\/5\/2019\/12\/Inauguran-clinicas-camip-pamplona-2019-7-768x512.jpg 768w, \/wp-content\/uploads\/sites\/5\/2019\/12\/Inauguran-clinicas-camip-pamplona-2019-7-1024x682.jpg 1024w, \/wp-content\/uploads\/sites\/5\/2019\/12\/Inauguran-clinicas-camip-pamplona-2019-7-696x464.jpg 696w, \/wp-content\/uploads\/sites\/5\/2019\/12\/Inauguran-clinicas-camip-pamplona-2019-7-1068x712.jpg 1068w, \/wp-content\/uploads\/sites\/5\/2019\/12\/Inauguran-clinicas-camip-pamplona-2019-7-534x356.jpg 534w, \/wp-content\/uploads\/sites\/5\/2019\/12\/Inauguran-clinicas-camip-pamplona-2019-7.jpg 1280w\" sizes=\"(max-width: 630px) 100vw, 630px\" alt=\"\">\r\n                            <\/a>\r\n                            \r\n                        <\/figure>\r\n                    <\/div>\r\n                    <div class = \"td-slide-item td-item5\">\r\n                        <figure class=\"td-slide-galery-figure td-slide-popup-gallery\">\r\n                            <a class=\"slide-gallery-image-link\" href=\"\/wp-content\/uploads\/sites\/5\/2019\/12\/Inauguran-clinicas-camip-pamplona-2019-9.jpg\" title=\"Inauguran clinicas camip pamplona 2019-9\"  data-caption=\"\"  data-description=\"\">\r\n                                <img decoding=\"async\" src=\"\/wp-content\/uploads\/sites\/5\/2019\/12\/Inauguran-clinicas-camip-pamplona-2019-9-630x420.jpg\" srcset=\"\/wp-content\/uploads\/sites\/5\/2019\/12\/Inauguran-clinicas-camip-pamplona-2019-9-630x420.jpg 630w, \/wp-content\/uploads\/sites\/5\/2019\/12\/Inauguran-clinicas-camip-pamplona-2019-9-300x200.jpg 300w, \/wp-content\/uploads\/sites\/5\/2019\/12\/Inauguran-clinicas-camip-pamplona-2019-9-768x512.jpg 768w, \/wp-content\/uploads\/sites\/5\/2019\/12\/Inauguran-clinicas-camip-pamplona-2019-9-1024x682.jpg 1024w, \/wp-content\/uploads\/sites\/5\/2019\/12\/Inauguran-clinicas-camip-pamplona-2019-9-696x464.jpg 696w, \/wp-content\/uploads\/sites\/5\/2019\/12\/Inauguran-clinicas-camip-pamplona-2019-9-1068x712.jpg 1068w, \/wp-content\/uploads\/sites\/5\/2019\/12\/Inauguran-clinicas-camip-pamplona-2019-9-534x356.jpg 534w, \/wp-content\/uploads\/sites\/5\/2019\/12\/Inauguran-clinicas-camip-pamplona-2019-9.jpg 1280w\" sizes=\"(max-width: 630px) 100vw, 630px\" alt=\"\">\r\n                            <\/a>\r\n                            \r\n                        <\/figure>\r\n                    <\/div>\r\n                    <div class = \"td-slide-item td-item6\">\r\n                        <figure class=\"td-slide-galery-figure td-slide-popup-gallery\">\r\n                            <a class=\"slide-gallery-image-link\" href=\"\/wp-content\/uploads\/sites\/5\/2019\/12\/Inauguran-clinicas-camip-pamplona-2019-10.jpg\" title=\"Inauguran clinicas camip pamplona 2019-10\"  data-caption=\"\"  data-description=\"\">\r\n                                <img decoding=\"async\" src=\"\/wp-content\/uploads\/sites\/5\/2019\/12\/Inauguran-clinicas-camip-pamplona-2019-10-630x420.jpg\" srcset=\"\/wp-content\/uploads\/sites\/5\/2019\/12\/Inauguran-clinicas-camip-pamplona-2019-10-630x420.jpg 630w, \/wp-content\/uploads\/sites\/5\/2019\/12\/Inauguran-clinicas-camip-pamplona-2019-10-300x200.jpg 300w, \/wp-content\/uploads\/sites\/5\/2019\/12\/Inauguran-clinicas-camip-pamplona-2019-10-768x512.jpg 768w, \/wp-content\/uploads\/sites\/5\/2019\/12\/Inauguran-clinicas-camip-pamplona-2019-10-1024x682.jpg 1024w, \/wp-content\/uploads\/sites\/5\/2019\/12\/Inauguran-clinicas-camip-pamplona-2019-10-696x464.jpg 696w, \/wp-content\/uploads\/sites\/5\/2019\/12\/Inauguran-clinicas-camip-pamplona-2019-10-1068x712.jpg 1068w, \/wp-content\/uploads\/sites\/5\/2019\/12\/Inauguran-clinicas-camip-pamplona-2019-10-534x356.jpg 534w, \/wp-content\/uploads\/sites\/5\/2019\/12\/Inauguran-clinicas-camip-pamplona-2019-10.jpg 1280w\" sizes=\"(max-width: 630px) 100vw, 630px\" alt=\"\">\r\n                            <\/a>\r\n                            \r\n                        <\/figure>\r\n                    <\/div>\r\n                    <div class = \"td-slide-item td-item7\">\r\n                        <figure class=\"td-slide-galery-figure td-slide-popup-gallery\">\r\n                            <a class=\"slide-gallery-image-link\" href=\"\/wp-content\/uploads\/sites\/5\/2019\/12\/Inauguran-clinicas-camip-pamplona-2019-12.jpg\" title=\"Inauguran clinicas camip pamplona 2019-12\"  data-caption=\"\"  data-description=\"\">\r\n                                <img decoding=\"async\" src=\"\/wp-content\/uploads\/sites\/5\/2019\/12\/Inauguran-clinicas-camip-pamplona-2019-12-630x420.jpg\" srcset=\"\/wp-content\/uploads\/sites\/5\/2019\/12\/Inauguran-clinicas-camip-pamplona-2019-12-630x420.jpg 630w, \/wp-content\/uploads\/sites\/5\/2019\/12\/Inauguran-clinicas-camip-pamplona-2019-12-300x200.jpg 300w, \/wp-content\/uploads\/sites\/5\/2019\/12\/Inauguran-clinicas-camip-pamplona-2019-12-768x512.jpg 768w, \/wp-content\/uploads\/sites\/5\/2019\/12\/Inauguran-clinicas-camip-pamplona-2019-12-1024x682.jpg 1024w, \/wp-content\/uploads\/sites\/5\/2019\/12\/Inauguran-clinicas-camip-pamplona-2019-12-696x464.jpg 696w, \/wp-content\/uploads\/sites\/5\/2019\/12\/Inauguran-clinicas-camip-pamplona-2019-12-1068x712.jpg 1068w, \/wp-content\/uploads\/sites\/5\/2019\/12\/Inauguran-clinicas-camip-pamplona-2019-12-534x356.jpg 534w, \/wp-content\/uploads\/sites\/5\/2019\/12\/Inauguran-clinicas-camip-pamplona-2019-12.jpg 1280w\" sizes=\"(max-width: 630px) 100vw, 630px\" alt=\"\">\r\n                            <\/a>\r\n                            \r\n                        <\/figure>\r\n                    <\/div>\r\n                    <div class = \"td-slide-item td-item8\">\r\n                        <figure class=\"td-slide-galery-figure td-slide-popup-gallery\">\r\n                            <a class=\"slide-gallery-image-link\" href=\"\/wp-content\/uploads\/sites\/5\/2019\/12\/Inauguran-clinicas-camip-pamplona-2019-13.jpg\" title=\"Inauguran clinicas camip pamplona 2019-13\"  data-caption=\"\"  data-description=\"\">\r\n                                <img decoding=\"async\" src=\"\/wp-content\/uploads\/sites\/5\/2019\/12\/Inauguran-clinicas-camip-pamplona-2019-13-630x420.jpg\" srcset=\"\/wp-content\/uploads\/sites\/5\/2019\/12\/Inauguran-clinicas-camip-pamplona-2019-13-630x420.jpg 630w, \/wp-content\/uploads\/sites\/5\/2019\/12\/Inauguran-clinicas-camip-pamplona-2019-13-300x200.jpg 300w, \/wp-content\/uploads\/sites\/5\/2019\/12\/Inauguran-clinicas-camip-pamplona-2019-13-768x512.jpg 768w, \/wp-content\/uploads\/sites\/5\/2019\/12\/Inauguran-clinicas-camip-pamplona-2019-13-1024x682.jpg 1024w, \/wp-content\/uploads\/sites\/5\/2019\/12\/Inauguran-clinicas-camip-pamplona-2019-13-696x464.jpg 696w, \/wp-content\/uploads\/sites\/5\/2019\/12\/Inauguran-clinicas-camip-pamplona-2019-13-1068x712.jpg 1068w, \/wp-content\/uploads\/sites\/5\/2019\/12\/Inauguran-clinicas-camip-pamplona-2019-13-534x356.jpg 534w, \/wp-content\/uploads\/sites\/5\/2019\/12\/Inauguran-clinicas-camip-pamplona-2019-13.jpg 1280w\" sizes=\"(max-width: 630px) 100vw, 630px\" alt=\"\">\r\n                            <\/a>\r\n                            \r\n                        <\/figure>\r\n                    <\/div>\r\n                    <div class = \"td-slide-item td-item9\">\r\n                        <figure class=\"td-slide-galery-figure td-slide-popup-gallery\">\r\n                            <a class=\"slide-gallery-image-link\" href=\"\/wp-content\/uploads\/sites\/5\/2019\/12\/Inauguran-clinicas-camip-pamplona-2019-16.jpg\" title=\"Inauguran clinicas camip pamplona 2019-16\"  data-caption=\"\"  data-description=\"\">\r\n                                <img decoding=\"async\" src=\"\/wp-content\/uploads\/sites\/5\/2019\/12\/Inauguran-clinicas-camip-pamplona-2019-16-630x420.jpg\" srcset=\"\/wp-content\/uploads\/sites\/5\/2019\/12\/Inauguran-clinicas-camip-pamplona-2019-16-630x420.jpg 630w, \/wp-content\/uploads\/sites\/5\/2019\/12\/Inauguran-clinicas-camip-pamplona-2019-16-300x200.jpg 300w, \/wp-content\/uploads\/sites\/5\/2019\/12\/Inauguran-clinicas-camip-pamplona-2019-16-768x512.jpg 768w, \/wp-content\/uploads\/sites\/5\/2019\/12\/Inauguran-clinicas-camip-pamplona-2019-16-1024x682.jpg 1024w, \/wp-content\/uploads\/sites\/5\/2019\/12\/Inauguran-clinicas-camip-pamplona-2019-16-696x464.jpg 696w, \/wp-content\/uploads\/sites\/5\/2019\/12\/Inauguran-clinicas-camip-pamplona-2019-16-1068x712.jpg 1068w, \/wp-content\/uploads\/sites\/5\/2019\/12\/Inauguran-clinicas-camip-pamplona-2019-16-534x356.jpg 534w, \/wp-content\/uploads\/sites\/5\/2019\/12\/Inauguran-clinicas-camip-pamplona-2019-16.jpg 1280w\" sizes=\"(max-width: 630px) 100vw, 630px\" alt=\"\">\r\n                            <\/a>\r\n                            \r\n                        <\/figure>\r\n                    <\/div>\r\n                    <div class = \"td-slide-item td-item10\">\r\n                        <figure class=\"td-slide-galery-figure td-slide-popup-gallery\">\r\n                            <a class=\"slide-gallery-image-link\" href=\"\/wp-content\/uploads\/sites\/5\/2019\/12\/Inauguran-clinicas-camip-pamplona-2019-19.jpg\" title=\"Inauguran clinicas camip pamplona 2019-19\"  data-caption=\"\"  data-description=\"\">\r\n                                <img decoding=\"async\" src=\"\/wp-content\/uploads\/sites\/5\/2019\/12\/Inauguran-clinicas-camip-pamplona-2019-19-630x420.jpg\" srcset=\"\/wp-content\/uploads\/sites\/5\/2019\/12\/Inauguran-clinicas-camip-pamplona-2019-19-630x420.jpg 630w, \/wp-content\/uploads\/sites\/5\/2019\/12\/Inauguran-clinicas-camip-pamplona-2019-19-300x200.jpg 300w, \/wp-content\/uploads\/sites\/5\/2019\/12\/Inauguran-clinicas-camip-pamplona-2019-19-768x512.jpg 768w, \/wp-content\/uploads\/sites\/5\/2019\/12\/Inauguran-clinicas-camip-pamplona-2019-19-1024x682.jpg 1024w, \/wp-content\/uploads\/sites\/5\/2019\/12\/Inauguran-clinicas-camip-pamplona-2019-19-696x464.jpg 696w, \/wp-content\/uploads\/sites\/5\/2019\/12\/Inauguran-clinicas-camip-pamplona-2019-19-1068x712.jpg 1068w, \/wp-content\/uploads\/sites\/5\/2019\/12\/Inauguran-clinicas-camip-pamplona-2019-19-534x356.jpg 534w, \/wp-content\/uploads\/sites\/5\/2019\/12\/Inauguran-clinicas-camip-pamplona-2019-19.jpg 1280w\" sizes=\"(max-width: 630px) 100vw, 630px\" alt=\"\">\r\n                            <\/a>\r\n                            \r\n                        <\/figure>\r\n                    <\/div>\r\n                    <div class = \"td-slide-item td-item11\">\r\n                        <figure class=\"td-slide-galery-figure td-slide-popup-gallery\">\r\n                            <a class=\"slide-gallery-image-link\" href=\"\/wp-content\/uploads\/sites\/5\/2019\/12\/Inauguran-clinicas-camip-pamplona-2019-21.jpg\" title=\"Inauguran clinicas camip pamplona 2019-21\"  data-caption=\"\"  data-description=\"\">\r\n                                <img decoding=\"async\" src=\"\/wp-content\/uploads\/sites\/5\/2019\/12\/Inauguran-clinicas-camip-pamplona-2019-21-630x420.jpg\" srcset=\"\/wp-content\/uploads\/sites\/5\/2019\/12\/Inauguran-clinicas-camip-pamplona-2019-21-630x420.jpg 630w, \/wp-content\/uploads\/sites\/5\/2019\/12\/Inauguran-clinicas-camip-pamplona-2019-21-300x200.jpg 300w, \/wp-content\/uploads\/sites\/5\/2019\/12\/Inauguran-clinicas-camip-pamplona-2019-21-768x512.jpg 768w, \/wp-content\/uploads\/sites\/5\/2019\/12\/Inauguran-clinicas-camip-pamplona-2019-21-1024x682.jpg 1024w, \/wp-content\/uploads\/sites\/5\/2019\/12\/Inauguran-clinicas-camip-pamplona-2019-21-696x464.jpg 696w, \/wp-content\/uploads\/sites\/5\/2019\/12\/Inauguran-clinicas-camip-pamplona-2019-21-1068x712.jpg 1068w, \/wp-content\/uploads\/sites\/5\/2019\/12\/Inauguran-clinicas-camip-pamplona-2019-21-534x356.jpg 534w, \/wp-content\/uploads\/sites\/5\/2019\/12\/Inauguran-clinicas-camip-pamplona-2019-21.jpg 1280w\" sizes=\"(max-width: 630px) 100vw, 630px\" alt=\"\">\r\n                            <\/a>\r\n                            \r\n                        <\/figure>\r\n                    <\/div>\r\n                    <div class = \"td-slide-item td-item12\">\r\n                        <figure class=\"td-slide-galery-figure td-slide-popup-gallery\">\r\n                            <a class=\"slide-gallery-image-link\" href=\"\/wp-content\/uploads\/sites\/5\/2019\/12\/Inauguran-clinicas-camip-pamplona-2019-23.jpg\" title=\"Inauguran clinicas camip pamplona 2019-23\"  data-caption=\"\"  data-description=\"\">\r\n                                <img decoding=\"async\" src=\"\/wp-content\/uploads\/sites\/5\/2019\/12\/Inauguran-clinicas-camip-pamplona-2019-23-630x420.jpg\" srcset=\"\/wp-content\/uploads\/sites\/5\/2019\/12\/Inauguran-clinicas-camip-pamplona-2019-23-630x420.jpg 630w, \/wp-content\/uploads\/sites\/5\/2019\/12\/Inauguran-clinicas-camip-pamplona-2019-23-300x200.jpg 300w, \/wp-content\/uploads\/sites\/5\/2019\/12\/Inauguran-clinicas-camip-pamplona-2019-23-768x512.jpg 768w, \/wp-content\/uploads\/sites\/5\/2019\/12\/Inauguran-clinicas-camip-pamplona-2019-23-1024x682.jpg 1024w, \/wp-content\/uploads\/sites\/5\/2019\/12\/Inauguran-clinicas-camip-pamplona-2019-23-696x464.jpg 696w, \/wp-content\/uploads\/sites\/5\/2019\/12\/Inauguran-clinicas-camip-pamplona-2019-23-1068x712.jpg 1068w, \/wp-content\/uploads\/sites\/5\/2019\/12\/Inauguran-clinicas-camip-pamplona-2019-23-534x356.jpg 534w, \/wp-content\/uploads\/sites\/5\/2019\/12\/Inauguran-clinicas-camip-pamplona-2019-23.jpg 1280w\" sizes=\"(max-width: 630px) 100vw, 630px\" alt=\"\">\r\n                            <\/a>\r\n                            \r\n                        <\/figure>\r\n                    <\/div>\r\n                    <div class = \"td-slide-item td-item13\">\r\n                        <figure class=\"td-slide-galery-figure td-slide-popup-gallery\">\r\n                            <a class=\"slide-gallery-image-link\" href=\"\/wp-content\/uploads\/sites\/5\/2019\/12\/Inauguran-clinicas-camip-pamplona-2019-24.jpg\" title=\"Inauguran clinicas camip pamplona 2019-24\"  data-caption=\"\"  data-description=\"\">\r\n                                <img decoding=\"async\" src=\"\/wp-content\/uploads\/sites\/5\/2019\/12\/Inauguran-clinicas-camip-pamplona-2019-24-630x420.jpg\" srcset=\"\/wp-content\/uploads\/sites\/5\/2019\/12\/Inauguran-clinicas-camip-pamplona-2019-24-630x420.jpg 630w, \/wp-content\/uploads\/sites\/5\/2019\/12\/Inauguran-clinicas-camip-pamplona-2019-24-300x200.jpg 300w, \/wp-content\/uploads\/sites\/5\/2019\/12\/Inauguran-clinicas-camip-pamplona-2019-24-768x512.jpg 768w, \/wp-content\/uploads\/sites\/5\/2019\/12\/Inauguran-clinicas-camip-pamplona-2019-24-1024x682.jpg 1024w, \/wp-content\/uploads\/sites\/5\/2019\/12\/Inauguran-clinicas-camip-pamplona-2019-24-696x464.jpg 696w, \/wp-content\/uploads\/sites\/5\/2019\/12\/Inauguran-clinicas-camip-pamplona-2019-24-1068x712.jpg 1068w, \/wp-content\/uploads\/sites\/5\/2019\/12\/Inauguran-clinicas-camip-pamplona-2019-24-534x356.jpg 534w, \/wp-content\/uploads\/sites\/5\/2019\/12\/Inauguran-clinicas-camip-pamplona-2019-24.jpg 1280w\" sizes=\"(max-width: 630px) 100vw, 630px\" alt=\"\">\r\n                            <\/a>\r\n                            \r\n                        <\/figure>\r\n                    <\/div>\r\n                    <div class = \"td-slide-item td-item14\">\r\n                        <figure class=\"td-slide-galery-figure td-slide-popup-gallery\">\r\n                            <a class=\"slide-gallery-image-link\" href=\"\/wp-content\/uploads\/sites\/5\/2019\/12\/Inauguran-clinicas-camip-pamplona-2019-25.jpg\" title=\"Inauguran clinicas camip pamplona 2019-25\"  data-caption=\"\"  data-description=\"\">\r\n                                <img decoding=\"async\" src=\"\/wp-content\/uploads\/sites\/5\/2019\/12\/Inauguran-clinicas-camip-pamplona-2019-25-630x420.jpg\" srcset=\"\/wp-content\/uploads\/sites\/5\/2019\/12\/Inauguran-clinicas-camip-pamplona-2019-25-630x420.jpg 630w, \/wp-content\/uploads\/sites\/5\/2019\/12\/Inauguran-clinicas-camip-pamplona-2019-25-300x200.jpg 300w, \/wp-content\/uploads\/sites\/5\/2019\/12\/Inauguran-clinicas-camip-pamplona-2019-25-768x512.jpg 768w, \/wp-content\/uploads\/sites\/5\/2019\/12\/Inauguran-clinicas-camip-pamplona-2019-25-1024x682.jpg 1024w, \/wp-content\/uploads\/sites\/5\/2019\/12\/Inauguran-clinicas-camip-pamplona-2019-25-696x464.jpg 696w, \/wp-content\/uploads\/sites\/5\/2019\/12\/Inauguran-clinicas-camip-pamplona-2019-25-1068x712.jpg 1068w, \/wp-content\/uploads\/sites\/5\/2019\/12\/Inauguran-clinicas-camip-pamplona-2019-25-534x356.jpg 534w, \/wp-content\/uploads\/sites\/5\/2019\/12\/Inauguran-clinicas-camip-pamplona-2019-25.jpg 1280w\" sizes=\"(max-width: 630px) 100vw, 630px\" alt=\"\">\r\n                            <\/a>\r\n                            \r\n                        <\/figure>\r\n                    <\/div>\r\n                    <div class = \"td-slide-item td-item15\">\r\n                        <figure class=\"td-slide-galery-figure td-slide-popup-gallery\">\r\n                            <a class=\"slide-gallery-image-link\" href=\"\/wp-content\/uploads\/sites\/5\/2019\/12\/Inauguran-clinicas-camip-pamplona-2019-28.jpg\" title=\"Inauguran clinicas camip pamplona 2019-28\"  data-caption=\"\"  data-description=\"\">\r\n                                <img decoding=\"async\" src=\"\/wp-content\/uploads\/sites\/5\/2019\/12\/Inauguran-clinicas-camip-pamplona-2019-28-560x420.jpg\" srcset=\"\/wp-content\/uploads\/sites\/5\/2019\/12\/Inauguran-clinicas-camip-pamplona-2019-28-560x420.jpg 560w, \/wp-content\/uploads\/sites\/5\/2019\/12\/Inauguran-clinicas-camip-pamplona-2019-28-300x225.jpg 300w, \/wp-content\/uploads\/sites\/5\/2019\/12\/Inauguran-clinicas-camip-pamplona-2019-28-768x576.jpg 768w, \/wp-content\/uploads\/sites\/5\/2019\/12\/Inauguran-clinicas-camip-pamplona-2019-28-1024x768.jpg 1024w, \/wp-content\/uploads\/sites\/5\/2019\/12\/Inauguran-clinicas-camip-pamplona-2019-28-80x60.jpg 80w, \/wp-content\/uploads\/sites\/5\/2019\/12\/Inauguran-clinicas-camip-pamplona-2019-28-696x522.jpg 696w, \/wp-content\/uploads\/sites\/5\/2019\/12\/Inauguran-clinicas-camip-pamplona-2019-28-1068x801.jpg 1068w, \/wp-content\/uploads\/sites\/5\/2019\/12\/Inauguran-clinicas-camip-pamplona-2019-28-265x198.jpg 265w, \/wp-content\/uploads\/sites\/5\/2019\/12\/Inauguran-clinicas-camip-pamplona-2019-28-534x401.jpg 534w, \/wp-content\/uploads\/sites\/5\/2019\/12\/Inauguran-clinicas-camip-pamplona-2019-28.jpg 1280w\" sizes=\"(max-width: 560px) 100vw, 560px\" alt=\"\">\r\n                            <\/a>\r\n                            \r\n                        <\/figure>\r\n                    <\/div>\r\n                    <div class = \"td-slide-item td-item16\">\r\n                        <figure class=\"td-slide-galery-figure td-slide-popup-gallery\">\r\n                            <a class=\"slide-gallery-image-link\" href=\"\/wp-content\/uploads\/sites\/5\/2019\/12\/Inauguran-clinicas-camip-pamplona-2019-29.jpg\" title=\"Inauguran clinicas camip pamplona 2019-29\"  data-caption=\"\"  data-description=\"\">\r\n                                <img decoding=\"async\" src=\"\/wp-content\/uploads\/sites\/5\/2019\/12\/Inauguran-clinicas-camip-pamplona-2019-29-630x420.jpg\" srcset=\"\/wp-content\/uploads\/sites\/5\/2019\/12\/Inauguran-clinicas-camip-pamplona-2019-29-630x420.jpg 630w, \/wp-content\/uploads\/sites\/5\/2019\/12\/Inauguran-clinicas-camip-pamplona-2019-29-300x200.jpg 300w, \/wp-content\/uploads\/sites\/5\/2019\/12\/Inauguran-clinicas-camip-pamplona-2019-29-768x512.jpg 768w, \/wp-content\/uploads\/sites\/5\/2019\/12\/Inauguran-clinicas-camip-pamplona-2019-29-1024x682.jpg 1024w, \/wp-content\/uploads\/sites\/5\/2019\/12\/Inauguran-clinicas-camip-pamplona-2019-29-696x464.jpg 696w, \/wp-content\/uploads\/sites\/5\/2019\/12\/Inauguran-clinicas-camip-pamplona-2019-29-1068x712.jpg 1068w, \/wp-content\/uploads\/sites\/5\/2019\/12\/Inauguran-clinicas-camip-pamplona-2019-29-534x356.jpg 534w, \/wp-content\/uploads\/sites\/5\/2019\/12\/Inauguran-clinicas-camip-pamplona-2019-29.jpg 1280w\" sizes=\"(max-width: 630px) 100vw, 630px\" alt=\"\">\r\n                            <\/a>\r\n                            \r\n                        <\/figure>\r\n                    <\/div>\r\n                            <\/div>\r\n                        <\/div>\r\n\r\n                        <div class = \"td-doubleSlider-2\">\r\n                            <div class = \"td-slider\">\r\n                                \r\n                    <div class = \"td-button td-item1\">\r\n                        <div class = \"td-border\"><\/div>\r\n                    <\/div>\r\n                    <div class = \"td-button td-item2\">\r\n                        <div class = \"td-border\"><\/div>\r\n                    <\/div>\r\n                    <div class = \"td-button td-item3\">\r\n                        <div class = \"td-border\"><\/div>\r\n                    <\/div>\r\n                    <div class = \"td-button td-item4\">\r\n                        <div class = \"td-border\"><\/div>\r\n                    <\/div>\r\n                    <div class = \"td-button td-item5\">\r\n                        <div class = \"td-border\"><\/div>\r\n                    <\/div>\r\n                    <div class = \"td-button td-item6\">\r\n                        <div class = \"td-border\"><\/div>\r\n                    <\/div>\r\n                    <div class = \"td-button td-item7\">\r\n                        <div class = \"td-border\"><\/div>\r\n                    <\/div>\r\n                    <div class = \"td-button td-item8\">\r\n                        <div class = \"td-border\"><\/div>\r\n                    <\/div>\r\n                    <div class = \"td-button td-item9\">\r\n                        <div class = \"td-border\"><\/div>\r\n                    <\/div>\r\n                    <div class = \"td-button td-item10\">\r\n                        <div class = \"td-border\"><\/div>\r\n                    <\/div>\r\n                    <div class = \"td-button td-item11\">\r\n                        <div class = \"td-border\"><\/div>\r\n                    <\/div>\r\n                    <div class = \"td-button td-item12\">\r\n                        <div class = \"td-border\"><\/div>\r\n                    <\/div>\r\n                    <div class = \"td-button td-item13\">\r\n                        <div class = \"td-border\"><\/div>\r\n                    <\/div>\r\n                    <div class = \"td-button td-item14\">\r\n                        <div class = \"td-border\"><\/div>\r\n                    <\/div>\r\n                    <div class = \"td-button td-item15\">\r\n                        <div class = \"td-border\"><\/div>\r\n                    <\/div>\r\n                    <div class = \"td-button td-item16\">\r\n                        <div class = \"td-border\"><\/div>\r\n                    <\/div>\r\n                            <\/div>\r\n                        <\/div>\r\n\r\n                    <\/div>\r\n\r\n                <\/div>\r\n                \n","protected":false},"excerpt":{"rendered":"<p>Autoridades del IGSS y del Centro de Atenci\u00f3n M\u00e9dica Integral para Pensionados (CAMIP), ubicado en la zona 12, inauguraron hoy un m\u00f3dulo con nueve cl\u00ednicas, siete de estas son para casos de enfermedad com\u00fan, una de medicina interna y una de signos vitales, con lo que mensualmente se beneficiar\u00e1 a m\u00e1s de 8 mil pacientes. [&hellip;]<\/p>\n","protected":false},"author":4,"featured_media":15054,"comment_status":"open","ping_status":"open","sticky":false,"template":"","format":"standard","meta":{"footnotes":""},"categories":[3,8,15,18,20,25,29],"tags":[149,490,506],"coauthors":[881],"class_list":{"0":"post-15047","1":"post","2":"type-post","3":"status-publish","4":"format-standard","5":"has-post-thumbnail","7":"category-actualidad","8":"category-camip","9":"category-destacado","10":"category-equipamiento-e-infraestructura","11":"category-jubilados","12":"category-pensionados","13":"category-publicaciones","14":"tag-camip-pamplona","15":"tag-igss","16":"tag-infraestructura"},"_links":{"self":[{"href":"https:\/\/www.igssgt.org\/noticias\/wp-json\/wp\/v2\/posts\/15047","targetHints":{"allow":["GET"]}}],"collection":[{"href":"https:\/\/www.igssgt.org\/noticias\/wp-json\/wp\/v2\/posts"}],"about":[{"href":"https:\/\/www.igssgt.org\/noticias\/wp-json\/wp\/v2\/types\/post"}],"author":[{"embeddable":true,"href":"https:\/\/www.igssgt.org\/noticias\/wp-json\/wp\/v2\/users\/4"}],"replies":[{"embeddable":true,"href":"https:\/\/www.igssgt.org\/noticias\/wp-json\/wp\/v2\/comments?post=15047"}],"version-history":[{"count":4,"href":"https:\/\/www.igssgt.org\/noticias\/wp-json\/wp\/v2\/posts\/15047\/revisions"}],"predecessor-version":[{"id":15074,"href":"https:\/\/www.igssgt.org\/noticias\/wp-json\/wp\/v2\/posts\/15047\/revisions\/15074"}],"wp:featuredmedia":[{"embeddable":true,"href":"https:\/\/www.igssgt.org\/noticias\/wp-json\/wp\/v2\/media\/15054"}],"wp:attachment":[{"href":"https:\/\/www.igssgt.org\/noticias\/wp-json\/wp\/v2\/media?parent=15047"}],"wp:term":[{"taxonomy":"category","embeddable":true,"href":"https:\/\/www.igssgt.org\/noticias\/wp-json\/wp\/v2\/categories?post=15047"},{"taxonomy":"post_tag","embeddable":true,"href":"https:\/\/www.igssgt.org\/noticias\/wp-json\/wp\/v2\/tags?post=15047"},{"taxonomy":"author","embeddable":true,"href":"https:\/\/www.igssgt.org\/noticias\/wp-json\/wp\/v2\/coauthors?post=15047"}],"curies":[{"name":"wp","href":"https:\/\/api.w.org\/{rel}","templated":true}]}}