{"id":15271,"date":"2019-12-13T14:15:16","date_gmt":"2019-12-13T20:15:16","guid":{"rendered":"https:\/\/www.igssgt.org\/noticias\/?p=15271"},"modified":"2019-12-13T19:10:16","modified_gmt":"2019-12-14T01:10:16","slug":"el-igss-gradua-a-95-medicos-en-23-especialidades","status":"publish","type":"post","link":"https:\/\/www.igssgt.org\/noticias\/2019\/12\/13\/el-igss-gradua-a-95-medicos-en-23-especialidades\/","title":{"rendered":"El IGSS grad\u00faa a 95 m\u00e9dicos en 23 especialidades"},"content":{"rendered":"\n<p><a href=\"\/wp-content\/uploads\/sites\/5\/2019\/12\/Graduacion-medicos-especialidades-IGSS-2019-6.jpg\"><img loading=\"lazy\" decoding=\"async\" class=\"aligncenter size-full wp-image-15277\" src=\"\/wp-content\/uploads\/sites\/5\/2019\/12\/Graduacion-medicos-especialidades-IGSS-2019-6.jpg\" alt=\"\" width=\"1280\" height=\"866\" srcset=\"\/wp-content\/uploads\/sites\/5\/2019\/12\/Graduacion-medicos-especialidades-IGSS-2019-6.jpg 1280w, \/wp-content\/uploads\/sites\/5\/2019\/12\/Graduacion-medicos-especialidades-IGSS-2019-6-300x203.jpg 300w, \/wp-content\/uploads\/sites\/5\/2019\/12\/Graduacion-medicos-especialidades-IGSS-2019-6-768x520.jpg 768w, \/wp-content\/uploads\/sites\/5\/2019\/12\/Graduacion-medicos-especialidades-IGSS-2019-6-1024x693.jpg 1024w, \/wp-content\/uploads\/sites\/5\/2019\/12\/Graduacion-medicos-especialidades-IGSS-2019-6-621x420.jpg 621w, \/wp-content\/uploads\/sites\/5\/2019\/12\/Graduacion-medicos-especialidades-IGSS-2019-6-696x471.jpg 696w, \/wp-content\/uploads\/sites\/5\/2019\/12\/Graduacion-medicos-especialidades-IGSS-2019-6-1068x723.jpg 1068w, \/wp-content\/uploads\/sites\/5\/2019\/12\/Graduacion-medicos-especialidades-IGSS-2019-6-534x361.jpg 534w\" sizes=\"auto, (max-width: 1280px) 100vw, 1280px\" \/><\/a><\/p>\n<p>El Seguro Social gradu\u00f3 hoy a 80 m\u00e9dicos especialistas y 15 m\u00e9dicos subespecialistas, quienes pr\u00f3ximamente estar\u00e1n al servicio de la poblaci\u00f3n derechohabiente en distintas unidades de la instituci\u00f3n.<\/p>\n<p>Los estudios fueron coordinados por el Programa de Formaci\u00f3n de M\u00e9dicos Generales y Especialistas, de la Subgerencia de Recursos Humanos del IGSS, con aval de la Universidad de San Carlos de Guatemala. El acto de graduaci\u00f3n se realiz\u00f3 en el auditorio de las Oficinas Centrales del IGSS, en la zona 1.<\/p>\n<p>La doctora Ana Marilyn Ortiz, gerente del Instituto, destac\u00f3 que es un honor entregar al pa\u00eds 95 especialistas con talento humano y j\u00f3venes con excelencia acad\u00e9mica, quienes con sus conocimientos brindar\u00e1n una atenci\u00f3n eficiente, de calidad y con calidez a los derechohabientes.<\/p>\n<p>\u201cCada graduando escoger\u00e1 su destino, unos trabajar\u00e1n para el Seguro Social y otros seguir\u00e1n su formaci\u00f3n en el Plan de Becas. A cada uno le deseo \u00e9xito en lo que realicen\u201d, expres\u00f3 Adolfo Lacs, director de la Junta Directiva de la instituci\u00f3n.<\/p>\n<h4><strong>Especialidades<\/strong><\/h4>\n<p>Entre las especialidades que ahora en adelante pondr\u00e1n en pr\u00e1ctica los graduandos son: Anestesiolog\u00eda, Cirug\u00eda General, Cirug\u00eda Oral y Maxilofacial, Ginecolog\u00eda, Obstetricia, Medicina F\u00edsica, Rehabilitaci\u00f3n, Medicina Interna, Pediatr\u00eda, Traumatolog\u00eda y Ortopedia.<\/p>\n<p>Adem\u00e1s, Medicina Cr\u00edtica, Cuidado Intensivo del Adulto, Cuidado Intensivo Pedi\u00e1trico, Nefrolog\u00eda de Adultos, Neonatolog\u00eda y Otorrinolaringolog\u00eda.<\/p>\n<p>El doctor Gary Reyes L\u00f3pez, coordinador del Programa de Formaci\u00f3n de M\u00e9dicos Generales y Especialistas, agradeci\u00f3 el esfuerzo de cada estudiante y a los familiares por apoyarlos durante su carrera.<\/p>\n\n\n\n\r\n                <style type=\"text\/css\">\r\n                    \r\n                    #tdi_1  .td-doubleSlider-2 .td-item1 {\r\n                        background: url(\/wp-content\/uploads\/sites\/5\/2019\/12\/Graduacion-medicos-especialidades-IGSS-2019-1-80x60.jpg) 0 0 no-repeat;\r\n                    }\r\n                    #tdi_1  .td-doubleSlider-2 .td-item2 {\r\n                        background: url(\/wp-content\/uploads\/sites\/5\/2019\/12\/Graduacion-medicos-especialidades-IGSS-2019-2-80x60.jpg) 0 0 no-repeat;\r\n                    }\r\n                    #tdi_1  .td-doubleSlider-2 .td-item3 {\r\n                        background: url(\/wp-content\/uploads\/sites\/5\/2019\/12\/Graduacion-medicos-especialidades-IGSS-2019-3-80x60.jpg) 0 0 no-repeat;\r\n                    }\r\n                    #tdi_1  .td-doubleSlider-2 .td-item4 {\r\n                        background: url(\/wp-content\/uploads\/sites\/5\/2019\/12\/Graduacion-medicos-especialidades-IGSS-2019-4-80x60.jpg) 0 0 no-repeat;\r\n                    }\r\n                    #tdi_1  .td-doubleSlider-2 .td-item5 {\r\n                        background: url(\/wp-content\/uploads\/sites\/5\/2019\/12\/Graduacion-medicos-especialidades-IGSS-2019-5-80x60.jpg) 0 0 no-repeat;\r\n                    }\r\n                    #tdi_1  .td-doubleSlider-2 .td-item6 {\r\n                        background: url(\/wp-content\/uploads\/sites\/5\/2019\/12\/Graduacion-medicos-especialidades-IGSS-2019-6-80x60.jpg) 0 0 no-repeat;\r\n                    }\r\n                    #tdi_1  .td-doubleSlider-2 .td-item7 {\r\n                        background: url(\/wp-content\/uploads\/sites\/5\/2019\/12\/Graduacion-medicos-especialidades-IGSS-2019-7-80x60.jpg) 0 0 no-repeat;\r\n                    }\r\n                    #tdi_1  .td-doubleSlider-2 .td-item8 {\r\n                        background: url(\/wp-content\/uploads\/sites\/5\/2019\/12\/Graduacion-medicos-especialidades-IGSS-2019-8-80x60.jpg) 0 0 no-repeat;\r\n                    }\r\n                    #tdi_1  .td-doubleSlider-2 .td-item9 {\r\n                        background: url(\/wp-content\/uploads\/sites\/5\/2019\/12\/Graduacion-medicos-especialidades-IGSS-2019-9-80x60.jpg) 0 0 no-repeat;\r\n                    }\r\n                    #tdi_1  .td-doubleSlider-2 .td-item10 {\r\n                        background: url(\/wp-content\/uploads\/sites\/5\/2019\/12\/Graduacion-medicos-especialidades-IGSS-2019-10-80x60.jpg) 0 0 no-repeat;\r\n                    }\r\n                    #tdi_1  .td-doubleSlider-2 .td-item11 {\r\n                        background: url(\/wp-content\/uploads\/sites\/5\/2019\/12\/Graduacion-medicos-especialidades-IGSS-2019-11-80x60.jpg) 0 0 no-repeat;\r\n                    }\r\n                    #tdi_1  .td-doubleSlider-2 .td-item12 {\r\n                        background: url(\/wp-content\/uploads\/sites\/5\/2019\/12\/Graduacion-medicos-especialidades-IGSS-2019-12-80x60.jpg) 0 0 no-repeat;\r\n                    }\r\n                    #tdi_1  .td-doubleSlider-2 .td-item13 {\r\n                        background: url(\/wp-content\/uploads\/sites\/5\/2019\/12\/Graduacion-medicos-especialidades-IGSS-2019-13-80x60.jpg) 0 0 no-repeat;\r\n                    }\r\n                    #tdi_1  .td-doubleSlider-2 .td-item14 {\r\n                        background: url(\/wp-content\/uploads\/sites\/5\/2019\/12\/Graduacion-medicos-especialidades-IGSS-2019-14-80x60.jpg) 0 0 no-repeat;\r\n                    }\r\n                    #tdi_1  .td-doubleSlider-2 .td-item15 {\r\n                        background: url(\/wp-content\/uploads\/sites\/5\/2019\/12\/Graduacion-medicos-especialidades-IGSS-2019-15-80x60.jpg) 0 0 no-repeat;\r\n                    }\r\n                <\/style>\r\n\r\n                <div id=\"tdi_1\" class=\"td-gallery td-slide-on-2-columns\">\r\n                    <div class=\"post_td_gallery\">\r\n                        <div class=\"td-gallery-slide-top\">\r\n                           <div class=\"td-gallery-title\">Galer\u00eda de Im\u00e1genes<\/div>\r\n\r\n                            <div class=\"td-gallery-controls-wrapper\">\r\n                                <div class=\"td-gallery-slide-count\"><span class=\"td-gallery-slide-item-focus\">1<\/span> de 15<\/div>\r\n                                <div class=\"td-gallery-slide-prev-next-but\">\r\n                                    <i class = \"td-icon-left doubleSliderPrevButton\"><\/i>\r\n                                    <i class = \"td-icon-right doubleSliderNextButton\"><\/i>\r\n                                <\/div>\r\n                            <\/div>\r\n                        <\/div>\r\n\r\n                        <div class = \"td-doubleSlider-1 \">\r\n                            <div class = \"td-slider\">\r\n                                \r\n                    <div class = \"td-slide-item td-item1\">\r\n                        <figure class=\"td-slide-galery-figure td-slide-popup-gallery\">\r\n                            <a class=\"slide-gallery-image-link\" href=\"\/wp-content\/uploads\/sites\/5\/2019\/12\/Graduacion-medicos-especialidades-IGSS-2019-1.jpg\" title=\"Graduacion medicos especialidades IGSS 2019-1\"  data-caption=\"\"  data-description=\"\">\r\n                                <img decoding=\"async\" src=\"\/wp-content\/uploads\/sites\/5\/2019\/12\/Graduacion-medicos-especialidades-IGSS-2019-1-560x420.jpg\" srcset=\"\/wp-content\/uploads\/sites\/5\/2019\/12\/Graduacion-medicos-especialidades-IGSS-2019-1-560x420.jpg 560w, \/wp-content\/uploads\/sites\/5\/2019\/12\/Graduacion-medicos-especialidades-IGSS-2019-1-300x225.jpg 300w, \/wp-content\/uploads\/sites\/5\/2019\/12\/Graduacion-medicos-especialidades-IGSS-2019-1-768x576.jpg 768w, \/wp-content\/uploads\/sites\/5\/2019\/12\/Graduacion-medicos-especialidades-IGSS-2019-1-1024x768.jpg 1024w, \/wp-content\/uploads\/sites\/5\/2019\/12\/Graduacion-medicos-especialidades-IGSS-2019-1-80x60.jpg 80w, \/wp-content\/uploads\/sites\/5\/2019\/12\/Graduacion-medicos-especialidades-IGSS-2019-1-696x522.jpg 696w, \/wp-content\/uploads\/sites\/5\/2019\/12\/Graduacion-medicos-especialidades-IGSS-2019-1-1068x801.jpg 1068w, \/wp-content\/uploads\/sites\/5\/2019\/12\/Graduacion-medicos-especialidades-IGSS-2019-1-265x198.jpg 265w, \/wp-content\/uploads\/sites\/5\/2019\/12\/Graduacion-medicos-especialidades-IGSS-2019-1-534x401.jpg 534w, \/wp-content\/uploads\/sites\/5\/2019\/12\/Graduacion-medicos-especialidades-IGSS-2019-1.jpg 1280w\" sizes=\"(max-width: 560px) 100vw, 560px\" alt=\"\">\r\n                            <\/a>\r\n                            \r\n                        <\/figure>\r\n                    <\/div>\r\n                    <div class = \"td-slide-item td-item2\">\r\n                        <figure class=\"td-slide-galery-figure td-slide-popup-gallery\">\r\n                            <a class=\"slide-gallery-image-link\" href=\"\/wp-content\/uploads\/sites\/5\/2019\/12\/Graduacion-medicos-especialidades-IGSS-2019-2.jpg\" title=\"Graduacion medicos especialidades IGSS 2019-2\"  data-caption=\"\"  data-description=\"\">\r\n                                <img decoding=\"async\" src=\"\/wp-content\/uploads\/sites\/5\/2019\/12\/Graduacion-medicos-especialidades-IGSS-2019-2-630x420.jpg\" srcset=\"\/wp-content\/uploads\/sites\/5\/2019\/12\/Graduacion-medicos-especialidades-IGSS-2019-2-630x420.jpg 630w, \/wp-content\/uploads\/sites\/5\/2019\/12\/Graduacion-medicos-especialidades-IGSS-2019-2-300x200.jpg 300w, \/wp-content\/uploads\/sites\/5\/2019\/12\/Graduacion-medicos-especialidades-IGSS-2019-2-768x512.jpg 768w, \/wp-content\/uploads\/sites\/5\/2019\/12\/Graduacion-medicos-especialidades-IGSS-2019-2-1024x682.jpg 1024w, \/wp-content\/uploads\/sites\/5\/2019\/12\/Graduacion-medicos-especialidades-IGSS-2019-2-696x464.jpg 696w, \/wp-content\/uploads\/sites\/5\/2019\/12\/Graduacion-medicos-especialidades-IGSS-2019-2-1068x712.jpg 1068w, \/wp-content\/uploads\/sites\/5\/2019\/12\/Graduacion-medicos-especialidades-IGSS-2019-2-534x356.jpg 534w, \/wp-content\/uploads\/sites\/5\/2019\/12\/Graduacion-medicos-especialidades-IGSS-2019-2.jpg 1280w\" sizes=\"(max-width: 630px) 100vw, 630px\" alt=\"\">\r\n                            <\/a>\r\n                            \r\n                        <\/figure>\r\n                    <\/div>\r\n                    <div class = \"td-slide-item td-item3\">\r\n                        <figure class=\"td-slide-galery-figure td-slide-popup-gallery\">\r\n                            <a class=\"slide-gallery-image-link\" href=\"\/wp-content\/uploads\/sites\/5\/2019\/12\/Graduacion-medicos-especialidades-IGSS-2019-3.jpg\" title=\"Graduacion medicos especialidades IGSS 2019-3\"  data-caption=\"\"  data-description=\"\">\r\n                                <img decoding=\"async\" src=\"\/wp-content\/uploads\/sites\/5\/2019\/12\/Graduacion-medicos-especialidades-IGSS-2019-3-690x420.jpg\" srcset=\"\/wp-content\/uploads\/sites\/5\/2019\/12\/Graduacion-medicos-especialidades-IGSS-2019-3-690x420.jpg 690w, \/wp-content\/uploads\/sites\/5\/2019\/12\/Graduacion-medicos-especialidades-IGSS-2019-3-300x183.jpg 300w, \/wp-content\/uploads\/sites\/5\/2019\/12\/Graduacion-medicos-especialidades-IGSS-2019-3-768x467.jpg 768w, \/wp-content\/uploads\/sites\/5\/2019\/12\/Graduacion-medicos-especialidades-IGSS-2019-3-1024x623.jpg 1024w, \/wp-content\/uploads\/sites\/5\/2019\/12\/Graduacion-medicos-especialidades-IGSS-2019-3-696x424.jpg 696w, \/wp-content\/uploads\/sites\/5\/2019\/12\/Graduacion-medicos-especialidades-IGSS-2019-3-1068x650.jpg 1068w, \/wp-content\/uploads\/sites\/5\/2019\/12\/Graduacion-medicos-especialidades-IGSS-2019-3-534x325.jpg 534w, \/wp-content\/uploads\/sites\/5\/2019\/12\/Graduacion-medicos-especialidades-IGSS-2019-3.jpg 1280w\" sizes=\"(max-width: 690px) 100vw, 690px\" alt=\"\">\r\n                            <\/a>\r\n                            \r\n                        <\/figure>\r\n                    <\/div>\r\n                    <div class = \"td-slide-item td-item4\">\r\n                        <figure class=\"td-slide-galery-figure td-slide-popup-gallery\">\r\n                            <a class=\"slide-gallery-image-link\" href=\"\/wp-content\/uploads\/sites\/5\/2019\/12\/Graduacion-medicos-especialidades-IGSS-2019-4.jpg\" title=\"Graduacion medicos especialidades IGSS 2019-4\"  data-caption=\"\"  data-description=\"\">\r\n                                <img decoding=\"async\" src=\"\/wp-content\/uploads\/sites\/5\/2019\/12\/Graduacion-medicos-especialidades-IGSS-2019-4-630x420.jpg\" srcset=\"\/wp-content\/uploads\/sites\/5\/2019\/12\/Graduacion-medicos-especialidades-IGSS-2019-4-630x420.jpg 630w, \/wp-content\/uploads\/sites\/5\/2019\/12\/Graduacion-medicos-especialidades-IGSS-2019-4-300x200.jpg 300w, \/wp-content\/uploads\/sites\/5\/2019\/12\/Graduacion-medicos-especialidades-IGSS-2019-4-768x512.jpg 768w, \/wp-content\/uploads\/sites\/5\/2019\/12\/Graduacion-medicos-especialidades-IGSS-2019-4-1024x682.jpg 1024w, \/wp-content\/uploads\/sites\/5\/2019\/12\/Graduacion-medicos-especialidades-IGSS-2019-4-696x464.jpg 696w, \/wp-content\/uploads\/sites\/5\/2019\/12\/Graduacion-medicos-especialidades-IGSS-2019-4-1068x712.jpg 1068w, \/wp-content\/uploads\/sites\/5\/2019\/12\/Graduacion-medicos-especialidades-IGSS-2019-4-534x356.jpg 534w, \/wp-content\/uploads\/sites\/5\/2019\/12\/Graduacion-medicos-especialidades-IGSS-2019-4.jpg 1280w\" sizes=\"(max-width: 630px) 100vw, 630px\" alt=\"\">\r\n                            <\/a>\r\n                            \r\n                        <\/figure>\r\n                    <\/div>\r\n                    <div class = \"td-slide-item td-item5\">\r\n                        <figure class=\"td-slide-galery-figure td-slide-popup-gallery\">\r\n                            <a class=\"slide-gallery-image-link\" href=\"\/wp-content\/uploads\/sites\/5\/2019\/12\/Graduacion-medicos-especialidades-IGSS-2019-5.jpg\" title=\"Graduacion medicos especialidades IGSS 2019-5\"  data-caption=\"\"  data-description=\"\">\r\n                                <img decoding=\"async\" src=\"\/wp-content\/uploads\/sites\/5\/2019\/12\/Graduacion-medicos-especialidades-IGSS-2019-5-630x420.jpg\" srcset=\"\/wp-content\/uploads\/sites\/5\/2019\/12\/Graduacion-medicos-especialidades-IGSS-2019-5-630x420.jpg 630w, \/wp-content\/uploads\/sites\/5\/2019\/12\/Graduacion-medicos-especialidades-IGSS-2019-5-300x200.jpg 300w, \/wp-content\/uploads\/sites\/5\/2019\/12\/Graduacion-medicos-especialidades-IGSS-2019-5-768x512.jpg 768w, \/wp-content\/uploads\/sites\/5\/2019\/12\/Graduacion-medicos-especialidades-IGSS-2019-5-1024x682.jpg 1024w, \/wp-content\/uploads\/sites\/5\/2019\/12\/Graduacion-medicos-especialidades-IGSS-2019-5-696x464.jpg 696w, \/wp-content\/uploads\/sites\/5\/2019\/12\/Graduacion-medicos-especialidades-IGSS-2019-5-1068x712.jpg 1068w, \/wp-content\/uploads\/sites\/5\/2019\/12\/Graduacion-medicos-especialidades-IGSS-2019-5-534x356.jpg 534w, \/wp-content\/uploads\/sites\/5\/2019\/12\/Graduacion-medicos-especialidades-IGSS-2019-5.jpg 1280w\" sizes=\"(max-width: 630px) 100vw, 630px\" alt=\"\">\r\n                            <\/a>\r\n                            \r\n                        <\/figure>\r\n                    <\/div>\r\n                    <div class = \"td-slide-item td-item6\">\r\n                        <figure class=\"td-slide-galery-figure td-slide-popup-gallery\">\r\n                            <a class=\"slide-gallery-image-link\" href=\"\/wp-content\/uploads\/sites\/5\/2019\/12\/Graduacion-medicos-especialidades-IGSS-2019-6.jpg\" title=\"Graduacion medicos especialidades IGSS 2019-6\"  data-caption=\"\"  data-description=\"\">\r\n                                <img decoding=\"async\" src=\"\/wp-content\/uploads\/sites\/5\/2019\/12\/Graduacion-medicos-especialidades-IGSS-2019-6-621x420.jpg\" srcset=\"\/wp-content\/uploads\/sites\/5\/2019\/12\/Graduacion-medicos-especialidades-IGSS-2019-6-621x420.jpg 621w, \/wp-content\/uploads\/sites\/5\/2019\/12\/Graduacion-medicos-especialidades-IGSS-2019-6-300x203.jpg 300w, \/wp-content\/uploads\/sites\/5\/2019\/12\/Graduacion-medicos-especialidades-IGSS-2019-6-768x520.jpg 768w, \/wp-content\/uploads\/sites\/5\/2019\/12\/Graduacion-medicos-especialidades-IGSS-2019-6-1024x693.jpg 1024w, \/wp-content\/uploads\/sites\/5\/2019\/12\/Graduacion-medicos-especialidades-IGSS-2019-6-696x471.jpg 696w, \/wp-content\/uploads\/sites\/5\/2019\/12\/Graduacion-medicos-especialidades-IGSS-2019-6-1068x723.jpg 1068w, \/wp-content\/uploads\/sites\/5\/2019\/12\/Graduacion-medicos-especialidades-IGSS-2019-6-534x361.jpg 534w, \/wp-content\/uploads\/sites\/5\/2019\/12\/Graduacion-medicos-especialidades-IGSS-2019-6.jpg 1280w\" sizes=\"(max-width: 621px) 100vw, 621px\" alt=\"\">\r\n                            <\/a>\r\n                            \r\n                        <\/figure>\r\n                    <\/div>\r\n                    <div class = \"td-slide-item td-item7\">\r\n                        <figure class=\"td-slide-galery-figure td-slide-popup-gallery\">\r\n                            <a class=\"slide-gallery-image-link\" href=\"\/wp-content\/uploads\/sites\/5\/2019\/12\/Graduacion-medicos-especialidades-IGSS-2019-7.jpg\" title=\"Graduacion medicos especialidades IGSS 2019-7\"  data-caption=\"\"  data-description=\"\">\r\n                                <img decoding=\"async\" src=\"\/wp-content\/uploads\/sites\/5\/2019\/12\/Graduacion-medicos-especialidades-IGSS-2019-7-630x420.jpg\" srcset=\"\/wp-content\/uploads\/sites\/5\/2019\/12\/Graduacion-medicos-especialidades-IGSS-2019-7-630x420.jpg 630w, \/wp-content\/uploads\/sites\/5\/2019\/12\/Graduacion-medicos-especialidades-IGSS-2019-7-300x200.jpg 300w, \/wp-content\/uploads\/sites\/5\/2019\/12\/Graduacion-medicos-especialidades-IGSS-2019-7-768x512.jpg 768w, \/wp-content\/uploads\/sites\/5\/2019\/12\/Graduacion-medicos-especialidades-IGSS-2019-7-1024x682.jpg 1024w, \/wp-content\/uploads\/sites\/5\/2019\/12\/Graduacion-medicos-especialidades-IGSS-2019-7-696x464.jpg 696w, \/wp-content\/uploads\/sites\/5\/2019\/12\/Graduacion-medicos-especialidades-IGSS-2019-7-1068x712.jpg 1068w, \/wp-content\/uploads\/sites\/5\/2019\/12\/Graduacion-medicos-especialidades-IGSS-2019-7-534x356.jpg 534w, \/wp-content\/uploads\/sites\/5\/2019\/12\/Graduacion-medicos-especialidades-IGSS-2019-7.jpg 1280w\" sizes=\"(max-width: 630px) 100vw, 630px\" alt=\"\">\r\n                            <\/a>\r\n                            \r\n                        <\/figure>\r\n                    <\/div>\r\n                    <div class = \"td-slide-item td-item8\">\r\n                        <figure class=\"td-slide-galery-figure td-slide-popup-gallery\">\r\n                            <a class=\"slide-gallery-image-link\" href=\"\/wp-content\/uploads\/sites\/5\/2019\/12\/Graduacion-medicos-especialidades-IGSS-2019-8.jpg\" title=\"Graduacion medicos especialidades IGSS 2019-8\"  data-caption=\"\"  data-description=\"\">\r\n                                <img decoding=\"async\" src=\"\/wp-content\/uploads\/sites\/5\/2019\/12\/Graduacion-medicos-especialidades-IGSS-2019-8-697x420.jpg\" srcset=\"\/wp-content\/uploads\/sites\/5\/2019\/12\/Graduacion-medicos-especialidades-IGSS-2019-8-697x420.jpg 697w, \/wp-content\/uploads\/sites\/5\/2019\/12\/Graduacion-medicos-especialidades-IGSS-2019-8-300x181.jpg 300w, \/wp-content\/uploads\/sites\/5\/2019\/12\/Graduacion-medicos-especialidades-IGSS-2019-8-768x463.jpg 768w, \/wp-content\/uploads\/sites\/5\/2019\/12\/Graduacion-medicos-especialidades-IGSS-2019-8-1024x617.jpg 1024w, \/wp-content\/uploads\/sites\/5\/2019\/12\/Graduacion-medicos-especialidades-IGSS-2019-8-696x419.jpg 696w, \/wp-content\/uploads\/sites\/5\/2019\/12\/Graduacion-medicos-especialidades-IGSS-2019-8-1068x643.jpg 1068w, \/wp-content\/uploads\/sites\/5\/2019\/12\/Graduacion-medicos-especialidades-IGSS-2019-8-534x322.jpg 534w, \/wp-content\/uploads\/sites\/5\/2019\/12\/Graduacion-medicos-especialidades-IGSS-2019-8.jpg 1280w\" sizes=\"(max-width: 697px) 100vw, 697px\" alt=\"\">\r\n                            <\/a>\r\n                            \r\n                        <\/figure>\r\n                    <\/div>\r\n                    <div class = \"td-slide-item td-item9\">\r\n                        <figure class=\"td-slide-galery-figure td-slide-popup-gallery\">\r\n                            <a class=\"slide-gallery-image-link\" href=\"\/wp-content\/uploads\/sites\/5\/2019\/12\/Graduacion-medicos-especialidades-IGSS-2019-9.jpg\" title=\"Graduacion medicos especialidades IGSS 2019-9\"  data-caption=\"\"  data-description=\"\">\r\n                                <img decoding=\"async\" src=\"\/wp-content\/uploads\/sites\/5\/2019\/12\/Graduacion-medicos-especialidades-IGSS-2019-9-630x420.jpg\" srcset=\"\/wp-content\/uploads\/sites\/5\/2019\/12\/Graduacion-medicos-especialidades-IGSS-2019-9-630x420.jpg 630w, \/wp-content\/uploads\/sites\/5\/2019\/12\/Graduacion-medicos-especialidades-IGSS-2019-9-300x200.jpg 300w, \/wp-content\/uploads\/sites\/5\/2019\/12\/Graduacion-medicos-especialidades-IGSS-2019-9-768x512.jpg 768w, \/wp-content\/uploads\/sites\/5\/2019\/12\/Graduacion-medicos-especialidades-IGSS-2019-9-1024x682.jpg 1024w, \/wp-content\/uploads\/sites\/5\/2019\/12\/Graduacion-medicos-especialidades-IGSS-2019-9-696x464.jpg 696w, \/wp-content\/uploads\/sites\/5\/2019\/12\/Graduacion-medicos-especialidades-IGSS-2019-9-1068x712.jpg 1068w, \/wp-content\/uploads\/sites\/5\/2019\/12\/Graduacion-medicos-especialidades-IGSS-2019-9-534x356.jpg 534w, \/wp-content\/uploads\/sites\/5\/2019\/12\/Graduacion-medicos-especialidades-IGSS-2019-9.jpg 1280w\" sizes=\"(max-width: 630px) 100vw, 630px\" alt=\"\">\r\n                            <\/a>\r\n                            \r\n                        <\/figure>\r\n                    <\/div>\r\n                    <div class = \"td-slide-item td-item10\">\r\n                        <figure class=\"td-slide-galery-figure td-slide-popup-gallery\">\r\n                            <a class=\"slide-gallery-image-link\" href=\"\/wp-content\/uploads\/sites\/5\/2019\/12\/Graduacion-medicos-especialidades-IGSS-2019-10.jpg\" title=\"Graduacion medicos especialidades IGSS 2019-10\"  data-caption=\"\"  data-description=\"\">\r\n                                <img decoding=\"async\" src=\"\/wp-content\/uploads\/sites\/5\/2019\/12\/Graduacion-medicos-especialidades-IGSS-2019-10-630x420.jpg\" srcset=\"\/wp-content\/uploads\/sites\/5\/2019\/12\/Graduacion-medicos-especialidades-IGSS-2019-10-630x420.jpg 630w, \/wp-content\/uploads\/sites\/5\/2019\/12\/Graduacion-medicos-especialidades-IGSS-2019-10-300x200.jpg 300w, \/wp-content\/uploads\/sites\/5\/2019\/12\/Graduacion-medicos-especialidades-IGSS-2019-10-768x512.jpg 768w, \/wp-content\/uploads\/sites\/5\/2019\/12\/Graduacion-medicos-especialidades-IGSS-2019-10-1024x682.jpg 1024w, \/wp-content\/uploads\/sites\/5\/2019\/12\/Graduacion-medicos-especialidades-IGSS-2019-10-696x464.jpg 696w, \/wp-content\/uploads\/sites\/5\/2019\/12\/Graduacion-medicos-especialidades-IGSS-2019-10-1068x712.jpg 1068w, \/wp-content\/uploads\/sites\/5\/2019\/12\/Graduacion-medicos-especialidades-IGSS-2019-10-534x356.jpg 534w, \/wp-content\/uploads\/sites\/5\/2019\/12\/Graduacion-medicos-especialidades-IGSS-2019-10.jpg 1280w\" sizes=\"(max-width: 630px) 100vw, 630px\" alt=\"\">\r\n                            <\/a>\r\n                            \r\n                        <\/figure>\r\n                    <\/div>\r\n                    <div class = \"td-slide-item td-item11\">\r\n                        <figure class=\"td-slide-galery-figure td-slide-popup-gallery\">\r\n                            <a class=\"slide-gallery-image-link\" href=\"\/wp-content\/uploads\/sites\/5\/2019\/12\/Graduacion-medicos-especialidades-IGSS-2019-11.jpg\" title=\"Graduacion medicos especialidades IGSS 2019-11\"  data-caption=\"\"  data-description=\"\">\r\n                                <img decoding=\"async\" src=\"\/wp-content\/uploads\/sites\/5\/2019\/12\/Graduacion-medicos-especialidades-IGSS-2019-11-630x420.jpg\" srcset=\"\/wp-content\/uploads\/sites\/5\/2019\/12\/Graduacion-medicos-especialidades-IGSS-2019-11-630x420.jpg 630w, \/wp-content\/uploads\/sites\/5\/2019\/12\/Graduacion-medicos-especialidades-IGSS-2019-11-300x200.jpg 300w, \/wp-content\/uploads\/sites\/5\/2019\/12\/Graduacion-medicos-especialidades-IGSS-2019-11-768x512.jpg 768w, \/wp-content\/uploads\/sites\/5\/2019\/12\/Graduacion-medicos-especialidades-IGSS-2019-11-1024x682.jpg 1024w, \/wp-content\/uploads\/sites\/5\/2019\/12\/Graduacion-medicos-especialidades-IGSS-2019-11-696x464.jpg 696w, \/wp-content\/uploads\/sites\/5\/2019\/12\/Graduacion-medicos-especialidades-IGSS-2019-11-1068x712.jpg 1068w, \/wp-content\/uploads\/sites\/5\/2019\/12\/Graduacion-medicos-especialidades-IGSS-2019-11-534x356.jpg 534w, \/wp-content\/uploads\/sites\/5\/2019\/12\/Graduacion-medicos-especialidades-IGSS-2019-11.jpg 1280w\" sizes=\"(max-width: 630px) 100vw, 630px\" alt=\"\">\r\n                            <\/a>\r\n                            \r\n                        <\/figure>\r\n                    <\/div>\r\n                    <div class = \"td-slide-item td-item12\">\r\n                        <figure class=\"td-slide-galery-figure td-slide-popup-gallery\">\r\n                            <a class=\"slide-gallery-image-link\" href=\"\/wp-content\/uploads\/sites\/5\/2019\/12\/Graduacion-medicos-especialidades-IGSS-2019-12.jpg\" title=\"Graduacion medicos especialidades IGSS 2019-12\"  data-caption=\"\"  data-description=\"\">\r\n                                <img decoding=\"async\" src=\"\/wp-content\/uploads\/sites\/5\/2019\/12\/Graduacion-medicos-especialidades-IGSS-2019-12-630x420.jpg\" srcset=\"\/wp-content\/uploads\/sites\/5\/2019\/12\/Graduacion-medicos-especialidades-IGSS-2019-12-630x420.jpg 630w, \/wp-content\/uploads\/sites\/5\/2019\/12\/Graduacion-medicos-especialidades-IGSS-2019-12-300x200.jpg 300w, \/wp-content\/uploads\/sites\/5\/2019\/12\/Graduacion-medicos-especialidades-IGSS-2019-12-768x512.jpg 768w, \/wp-content\/uploads\/sites\/5\/2019\/12\/Graduacion-medicos-especialidades-IGSS-2019-12-1024x682.jpg 1024w, \/wp-content\/uploads\/sites\/5\/2019\/12\/Graduacion-medicos-especialidades-IGSS-2019-12-696x464.jpg 696w, \/wp-content\/uploads\/sites\/5\/2019\/12\/Graduacion-medicos-especialidades-IGSS-2019-12-1068x712.jpg 1068w, \/wp-content\/uploads\/sites\/5\/2019\/12\/Graduacion-medicos-especialidades-IGSS-2019-12-534x356.jpg 534w, \/wp-content\/uploads\/sites\/5\/2019\/12\/Graduacion-medicos-especialidades-IGSS-2019-12.jpg 1280w\" sizes=\"(max-width: 630px) 100vw, 630px\" alt=\"\">\r\n                            <\/a>\r\n                            \r\n                        <\/figure>\r\n                    <\/div>\r\n                    <div class = \"td-slide-item td-item13\">\r\n                        <figure class=\"td-slide-galery-figure td-slide-popup-gallery\">\r\n                            <a class=\"slide-gallery-image-link\" href=\"\/wp-content\/uploads\/sites\/5\/2019\/12\/Graduacion-medicos-especialidades-IGSS-2019-13.jpg\" title=\"Graduacion medicos especialidades IGSS 2019-13\"  data-caption=\"\"  data-description=\"\">\r\n                                <img decoding=\"async\" src=\"\/wp-content\/uploads\/sites\/5\/2019\/12\/Graduacion-medicos-especialidades-IGSS-2019-13-617x420.jpg\" srcset=\"\/wp-content\/uploads\/sites\/5\/2019\/12\/Graduacion-medicos-especialidades-IGSS-2019-13-617x420.jpg 617w, \/wp-content\/uploads\/sites\/5\/2019\/12\/Graduacion-medicos-especialidades-IGSS-2019-13-300x204.jpg 300w, \/wp-content\/uploads\/sites\/5\/2019\/12\/Graduacion-medicos-especialidades-IGSS-2019-13-768x523.jpg 768w, \/wp-content\/uploads\/sites\/5\/2019\/12\/Graduacion-medicos-especialidades-IGSS-2019-13-1024x697.jpg 1024w, \/wp-content\/uploads\/sites\/5\/2019\/12\/Graduacion-medicos-especialidades-IGSS-2019-13-696x474.jpg 696w, \/wp-content\/uploads\/sites\/5\/2019\/12\/Graduacion-medicos-especialidades-IGSS-2019-13-1068x727.jpg 1068w, \/wp-content\/uploads\/sites\/5\/2019\/12\/Graduacion-medicos-especialidades-IGSS-2019-13-534x363.jpg 534w, \/wp-content\/uploads\/sites\/5\/2019\/12\/Graduacion-medicos-especialidades-IGSS-2019-13.jpg 1280w\" sizes=\"(max-width: 617px) 100vw, 617px\" alt=\"\">\r\n                            <\/a>\r\n                            \r\n                        <\/figure>\r\n                    <\/div>\r\n                    <div class = \"td-slide-item td-item14\">\r\n                        <figure class=\"td-slide-galery-figure td-slide-popup-gallery\">\r\n                            <a class=\"slide-gallery-image-link\" href=\"\/wp-content\/uploads\/sites\/5\/2019\/12\/Graduacion-medicos-especialidades-IGSS-2019-14.jpg\" title=\"Graduacion medicos especialidades IGSS 2019-14\"  data-caption=\"\"  data-description=\"\">\r\n                                <img decoding=\"async\" src=\"\/wp-content\/uploads\/sites\/5\/2019\/12\/Graduacion-medicos-especialidades-IGSS-2019-14-630x420.jpg\" srcset=\"\/wp-content\/uploads\/sites\/5\/2019\/12\/Graduacion-medicos-especialidades-IGSS-2019-14-630x420.jpg 630w, \/wp-content\/uploads\/sites\/5\/2019\/12\/Graduacion-medicos-especialidades-IGSS-2019-14-300x200.jpg 300w, \/wp-content\/uploads\/sites\/5\/2019\/12\/Graduacion-medicos-especialidades-IGSS-2019-14-768x512.jpg 768w, \/wp-content\/uploads\/sites\/5\/2019\/12\/Graduacion-medicos-especialidades-IGSS-2019-14-1024x682.jpg 1024w, \/wp-content\/uploads\/sites\/5\/2019\/12\/Graduacion-medicos-especialidades-IGSS-2019-14-696x464.jpg 696w, \/wp-content\/uploads\/sites\/5\/2019\/12\/Graduacion-medicos-especialidades-IGSS-2019-14-1068x712.jpg 1068w, \/wp-content\/uploads\/sites\/5\/2019\/12\/Graduacion-medicos-especialidades-IGSS-2019-14-534x356.jpg 534w, \/wp-content\/uploads\/sites\/5\/2019\/12\/Graduacion-medicos-especialidades-IGSS-2019-14.jpg 1280w\" sizes=\"(max-width: 630px) 100vw, 630px\" alt=\"\">\r\n                            <\/a>\r\n                            \r\n                        <\/figure>\r\n                    <\/div>\r\n                    <div class = \"td-slide-item td-item15\">\r\n                        <figure class=\"td-slide-galery-figure td-slide-popup-gallery\">\r\n                            <a class=\"slide-gallery-image-link\" href=\"\/wp-content\/uploads\/sites\/5\/2019\/12\/Graduacion-medicos-especialidades-IGSS-2019-15.jpg\" title=\"Graduacion medicos especialidades IGSS 2019-15\"  data-caption=\"\"  data-description=\"\">\r\n                                <img decoding=\"async\" src=\"\/wp-content\/uploads\/sites\/5\/2019\/12\/Graduacion-medicos-especialidades-IGSS-2019-15-630x420.jpg\" srcset=\"\/wp-content\/uploads\/sites\/5\/2019\/12\/Graduacion-medicos-especialidades-IGSS-2019-15-630x420.jpg 630w, \/wp-content\/uploads\/sites\/5\/2019\/12\/Graduacion-medicos-especialidades-IGSS-2019-15-300x200.jpg 300w, \/wp-content\/uploads\/sites\/5\/2019\/12\/Graduacion-medicos-especialidades-IGSS-2019-15-768x512.jpg 768w, \/wp-content\/uploads\/sites\/5\/2019\/12\/Graduacion-medicos-especialidades-IGSS-2019-15-1024x682.jpg 1024w, \/wp-content\/uploads\/sites\/5\/2019\/12\/Graduacion-medicos-especialidades-IGSS-2019-15-696x464.jpg 696w, \/wp-content\/uploads\/sites\/5\/2019\/12\/Graduacion-medicos-especialidades-IGSS-2019-15-1068x712.jpg 1068w, \/wp-content\/uploads\/sites\/5\/2019\/12\/Graduacion-medicos-especialidades-IGSS-2019-15-534x356.jpg 534w, \/wp-content\/uploads\/sites\/5\/2019\/12\/Graduacion-medicos-especialidades-IGSS-2019-15.jpg 1280w\" sizes=\"(max-width: 630px) 100vw, 630px\" alt=\"\">\r\n                            <\/a>\r\n                            \r\n                        <\/figure>\r\n                    <\/div>\r\n                            <\/div>\r\n                        <\/div>\r\n\r\n                        <div class = \"td-doubleSlider-2\">\r\n                            <div class = \"td-slider\">\r\n                                \r\n                    <div class = \"td-button td-item1\">\r\n                        <div class = \"td-border\"><\/div>\r\n                    <\/div>\r\n                    <div class = \"td-button td-item2\">\r\n                        <div class = \"td-border\"><\/div>\r\n                    <\/div>\r\n                    <div class = \"td-button td-item3\">\r\n                        <div class = \"td-border\"><\/div>\r\n                    <\/div>\r\n                    <div class = \"td-button td-item4\">\r\n                        <div class = \"td-border\"><\/div>\r\n                    <\/div>\r\n                    <div class = \"td-button td-item5\">\r\n                        <div class = \"td-border\"><\/div>\r\n                    <\/div>\r\n                    <div class = \"td-button td-item6\">\r\n                        <div class = \"td-border\"><\/div>\r\n                    <\/div>\r\n                    <div class = \"td-button td-item7\">\r\n                        <div class = \"td-border\"><\/div>\r\n                    <\/div>\r\n                    <div class = \"td-button td-item8\">\r\n                        <div class = \"td-border\"><\/div>\r\n                    <\/div>\r\n                    <div class = \"td-button td-item9\">\r\n                        <div class = \"td-border\"><\/div>\r\n                    <\/div>\r\n                    <div class = \"td-button td-item10\">\r\n                        <div class = \"td-border\"><\/div>\r\n                    <\/div>\r\n                    <div class = \"td-button td-item11\">\r\n                        <div class = \"td-border\"><\/div>\r\n                    <\/div>\r\n                    <div class = \"td-button td-item12\">\r\n                        <div class = \"td-border\"><\/div>\r\n                    <\/div>\r\n                    <div class = \"td-button td-item13\">\r\n                        <div class = \"td-border\"><\/div>\r\n                    <\/div>\r\n                    <div class = \"td-button td-item14\">\r\n                        <div class = \"td-border\"><\/div>\r\n                    <\/div>\r\n                    <div class = \"td-button td-item15\">\r\n                        <div class = \"td-border\"><\/div>\r\n                    <\/div>\r\n                            <\/div>\r\n                        <\/div>\r\n\r\n                    <\/div>\r\n\r\n                <\/div>\r\n                \n","protected":false},"excerpt":{"rendered":"<p>El Seguro Social gradu\u00f3 hoy a 80 m\u00e9dicos especialistas y 15 m\u00e9dicos subespecialistas, quienes pr\u00f3ximamente estar\u00e1n al servicio de la poblaci\u00f3n derechohabiente en distintas unidades de la instituci\u00f3n. Los estudios fueron coordinados por el Programa de Formaci\u00f3n de M\u00e9dicos Generales y Especialistas, de la Subgerencia de Recursos Humanos del IGSS, con aval de la Universidad [&hellip;]<\/p>\n","protected":false},"author":4,"featured_media":15287,"comment_status":"open","ping_status":"open","sticky":false,"template":"","format":"standard","meta":{"footnotes":""},"categories":[3,17,29],"tags":[714],"coauthors":[881],"class_list":{"0":"post-15271","1":"post","2":"type-post","3":"status-publish","4":"format-standard","5":"has-post-thumbnail","7":"category-actualidad","8":"category-formacion-y-desarrollo","9":"category-publicaciones","10":"tag-posgrados-del-igss"},"_links":{"self":[{"href":"https:\/\/www.igssgt.org\/noticias\/wp-json\/wp\/v2\/posts\/15271","targetHints":{"allow":["GET"]}}],"collection":[{"href":"https:\/\/www.igssgt.org\/noticias\/wp-json\/wp\/v2\/posts"}],"about":[{"href":"https:\/\/www.igssgt.org\/noticias\/wp-json\/wp\/v2\/types\/post"}],"author":[{"embeddable":true,"href":"https:\/\/www.igssgt.org\/noticias\/wp-json\/wp\/v2\/users\/4"}],"replies":[{"embeddable":true,"href":"https:\/\/www.igssgt.org\/noticias\/wp-json\/wp\/v2\/comments?post=15271"}],"version-history":[{"count":2,"href":"https:\/\/www.igssgt.org\/noticias\/wp-json\/wp\/v2\/posts\/15271\/revisions"}],"predecessor-version":[{"id":15299,"href":"https:\/\/www.igssgt.org\/noticias\/wp-json\/wp\/v2\/posts\/15271\/revisions\/15299"}],"wp:featuredmedia":[{"embeddable":true,"href":"https:\/\/www.igssgt.org\/noticias\/wp-json\/wp\/v2\/media\/15287"}],"wp:attachment":[{"href":"https:\/\/www.igssgt.org\/noticias\/wp-json\/wp\/v2\/media?parent=15271"}],"wp:term":[{"taxonomy":"category","embeddable":true,"href":"https:\/\/www.igssgt.org\/noticias\/wp-json\/wp\/v2\/categories?post=15271"},{"taxonomy":"post_tag","embeddable":true,"href":"https:\/\/www.igssgt.org\/noticias\/wp-json\/wp\/v2\/tags?post=15271"},{"taxonomy":"author","embeddable":true,"href":"https:\/\/www.igssgt.org\/noticias\/wp-json\/wp\/v2\/coauthors?post=15271"}],"curies":[{"name":"wp","href":"https:\/\/api.w.org\/{rel}","templated":true}]}}