{"id":15456,"date":"2020-01-02T10:05:00","date_gmt":"2020-01-02T16:05:00","guid":{"rendered":"https:\/\/www.igssgt.org\/noticias\/?p=15456"},"modified":"2020-01-02T13:32:12","modified_gmt":"2020-01-02T19:32:12","slug":"consuma-sal-fortificada-y-prevenga-enfermedades","status":"publish","type":"post","link":"https:\/\/www.igssgt.org\/noticias\/2020\/01\/02\/consuma-sal-fortificada-y-prevenga-enfermedades\/","title":{"rendered":"Consuma sal fortificada y prevenga enfermedades"},"content":{"rendered":"<p>La fortificaci\u00f3n de ciertos alimentos de consumo masivo ha permitido sustituir la deficiencia de algunos micronutrientes esenciales en la dieta de los guatemaltecos como por ejemplo la sal.<\/p>\n<p>La sal est\u00e1 presente en los alimentos diarios, lo que la hace un conducto apropiado para que el fl\u00faor y el yodo lleguen a la poblaci\u00f3n, indic\u00f3 el doctor Jos\u00e9 Roberto Cabrera, odont\u00f3logo supervisor del IGSS.<\/p>\n<p>\u201cEs importante elegir una sal fortificada con estos dos micronutrientes ya que por separado ambas tienen un efecto de prevenci\u00f3n de enfermedades\u201d, explic\u00f3 el doctor Cabrera.<\/p>\n<figure id=\"attachment_15461\" aria-describedby=\"caption-attachment-15461\" style=\"width: 859px\" class=\"wp-caption aligncenter\"><a href=\"\/wp-content\/uploads\/sites\/5\/2020\/01\/Medico-Jose-Roberto-Cabrera-odontologo-supervisor-del-IGSS.jpg\"><img loading=\"lazy\" decoding=\"async\" class=\"wp-image-15461 size-full\" src=\"\/wp-content\/uploads\/sites\/5\/2020\/01\/Medico-Jose-Roberto-Cabrera-odontologo-supervisor-del-IGSS.jpg\" alt=\"\" width=\"859\" height=\"461\" srcset=\"\/wp-content\/uploads\/sites\/5\/2020\/01\/Medico-Jose-Roberto-Cabrera-odontologo-supervisor-del-IGSS.jpg 859w, \/wp-content\/uploads\/sites\/5\/2020\/01\/Medico-Jose-Roberto-Cabrera-odontologo-supervisor-del-IGSS-300x161.jpg 300w, \/wp-content\/uploads\/sites\/5\/2020\/01\/Medico-Jose-Roberto-Cabrera-odontologo-supervisor-del-IGSS-768x412.jpg 768w, \/wp-content\/uploads\/sites\/5\/2020\/01\/Medico-Jose-Roberto-Cabrera-odontologo-supervisor-del-IGSS-783x420.jpg 783w, \/wp-content\/uploads\/sites\/5\/2020\/01\/Medico-Jose-Roberto-Cabrera-odontologo-supervisor-del-IGSS-696x374.jpg 696w, \/wp-content\/uploads\/sites\/5\/2020\/01\/Medico-Jose-Roberto-Cabrera-odontologo-supervisor-del-IGSS-534x287.jpg 534w\" sizes=\"auto, (max-width: 859px) 100vw, 859px\" \/><\/a><figcaption id=\"caption-attachment-15461\" class=\"wp-caption-text\">M\u00e9dico Jos\u00e9 Roberto Cabrera, odont\u00f3logo supervisor del IGSS.<\/figcaption><\/figure>\n<p>Por un lado el fl\u00faor \u00a0previene \u00a0espec\u00edficamente todas las enfermedades que son de la cavidad bucal como la caries, gingivitis y periodontitis que es una infecci\u00f3n grave de las enc\u00edas, dijo el experto.<\/p>\n<p>\u201cHay estudios sobre la salud bucal que refieren que cada ni\u00f1o guatemalteco, comprendido entre los 12 y 15 a\u00f1os tiene de seis a 10 dientes o muelas afectadas por caries, mientras que en otros pa\u00edses el promedio es de tres a cinco caries en ni\u00f1os de las mismas edades\u201d, inform\u00f3 el odont\u00f3logo.<\/p>\n<p>\u201cSi se consume sal sin estos micronutrientes el n\u00famero de caries podr\u00eda aumentar significativamente porque no le est\u00e1 llegando la cantidad adecuada de fl\u00faor al organismo\u201d, afirm\u00f3 el especialista.<\/p>\n<h4><strong>Otras implicaciones<\/strong><\/h4>\n<p>Las implicaciones que tiene el organismo al no consumir estos micronutrientes no solo son est\u00e9ticas, sino tambi\u00e9n nutricionales, pues sin una buena dentadura se complica masticar, y esta acci\u00f3n es fundamental en el proceso digestivo pues favorece la absorci\u00f3n de nutrientes. La falta de fl\u00faor en el organismo tambi\u00e9n est\u00e1 relacionada con la fragilidad \u00f3sea.<\/p>\n<p>El yodo llega al organismo a trav\u00e9s de la sal, la falta de este micronutriente puede ocasionar defectos en el nacimiento, incrementa el riesgo de abortos y mortalidad dentro del vientre, causa retraso en el crecimiento f\u00edsico, da\u00f1o en las funciones cognitivas, cretinismo o sea d\u00e9ficit permanente en el desarrollo f\u00edsico y ps\u00edquico, hipotiroidismo (disminuci\u00f3n de la actividad funcional de la tiroides), y bocio (aumento del tama\u00f1o de la parte anterior e inferior del cuello.<\/p>\n<p>Recientemente el Ministerio de Salud P\u00fablica y Asistencia Social, aprob\u00f3 el Acuerdo 205-2019 el cual abri\u00f3 la venta libre de sal sin estos micronutrientes, uno de los cambios es que ahora aparecen siete clases de sal, por lo que el doctor Cabrera recomend\u00f3 el consumo de sal que contenga los micronutrientes de fl\u00faor y yodo para la prevenci\u00f3n de varias enfermedades en la poblaci\u00f3n guatemalteca.<\/p>\n","protected":false},"excerpt":{"rendered":"<p>La fortificaci\u00f3n de ciertos alimentos de consumo masivo ha permitido sustituir la deficiencia de algunos micronutrientes esenciales en la dieta de los guatemaltecos como por ejemplo la sal. La sal est\u00e1 presente en los alimentos diarios, lo que la hace un conducto apropiado para que el fl\u00faor y el yodo lleguen a la poblaci\u00f3n, indic\u00f3 [&hellip;]<\/p>\n","protected":false},"author":4,"featured_media":15457,"comment_status":"open","ping_status":"open","sticky":false,"template":"","format":"standard","meta":{"footnotes":""},"categories":[3,29],"tags":[490,1082],"coauthors":[881],"class_list":{"0":"post-15456","1":"post","2":"type-post","3":"status-publish","4":"format-standard","5":"has-post-thumbnail","7":"category-actualidad","8":"category-publicaciones","9":"tag-igss","10":"tag-salud-bucal"},"_links":{"self":[{"href":"https:\/\/www.igssgt.org\/noticias\/wp-json\/wp\/v2\/posts\/15456","targetHints":{"allow":["GET"]}}],"collection":[{"href":"https:\/\/www.igssgt.org\/noticias\/wp-json\/wp\/v2\/posts"}],"about":[{"href":"https:\/\/www.igssgt.org\/noticias\/wp-json\/wp\/v2\/types\/post"}],"author":[{"embeddable":true,"href":"https:\/\/www.igssgt.org\/noticias\/wp-json\/wp\/v2\/users\/4"}],"replies":[{"embeddable":true,"href":"https:\/\/www.igssgt.org\/noticias\/wp-json\/wp\/v2\/comments?post=15456"}],"version-history":[{"count":3,"href":"https:\/\/www.igssgt.org\/noticias\/wp-json\/wp\/v2\/posts\/15456\/revisions"}],"predecessor-version":[{"id":15462,"href":"https:\/\/www.igssgt.org\/noticias\/wp-json\/wp\/v2\/posts\/15456\/revisions\/15462"}],"wp:featuredmedia":[{"embeddable":true,"href":"https:\/\/www.igssgt.org\/noticias\/wp-json\/wp\/v2\/media\/15457"}],"wp:attachment":[{"href":"https:\/\/www.igssgt.org\/noticias\/wp-json\/wp\/v2\/media?parent=15456"}],"wp:term":[{"taxonomy":"category","embeddable":true,"href":"https:\/\/www.igssgt.org\/noticias\/wp-json\/wp\/v2\/categories?post=15456"},{"taxonomy":"post_tag","embeddable":true,"href":"https:\/\/www.igssgt.org\/noticias\/wp-json\/wp\/v2\/tags?post=15456"},{"taxonomy":"author","embeddable":true,"href":"https:\/\/www.igssgt.org\/noticias\/wp-json\/wp\/v2\/coauthors?post=15456"}],"curies":[{"name":"wp","href":"https:\/\/api.w.org\/{rel}","templated":true}]}}