{"id":15656,"date":"2020-01-17T14:59:09","date_gmt":"2020-01-17T20:59:09","guid":{"rendered":"https:\/\/www.igssgt.org\/noticias\/?p=15656"},"modified":"2020-01-24T10:44:40","modified_gmt":"2020-01-24T16:44:40","slug":"el-igss-cuenta-con-vacuna-contra-influenza-para-personas-de-alto-riesgo","status":"publish","type":"post","link":"https:\/\/www.igssgt.org\/noticias\/2020\/01\/17\/el-igss-cuenta-con-vacuna-contra-influenza-para-personas-de-alto-riesgo\/","title":{"rendered":"El IGSS cuenta con vacuna contra influenza para personas de alto riesgo"},"content":{"rendered":"\n<p>La unidades del Seguro Social est\u00e1n abastecidas de las vacunas para la prevenci\u00f3n del virus de la influenza estacional, por lo que la pr\u00f3xima semana se estar\u00e1n administrando a las personas mayores de 60 a\u00f1os y menores de 2 a\u00f1os, embarazadas, enfermos cr\u00f3nicos, personas con insuficiencia renal o con alteraci\u00f3n en su sistema inmune, indic\u00f3 la doctora M\u00f3nica Rodr\u00edguez, encargada de la Secci\u00f3n de Higiene Materno Infantil, del Departamento de Medicina Preventiva.<\/p>\n<figure id=\"attachment_15658\" aria-describedby=\"caption-attachment-15658\" style=\"width: 356px\" class=\"wp-caption alignright\"><a href=\"\/wp-content\/uploads\/sites\/5\/2020\/01\/Vacuna-de-Influenza-IGSS-2020-2.jpg\"><img loading=\"lazy\" decoding=\"async\" class=\"wp-image-15658\" src=\"\/wp-content\/uploads\/sites\/5\/2020\/01\/Vacuna-de-Influenza-IGSS-2020-2.jpg\" alt=\"\" width=\"356\" height=\"200\" srcset=\"\/wp-content\/uploads\/sites\/5\/2020\/01\/Vacuna-de-Influenza-IGSS-2020-2.jpg 1024w, \/wp-content\/uploads\/sites\/5\/2020\/01\/Vacuna-de-Influenza-IGSS-2020-2-300x169.jpg 300w, \/wp-content\/uploads\/sites\/5\/2020\/01\/Vacuna-de-Influenza-IGSS-2020-2-768x432.jpg 768w, \/wp-content\/uploads\/sites\/5\/2020\/01\/Vacuna-de-Influenza-IGSS-2020-2-747x420.jpg 747w, \/wp-content\/uploads\/sites\/5\/2020\/01\/Vacuna-de-Influenza-IGSS-2020-2-696x392.jpg 696w, \/wp-content\/uploads\/sites\/5\/2020\/01\/Vacuna-de-Influenza-IGSS-2020-2-534x300.jpg 534w\" sizes=\"auto, (max-width: 356px) 100vw, 356px\" \/><\/a><figcaption id=\"caption-attachment-15658\" class=\"wp-caption-text\">Dra. M\u00f3nica Rodriguez.<\/figcaption><\/figure>\n<p>Actualmente el Seguro Social cuenta con 87 mil dosis para pacientes mayores de tres a\u00f1os &nbsp;y 31,212 para ni\u00f1os de seis meses a tres a\u00f1os. La vacuna se administra en enero y febrero de cada a\u00f1o, con la que se proteger\u00e1 a las personas vulnerables a las cepas de la influenza que proliferan entre marzo y mayo.<\/p>\n<h4><strong>Qu\u00e9 es la influenza <\/strong><\/h4>\n<p>La influenza es &nbsp;una enfermedad infecciosa de las v\u00edas respiratorias que se caracteriza por s\u00edntomas similares a un catarro com\u00fan pero son m\u00e1s agresivos, pues causa fiebres elevadas, dificultad al respirar y la falta de apetito.<\/p>\n<p>Una persona con influenza tiene secreci\u00f3n nasal, tos, fiebre de 40 grados, malestar general, dolor de cabeza, dolor de cuerpo y conjuntivitis, por lo que se recomienda visitar de inmediato al m\u00e9dico.<\/p>\n<p>La influenza se puede adquirir al tener contacto con secreciones nasales, ya que al toser o estornudar se expulsa el virus, con lo que se contamina el \u00e1rea.<\/p>\n<p>La doctora recomienda lavarse las manos, tener una buena&nbsp; alimentaci\u00f3n, hidratarse y consumir ocho vasos de agua cada d\u00eda, hacer ejercicio, evitar el humo de tabaco y cubrirse la boca y la nariz.<\/p>\n\n\n\n\r\n                <style type=\"text\/css\">\r\n                    \r\n                    #tdi_1  .td-doubleSlider-2 .td-item1 {\r\n                        background: url(\/wp-content\/uploads\/sites\/5\/2019\/05\/clinica-empresa-jornada-de-vacunacion-igss-2019-8-80x60.jpg) 0 0 no-repeat;\r\n                    }\r\n                    #tdi_1  .td-doubleSlider-2 .td-item2 {\r\n                        background: url(\/wp-content\/uploads\/sites\/5\/2020\/01\/Vacuna-de-Influenza-IGSS-2020-3-80x60.jpg) 0 0 no-repeat;\r\n                    }\r\n                    #tdi_1  .td-doubleSlider-2 .td-item3 {\r\n                        background: url(\/wp-content\/uploads\/sites\/5\/2018\/11\/vacunacion-camip-pamplona-neumonia-2018-igss-17-80x60.jpg) 0 0 no-repeat;\r\n                    }\r\n                    #tdi_1  .td-doubleSlider-2 .td-item4 {\r\n                        background: url(\/wp-content\/uploads\/sites\/5\/2020\/01\/Vacuna-de-Influenza-IGSS-2020-1-80x60.jpg) 0 0 no-repeat;\r\n                    }\r\n                    #tdi_1  .td-doubleSlider-2 .td-item5 {\r\n                        background: url(\/wp-content\/uploads\/sites\/5\/2020\/01\/Vacuna-de-Influenza-IGSS-2020-2-80x60.jpg) 0 0 no-repeat;\r\n                    }\r\n                    #tdi_1  .td-doubleSlider-2 .td-item6 {\r\n                        background: url(\/wp-content\/uploads\/sites\/5\/2020\/01\/Vacuna-de-Influenza-IGSS-2020-4-80x60.jpg) 0 0 no-repeat;\r\n                    }\r\n                    #tdi_1  .td-doubleSlider-2 .td-item7 {\r\n                        background: url(\/wp-content\/uploads\/sites\/5\/2019\/11\/vacuna-80x60.jpg) 0 0 no-repeat;\r\n                    }\r\n                <\/style>\r\n\r\n                <div id=\"tdi_1\" class=\"td-gallery td-slide-on-2-columns\">\r\n                    <div class=\"post_td_gallery\">\r\n                        <div class=\"td-gallery-slide-top\">\r\n                           <div class=\"td-gallery-title\">Galer\u00eda de Im\u00e1genes<\/div>\r\n\r\n                            <div class=\"td-gallery-controls-wrapper\">\r\n                                <div class=\"td-gallery-slide-count\"><span class=\"td-gallery-slide-item-focus\">1<\/span> de 7<\/div>\r\n                                <div class=\"td-gallery-slide-prev-next-but\">\r\n                                    <i class = \"td-icon-left doubleSliderPrevButton\"><\/i>\r\n                                    <i class = \"td-icon-right doubleSliderNextButton\"><\/i>\r\n                                <\/div>\r\n                            <\/div>\r\n                        <\/div>\r\n\r\n                        <div class = \"td-doubleSlider-1 \">\r\n                            <div class = \"td-slider\">\r\n                                \r\n                    <div class = \"td-slide-item td-item1\">\r\n                        <figure class=\"td-slide-galery-figure td-slide-popup-gallery\">\r\n                            <a class=\"slide-gallery-image-link\" href=\"\/wp-content\/uploads\/sites\/5\/2019\/05\/clinica-empresa-jornada-de-vacunacion-igss-2019-8.jpg\" title=\"clinica empresa jornada de vacunacion igss 2019-8\"  data-caption=\"\"  data-description=\"\">\r\n                                <img decoding=\"async\" src=\"\/wp-content\/uploads\/sites\/5\/2019\/05\/clinica-empresa-jornada-de-vacunacion-igss-2019-8-630x420.jpg\" srcset=\"\/wp-content\/uploads\/sites\/5\/2019\/05\/clinica-empresa-jornada-de-vacunacion-igss-2019-8-630x420.jpg 630w, \/wp-content\/uploads\/sites\/5\/2019\/05\/clinica-empresa-jornada-de-vacunacion-igss-2019-8-300x200.jpg 300w, \/wp-content\/uploads\/sites\/5\/2019\/05\/clinica-empresa-jornada-de-vacunacion-igss-2019-8-768x512.jpg 768w, \/wp-content\/uploads\/sites\/5\/2019\/05\/clinica-empresa-jornada-de-vacunacion-igss-2019-8-1024x682.jpg 1024w, \/wp-content\/uploads\/sites\/5\/2019\/05\/clinica-empresa-jornada-de-vacunacion-igss-2019-8-696x464.jpg 696w, \/wp-content\/uploads\/sites\/5\/2019\/05\/clinica-empresa-jornada-de-vacunacion-igss-2019-8-1068x712.jpg 1068w, \/wp-content\/uploads\/sites\/5\/2019\/05\/clinica-empresa-jornada-de-vacunacion-igss-2019-8-534x356.jpg 534w, \/wp-content\/uploads\/sites\/5\/2019\/05\/clinica-empresa-jornada-de-vacunacion-igss-2019-8.jpg 1280w\" sizes=\"(max-width: 630px) 100vw, 630px\" alt=\"\">\r\n                            <\/a>\r\n                            \r\n                        <\/figure>\r\n                    <\/div>\r\n                    <div class = \"td-slide-item td-item2\">\r\n                        <figure class=\"td-slide-galery-figure td-slide-popup-gallery\">\r\n                            <a class=\"slide-gallery-image-link\" href=\"\/wp-content\/uploads\/sites\/5\/2020\/01\/Vacuna-de-Influenza-IGSS-2020-3.jpg\" title=\"Vacuna de Influenza IGSS 2020-3\"  data-caption=\"\"  data-description=\"\">\r\n                                <img decoding=\"async\" src=\"\/wp-content\/uploads\/sites\/5\/2020\/01\/Vacuna-de-Influenza-IGSS-2020-3-630x420.jpg\" srcset=\"\/wp-content\/uploads\/sites\/5\/2020\/01\/Vacuna-de-Influenza-IGSS-2020-3-630x420.jpg 630w, \/wp-content\/uploads\/sites\/5\/2020\/01\/Vacuna-de-Influenza-IGSS-2020-3-300x200.jpg 300w, \/wp-content\/uploads\/sites\/5\/2020\/01\/Vacuna-de-Influenza-IGSS-2020-3-768x512.jpg 768w, \/wp-content\/uploads\/sites\/5\/2020\/01\/Vacuna-de-Influenza-IGSS-2020-3-1024x682.jpg 1024w, \/wp-content\/uploads\/sites\/5\/2020\/01\/Vacuna-de-Influenza-IGSS-2020-3-696x464.jpg 696w, \/wp-content\/uploads\/sites\/5\/2020\/01\/Vacuna-de-Influenza-IGSS-2020-3-1068x712.jpg 1068w, \/wp-content\/uploads\/sites\/5\/2020\/01\/Vacuna-de-Influenza-IGSS-2020-3-534x356.jpg 534w, \/wp-content\/uploads\/sites\/5\/2020\/01\/Vacuna-de-Influenza-IGSS-2020-3.jpg 1280w\" sizes=\"(max-width: 630px) 100vw, 630px\" alt=\"\">\r\n                            <\/a>\r\n                            \r\n                        <\/figure>\r\n                    <\/div>\r\n                    <div class = \"td-slide-item td-item3\">\r\n                        <figure class=\"td-slide-galery-figure td-slide-popup-gallery\">\r\n                            <a class=\"slide-gallery-image-link\" href=\"\/wp-content\/uploads\/sites\/5\/2018\/11\/vacunacion-camip-pamplona-neumonia-2018-igss-17-scaled.jpg\" title=\"vacunacion-camip-pamplona-neumonia-2018-igss-17\"  data-caption=\"\"  data-description=\"\">\r\n                                <img decoding=\"async\" src=\"\/wp-content\/uploads\/sites\/5\/2018\/11\/vacunacion-camip-pamplona-neumonia-2018-igss-17-630x420.jpg\" srcset=\"\/wp-content\/uploads\/sites\/5\/2018\/11\/vacunacion-camip-pamplona-neumonia-2018-igss-17-630x420.jpg 630w, \/wp-content\/uploads\/sites\/5\/2018\/11\/vacunacion-camip-pamplona-neumonia-2018-igss-17-1536x1024.jpg 1536w, \/wp-content\/uploads\/sites\/5\/2018\/11\/vacunacion-camip-pamplona-neumonia-2018-igss-17-2048x1365.jpg 2048w, \/wp-content\/uploads\/sites\/5\/2018\/11\/vacunacion-camip-pamplona-neumonia-2018-igss-17-300x200.jpg 300w, \/wp-content\/uploads\/sites\/5\/2018\/11\/vacunacion-camip-pamplona-neumonia-2018-igss-17-768x512.jpg 768w, \/wp-content\/uploads\/sites\/5\/2018\/11\/vacunacion-camip-pamplona-neumonia-2018-igss-17-1024x683.jpg 1024w, \/wp-content\/uploads\/sites\/5\/2018\/11\/vacunacion-camip-pamplona-neumonia-2018-igss-17-696x464.jpg 696w, \/wp-content\/uploads\/sites\/5\/2018\/11\/vacunacion-camip-pamplona-neumonia-2018-igss-17-1068x712.jpg 1068w, \/wp-content\/uploads\/sites\/5\/2018\/11\/vacunacion-camip-pamplona-neumonia-2018-igss-17-534x356.jpg 534w, \/wp-content\/uploads\/sites\/5\/2018\/11\/vacunacion-camip-pamplona-neumonia-2018-igss-17-1920x1280.jpg 1920w\" sizes=\"(max-width: 630px) 100vw, 630px\" alt=\"\">\r\n                            <\/a>\r\n                            \r\n                        <\/figure>\r\n                    <\/div>\r\n                    <div class = \"td-slide-item td-item4\">\r\n                        <figure class=\"td-slide-galery-figure td-slide-popup-gallery\">\r\n                            <a class=\"slide-gallery-image-link\" href=\"\/wp-content\/uploads\/sites\/5\/2020\/01\/Vacuna-de-Influenza-IGSS-2020-1.jpg\" title=\"Vacuna de Influenza IGSS 2020-1\"  data-caption=\"\"  data-description=\"\">\r\n                                <img decoding=\"async\" src=\"\/wp-content\/uploads\/sites\/5\/2020\/01\/Vacuna-de-Influenza-IGSS-2020-1-630x420.jpg\" srcset=\"\/wp-content\/uploads\/sites\/5\/2020\/01\/Vacuna-de-Influenza-IGSS-2020-1-630x420.jpg 630w, \/wp-content\/uploads\/sites\/5\/2020\/01\/Vacuna-de-Influenza-IGSS-2020-1-300x200.jpg 300w, \/wp-content\/uploads\/sites\/5\/2020\/01\/Vacuna-de-Influenza-IGSS-2020-1-768x512.jpg 768w, \/wp-content\/uploads\/sites\/5\/2020\/01\/Vacuna-de-Influenza-IGSS-2020-1-1024x682.jpg 1024w, \/wp-content\/uploads\/sites\/5\/2020\/01\/Vacuna-de-Influenza-IGSS-2020-1-696x464.jpg 696w, \/wp-content\/uploads\/sites\/5\/2020\/01\/Vacuna-de-Influenza-IGSS-2020-1-1068x712.jpg 1068w, \/wp-content\/uploads\/sites\/5\/2020\/01\/Vacuna-de-Influenza-IGSS-2020-1-534x356.jpg 534w, \/wp-content\/uploads\/sites\/5\/2020\/01\/Vacuna-de-Influenza-IGSS-2020-1.jpg 1280w\" sizes=\"(max-width: 630px) 100vw, 630px\" alt=\"\">\r\n                            <\/a>\r\n                            \r\n                        <\/figure>\r\n                    <\/div>\r\n                    <div class = \"td-slide-item td-item5\">\r\n                        <figure class=\"td-slide-galery-figure td-slide-popup-gallery\">\r\n                            <a class=\"slide-gallery-image-link\" href=\"\/wp-content\/uploads\/sites\/5\/2020\/01\/Vacuna-de-Influenza-IGSS-2020-2.jpg\" title=\"Vacuna de Influenza IGSS 2020-2\"  data-caption=\"\"  data-description=\"\">\r\n                                <img decoding=\"async\" src=\"\/wp-content\/uploads\/sites\/5\/2020\/01\/Vacuna-de-Influenza-IGSS-2020-2-747x420.jpg\" srcset=\"\/wp-content\/uploads\/sites\/5\/2020\/01\/Vacuna-de-Influenza-IGSS-2020-2-747x420.jpg 747w, \/wp-content\/uploads\/sites\/5\/2020\/01\/Vacuna-de-Influenza-IGSS-2020-2-300x169.jpg 300w, \/wp-content\/uploads\/sites\/5\/2020\/01\/Vacuna-de-Influenza-IGSS-2020-2-768x432.jpg 768w, \/wp-content\/uploads\/sites\/5\/2020\/01\/Vacuna-de-Influenza-IGSS-2020-2-696x392.jpg 696w, \/wp-content\/uploads\/sites\/5\/2020\/01\/Vacuna-de-Influenza-IGSS-2020-2-534x300.jpg 534w, \/wp-content\/uploads\/sites\/5\/2020\/01\/Vacuna-de-Influenza-IGSS-2020-2.jpg 1024w\" sizes=\"(max-width: 747px) 100vw, 747px\" alt=\"\">\r\n                            <\/a>\r\n                            \r\n                        <\/figure>\r\n                    <\/div>\r\n                    <div class = \"td-slide-item td-item6\">\r\n                        <figure class=\"td-slide-galery-figure td-slide-popup-gallery\">\r\n                            <a class=\"slide-gallery-image-link\" href=\"\/wp-content\/uploads\/sites\/5\/2020\/01\/Vacuna-de-Influenza-IGSS-2020-4.jpg\" title=\"Vacuna de Influenza IGSS 2020-4\"  data-caption=\"\"  data-description=\"\">\r\n                                <img decoding=\"async\" src=\"\/wp-content\/uploads\/sites\/5\/2020\/01\/Vacuna-de-Influenza-IGSS-2020-4-630x420.jpg\" srcset=\"\/wp-content\/uploads\/sites\/5\/2020\/01\/Vacuna-de-Influenza-IGSS-2020-4-630x420.jpg 630w, \/wp-content\/uploads\/sites\/5\/2020\/01\/Vacuna-de-Influenza-IGSS-2020-4-300x200.jpg 300w, \/wp-content\/uploads\/sites\/5\/2020\/01\/Vacuna-de-Influenza-IGSS-2020-4-768x512.jpg 768w, \/wp-content\/uploads\/sites\/5\/2020\/01\/Vacuna-de-Influenza-IGSS-2020-4-1024x682.jpg 1024w, \/wp-content\/uploads\/sites\/5\/2020\/01\/Vacuna-de-Influenza-IGSS-2020-4-696x464.jpg 696w, \/wp-content\/uploads\/sites\/5\/2020\/01\/Vacuna-de-Influenza-IGSS-2020-4-1068x712.jpg 1068w, \/wp-content\/uploads\/sites\/5\/2020\/01\/Vacuna-de-Influenza-IGSS-2020-4-534x356.jpg 534w, \/wp-content\/uploads\/sites\/5\/2020\/01\/Vacuna-de-Influenza-IGSS-2020-4.jpg 1280w\" sizes=\"(max-width: 630px) 100vw, 630px\" alt=\"\">\r\n                            <\/a>\r\n                            \r\n                        <\/figure>\r\n                    <\/div>\r\n                    <div class = \"td-slide-item td-item7\">\r\n                        <figure class=\"td-slide-galery-figure td-slide-popup-gallery\">\r\n                            <a class=\"slide-gallery-image-link\" href=\"\/wp-content\/uploads\/sites\/5\/2019\/11\/vacuna.jpg\" title=\"vacuna\"  data-caption=\"\"  data-description=\"La enfermedad producida por el virus de la influenza se transmite de persona a persona. \">\r\n                                <img decoding=\"async\" src=\"\/wp-content\/uploads\/sites\/5\/2019\/11\/vacuna-560x420.jpg\" srcset=\"\/wp-content\/uploads\/sites\/5\/2019\/11\/vacuna-560x420.jpg 560w, \/wp-content\/uploads\/sites\/5\/2019\/11\/vacuna-300x225.jpg 300w, \/wp-content\/uploads\/sites\/5\/2019\/11\/vacuna-768x576.jpg 768w, \/wp-content\/uploads\/sites\/5\/2019\/11\/vacuna.jpg 1024w, \/wp-content\/uploads\/sites\/5\/2019\/11\/vacuna-80x60.jpg 80w, \/wp-content\/uploads\/sites\/5\/2019\/11\/vacuna-696x522.jpg 696w, \/wp-content\/uploads\/sites\/5\/2019\/11\/vacuna-265x198.jpg 265w, \/wp-content\/uploads\/sites\/5\/2019\/11\/vacuna-534x401.jpg 534w\" sizes=\"(max-width: 560px) 100vw, 560px\" alt=\"\">\r\n                            <\/a>\r\n                            <figcaption class = \"td-slide-caption td-gallery-slide-content\"><span>La enfermedad producida por el virus de la influenza se transmite de persona a persona. <\/span><\/figcaption>\r\n                        <\/figure>\r\n                    <\/div>\r\n                            <\/div>\r\n                        <\/div>\r\n\r\n                        <div class = \"td-doubleSlider-2\">\r\n                            <div class = \"td-slider\">\r\n                                \r\n                    <div class = \"td-button td-item1\">\r\n                        <div class = \"td-border\"><\/div>\r\n                    <\/div>\r\n                    <div class = \"td-button td-item2\">\r\n                        <div class = \"td-border\"><\/div>\r\n                    <\/div>\r\n                    <div class = \"td-button td-item3\">\r\n                        <div class = \"td-border\"><\/div>\r\n                    <\/div>\r\n                    <div class = \"td-button td-item4\">\r\n                        <div class = \"td-border\"><\/div>\r\n                    <\/div>\r\n                    <div class = \"td-button td-item5\">\r\n                        <div class = \"td-border\"><\/div>\r\n                    <\/div>\r\n                    <div class = \"td-button td-item6\">\r\n                        <div class = \"td-border\"><\/div>\r\n                    <\/div>\r\n                    <div class = \"td-button td-item7\">\r\n                        <div class = \"td-border\"><\/div>\r\n                    <\/div>\r\n                            <\/div>\r\n                        <\/div>\r\n\r\n                    <\/div>\r\n\r\n                <\/div>\r\n                \n","protected":false},"excerpt":{"rendered":"<p>La unidades del Seguro Social est\u00e1n abastecidas de las vacunas para la prevenci\u00f3n del virus de la influenza estacional, por lo que la pr\u00f3xima semana se estar\u00e1n administrando a las personas mayores de 60 a\u00f1os y menores de 2 a\u00f1os, embarazadas, enfermos cr\u00f3nicos, personas con insuficiencia renal o con alteraci\u00f3n en su sistema inmune, indic\u00f3 [&hellip;]<\/p>\n","protected":false},"author":4,"featured_media":15657,"comment_status":"open","ping_status":"open","sticky":false,"template":"","format":"standard","meta":{"footnotes":""},"categories":[3,29],"tags":[502,848],"coauthors":[881],"class_list":{"0":"post-15656","1":"post","2":"type-post","3":"status-publish","4":"format-standard","5":"has-post-thumbnail","7":"category-actualidad","8":"category-publicaciones","9":"tag-influenza","10":"tag-vacunas"},"_links":{"self":[{"href":"https:\/\/www.igssgt.org\/noticias\/wp-json\/wp\/v2\/posts\/15656","targetHints":{"allow":["GET"]}}],"collection":[{"href":"https:\/\/www.igssgt.org\/noticias\/wp-json\/wp\/v2\/posts"}],"about":[{"href":"https:\/\/www.igssgt.org\/noticias\/wp-json\/wp\/v2\/types\/post"}],"author":[{"embeddable":true,"href":"https:\/\/www.igssgt.org\/noticias\/wp-json\/wp\/v2\/users\/4"}],"replies":[{"embeddable":true,"href":"https:\/\/www.igssgt.org\/noticias\/wp-json\/wp\/v2\/comments?post=15656"}],"version-history":[{"count":4,"href":"https:\/\/www.igssgt.org\/noticias\/wp-json\/wp\/v2\/posts\/15656\/revisions"}],"predecessor-version":[{"id":15664,"href":"https:\/\/www.igssgt.org\/noticias\/wp-json\/wp\/v2\/posts\/15656\/revisions\/15664"}],"wp:featuredmedia":[{"embeddable":true,"href":"https:\/\/www.igssgt.org\/noticias\/wp-json\/wp\/v2\/media\/15657"}],"wp:attachment":[{"href":"https:\/\/www.igssgt.org\/noticias\/wp-json\/wp\/v2\/media?parent=15656"}],"wp:term":[{"taxonomy":"category","embeddable":true,"href":"https:\/\/www.igssgt.org\/noticias\/wp-json\/wp\/v2\/categories?post=15656"},{"taxonomy":"post_tag","embeddable":true,"href":"https:\/\/www.igssgt.org\/noticias\/wp-json\/wp\/v2\/tags?post=15656"},{"taxonomy":"author","embeddable":true,"href":"https:\/\/www.igssgt.org\/noticias\/wp-json\/wp\/v2\/coauthors?post=15656"}],"curies":[{"name":"wp","href":"https:\/\/api.w.org\/{rel}","templated":true}]}}