{"id":15759,"date":"2020-01-16T07:00:31","date_gmt":"2020-01-16T13:00:31","guid":{"rendered":"https:\/\/www.igssgt.org\/noticias\/?p=15759"},"modified":"2020-01-24T10:40:36","modified_gmt":"2020-01-24T16:40:36","slug":"prensa-libre-igss-proyecta-ampliar-cobertura-a-no-asalariados","status":"publish","type":"post","link":"https:\/\/www.igssgt.org\/noticias\/2020\/01\/16\/prensa-libre-igss-proyecta-ampliar-cobertura-a-no-asalariados\/","title":{"rendered":"Prensa Libre: IGSS proyecta ampliar cobertura a no asalariados"},"content":{"rendered":"\n<h3>La cobertura del seguro social en Guatemala es del 17% de la Poblaci\u00f3n Econ\u00f3micamente Activa (PEA), por lo que el IGSS se ha propuesto ampliar la oportunidad de integrar de forma voluntaria al Programa de Invalidez, Vejez y Sobrevivencia (IVS) a personas que trabajan en forma independiente y por servicios profesionales.<\/h3>\n<h3><em>Por&nbsp;<span class=\"author vcard\">Rosa Mar\u00eda Bola\u00f1os<\/span><\/em><\/h3>\n<p>En la actualidad el Instituto Guatemalteco de Seguridad Social (IGSS) cubre solo a los trabajadores en relaci\u00f3n de dependencia y a los trabajadores de casa particular (por medio del Precapi).<\/p>\n<figure id=\"attachment_15761\" aria-describedby=\"caption-attachment-15761\" style=\"width: 319px\" class=\"wp-caption alignright\"><a href=\"\/wp-content\/uploads\/sites\/5\/2020\/01\/Prensa-Libre-IGSS-proyecta-ampliar-cobertura-a-no-asalariados-2020.jpg\"><img loading=\"lazy\" decoding=\"async\" class=\" wp-image-15761\" src=\"\/wp-content\/uploads\/sites\/5\/2020\/01\/Prensa-Libre-IGSS-proyecta-ampliar-cobertura-a-no-asalariados-2020.jpg\" alt=\"\" width=\"319\" height=\"436\" srcset=\"\/wp-content\/uploads\/sites\/5\/2020\/01\/Prensa-Libre-IGSS-proyecta-ampliar-cobertura-a-no-asalariados-2020.jpg 739w, \/wp-content\/uploads\/sites\/5\/2020\/01\/Prensa-Libre-IGSS-proyecta-ampliar-cobertura-a-no-asalariados-2020-220x300.jpg 220w, \/wp-content\/uploads\/sites\/5\/2020\/01\/Prensa-Libre-IGSS-proyecta-ampliar-cobertura-a-no-asalariados-2020-308x420.jpg 308w, \/wp-content\/uploads\/sites\/5\/2020\/01\/Prensa-Libre-IGSS-proyecta-ampliar-cobertura-a-no-asalariados-2020-696x950.jpg 696w, \/wp-content\/uploads\/sites\/5\/2020\/01\/Prensa-Libre-IGSS-proyecta-ampliar-cobertura-a-no-asalariados-2020-338x462.jpg 338w\" sizes=\"auto, (max-width: 319px) 100vw, 319px\" \/><\/a><figcaption id=\"caption-attachment-15761\" class=\"wp-caption-text\">Publicaci\u00f3n de Prensa Libre del 16 de enero de 2020.<\/figcaption><\/figure>\n<p>Carlos Contreras, presidente de esa entidad, dijo que ya se tiene preparado el plan el cual ser\u00e1 lanzado en un plazo de alrededor de dos meses.<\/p>\n<p>Se trata de una nueva normativa para crear la contribuci\u00f3n voluntaria para el IVS y pensi\u00f3n al cual podr\u00e1n integrarse, seg\u00fan ejemplific\u00f3 el funcionario, trabajadores independientes, profesionales, migrantes, peque\u00f1os empresarios, taxistas y \u201ccuentapropista\u201d, entre otros, a\u00f1adi\u00f3.<\/p>\n<p>Esta modalidad se basar\u00e1 en la figura de cuota \u00fanica que est\u00e1 prevista en la ley y la cual no tiene que se aportada por tres partes como trabajador, patrono y Estado, sino que podr\u00e1 ser aportado en forma individual.<\/p>\n<p>En la actualidad el empleado en relaci\u00f3n de dependencia aporta el 1.83% sobre su sueldo y el patrono 3.67% para llegar a una tasa de 5.5% dijo Contreras.<\/p>\n<p>Para los independientes ser\u00edan tasas de entre 5% a 7.5% (tomando en cuenta la contribuci\u00f3n que deber\u00eda dar el Estado), y deber\u00e1 ser pagada solo por el trabajador.<\/p>\n<p>La cuota m\u00ednima que estar\u00e1 ligada a la prima m\u00ednima que se paga en el salario m\u00ednimo vigente.<\/p>\n<p>Respecto a expectativas de qu\u00e9 n\u00famero de personas se pueden integrar al nuevo programa que anunci\u00f3 el IGSS, Contreras dijo que seg\u00fan experiencias en otros pa\u00edses la reacci\u00f3n inmediata \u201cno es tan grande como uno esperar\u00eda\u201d sino que las personas van decidiendo despacio conforme van viendo c\u00f3mo funciona el programa.<\/p>\n<p>El IGSS ten\u00eda registrados 1 mill\u00f3n 325 mil 537 afiliados, seg\u00fan datos de la instituci\u00f3n a diciembre del 2018.<\/p>\n<h2>Otras posibilidades<\/h2>\n<p>Por aparte se analiza la posibilidad de crear una contribuci\u00f3n voluntaria para el Programa de Enfermedad, Maternidad y Accidentes (EMA). Preliminarmente una de las opciones es que para acceder a estos servicios se deber\u00e1 cumplir con un per\u00edodo o n\u00famero de cuotas previas en el IVS por parte de los trabajadores independientes, pero a\u00fan se necesitan m\u00e1s evaluaciones.<\/p>\n<p>Por el momento ya se abri\u00f3 la cotizaci\u00f3n voluntaria para quienes se quedaron sin su trabajo asalariado, pero para no perder lo que han estado contribuyendo puede seguir pagando para llegar al n\u00famero de cuotas requeridas para pensionarse, seg\u00fan el acuerdo 1429 del IGSS que cobr\u00f3 vigencia en diciembre del 2019. &nbsp;Este va destinado para personas de 55 a\u00f1os de edad y haber aportado hasta el 31 de diciembre del 2010, 180 cuotas al programa de vejez como empleado de una empresa o instituci\u00f3n de Estado.<\/p>\n<p>Adem\u00e1s, el Programa Especial de Protecci\u00f3n para Trabajadoras de Casa Particular (Precapi) el cual inici\u00f3 en el 2009, se est\u00e1 revisando para definir la posibilidad de ampliar los servicios ya que se ha observado que los patronos prefieren inscribir a los trabajadores de casa particular como parte de su empresa porque el programa en menci\u00f3n tiene menos cobertura, a\u00f1adi\u00f3 el funcionario. \u201cNo est\u00e1n utilizando el Precapi porque es muy incompleto\u2026 entonces la gente no lo quiere\u201d expuso el presidente del Instituto.<\/p>\n<p>En 10 a\u00f1os de operaci\u00f3n el Precapi reporta, seg\u00fan el sitio electr\u00f3nico del IGSS, 342 personas afiliadas. Al inicio se estimaba que pudieran inscribirse un gran porcentaje de las 110 mil personas trabajadoras de hogar.<\/p>\n<h2>Exploran alianzas entre el IGSS y el sector privado para cobertura en seguridad social<\/h2>\n<p>Hay quienes son de la idea que el IGSS se debe privatizar y que el trabajador contrate servicios privados. Otros consideran que se debe dejar la opci\u00f3n de que el trabajador pueda decidir si sigue pagando a ese ente estatal o pagar un seguro privado.<\/p>\n<p>Sin embargo, durante el foro anual de la Asociaci\u00f3n&nbsp;Guatemalteca de Instituciones de Seguros (Agis), denominado el futuro del seguro en Guatemala, la visi\u00f3n de diferentes sectores es que se pueden hacer alianzas p\u00fablico-privadas.<\/p>\n<p>El objetivo es la cobertura social, pero eso no lo puede hacer solo un ente como el IGSS, sino que se deben generar alianzas para distribuir una serie de actividades y coberturas, dijo el presidente de esa entidad.<\/p>\n<p>&nbsp;<\/p>\n<blockquote class=\"twitter-tweet\">\n<p dir=\"ltr\" lang=\"es\">Hay grandes oportunidades de alianzas entre el seguro social y seguridad complementaria con el sector privado para lograr el objetivo de cobertura universal, coment\u00f3 el presidente de <a href=\"https:\/\/twitter.com\/Noticias_IGSS?ref_src=twsrc%5Etfw\">@Noticias_IGSS<\/a> Carlos Contreras en el foro de <a href=\"https:\/\/twitter.com\/InfoAgisGT?ref_src=twsrc%5Etfw\">@InfoAgisGT<\/a> <a href=\"https:\/\/twitter.com\/Economia_pl?ref_src=twsrc%5Etfw\">@Economia_pl<\/a> <a href=\"https:\/\/twitter.com\/prensa_libre?ref_src=twsrc%5Etfw\">@prensa_libre<\/a> <a href=\"https:\/\/t.co\/hAwKbOsuhW\">pic.twitter.com\/hAwKbOsuhW<\/a><\/p>\n\u2014 Rosa Mar\u00eda Bola\u00f1os (@rbolanos_pl) <a href=\"https:\/\/twitter.com\/rbolanos_pl\/status\/1217507826190426114?ref_src=twsrc%5Etfw\">January 15, 2020<\/a><\/blockquote>\n<p>&nbsp;<\/p>\n<p>La seguridad social y la seguridad complementaria por medio de otros sectores privados puede ir generando mayores niveles de cobertura, agreg\u00f3.<\/p>\n<p>Contreras coincidi\u00f3 con Christian N\u00f6lck, presidente de Agis, en que los servicios de ambas entidades pueden ser complementarios. Sin embargo, a la fecha no se ha definido alg\u00fan acuerdo de impulsar acciones conjuntas.<\/p>\n<p>El presidente de IGSS mencion\u00f3 ejemplos, que los seguros privados podr\u00edan brindar otras coberturas complementarias para la pensi\u00f3n por jubilaci\u00f3n, cobertura de cirug\u00edas est\u00e9ticas, seguro de muerte por accidentes laborales, entre otros.<\/p>\n<h2>Seguro social como pol\u00edticas p\u00fablicas<\/h2>\n<p>Roberto Ard\u00f3n, director ejecutivo del Cacif, y moderador del foro, mencion\u00f3 que en varios pa\u00edses recientemente las manifestaciones y malestar social han surgido por desacuerdos en bajas pensiones o coberturas de entidades de seguridad social. Por lo mencion\u00f3 la importancia del seguro social en t\u00e9rminos de gobernabilidad.<\/p>\n<p>La seguridad social es un instrumento de paz, dijo el presidente del IGSS. En Guatemala se tiene el 17% de cobertura, por eso no es de extra\u00f1ar la conflictividad y zozobra, y que algunos busquen aprovecharse de la instituci\u00f3n por medio de venta de insumos, a\u00f1adi\u00f3.<\/p>\n<p>Seg\u00fan Julio H\u00e9ctor Estrada, exministro de finanzas, mencion\u00f3 que una de las opciones es combinar la cobertura de seguros con las remesas. Este aspecto ayudar\u00e1 a las familias receptoras de remesas a tener cobertura ante imprevistos como enfermedades y accidentes.<\/p>\n<p>Tanto N\u00f6lck, como Estrada y el Superintendente de Bancos \u00c9rick Vargas Sierra, mencionan que se deben actualizar regulaciones en el pa\u00eds para ampliar y agilizar la cobertura de seguros en el pa\u00eds.<\/p>\n<p>Uno de los temas que deben reformarse es el C\u00f3digo de Comercio que permita m\u00e1s facilidad en la incursi\u00f3n de esta actividad en los diferentes segmentos y herramientas. Adem\u00e1s de la educaci\u00f3n financiera.<\/p>\n<p>Fuente: <strong>Prensa Libre<\/strong><\/p>\n<p>Enlace en internet: <strong><a href=\"https:\/\/www.prensalibre.com\/economia\/igss-podria-ampliar-cobertura-para-guatemaltecos-no-asalariados\/\">https:\/\/www.prensalibre.com\/economia\/igss-podria-ampliar-cobertura-para-guatemaltecos-no-asalariados\/<\/a><\/strong><\/p>\n","protected":false},"excerpt":{"rendered":"<p>La cobertura del seguro social en Guatemala es del 17% de la Poblaci\u00f3n Econ\u00f3micamente Activa (PEA), por lo que el IGSS se ha propuesto ampliar la oportunidad de integrar de forma voluntaria al Programa de Invalidez, Vejez y Sobrevivencia (IVS) a personas que trabajan en forma independiente y por servicios profesionales. Por&nbsp;Rosa Mar\u00eda Bola\u00f1os En [&hellip;]<\/p>\n","protected":false},"author":4,"featured_media":15760,"comment_status":"open","ping_status":"open","sticky":false,"template":"","format":"standard","meta":{"footnotes":""},"categories":[3,15,16,41,29],"tags":[490,564,717],"coauthors":[881],"class_list":{"0":"post-15759","1":"post","2":"type-post","3":"status-publish","4":"format-standard","5":"has-post-thumbnail","7":"category-actualidad","8":"category-destacado","9":"category-featured","10":"category-igss-en-los-medios","11":"category-publicaciones","12":"tag-igss","13":"tag-lic-carlos-contreras","14":"tag-prensa-libre"},"_links":{"self":[{"href":"https:\/\/www.igssgt.org\/noticias\/wp-json\/wp\/v2\/posts\/15759","targetHints":{"allow":["GET"]}}],"collection":[{"href":"https:\/\/www.igssgt.org\/noticias\/wp-json\/wp\/v2\/posts"}],"about":[{"href":"https:\/\/www.igssgt.org\/noticias\/wp-json\/wp\/v2\/types\/post"}],"author":[{"embeddable":true,"href":"https:\/\/www.igssgt.org\/noticias\/wp-json\/wp\/v2\/users\/4"}],"replies":[{"embeddable":true,"href":"https:\/\/www.igssgt.org\/noticias\/wp-json\/wp\/v2\/comments?post=15759"}],"version-history":[{"count":3,"href":"https:\/\/www.igssgt.org\/noticias\/wp-json\/wp\/v2\/posts\/15759\/revisions"}],"predecessor-version":[{"id":15764,"href":"https:\/\/www.igssgt.org\/noticias\/wp-json\/wp\/v2\/posts\/15759\/revisions\/15764"}],"wp:featuredmedia":[{"embeddable":true,"href":"https:\/\/www.igssgt.org\/noticias\/wp-json\/wp\/v2\/media\/15760"}],"wp:attachment":[{"href":"https:\/\/www.igssgt.org\/noticias\/wp-json\/wp\/v2\/media?parent=15759"}],"wp:term":[{"taxonomy":"category","embeddable":true,"href":"https:\/\/www.igssgt.org\/noticias\/wp-json\/wp\/v2\/categories?post=15759"},{"taxonomy":"post_tag","embeddable":true,"href":"https:\/\/www.igssgt.org\/noticias\/wp-json\/wp\/v2\/tags?post=15759"},{"taxonomy":"author","embeddable":true,"href":"https:\/\/www.igssgt.org\/noticias\/wp-json\/wp\/v2\/coauthors?post=15759"}],"curies":[{"name":"wp","href":"https:\/\/api.w.org\/{rel}","templated":true}]}}