{"id":15844,"date":"2020-01-31T13:03:03","date_gmt":"2020-01-31T19:03:03","guid":{"rendered":"https:\/\/www.igssgt.org\/noticias\/?p=15844"},"modified":"2020-01-31T13:03:06","modified_gmt":"2020-01-31T19:03:06","slug":"pacientes-con-discapacidad-moderada-seran-apoyados-para-reinsertarse-al-campo-laboral","status":"publish","type":"post","link":"https:\/\/www.igssgt.org\/noticias\/2020\/01\/31\/pacientes-con-discapacidad-moderada-seran-apoyados-para-reinsertarse-al-campo-laboral\/","title":{"rendered":"Pacientes con discapacidad moderada ser\u00e1n apoyados para reinsertarse al campo laboral"},"content":{"rendered":"<p>Para los pacientes que sufren un accidente o un padecimiento que le deja secuelas, la Subgerencia de Prestaciones en Salud del\u00a0 Instituto Guatemalteco de Seguridad Social (IGSS) lanzar\u00e1 este a\u00f1o el Programa de Reinserci\u00f3n Laboral.<\/p>\n<p>Tania Joaqu\u00edn Castillo, m\u00e9dica de rehabilitaci\u00f3n del IGSS del Departamento de Medicina Legal, indic\u00f3 que este proyecto ayudar\u00e1 a quienes tienen conflicto para poder regresar a sus labores y que no llenan los criterios necesarios para optar a una pensi\u00f3n por invalidez.<\/p>\n<p>\u201cLos beneficiados ser\u00e1n evaluados por un equipo m\u00e9dico que identificar\u00e1 cu\u00e1les son las consecuencias tras haber sufrido un padecimiento o accidente que les ocasione una discapacidad moderada. Los candidatos ser\u00e1n examinados en el desempe\u00f1o de tareas y se sensibilizar\u00e1 a los empresarios para que puedan contratar a estas personas\u201d, explic\u00f3 Castillo.<\/p>\n<p>La entrevistada agreg\u00f3 que se hizo un estudio con informaci\u00f3n de casos que llegan al Departamento de Medicina Legal. \u201cLos datos obtenidos se\u00f1alan que al a\u00f1o un promedio de 900 personas no llenan los criterios para la pensi\u00f3n por invalidez\u201d, puntualiz\u00f3.<\/p>\n<p>Esta iniciativa dar\u00e1 cumplimiento a los acuerdos que el pa\u00eds ha firmado con la Organizaci\u00f3n Internacional del Trabajo (OIT), entre estos el Convenio 159 que contempla la fase de readaptaci\u00f3n profesional\u00a0 y la igualdad de derechos y oportunidades de las personas con discapacidad.<\/p>\n<blockquote class=\"twitter-tweet\" data-width=\"550\" data-dnt=\"true\">\n<p lang=\"es\" dir=\"ltr\">La doctora Tania Castillo, m\u00e9dica de rehabilitaci\u00f3n del <a href=\"https:\/\/twitter.com\/hashtag\/IGSS?src=hash&amp;ref_src=twsrc%5Etfw\">#IGSS<\/a> del Departamento de Medicina Legal habla del programa que se encuentra en fase de formulaci\u00f3n, con el fin de que la persona con una discapacidad moderada pueda integrarse a un trabajo. <a href=\"https:\/\/t.co\/1j6cgiqOAJ\">pic.twitter.com\/1j6cgiqOAJ<\/a><\/p>\n<p>&mdash; Noticias IGSS (@Noticias_IGSS) <a href=\"https:\/\/twitter.com\/Noticias_IGSS\/status\/1223316420399976448?ref_src=twsrc%5Etfw\">January 31, 2020<\/a><\/p><\/blockquote>\n<p><script async src=\"https:\/\/platform.twitter.com\/widgets.js\" charset=\"utf-8\"><\/script><\/p>\n<p>Asimismo, da seguimiento a las metas establecidas en la Pol\u00edtica Preventiva de la Seguridad Social en Guatemala, que en su Eje 3, Promoci\u00f3n de la Prevenci\u00f3n Social, vela por que se garantice el bienestar de las personas con incapacidad temporal o permanente.<\/p>\n<p><strong>\u00bfC\u00f3mo se clasifica la discapacidad?<\/strong><\/p>\n<p>El Departamento de Medicina Legal \u00a0toma en cuenta la clasificaci\u00f3n de la discapacidad seg\u00fan lo dicta el Real Decreto 1971\/1999, en este se se\u00f1alan 5 grados de discapacidad, explic\u00f3 Castillo.<\/p>\n<p><strong>Grado 1<\/strong>: Discapacidad nula, la persona sufre da\u00f1os, s\u00edntomas, signos o secuelas, pero son m\u00ednimos y no justifican dificultad alguna para realizar las actividades diarias.<\/p>\n<p><strong>Grado 2<\/strong>: Discapacidad leve, la persona sufre da\u00f1os, tiene s\u00edntomas, signos o secuelas, y se demuestra que existe alguna dificultad para realizar las actividades diarias, pero se pueden ejecutar en su totalidad.<\/p>\n<p><strong>Grado3:<\/strong> Discapacidad moderada es la que se aplicar\u00e1 en el proyecto, esta se define cuando la persona sufre da\u00f1os, tiene s\u00edntomas, signos o secuelas que causan una importante disminuci\u00f3n o imposibilidad de la capacidad para realizar las actividades diarias, pero la persona es independiente en las actividades de autocuidado.<\/p>\n<p><strong>Grado 4:<\/strong> Discapacidad grave, la persona sufre da\u00f1os, tiene s\u00edntomas, signos o secuelas que causan una importante disminuci\u00f3n o imposibilidad de la capacidad de realizar actividades diarias, en este caso puede estar afectada alguna de las actividades de la vida diaria.<\/p>\n<p><strong>Grado 5<\/strong>: Discapacidad muy grave, la persona sufre da\u00f1os, tiene s\u00edntomas, signos o secuelas que impiden e imposibilitan la realizaci\u00f3n de las actividades diarias.<\/p>\n","protected":false},"excerpt":{"rendered":"<p>Para los pacientes que sufren un accidente o un padecimiento que le deja secuelas, la Subgerencia de Prestaciones en Salud del\u00a0 Instituto Guatemalteco de Seguridad Social (IGSS) lanzar\u00e1 este a\u00f1o el Programa de Reinserci\u00f3n Laboral. Tania Joaqu\u00edn Castillo, m\u00e9dica de rehabilitaci\u00f3n del IGSS del Departamento de Medicina Legal, indic\u00f3 que este proyecto ayudar\u00e1 a quienes [&hellip;]<\/p>\n","protected":false},"author":160,"featured_media":15847,"comment_status":"open","ping_status":"open","sticky":false,"template":"","format":"standard","meta":{"footnotes":""},"categories":[3],"tags":[1111,1049,478,490,522],"coauthors":[1041],"class_list":{"0":"post-15844","1":"post","2":"type-post","3":"status-publish","4":"format-standard","5":"has-post-thumbnail","7":"category-actualidad","8":"tag-departamento-de-medicina-legal","9":"tag-discapacidad","10":"tag-hospital-de-rehabilitacion","11":"tag-igss","12":"tag-invalidez"},"_links":{"self":[{"href":"https:\/\/www.igssgt.org\/noticias\/wp-json\/wp\/v2\/posts\/15844","targetHints":{"allow":["GET"]}}],"collection":[{"href":"https:\/\/www.igssgt.org\/noticias\/wp-json\/wp\/v2\/posts"}],"about":[{"href":"https:\/\/www.igssgt.org\/noticias\/wp-json\/wp\/v2\/types\/post"}],"author":[{"embeddable":true,"href":"https:\/\/www.igssgt.org\/noticias\/wp-json\/wp\/v2\/users\/160"}],"replies":[{"embeddable":true,"href":"https:\/\/www.igssgt.org\/noticias\/wp-json\/wp\/v2\/comments?post=15844"}],"version-history":[{"count":1,"href":"https:\/\/www.igssgt.org\/noticias\/wp-json\/wp\/v2\/posts\/15844\/revisions"}],"predecessor-version":[{"id":15845,"href":"https:\/\/www.igssgt.org\/noticias\/wp-json\/wp\/v2\/posts\/15844\/revisions\/15845"}],"wp:featuredmedia":[{"embeddable":true,"href":"https:\/\/www.igssgt.org\/noticias\/wp-json\/wp\/v2\/media\/15847"}],"wp:attachment":[{"href":"https:\/\/www.igssgt.org\/noticias\/wp-json\/wp\/v2\/media?parent=15844"}],"wp:term":[{"taxonomy":"category","embeddable":true,"href":"https:\/\/www.igssgt.org\/noticias\/wp-json\/wp\/v2\/categories?post=15844"},{"taxonomy":"post_tag","embeddable":true,"href":"https:\/\/www.igssgt.org\/noticias\/wp-json\/wp\/v2\/tags?post=15844"},{"taxonomy":"author","embeddable":true,"href":"https:\/\/www.igssgt.org\/noticias\/wp-json\/wp\/v2\/coauthors?post=15844"}],"curies":[{"name":"wp","href":"https:\/\/api.w.org\/{rel}","templated":true}]}}