{"id":15888,"date":"2020-02-04T11:05:00","date_gmt":"2020-02-04T17:05:00","guid":{"rendered":"https:\/\/www.igssgt.org\/noticias\/?p=15888"},"modified":"2020-02-04T12:59:19","modified_gmt":"2020-02-04T18:59:19","slug":"el-igss-autonomia-atiende-cada-ano-a-unas-5-mil-personas-con-cancer","status":"publish","type":"post","link":"https:\/\/www.igssgt.org\/noticias\/2020\/02\/04\/el-igss-autonomia-atiende-cada-ano-a-unas-5-mil-personas-con-cancer\/","title":{"rendered":"El IGSS Autonom\u00eda atiende cada a\u00f1o a unas 5 mil personas con c\u00e1ncer"},"content":{"rendered":"\n<p>El 4 de febrero el IGSS se une a la conmemoraci\u00f3n del D\u00eda Mundial contra el C\u00e1ncer, el cual este a\u00f1o tiene como lema \u201cYo soy y voy a\u201d, que tiene como objetivo promover acciones dirigidas a reducir el impacto del c\u00e1ncer, una de las primeras causas de muerte en el mundo.<\/p>\n<p>El Instituto a trav\u00e9s de sus unidades brinda atenci\u00f3n para la detecci\u00f3n temprana y tratamiento oportuno a los distintos tipos de c\u00e1ncer. La Consulta Externa Autonom\u00eda es uno de los centros de referencia del Instituto en el que cada a\u00f1o se atiende a un promedio de 5 mil pacientes.<\/p>\n<p>Los tipos de c\u00e1ncer de mayor incidencia que se atienden en esta unidad son el de mama, g\u00e1strico, pr\u00f3stata, colon, hep\u00e1tico y de piel.\u00a0 Entre otros tipos de c\u00e1ncer est\u00e1n el de ri\u00f1\u00f3n, test\u00edculos, ovarios, p\u00e1ncreas, cabeza, cuello, vejiga y recto.\u00a0<\/p>\n<p>Los especialistas recomiendan reducir los efectos minimizando los factores de riesgo como el consumo de tabaco y consumo de alcohol. Adem\u00e1s, es conveniente el consumo de frutas y verduras, actividad f\u00edsica y visitar peri\u00f3dicamente al m\u00e9dico para la detecci\u00f3n temprana y tratamiento oportuno de esta enfermedad.<\/p>\n<h4><strong>Los pacientes <\/strong><\/h4>\n<p>\u201cPara m\u00ed es una bendici\u00f3n contar con los servicios del IGSS, pues no podr\u00eda seguir adelante debido a que el costo del tratamiento es muy elevado\u201d, expres\u00f3 Joaqu\u00edn Fernando Morales.<\/p>\n<p>Dora Imelda Montenegro lucha contra el c\u00e1ncer desde hace cinco a\u00f1os; \u00a0agradece al Seguro Social por darle el apoyo que necesita para enfrentar la enfermedad. \u201cMe siento muy agradecida por la atenci\u00f3n del todo el personal del IGSS,\u00a0 porque con mis recursos no puedo costear el tratamiento\u201d, dijo.<\/p>\n\n\n\n\r\n                <style type=\"text\/css\">\r\n                    \r\n                    #tdi_1  .td-doubleSlider-2 .td-item1 {\r\n                        background: url(\/wp-content\/uploads\/sites\/5\/2020\/02\/Dia-del-cancer-IGSS-2020-6-80x60.jpg) 0 0 no-repeat;\r\n                    }\r\n                    #tdi_1  .td-doubleSlider-2 .td-item2 {\r\n                        background: url(\/wp-content\/uploads\/sites\/5\/2020\/02\/Dia-del-cancer-IGSS-2020-1-80x60.jpg) 0 0 no-repeat;\r\n                    }\r\n                    #tdi_1  .td-doubleSlider-2 .td-item3 {\r\n                        background: url(\/wp-content\/uploads\/sites\/5\/2020\/02\/Dia-del-cancer-IGSS-2020-0-80x60.jpg) 0 0 no-repeat;\r\n                    }\r\n                    #tdi_1  .td-doubleSlider-2 .td-item4 {\r\n                        background: url(\/wp-content\/uploads\/sites\/5\/2020\/02\/Dia-del-cancer-IGSS-2020-2-80x60.jpg) 0 0 no-repeat;\r\n                    }\r\n                    #tdi_1  .td-doubleSlider-2 .td-item5 {\r\n                        background: url(\/wp-content\/uploads\/sites\/5\/2020\/02\/Dia-del-cancer-IGSS-2020-5-80x60.jpg) 0 0 no-repeat;\r\n                    }\r\n                <\/style>\r\n\r\n                <div id=\"tdi_1\" class=\"td-gallery td-slide-on-2-columns\">\r\n                    <div class=\"post_td_gallery\">\r\n                        <div class=\"td-gallery-slide-top\">\r\n                           <div class=\"td-gallery-title\">Galer\u00eda de Im\u00e1genes<\/div>\r\n\r\n                            <div class=\"td-gallery-controls-wrapper\">\r\n                                <div class=\"td-gallery-slide-count\"><span class=\"td-gallery-slide-item-focus\">1<\/span> de 5<\/div>\r\n                                <div class=\"td-gallery-slide-prev-next-but\">\r\n                                    <i class = \"td-icon-left doubleSliderPrevButton\"><\/i>\r\n                                    <i class = \"td-icon-right doubleSliderNextButton\"><\/i>\r\n                                <\/div>\r\n                            <\/div>\r\n                        <\/div>\r\n\r\n                        <div class = \"td-doubleSlider-1 \">\r\n                            <div class = \"td-slider\">\r\n                                \r\n                    <div class = \"td-slide-item td-item1\">\r\n                        <figure class=\"td-slide-galery-figure td-slide-popup-gallery\">\r\n                            <a class=\"slide-gallery-image-link\" href=\"\/wp-content\/uploads\/sites\/5\/2020\/02\/Dia-del-cancer-IGSS-2020-6.jpg\" title=\"Dia del cancer IGSS 2020-6\"  data-caption=\"\"  data-description=\"\">\r\n                                <img decoding=\"async\" src=\"\/wp-content\/uploads\/sites\/5\/2020\/02\/Dia-del-cancer-IGSS-2020-6-352x420.jpg\" srcset=\"\/wp-content\/uploads\/sites\/5\/2020\/02\/Dia-del-cancer-IGSS-2020-6-352x420.jpg 352w, \/wp-content\/uploads\/sites\/5\/2020\/02\/Dia-del-cancer-IGSS-2020-6-252x300.jpg 252w, \/wp-content\/uploads\/sites\/5\/2020\/02\/Dia-del-cancer-IGSS-2020-6-696x829.jpg 696w, \/wp-content\/uploads\/sites\/5\/2020\/02\/Dia-del-cancer-IGSS-2020-6-388x462.jpg 388w, \/wp-content\/uploads\/sites\/5\/2020\/02\/Dia-del-cancer-IGSS-2020-6.jpg 715w\" sizes=\"(max-width: 352px) 100vw, 352px\" alt=\"\">\r\n                            <\/a>\r\n                            \r\n                        <\/figure>\r\n                    <\/div>\r\n                    <div class = \"td-slide-item td-item2\">\r\n                        <figure class=\"td-slide-galery-figure td-slide-popup-gallery\">\r\n                            <a class=\"slide-gallery-image-link\" href=\"\/wp-content\/uploads\/sites\/5\/2020\/02\/Dia-del-cancer-IGSS-2020-1.jpg\" title=\"Dia del cancer IGSS 2020-1\"  data-caption=\"\"  data-description=\"\">\r\n                                <img decoding=\"async\" src=\"\/wp-content\/uploads\/sites\/5\/2020\/02\/Dia-del-cancer-IGSS-2020-1-630x420.jpg\" srcset=\"\/wp-content\/uploads\/sites\/5\/2020\/02\/Dia-del-cancer-IGSS-2020-1-630x420.jpg 630w, \/wp-content\/uploads\/sites\/5\/2020\/02\/Dia-del-cancer-IGSS-2020-1-300x200.jpg 300w, \/wp-content\/uploads\/sites\/5\/2020\/02\/Dia-del-cancer-IGSS-2020-1-768x512.jpg 768w, \/wp-content\/uploads\/sites\/5\/2020\/02\/Dia-del-cancer-IGSS-2020-1-1024x682.jpg 1024w, \/wp-content\/uploads\/sites\/5\/2020\/02\/Dia-del-cancer-IGSS-2020-1-696x464.jpg 696w, \/wp-content\/uploads\/sites\/5\/2020\/02\/Dia-del-cancer-IGSS-2020-1-1068x712.jpg 1068w, \/wp-content\/uploads\/sites\/5\/2020\/02\/Dia-del-cancer-IGSS-2020-1-534x356.jpg 534w, \/wp-content\/uploads\/sites\/5\/2020\/02\/Dia-del-cancer-IGSS-2020-1.jpg 1280w\" sizes=\"(max-width: 630px) 100vw, 630px\" alt=\"\">\r\n                            <\/a>\r\n                            \r\n                        <\/figure>\r\n                    <\/div>\r\n                    <div class = \"td-slide-item td-item3\">\r\n                        <figure class=\"td-slide-galery-figure td-slide-popup-gallery\">\r\n                            <a class=\"slide-gallery-image-link\" href=\"\/wp-content\/uploads\/sites\/5\/2020\/02\/Dia-del-cancer-IGSS-2020-0.jpg\" title=\"Dia del cancer IGSS 2020-0\"  data-caption=\"\"  data-description=\"\">\r\n                                <img decoding=\"async\" src=\"\/wp-content\/uploads\/sites\/5\/2020\/02\/Dia-del-cancer-IGSS-2020-0-630x420.jpg\" srcset=\"\/wp-content\/uploads\/sites\/5\/2020\/02\/Dia-del-cancer-IGSS-2020-0-630x420.jpg 630w, \/wp-content\/uploads\/sites\/5\/2020\/02\/Dia-del-cancer-IGSS-2020-0-300x200.jpg 300w, \/wp-content\/uploads\/sites\/5\/2020\/02\/Dia-del-cancer-IGSS-2020-0-768x512.jpg 768w, \/wp-content\/uploads\/sites\/5\/2020\/02\/Dia-del-cancer-IGSS-2020-0-1024x682.jpg 1024w, \/wp-content\/uploads\/sites\/5\/2020\/02\/Dia-del-cancer-IGSS-2020-0-696x464.jpg 696w, \/wp-content\/uploads\/sites\/5\/2020\/02\/Dia-del-cancer-IGSS-2020-0-1068x712.jpg 1068w, \/wp-content\/uploads\/sites\/5\/2020\/02\/Dia-del-cancer-IGSS-2020-0-534x356.jpg 534w, \/wp-content\/uploads\/sites\/5\/2020\/02\/Dia-del-cancer-IGSS-2020-0.jpg 1280w\" sizes=\"(max-width: 630px) 100vw, 630px\" alt=\"\">\r\n                            <\/a>\r\n                            \r\n                        <\/figure>\r\n                    <\/div>\r\n                    <div class = \"td-slide-item td-item4\">\r\n                        <figure class=\"td-slide-galery-figure td-slide-popup-gallery\">\r\n                            <a class=\"slide-gallery-image-link\" href=\"\/wp-content\/uploads\/sites\/5\/2020\/02\/Dia-del-cancer-IGSS-2020-2.jpg\" title=\"Dia del cancer IGSS 2020-2\"  data-caption=\"\"  data-description=\"\">\r\n                                <img decoding=\"async\" src=\"\/wp-content\/uploads\/sites\/5\/2020\/02\/Dia-del-cancer-IGSS-2020-2-598x420.jpg\" srcset=\"\/wp-content\/uploads\/sites\/5\/2020\/02\/Dia-del-cancer-IGSS-2020-2-598x420.jpg 598w, \/wp-content\/uploads\/sites\/5\/2020\/02\/Dia-del-cancer-IGSS-2020-2-300x211.jpg 300w, \/wp-content\/uploads\/sites\/5\/2020\/02\/Dia-del-cancer-IGSS-2020-2-768x539.jpg 768w, \/wp-content\/uploads\/sites\/5\/2020\/02\/Dia-del-cancer-IGSS-2020-2-1024x719.jpg 1024w, \/wp-content\/uploads\/sites\/5\/2020\/02\/Dia-del-cancer-IGSS-2020-2-696x489.jpg 696w, \/wp-content\/uploads\/sites\/5\/2020\/02\/Dia-del-cancer-IGSS-2020-2-1068x750.jpg 1068w, \/wp-content\/uploads\/sites\/5\/2020\/02\/Dia-del-cancer-IGSS-2020-2-100x70.jpg 100w, \/wp-content\/uploads\/sites\/5\/2020\/02\/Dia-del-cancer-IGSS-2020-2-534x375.jpg 534w, \/wp-content\/uploads\/sites\/5\/2020\/02\/Dia-del-cancer-IGSS-2020-2.jpg 1209w\" sizes=\"(max-width: 598px) 100vw, 598px\" alt=\"\">\r\n                            <\/a>\r\n                            \r\n                        <\/figure>\r\n                    <\/div>\r\n                    <div class = \"td-slide-item td-item5\">\r\n                        <figure class=\"td-slide-galery-figure td-slide-popup-gallery\">\r\n                            <a class=\"slide-gallery-image-link\" href=\"\/wp-content\/uploads\/sites\/5\/2020\/02\/Dia-del-cancer-IGSS-2020-5.jpg\" title=\"Dia del cancer IGSS 2020-5\"  data-caption=\"\"  data-description=\"\">\r\n                                <img decoding=\"async\" src=\"\/wp-content\/uploads\/sites\/5\/2020\/02\/Dia-del-cancer-IGSS-2020-5-583x420.jpg\" srcset=\"\/wp-content\/uploads\/sites\/5\/2020\/02\/Dia-del-cancer-IGSS-2020-5-583x420.jpg 583w, \/wp-content\/uploads\/sites\/5\/2020\/02\/Dia-del-cancer-IGSS-2020-5-300x216.jpg 300w, \/wp-content\/uploads\/sites\/5\/2020\/02\/Dia-del-cancer-IGSS-2020-5-768x553.jpg 768w, \/wp-content\/uploads\/sites\/5\/2020\/02\/Dia-del-cancer-IGSS-2020-5-1024x738.jpg 1024w, \/wp-content\/uploads\/sites\/5\/2020\/02\/Dia-del-cancer-IGSS-2020-5-696x502.jpg 696w, \/wp-content\/uploads\/sites\/5\/2020\/02\/Dia-del-cancer-IGSS-2020-5-1068x770.jpg 1068w, \/wp-content\/uploads\/sites\/5\/2020\/02\/Dia-del-cancer-IGSS-2020-5-534x385.jpg 534w, \/wp-content\/uploads\/sites\/5\/2020\/02\/Dia-del-cancer-IGSS-2020-5.jpg 1181w\" sizes=\"(max-width: 583px) 100vw, 583px\" alt=\"\">\r\n                            <\/a>\r\n                            \r\n                        <\/figure>\r\n                    <\/div>\r\n                            <\/div>\r\n                        <\/div>\r\n\r\n                        <div class = \"td-doubleSlider-2\">\r\n                            <div class = \"td-slider\">\r\n                                \r\n                    <div class = \"td-button td-item1\">\r\n                        <div class = \"td-border\"><\/div>\r\n                    <\/div>\r\n                    <div class = \"td-button td-item2\">\r\n                        <div class = \"td-border\"><\/div>\r\n                    <\/div>\r\n                    <div class = \"td-button td-item3\">\r\n                        <div class = \"td-border\"><\/div>\r\n                    <\/div>\r\n                    <div class = \"td-button td-item4\">\r\n                        <div class = \"td-border\"><\/div>\r\n                    <\/div>\r\n                    <div class = \"td-button td-item5\">\r\n                        <div class = \"td-border\"><\/div>\r\n                    <\/div>\r\n                            <\/div>\r\n                        <\/div>\r\n\r\n                    <\/div>\r\n\r\n                <\/div>\r\n                \n","protected":false},"excerpt":{"rendered":"<p>El 4 de febrero el IGSS se une a la conmemoraci\u00f3n del D\u00eda Mundial contra el C\u00e1ncer, el cual este a\u00f1o tiene como lema \u201cYo soy y voy a\u201d, que tiene como objetivo promover acciones dirigidas a reducir el impacto del c\u00e1ncer, una de las primeras causas de muerte en el mundo. El Instituto a [&hellip;]<\/p>\n","protected":false},"author":4,"featured_media":15889,"comment_status":"open","ping_status":"open","sticky":false,"template":"","format":"standard","meta":{"footnotes":""},"categories":[3,29,36],"tags":[153,490,829],"coauthors":[881],"class_list":{"0":"post-15888","1":"post","2":"type-post","3":"status-publish","4":"format-standard","5":"has-post-thumbnail","7":"category-actualidad","8":"category-publicaciones","9":"category-unidades-medicas","10":"tag-cancer","11":"tag-igss","12":"tag-unidad-de-consulta-externa-autonomia"},"_links":{"self":[{"href":"https:\/\/www.igssgt.org\/noticias\/wp-json\/wp\/v2\/posts\/15888","targetHints":{"allow":["GET"]}}],"collection":[{"href":"https:\/\/www.igssgt.org\/noticias\/wp-json\/wp\/v2\/posts"}],"about":[{"href":"https:\/\/www.igssgt.org\/noticias\/wp-json\/wp\/v2\/types\/post"}],"author":[{"embeddable":true,"href":"https:\/\/www.igssgt.org\/noticias\/wp-json\/wp\/v2\/users\/4"}],"replies":[{"embeddable":true,"href":"https:\/\/www.igssgt.org\/noticias\/wp-json\/wp\/v2\/comments?post=15888"}],"version-history":[{"count":1,"href":"https:\/\/www.igssgt.org\/noticias\/wp-json\/wp\/v2\/posts\/15888\/revisions"}],"predecessor-version":[{"id":15895,"href":"https:\/\/www.igssgt.org\/noticias\/wp-json\/wp\/v2\/posts\/15888\/revisions\/15895"}],"wp:featuredmedia":[{"embeddable":true,"href":"https:\/\/www.igssgt.org\/noticias\/wp-json\/wp\/v2\/media\/15889"}],"wp:attachment":[{"href":"https:\/\/www.igssgt.org\/noticias\/wp-json\/wp\/v2\/media?parent=15888"}],"wp:term":[{"taxonomy":"category","embeddable":true,"href":"https:\/\/www.igssgt.org\/noticias\/wp-json\/wp\/v2\/categories?post=15888"},{"taxonomy":"post_tag","embeddable":true,"href":"https:\/\/www.igssgt.org\/noticias\/wp-json\/wp\/v2\/tags?post=15888"},{"taxonomy":"author","embeddable":true,"href":"https:\/\/www.igssgt.org\/noticias\/wp-json\/wp\/v2\/coauthors?post=15888"}],"curies":[{"name":"wp","href":"https:\/\/api.w.org\/{rel}","templated":true}]}}