{"id":15987,"date":"2020-02-07T15:54:28","date_gmt":"2020-02-07T21:54:28","guid":{"rendered":"https:\/\/www.igssgt.org\/noticias\/?p=15987"},"modified":"2020-02-07T15:54:30","modified_gmt":"2020-02-07T21:54:30","slug":"exitoso-iii-encuentro-del-cisscad-realizado-en-el-pais","status":"publish","type":"post","link":"https:\/\/www.igssgt.org\/noticias\/2020\/02\/07\/exitoso-iii-encuentro-del-cisscad-realizado-en-el-pais\/","title":{"rendered":"Exitoso III Encuentro del CISSCAD realizado en el pa\u00eds"},"content":{"rendered":"\n<p>De exitoso fue calificado el III Encuentro de Gestores de la Seguridad Social del Consejo de Instituciones de Seguridad Social de Centroam\u00e9rica y Rep\u00fablica Dominicana (CISSCAD), realizado del 5 al 7 de febrero en Guatemala.<\/p>\n<p>Los representantes de los seguros sociales discutieron temas de inter\u00e9s para el fortalecimiento de estas instituciones. Uno de los temas sobresalientes fue el Pacto de Integridad, el cual fue presentado por el licenciado Carlos Contreras, presidente de la Junta Directiva del IGSS y presidente Pro tempore del CISSCAD.<\/p>\n<p>Esta propuesta ser\u00e1 analizada durante la pr\u00f3xima asamblea general, la cual se realizar\u00e1 la tercera semana de abril de 2020, en la que podr\u00eda ser aprobada e implementada por los seguros sociales de los pa\u00edses que integran el CISSCAD. El objetivo fundamental de este pacto es crear una cultura de transparencia y que los proveedores en general se comprometan a no incurrir en ning\u00fan acto an\u00f3malo.<\/p>\n<p>En la actividad se expusieron los pasos a seguir para la presentaci\u00f3n de este pacto, y se propuso la instalaci\u00f3n de una mesa t\u00e9cnica de trabajo y que cada pa\u00eds nombre un enlace para hacer la revisi\u00f3n de la normativa, que identifique los puntos comunes y redactar el documento para que la Secretaria T\u00e9cnica del CISSCAD lo traslade a la asamblea general para su discusi\u00f3n y aprobaci\u00f3n.<\/p>\n<h3><strong>Grandes logros<\/strong><\/h3>\n<p>Adem\u00e1s, en la conclusiones se asumieron otros\u00a0compromisos como la b\u00fasqueda de mecanismos de contenci\u00f3n de precios de los medicamentos, pensiones, judicializaci\u00f3n de la salud y redes integradas de servicios de salud que abarcan\u00a0\u00a0el modelo de atenci\u00f3n, as\u00ed como medicina familiar, establecer un mecanismo de pr\u00e9stamo de medicamentos entre los pa\u00edses miembros del CISSCAD, todo esto como parte de las estrategias de una mejor atenci\u00f3n para el afiliado y derechohabiente.<\/p>\n<p>Ernesto Pablo B\u00e1scolo, asesor regional en gobernanza de la Organizaci\u00f3n Panamericana de la Salud (OPS), calific\u00f3 de exitosa la actividad ya que se profundiz\u00f3 en varios temas de inter\u00e9s para las instituciones dedicadas a la Seguridad Social.<\/p>\n<p>\u201cSe compartieron conocimientos\u00a0\u00a0para mejorar las l\u00edneas de trabajo a futuro, donde la OPS ha colaborado y nos hemos \u00a0comprometido a seguir apoyando, pues creemos en ellas debido a que son indispensables para los sistemas de salud\u201d, resalt\u00f3 el asesor.<\/p>\n<p>\u201cEl intercambio de ideas en este c\u00f3nclave fue un \u00a0gran aporte para que el Seguro Social de Panam\u00e1 conozca esta serie de experiencias\u00a0\u00a0de sus hom\u00f3logos\u201d, dijo Francisco Bustamante, subdirector de la Caja del Seguro Social de ese pa\u00eds.<\/p>\n<p>\u201cAgradezco\u00a0\u00a0la participaci\u00f3n de todas las delegaciones que estuvieron en esta actividad, lo cual demuestra su inter\u00e9s por potencializar el trabajo de la Seguridad Social\u201d, expres\u00f3 el licenciado Carlos Contreras al cerrar el \u00a0III Encuentro \u00a0del CISSCAD.<\/p>\n\n\n\n\r\n                <style type=\"text\/css\">\r\n                    \r\n                    #tdi_1  .td-doubleSlider-2 .td-item1 {\r\n                        background: url(\/wp-content\/uploads\/sites\/5\/2020\/02\/CISSCAD-3er.-Encuentro-de-gestores-de-la-seguriad-social-0-80x60.jpg) 0 0 no-repeat;\r\n                    }\r\n                    #tdi_1  .td-doubleSlider-2 .td-item2 {\r\n                        background: url(\/wp-content\/uploads\/sites\/5\/2020\/02\/CISSCAD-3er.-Encuentro-de-gestores-de-la-seguriad-social-1-80x60.jpg) 0 0 no-repeat;\r\n                    }\r\n                    #tdi_1  .td-doubleSlider-2 .td-item3 {\r\n                        background: url(\/wp-content\/uploads\/sites\/5\/2020\/02\/CISSCAD-3er.-Encuentro-de-gestores-de-la-seguriad-social-2-80x60.jpg) 0 0 no-repeat;\r\n                    }\r\n                    #tdi_1  .td-doubleSlider-2 .td-item4 {\r\n                        background: url(\/wp-content\/uploads\/sites\/5\/2020\/02\/CISSCAD-3er.-Encuentro-de-gestores-de-la-seguriad-social-3-80x60.jpg) 0 0 no-repeat;\r\n                    }\r\n                    #tdi_1  .td-doubleSlider-2 .td-item5 {\r\n                        background: url(\/wp-content\/uploads\/sites\/5\/2020\/02\/CISSCAD-3er.-Encuentro-de-gestores-de-la-seguriad-social-4-80x60.jpg) 0 0 no-repeat;\r\n                    }\r\n                    #tdi_1  .td-doubleSlider-2 .td-item6 {\r\n                        background: url(\/wp-content\/uploads\/sites\/5\/2020\/02\/CISSCAD-3er.-Encuentro-de-gestores-de-la-seguriad-social-5-80x60.png) 0 0 no-repeat;\r\n                    }\r\n                    #tdi_1  .td-doubleSlider-2 .td-item7 {\r\n                        background: url(\/wp-content\/uploads\/sites\/5\/2020\/02\/CISSCAD-3er.-Encuentro-de-gestores-de-la-seguriad-social-6-80x60.jpg) 0 0 no-repeat;\r\n                    }\r\n                <\/style>\r\n\r\n                <div id=\"tdi_1\" class=\"td-gallery td-slide-on-2-columns\">\r\n                    <div class=\"post_td_gallery\">\r\n                        <div class=\"td-gallery-slide-top\">\r\n                           <div class=\"td-gallery-title\">Galer\u00eda de Im\u00e1genes<\/div>\r\n\r\n                            <div class=\"td-gallery-controls-wrapper\">\r\n                                <div class=\"td-gallery-slide-count\"><span class=\"td-gallery-slide-item-focus\">1<\/span> de 7<\/div>\r\n                                <div class=\"td-gallery-slide-prev-next-but\">\r\n                                    <i class = \"td-icon-left doubleSliderPrevButton\"><\/i>\r\n                                    <i class = \"td-icon-right doubleSliderNextButton\"><\/i>\r\n                                <\/div>\r\n                            <\/div>\r\n                        <\/div>\r\n\r\n                        <div class = \"td-doubleSlider-1 \">\r\n                            <div class = \"td-slider\">\r\n                                \r\n                    <div class = \"td-slide-item td-item1\">\r\n                        <figure class=\"td-slide-galery-figure td-slide-popup-gallery\">\r\n                            <a class=\"slide-gallery-image-link\" href=\"\/wp-content\/uploads\/sites\/5\/2020\/02\/CISSCAD-3er.-Encuentro-de-gestores-de-la-seguriad-social-0.jpg\" title=\"CISSCAD 3er. Encuentro de gestores de la seguriad social-0\"  data-caption=\"\"  data-description=\"\">\r\n                                <img decoding=\"async\" src=\"\/wp-content\/uploads\/sites\/5\/2020\/02\/CISSCAD-3er.-Encuentro-de-gestores-de-la-seguriad-social-0-630x420.jpg\" srcset=\"\/wp-content\/uploads\/sites\/5\/2020\/02\/CISSCAD-3er.-Encuentro-de-gestores-de-la-seguriad-social-0-630x420.jpg 630w, \/wp-content\/uploads\/sites\/5\/2020\/02\/CISSCAD-3er.-Encuentro-de-gestores-de-la-seguriad-social-0-300x200.jpg 300w, \/wp-content\/uploads\/sites\/5\/2020\/02\/CISSCAD-3er.-Encuentro-de-gestores-de-la-seguriad-social-0-534x356.jpg 534w, \/wp-content\/uploads\/sites\/5\/2020\/02\/CISSCAD-3er.-Encuentro-de-gestores-de-la-seguriad-social-0.jpg 680w\" sizes=\"(max-width: 630px) 100vw, 630px\" alt=\"\">\r\n                            <\/a>\r\n                            \r\n                        <\/figure>\r\n                    <\/div>\r\n                    <div class = \"td-slide-item td-item2\">\r\n                        <figure class=\"td-slide-galery-figure td-slide-popup-gallery\">\r\n                            <a class=\"slide-gallery-image-link\" href=\"\/wp-content\/uploads\/sites\/5\/2020\/02\/CISSCAD-3er.-Encuentro-de-gestores-de-la-seguriad-social-1.jpg\" title=\"CISSCAD 3er. Encuentro de gestores de la seguriad social-1\"  data-caption=\"\"  data-description=\"\">\r\n                                <img decoding=\"async\" src=\"\/wp-content\/uploads\/sites\/5\/2020\/02\/CISSCAD-3er.-Encuentro-de-gestores-de-la-seguriad-social-1-629x420.jpg\" srcset=\"\/wp-content\/uploads\/sites\/5\/2020\/02\/CISSCAD-3er.-Encuentro-de-gestores-de-la-seguriad-social-1-629x420.jpg 629w, \/wp-content\/uploads\/sites\/5\/2020\/02\/CISSCAD-3er.-Encuentro-de-gestores-de-la-seguriad-social-1-300x200.jpg 300w, \/wp-content\/uploads\/sites\/5\/2020\/02\/CISSCAD-3er.-Encuentro-de-gestores-de-la-seguriad-social-1-534x357.jpg 534w, \/wp-content\/uploads\/sites\/5\/2020\/02\/CISSCAD-3er.-Encuentro-de-gestores-de-la-seguriad-social-1.jpg 680w\" sizes=\"(max-width: 629px) 100vw, 629px\" alt=\"\">\r\n                            <\/a>\r\n                            \r\n                        <\/figure>\r\n                    <\/div>\r\n                    <div class = \"td-slide-item td-item3\">\r\n                        <figure class=\"td-slide-galery-figure td-slide-popup-gallery\">\r\n                            <a class=\"slide-gallery-image-link\" href=\"\/wp-content\/uploads\/sites\/5\/2020\/02\/CISSCAD-3er.-Encuentro-de-gestores-de-la-seguriad-social-2.jpg\" title=\"CISSCAD 3er. Encuentro de gestores de la seguriad social-2\"  data-caption=\"\"  data-description=\"\">\r\n                                <img decoding=\"async\" src=\"\/wp-content\/uploads\/sites\/5\/2020\/02\/CISSCAD-3er.-Encuentro-de-gestores-de-la-seguriad-social-2-630x420.jpg\" srcset=\"\/wp-content\/uploads\/sites\/5\/2020\/02\/CISSCAD-3er.-Encuentro-de-gestores-de-la-seguriad-social-2-630x420.jpg 630w, \/wp-content\/uploads\/sites\/5\/2020\/02\/CISSCAD-3er.-Encuentro-de-gestores-de-la-seguriad-social-2-300x200.jpg 300w, \/wp-content\/uploads\/sites\/5\/2020\/02\/CISSCAD-3er.-Encuentro-de-gestores-de-la-seguriad-social-2-534x356.jpg 534w, \/wp-content\/uploads\/sites\/5\/2020\/02\/CISSCAD-3er.-Encuentro-de-gestores-de-la-seguriad-social-2.jpg 680w\" sizes=\"(max-width: 630px) 100vw, 630px\" alt=\"\">\r\n                            <\/a>\r\n                            \r\n                        <\/figure>\r\n                    <\/div>\r\n                    <div class = \"td-slide-item td-item4\">\r\n                        <figure class=\"td-slide-galery-figure td-slide-popup-gallery\">\r\n                            <a class=\"slide-gallery-image-link\" href=\"\/wp-content\/uploads\/sites\/5\/2020\/02\/CISSCAD-3er.-Encuentro-de-gestores-de-la-seguriad-social-3.jpg\" title=\"CISSCAD 3er. Encuentro de gestores de la seguriad social-3\"  data-caption=\"\"  data-description=\"\">\r\n                                <img decoding=\"async\" src=\"\/wp-content\/uploads\/sites\/5\/2020\/02\/CISSCAD-3er.-Encuentro-de-gestores-de-la-seguriad-social-3-660x420.jpg\" srcset=\"\/wp-content\/uploads\/sites\/5\/2020\/02\/CISSCAD-3er.-Encuentro-de-gestores-de-la-seguriad-social-3-660x420.jpg 660w, \/wp-content\/uploads\/sites\/5\/2020\/02\/CISSCAD-3er.-Encuentro-de-gestores-de-la-seguriad-social-3-300x191.jpg 300w, \/wp-content\/uploads\/sites\/5\/2020\/02\/CISSCAD-3er.-Encuentro-de-gestores-de-la-seguriad-social-3-534x340.jpg 534w, \/wp-content\/uploads\/sites\/5\/2020\/02\/CISSCAD-3er.-Encuentro-de-gestores-de-la-seguriad-social-3.jpg 680w\" sizes=\"(max-width: 660px) 100vw, 660px\" alt=\"\">\r\n                            <\/a>\r\n                            \r\n                        <\/figure>\r\n                    <\/div>\r\n                    <div class = \"td-slide-item td-item5\">\r\n                        <figure class=\"td-slide-galery-figure td-slide-popup-gallery\">\r\n                            <a class=\"slide-gallery-image-link\" href=\"\/wp-content\/uploads\/sites\/5\/2020\/02\/CISSCAD-3er.-Encuentro-de-gestores-de-la-seguriad-social-4.jpg\" title=\"CISSCAD 3er. Encuentro de gestores de la seguriad social-4\"  data-caption=\"\"  data-description=\"\">\r\n                                <img decoding=\"async\" src=\"\/wp-content\/uploads\/sites\/5\/2020\/02\/CISSCAD-3er.-Encuentro-de-gestores-de-la-seguriad-social-4-560x420.jpg\" srcset=\"\/wp-content\/uploads\/sites\/5\/2020\/02\/CISSCAD-3er.-Encuentro-de-gestores-de-la-seguriad-social-4-560x420.jpg 560w, \/wp-content\/uploads\/sites\/5\/2020\/02\/CISSCAD-3er.-Encuentro-de-gestores-de-la-seguriad-social-4-300x225.jpg 300w, \/wp-content\/uploads\/sites\/5\/2020\/02\/CISSCAD-3er.-Encuentro-de-gestores-de-la-seguriad-social-4-80x60.jpg 80w, \/wp-content\/uploads\/sites\/5\/2020\/02\/CISSCAD-3er.-Encuentro-de-gestores-de-la-seguriad-social-4-265x198.jpg 265w, \/wp-content\/uploads\/sites\/5\/2020\/02\/CISSCAD-3er.-Encuentro-de-gestores-de-la-seguriad-social-4-534x401.jpg 534w, \/wp-content\/uploads\/sites\/5\/2020\/02\/CISSCAD-3er.-Encuentro-de-gestores-de-la-seguriad-social-4.jpg 680w\" sizes=\"(max-width: 560px) 100vw, 560px\" alt=\"\">\r\n                            <\/a>\r\n                            \r\n                        <\/figure>\r\n                    <\/div>\r\n                    <div class = \"td-slide-item td-item6\">\r\n                        <figure class=\"td-slide-galery-figure td-slide-popup-gallery\">\r\n                            <a class=\"slide-gallery-image-link\" href=\"\/wp-content\/uploads\/sites\/5\/2020\/02\/CISSCAD-3er.-Encuentro-de-gestores-de-la-seguriad-social-5.png\" title=\"CISSCAD 3er. Encuentro de gestores de la seguriad social-5\"  data-caption=\"\"  data-description=\"\">\r\n                                <img decoding=\"async\" src=\"\/wp-content\/uploads\/sites\/5\/2020\/02\/CISSCAD-3er.-Encuentro-de-gestores-de-la-seguriad-social-5.png\" srcset=\"\/wp-content\/uploads\/sites\/5\/2020\/02\/CISSCAD-3er.-Encuentro-de-gestores-de-la-seguriad-social-5.png 680w, \/wp-content\/uploads\/sites\/5\/2020\/02\/CISSCAD-3er.-Encuentro-de-gestores-de-la-seguriad-social-5-300x172.png 300w, \/wp-content\/uploads\/sites\/5\/2020\/02\/CISSCAD-3er.-Encuentro-de-gestores-de-la-seguriad-social-5-534x306.png 534w\" sizes=\"(max-width: 680px) 100vw, 680px\" alt=\"\">\r\n                            <\/a>\r\n                            \r\n                        <\/figure>\r\n                    <\/div>\r\n                    <div class = \"td-slide-item td-item7\">\r\n                        <figure class=\"td-slide-galery-figure td-slide-popup-gallery\">\r\n                            <a class=\"slide-gallery-image-link\" href=\"\/wp-content\/uploads\/sites\/5\/2020\/02\/CISSCAD-3er.-Encuentro-de-gestores-de-la-seguriad-social-6.jpg\" title=\"CISSCAD 3er. Encuentro de gestores de la seguriad social-6\"  data-caption=\"\"  data-description=\"\">\r\n                                <img decoding=\"async\" src=\"\/wp-content\/uploads\/sites\/5\/2020\/02\/CISSCAD-3er.-Encuentro-de-gestores-de-la-seguriad-social-6-638x420.jpg\" srcset=\"\/wp-content\/uploads\/sites\/5\/2020\/02\/CISSCAD-3er.-Encuentro-de-gestores-de-la-seguriad-social-6-638x420.jpg 638w, \/wp-content\/uploads\/sites\/5\/2020\/02\/CISSCAD-3er.-Encuentro-de-gestores-de-la-seguriad-social-6-300x198.jpg 300w, \/wp-content\/uploads\/sites\/5\/2020\/02\/CISSCAD-3er.-Encuentro-de-gestores-de-la-seguriad-social-6-534x352.jpg 534w, \/wp-content\/uploads\/sites\/5\/2020\/02\/CISSCAD-3er.-Encuentro-de-gestores-de-la-seguriad-social-6.jpg 680w\" sizes=\"(max-width: 638px) 100vw, 638px\" alt=\"\">\r\n                            <\/a>\r\n                            \r\n                        <\/figure>\r\n                    <\/div>\r\n                            <\/div>\r\n                        <\/div>\r\n\r\n                        <div class = \"td-doubleSlider-2\">\r\n                            <div class = \"td-slider\">\r\n                                \r\n                    <div class = \"td-button td-item1\">\r\n                        <div class = \"td-border\"><\/div>\r\n                    <\/div>\r\n                    <div class = \"td-button td-item2\">\r\n                        <div class = \"td-border\"><\/div>\r\n                    <\/div>\r\n                    <div class = \"td-button td-item3\">\r\n                        <div class = \"td-border\"><\/div>\r\n                    <\/div>\r\n                    <div class = \"td-button td-item4\">\r\n                        <div class = \"td-border\"><\/div>\r\n                    <\/div>\r\n                    <div class = \"td-button td-item5\">\r\n                        <div class = \"td-border\"><\/div>\r\n                    <\/div>\r\n                    <div class = \"td-button td-item6\">\r\n                        <div class = \"td-border\"><\/div>\r\n                    <\/div>\r\n                    <div class = \"td-button td-item7\">\r\n                        <div class = \"td-border\"><\/div>\r\n                    <\/div>\r\n                            <\/div>\r\n                        <\/div>\r\n\r\n                    <\/div>\r\n\r\n                <\/div>\r\n                \n","protected":false},"excerpt":{"rendered":"<p>De exitoso fue calificado el III Encuentro de Gestores de la Seguridad Social del Consejo de Instituciones de Seguridad Social de Centroam\u00e9rica y Rep\u00fablica Dominicana (CISSCAD), realizado del 5 al 7 de febrero en Guatemala. Los representantes de los seguros sociales discutieron temas de inter\u00e9s para el fortalecimiento de estas instituciones. Uno de los temas [&hellip;]<\/p>\n","protected":false},"author":4,"featured_media":15994,"comment_status":"open","ping_status":"open","sticky":false,"template":"","format":"standard","meta":{"footnotes":""},"categories":[3,11,15],"tags":[178],"coauthors":[881],"class_list":{"0":"post-15987","1":"post","2":"type-post","3":"status-publish","4":"format-standard","5":"has-post-thumbnail","7":"category-actualidad","8":"category-cisscad","9":"category-destacado","10":"tag-cisscad"},"_links":{"self":[{"href":"https:\/\/www.igssgt.org\/noticias\/wp-json\/wp\/v2\/posts\/15987","targetHints":{"allow":["GET"]}}],"collection":[{"href":"https:\/\/www.igssgt.org\/noticias\/wp-json\/wp\/v2\/posts"}],"about":[{"href":"https:\/\/www.igssgt.org\/noticias\/wp-json\/wp\/v2\/types\/post"}],"author":[{"embeddable":true,"href":"https:\/\/www.igssgt.org\/noticias\/wp-json\/wp\/v2\/users\/4"}],"replies":[{"embeddable":true,"href":"https:\/\/www.igssgt.org\/noticias\/wp-json\/wp\/v2\/comments?post=15987"}],"version-history":[{"count":2,"href":"https:\/\/www.igssgt.org\/noticias\/wp-json\/wp\/v2\/posts\/15987\/revisions"}],"predecessor-version":[{"id":15997,"href":"https:\/\/www.igssgt.org\/noticias\/wp-json\/wp\/v2\/posts\/15987\/revisions\/15997"}],"wp:featuredmedia":[{"embeddable":true,"href":"https:\/\/www.igssgt.org\/noticias\/wp-json\/wp\/v2\/media\/15994"}],"wp:attachment":[{"href":"https:\/\/www.igssgt.org\/noticias\/wp-json\/wp\/v2\/media?parent=15987"}],"wp:term":[{"taxonomy":"category","embeddable":true,"href":"https:\/\/www.igssgt.org\/noticias\/wp-json\/wp\/v2\/categories?post=15987"},{"taxonomy":"post_tag","embeddable":true,"href":"https:\/\/www.igssgt.org\/noticias\/wp-json\/wp\/v2\/tags?post=15987"},{"taxonomy":"author","embeddable":true,"href":"https:\/\/www.igssgt.org\/noticias\/wp-json\/wp\/v2\/coauthors?post=15987"}],"curies":[{"name":"wp","href":"https:\/\/api.w.org\/{rel}","templated":true}]}}