{"id":15998,"date":"2020-02-10T10:25:00","date_gmt":"2020-02-10T16:25:00","guid":{"rendered":"https:\/\/www.igssgt.org\/noticias\/?p=15998"},"modified":"2021-02-25T18:31:11","modified_gmt":"2021-02-26T00:31:11","slug":"el-igss-contratara-salvavidas-para-semana-santa","status":"publish","type":"post","link":"https:\/\/www.igssgt.org\/noticias\/2020\/02\/10\/el-igss-contratara-salvavidas-para-semana-santa\/","title":{"rendered":"El IGSS contratar\u00e1 salvavidas para Semana Santa"},"content":{"rendered":"\n<p>Para salvaguardar la vida de centenares de personas que visitan playas, lagos \u00a0y centros tur\u00edsticos del pa\u00eds durante la Semana Santa 2020, el Instituto Guatemalteco de Seguridad Social (IGSS) realiza una convocatoria dirigida a salvavidas que deseen participar en el proceso de selecci\u00f3n \u00a0para trabajar desde el Mi\u00e9rcoles Santo al Domingo de Resurrecci\u00f3n.<\/p>\n<p>\u201cSe contratar\u00e1 a \u00a090 salvavidas, los que reforzaran a los 60 fijos con los que cuenta el Instituto. El grupo de rescatadores ser\u00e1n asignados a \u00a0playas del Pacifico, a los lagos de Amatitl\u00e1n y Atitl\u00e1n, as\u00ed como en centros recreativos como Las Ninfas, en\u00a0 Amatitl\u00e1n, y Guayac\u00e1n, Chiquimula, inform\u00f3 el doctor Mynor Mej\u00eda, jefe de la Secci\u00f3n de Seguridad e Higiene y Prevenci\u00f3n de Accidentes.<\/p>\n<p>El Seguro Social ofrece salario y vi\u00e1ticos por d\u00eda. Los aspirantes deben llenar los siguientes requisitos: ser guatemalteco, tener entre 18 a 35 a\u00f1os, haber recibido cursos t\u00e9cnicos de salvavidas y primeros auxilios y experiencia m\u00ednima de seis meses comprobada.<\/p>\n<h3><strong>Dos pruebas<\/strong><\/h3>\n<p>Los aspirantes deber\u00e1n aprobar dos pruebas, la primera se realizar\u00e1 el 21 de febrero a la 8:00 horas en la Piscina Ol\u00edmpica, ubicada en la 10a. avenida y calle Mateo Flores, zona 5, donde tendr\u00e1n que nadar 400 metros.<\/p>\n<p>Quienes superen la primera fase pasan a la segunda prueba, la cual se realizar\u00e1 el 22 de febrero en Puerto San Jos\u00e9, Escuintla. Deber\u00e1n nadar en mar abierto, para lo cual deben presentarse a las 6:00 horas al estacionamiento del edificio de las Oficinas Centrales del IGSS, ubicado en la 7a. avenida 22-72 zona 1, de donde ser\u00e1n trasladados hacia el Centro Recreativo El Laberinto, de ese puerto.<\/p>\n<p>Adem\u00e1s de la prueba de mar abierto, los aspirantes ser\u00e1n capacitados en t\u00e9cnicas de primeros auxilios y Reanimaci\u00f3n Cardiopulmonar (RCP), t\u00e9cnicas de rescate y evacuaci\u00f3n de v\u00edctimas. Quienes pasen ambas pruebas obtendr\u00e1n informaci\u00f3n para presentarse a las Oficinas Centrales a presentar su documentaci\u00f3n y luego se les dotar\u00e1 del equipo especial para desempe\u00f1ar su labor.<\/p>\n\n\n\n\r\n                <style type=\"text\/css\">\r\n                    \r\n                    #tdi_1  .td-doubleSlider-2 .td-item1 {\r\n                        background: url(\/wp-content\/uploads\/sites\/5\/2020\/02\/Convocatoria-Salvavidas-IGSS-Semana-Santa-2020-1-80x60.jpg) 0 0 no-repeat;\r\n                    }\r\n                    #tdi_1  .td-doubleSlider-2 .td-item2 {\r\n                        background: url(\/wp-content\/uploads\/sites\/5\/2020\/02\/Convocatoria-Salvavidas-IGSS-Semana-Santa-2020-2-80x60.jpg) 0 0 no-repeat;\r\n                    }\r\n                    #tdi_1  .td-doubleSlider-2 .td-item3 {\r\n                        background: url(\/wp-content\/uploads\/sites\/5\/2020\/02\/Convocatoria-Salvavidas-IGSS-Semana-Santa-2020-3-80x60.jpg) 0 0 no-repeat;\r\n                    }\r\n                    #tdi_1  .td-doubleSlider-2 .td-item4 {\r\n                        background: url(\/wp-content\/uploads\/sites\/5\/2020\/02\/Convocatoria-Salvavidas-IGSS-Semana-Santa-2020-4-80x60.jpg) 0 0 no-repeat;\r\n                    }\r\n                    #tdi_1  .td-doubleSlider-2 .td-item5 {\r\n                        background: url(\/wp-content\/uploads\/sites\/5\/2020\/02\/Convocatoria-Salvavidas-IGSS-Semana-Santa-2020-5-80x60.jpg) 0 0 no-repeat;\r\n                    }\r\n                    #tdi_1  .td-doubleSlider-2 .td-item6 {\r\n                        background: url(\/wp-content\/uploads\/sites\/5\/2020\/02\/Convocatoria-Salvavidas-IGSS-Semana-Santa-2020-6-80x60.jpg) 0 0 no-repeat;\r\n                    }\r\n                    #tdi_1  .td-doubleSlider-2 .td-item7 {\r\n                        background: url(\/wp-content\/uploads\/sites\/5\/2020\/02\/Convocatoria-Salvavidas-IGSS-Semana-Santa-2020-7-80x60.jpg) 0 0 no-repeat;\r\n                    }\r\n                    #tdi_1  .td-doubleSlider-2 .td-item8 {\r\n                        background: url(\/wp-content\/uploads\/sites\/5\/2020\/02\/Convocatoria-Salvavidas-IGSS-Semana-Santa-2020-8-80x60.jpg) 0 0 no-repeat;\r\n                    }\r\n                    #tdi_1  .td-doubleSlider-2 .td-item9 {\r\n                        background: url(\/wp-content\/uploads\/sites\/5\/2020\/02\/Convocatoria-Salvavidas-IGSS-Semana-Santa-2020-9-80x60.jpg) 0 0 no-repeat;\r\n                    }\r\n                <\/style>\r\n\r\n                <div id=\"tdi_1\" class=\"td-gallery td-slide-on-2-columns\">\r\n                    <div class=\"post_td_gallery\">\r\n                        <div class=\"td-gallery-slide-top\">\r\n                           <div class=\"td-gallery-title\">Galer\u00eda de Im\u00e1genes<\/div>\r\n\r\n                            <div class=\"td-gallery-controls-wrapper\">\r\n                                <div class=\"td-gallery-slide-count\"><span class=\"td-gallery-slide-item-focus\">1<\/span> de 9<\/div>\r\n                                <div class=\"td-gallery-slide-prev-next-but\">\r\n                                    <i class = \"td-icon-left doubleSliderPrevButton\"><\/i>\r\n                                    <i class = \"td-icon-right doubleSliderNextButton\"><\/i>\r\n                                <\/div>\r\n                            <\/div>\r\n                        <\/div>\r\n\r\n                        <div class = \"td-doubleSlider-1 \">\r\n                            <div class = \"td-slider\">\r\n                                \r\n                    <div class = \"td-slide-item td-item1\">\r\n                        <figure class=\"td-slide-galery-figure td-slide-popup-gallery\">\r\n                            <a class=\"slide-gallery-image-link\" href=\"\/wp-content\/uploads\/sites\/5\/2020\/02\/Convocatoria-Salvavidas-IGSS-Semana-Santa-2020-1.jpg\" title=\"Convocatoria Salvavidas IGSS Semana Santa 2020-1\"  data-caption=\"\"  data-description=\"\">\r\n                                <img decoding=\"async\" src=\"\/wp-content\/uploads\/sites\/5\/2020\/02\/Convocatoria-Salvavidas-IGSS-Semana-Santa-2020-1-630x420.jpg\" srcset=\"\/wp-content\/uploads\/sites\/5\/2020\/02\/Convocatoria-Salvavidas-IGSS-Semana-Santa-2020-1-630x420.jpg 630w, \/wp-content\/uploads\/sites\/5\/2020\/02\/Convocatoria-Salvavidas-IGSS-Semana-Santa-2020-1-300x200.jpg 300w, \/wp-content\/uploads\/sites\/5\/2020\/02\/Convocatoria-Salvavidas-IGSS-Semana-Santa-2020-1-768x512.jpg 768w, \/wp-content\/uploads\/sites\/5\/2020\/02\/Convocatoria-Salvavidas-IGSS-Semana-Santa-2020-1-1024x682.jpg 1024w, \/wp-content\/uploads\/sites\/5\/2020\/02\/Convocatoria-Salvavidas-IGSS-Semana-Santa-2020-1-696x464.jpg 696w, \/wp-content\/uploads\/sites\/5\/2020\/02\/Convocatoria-Salvavidas-IGSS-Semana-Santa-2020-1-1068x712.jpg 1068w, \/wp-content\/uploads\/sites\/5\/2020\/02\/Convocatoria-Salvavidas-IGSS-Semana-Santa-2020-1-534x356.jpg 534w, \/wp-content\/uploads\/sites\/5\/2020\/02\/Convocatoria-Salvavidas-IGSS-Semana-Santa-2020-1.jpg 1280w\" sizes=\"(max-width: 630px) 100vw, 630px\" alt=\"\">\r\n                            <\/a>\r\n                            \r\n                        <\/figure>\r\n                    <\/div>\r\n                    <div class = \"td-slide-item td-item2\">\r\n                        <figure class=\"td-slide-galery-figure td-slide-popup-gallery\">\r\n                            <a class=\"slide-gallery-image-link\" href=\"\/wp-content\/uploads\/sites\/5\/2020\/02\/Convocatoria-Salvavidas-IGSS-Semana-Santa-2020-2.jpg\" title=\"Convocatoria Salvavidas IGSS Semana Santa 2020-2\"  data-caption=\"\"  data-description=\"\">\r\n                                <img decoding=\"async\" src=\"\/wp-content\/uploads\/sites\/5\/2020\/02\/Convocatoria-Salvavidas-IGSS-Semana-Santa-2020-2-630x420.jpg\" srcset=\"\/wp-content\/uploads\/sites\/5\/2020\/02\/Convocatoria-Salvavidas-IGSS-Semana-Santa-2020-2-630x420.jpg 630w, \/wp-content\/uploads\/sites\/5\/2020\/02\/Convocatoria-Salvavidas-IGSS-Semana-Santa-2020-2-300x200.jpg 300w, \/wp-content\/uploads\/sites\/5\/2020\/02\/Convocatoria-Salvavidas-IGSS-Semana-Santa-2020-2-768x512.jpg 768w, \/wp-content\/uploads\/sites\/5\/2020\/02\/Convocatoria-Salvavidas-IGSS-Semana-Santa-2020-2-1024x682.jpg 1024w, \/wp-content\/uploads\/sites\/5\/2020\/02\/Convocatoria-Salvavidas-IGSS-Semana-Santa-2020-2-696x464.jpg 696w, \/wp-content\/uploads\/sites\/5\/2020\/02\/Convocatoria-Salvavidas-IGSS-Semana-Santa-2020-2-1068x712.jpg 1068w, \/wp-content\/uploads\/sites\/5\/2020\/02\/Convocatoria-Salvavidas-IGSS-Semana-Santa-2020-2-534x356.jpg 534w, \/wp-content\/uploads\/sites\/5\/2020\/02\/Convocatoria-Salvavidas-IGSS-Semana-Santa-2020-2.jpg 1280w\" sizes=\"(max-width: 630px) 100vw, 630px\" alt=\"\">\r\n                            <\/a>\r\n                            \r\n                        <\/figure>\r\n                    <\/div>\r\n                    <div class = \"td-slide-item td-item3\">\r\n                        <figure class=\"td-slide-galery-figure td-slide-popup-gallery\">\r\n                            <a class=\"slide-gallery-image-link\" href=\"\/wp-content\/uploads\/sites\/5\/2020\/02\/Convocatoria-Salvavidas-IGSS-Semana-Santa-2020-3.jpg\" title=\"Convocatoria Salvavidas IGSS Semana Santa 2020-3\"  data-caption=\"\"  data-description=\"\">\r\n                                <img decoding=\"async\" src=\"\/wp-content\/uploads\/sites\/5\/2020\/02\/Convocatoria-Salvavidas-IGSS-Semana-Santa-2020-3-630x420.jpg\" srcset=\"\/wp-content\/uploads\/sites\/5\/2020\/02\/Convocatoria-Salvavidas-IGSS-Semana-Santa-2020-3-630x420.jpg 630w, \/wp-content\/uploads\/sites\/5\/2020\/02\/Convocatoria-Salvavidas-IGSS-Semana-Santa-2020-3-300x200.jpg 300w, \/wp-content\/uploads\/sites\/5\/2020\/02\/Convocatoria-Salvavidas-IGSS-Semana-Santa-2020-3-768x512.jpg 768w, \/wp-content\/uploads\/sites\/5\/2020\/02\/Convocatoria-Salvavidas-IGSS-Semana-Santa-2020-3-1024x682.jpg 1024w, \/wp-content\/uploads\/sites\/5\/2020\/02\/Convocatoria-Salvavidas-IGSS-Semana-Santa-2020-3-696x464.jpg 696w, \/wp-content\/uploads\/sites\/5\/2020\/02\/Convocatoria-Salvavidas-IGSS-Semana-Santa-2020-3-1068x712.jpg 1068w, \/wp-content\/uploads\/sites\/5\/2020\/02\/Convocatoria-Salvavidas-IGSS-Semana-Santa-2020-3-534x356.jpg 534w, \/wp-content\/uploads\/sites\/5\/2020\/02\/Convocatoria-Salvavidas-IGSS-Semana-Santa-2020-3.jpg 1280w\" sizes=\"(max-width: 630px) 100vw, 630px\" alt=\"\">\r\n                            <\/a>\r\n                            \r\n                        <\/figure>\r\n                    <\/div>\r\n                    <div class = \"td-slide-item td-item4\">\r\n                        <figure class=\"td-slide-galery-figure td-slide-popup-gallery\">\r\n                            <a class=\"slide-gallery-image-link\" href=\"\/wp-content\/uploads\/sites\/5\/2020\/02\/Convocatoria-Salvavidas-IGSS-Semana-Santa-2020-4.jpg\" title=\"Convocatoria Salvavidas IGSS Semana Santa 2020-4\"  data-caption=\"\"  data-description=\"\">\r\n                                <img decoding=\"async\" src=\"\/wp-content\/uploads\/sites\/5\/2020\/02\/Convocatoria-Salvavidas-IGSS-Semana-Santa-2020-4-638x420.jpg\" srcset=\"\/wp-content\/uploads\/sites\/5\/2020\/02\/Convocatoria-Salvavidas-IGSS-Semana-Santa-2020-4-638x420.jpg 638w, \/wp-content\/uploads\/sites\/5\/2020\/02\/Convocatoria-Salvavidas-IGSS-Semana-Santa-2020-4-300x198.jpg 300w, \/wp-content\/uploads\/sites\/5\/2020\/02\/Convocatoria-Salvavidas-IGSS-Semana-Santa-2020-4-768x506.jpg 768w, \/wp-content\/uploads\/sites\/5\/2020\/02\/Convocatoria-Salvavidas-IGSS-Semana-Santa-2020-4-1024x674.jpg 1024w, \/wp-content\/uploads\/sites\/5\/2020\/02\/Convocatoria-Salvavidas-IGSS-Semana-Santa-2020-4-696x458.jpg 696w, \/wp-content\/uploads\/sites\/5\/2020\/02\/Convocatoria-Salvavidas-IGSS-Semana-Santa-2020-4-1068x703.jpg 1068w, \/wp-content\/uploads\/sites\/5\/2020\/02\/Convocatoria-Salvavidas-IGSS-Semana-Santa-2020-4-534x352.jpg 534w, \/wp-content\/uploads\/sites\/5\/2020\/02\/Convocatoria-Salvavidas-IGSS-Semana-Santa-2020-4.jpg 1280w\" sizes=\"(max-width: 638px) 100vw, 638px\" alt=\"\">\r\n                            <\/a>\r\n                            \r\n                        <\/figure>\r\n                    <\/div>\r\n                    <div class = \"td-slide-item td-item5\">\r\n                        <figure class=\"td-slide-galery-figure td-slide-popup-gallery\">\r\n                            <a class=\"slide-gallery-image-link\" href=\"\/wp-content\/uploads\/sites\/5\/2020\/02\/Convocatoria-Salvavidas-IGSS-Semana-Santa-2020-5.jpg\" title=\"Convocatoria Salvavidas IGSS Semana Santa 2020-5\"  data-caption=\"\"  data-description=\"\">\r\n                                <img decoding=\"async\" src=\"\/wp-content\/uploads\/sites\/5\/2020\/02\/Convocatoria-Salvavidas-IGSS-Semana-Santa-2020-5-630x420.jpg\" srcset=\"\/wp-content\/uploads\/sites\/5\/2020\/02\/Convocatoria-Salvavidas-IGSS-Semana-Santa-2020-5-630x420.jpg 630w, \/wp-content\/uploads\/sites\/5\/2020\/02\/Convocatoria-Salvavidas-IGSS-Semana-Santa-2020-5-300x200.jpg 300w, \/wp-content\/uploads\/sites\/5\/2020\/02\/Convocatoria-Salvavidas-IGSS-Semana-Santa-2020-5-768x512.jpg 768w, \/wp-content\/uploads\/sites\/5\/2020\/02\/Convocatoria-Salvavidas-IGSS-Semana-Santa-2020-5-1024x682.jpg 1024w, \/wp-content\/uploads\/sites\/5\/2020\/02\/Convocatoria-Salvavidas-IGSS-Semana-Santa-2020-5-696x464.jpg 696w, \/wp-content\/uploads\/sites\/5\/2020\/02\/Convocatoria-Salvavidas-IGSS-Semana-Santa-2020-5-1068x712.jpg 1068w, \/wp-content\/uploads\/sites\/5\/2020\/02\/Convocatoria-Salvavidas-IGSS-Semana-Santa-2020-5-534x356.jpg 534w, \/wp-content\/uploads\/sites\/5\/2020\/02\/Convocatoria-Salvavidas-IGSS-Semana-Santa-2020-5.jpg 1280w\" sizes=\"(max-width: 630px) 100vw, 630px\" alt=\"\">\r\n                            <\/a>\r\n                            \r\n                        <\/figure>\r\n                    <\/div>\r\n                    <div class = \"td-slide-item td-item6\">\r\n                        <figure class=\"td-slide-galery-figure td-slide-popup-gallery\">\r\n                            <a class=\"slide-gallery-image-link\" href=\"\/wp-content\/uploads\/sites\/5\/2020\/02\/Convocatoria-Salvavidas-IGSS-Semana-Santa-2020-6.jpg\" title=\"Convocatoria Salvavidas IGSS Semana Santa 2020-6\"  data-caption=\"\"  data-description=\"\">\r\n                                <img decoding=\"async\" src=\"\/wp-content\/uploads\/sites\/5\/2020\/02\/Convocatoria-Salvavidas-IGSS-Semana-Santa-2020-6-630x420.jpg\" srcset=\"\/wp-content\/uploads\/sites\/5\/2020\/02\/Convocatoria-Salvavidas-IGSS-Semana-Santa-2020-6-630x420.jpg 630w, \/wp-content\/uploads\/sites\/5\/2020\/02\/Convocatoria-Salvavidas-IGSS-Semana-Santa-2020-6-300x200.jpg 300w, \/wp-content\/uploads\/sites\/5\/2020\/02\/Convocatoria-Salvavidas-IGSS-Semana-Santa-2020-6-768x512.jpg 768w, \/wp-content\/uploads\/sites\/5\/2020\/02\/Convocatoria-Salvavidas-IGSS-Semana-Santa-2020-6-1024x682.jpg 1024w, \/wp-content\/uploads\/sites\/5\/2020\/02\/Convocatoria-Salvavidas-IGSS-Semana-Santa-2020-6-696x464.jpg 696w, \/wp-content\/uploads\/sites\/5\/2020\/02\/Convocatoria-Salvavidas-IGSS-Semana-Santa-2020-6-1068x712.jpg 1068w, \/wp-content\/uploads\/sites\/5\/2020\/02\/Convocatoria-Salvavidas-IGSS-Semana-Santa-2020-6-534x356.jpg 534w, \/wp-content\/uploads\/sites\/5\/2020\/02\/Convocatoria-Salvavidas-IGSS-Semana-Santa-2020-6.jpg 1280w\" sizes=\"(max-width: 630px) 100vw, 630px\" alt=\"\">\r\n                            <\/a>\r\n                            \r\n                        <\/figure>\r\n                    <\/div>\r\n                    <div class = \"td-slide-item td-item7\">\r\n                        <figure class=\"td-slide-galery-figure td-slide-popup-gallery\">\r\n                            <a class=\"slide-gallery-image-link\" href=\"\/wp-content\/uploads\/sites\/5\/2020\/02\/Convocatoria-Salvavidas-IGSS-Semana-Santa-2020-7.jpg\" title=\"Convocatoria Salvavidas IGSS Semana Santa 2020-7\"  data-caption=\"\"  data-description=\"\">\r\n                                <img decoding=\"async\" src=\"\/wp-content\/uploads\/sites\/5\/2020\/02\/Convocatoria-Salvavidas-IGSS-Semana-Santa-2020-7-630x420.jpg\" srcset=\"\/wp-content\/uploads\/sites\/5\/2020\/02\/Convocatoria-Salvavidas-IGSS-Semana-Santa-2020-7-630x420.jpg 630w, \/wp-content\/uploads\/sites\/5\/2020\/02\/Convocatoria-Salvavidas-IGSS-Semana-Santa-2020-7-300x200.jpg 300w, \/wp-content\/uploads\/sites\/5\/2020\/02\/Convocatoria-Salvavidas-IGSS-Semana-Santa-2020-7-768x512.jpg 768w, \/wp-content\/uploads\/sites\/5\/2020\/02\/Convocatoria-Salvavidas-IGSS-Semana-Santa-2020-7-1024x682.jpg 1024w, \/wp-content\/uploads\/sites\/5\/2020\/02\/Convocatoria-Salvavidas-IGSS-Semana-Santa-2020-7-696x464.jpg 696w, \/wp-content\/uploads\/sites\/5\/2020\/02\/Convocatoria-Salvavidas-IGSS-Semana-Santa-2020-7-1068x712.jpg 1068w, \/wp-content\/uploads\/sites\/5\/2020\/02\/Convocatoria-Salvavidas-IGSS-Semana-Santa-2020-7-534x356.jpg 534w, \/wp-content\/uploads\/sites\/5\/2020\/02\/Convocatoria-Salvavidas-IGSS-Semana-Santa-2020-7.jpg 1280w\" sizes=\"(max-width: 630px) 100vw, 630px\" alt=\"\">\r\n                            <\/a>\r\n                            \r\n                        <\/figure>\r\n                    <\/div>\r\n                    <div class = \"td-slide-item td-item8\">\r\n                        <figure class=\"td-slide-galery-figure td-slide-popup-gallery\">\r\n                            <a class=\"slide-gallery-image-link\" href=\"\/wp-content\/uploads\/sites\/5\/2020\/02\/Convocatoria-Salvavidas-IGSS-Semana-Santa-2020-8.jpg\" title=\"Convocatoria Salvavidas IGSS Semana Santa 2020-8\"  data-caption=\"\"  data-description=\"\">\r\n                                <img decoding=\"async\" src=\"\/wp-content\/uploads\/sites\/5\/2020\/02\/Convocatoria-Salvavidas-IGSS-Semana-Santa-2020-8-630x420.jpg\" srcset=\"\/wp-content\/uploads\/sites\/5\/2020\/02\/Convocatoria-Salvavidas-IGSS-Semana-Santa-2020-8-630x420.jpg 630w, \/wp-content\/uploads\/sites\/5\/2020\/02\/Convocatoria-Salvavidas-IGSS-Semana-Santa-2020-8-300x200.jpg 300w, \/wp-content\/uploads\/sites\/5\/2020\/02\/Convocatoria-Salvavidas-IGSS-Semana-Santa-2020-8-768x512.jpg 768w, \/wp-content\/uploads\/sites\/5\/2020\/02\/Convocatoria-Salvavidas-IGSS-Semana-Santa-2020-8-1024x682.jpg 1024w, \/wp-content\/uploads\/sites\/5\/2020\/02\/Convocatoria-Salvavidas-IGSS-Semana-Santa-2020-8-696x464.jpg 696w, \/wp-content\/uploads\/sites\/5\/2020\/02\/Convocatoria-Salvavidas-IGSS-Semana-Santa-2020-8-1068x712.jpg 1068w, \/wp-content\/uploads\/sites\/5\/2020\/02\/Convocatoria-Salvavidas-IGSS-Semana-Santa-2020-8-534x356.jpg 534w, \/wp-content\/uploads\/sites\/5\/2020\/02\/Convocatoria-Salvavidas-IGSS-Semana-Santa-2020-8.jpg 1280w\" sizes=\"(max-width: 630px) 100vw, 630px\" alt=\"\">\r\n                            <\/a>\r\n                            \r\n                        <\/figure>\r\n                    <\/div>\r\n                    <div class = \"td-slide-item td-item9\">\r\n                        <figure class=\"td-slide-galery-figure td-slide-popup-gallery\">\r\n                            <a class=\"slide-gallery-image-link\" href=\"\/wp-content\/uploads\/sites\/5\/2020\/02\/Convocatoria-Salvavidas-IGSS-Semana-Santa-2020-9.jpg\" title=\"Convocatoria Salvavidas IGSS Semana Santa 2020-9\"  data-caption=\"\"  data-description=\"\">\r\n                                <img decoding=\"async\" src=\"\/wp-content\/uploads\/sites\/5\/2020\/02\/Convocatoria-Salvavidas-IGSS-Semana-Santa-2020-9-630x420.jpg\" srcset=\"\/wp-content\/uploads\/sites\/5\/2020\/02\/Convocatoria-Salvavidas-IGSS-Semana-Santa-2020-9-630x420.jpg 630w, \/wp-content\/uploads\/sites\/5\/2020\/02\/Convocatoria-Salvavidas-IGSS-Semana-Santa-2020-9-300x200.jpg 300w, \/wp-content\/uploads\/sites\/5\/2020\/02\/Convocatoria-Salvavidas-IGSS-Semana-Santa-2020-9-768x512.jpg 768w, \/wp-content\/uploads\/sites\/5\/2020\/02\/Convocatoria-Salvavidas-IGSS-Semana-Santa-2020-9-1024x682.jpg 1024w, \/wp-content\/uploads\/sites\/5\/2020\/02\/Convocatoria-Salvavidas-IGSS-Semana-Santa-2020-9-696x464.jpg 696w, \/wp-content\/uploads\/sites\/5\/2020\/02\/Convocatoria-Salvavidas-IGSS-Semana-Santa-2020-9-1068x712.jpg 1068w, \/wp-content\/uploads\/sites\/5\/2020\/02\/Convocatoria-Salvavidas-IGSS-Semana-Santa-2020-9-534x356.jpg 534w, \/wp-content\/uploads\/sites\/5\/2020\/02\/Convocatoria-Salvavidas-IGSS-Semana-Santa-2020-9.jpg 1280w\" sizes=\"(max-width: 630px) 100vw, 630px\" alt=\"\">\r\n                            <\/a>\r\n                            \r\n                        <\/figure>\r\n                    <\/div>\r\n                            <\/div>\r\n                        <\/div>\r\n\r\n                        <div class = \"td-doubleSlider-2\">\r\n                            <div class = \"td-slider\">\r\n                                \r\n                    <div class = \"td-button td-item1\">\r\n                        <div class = \"td-border\"><\/div>\r\n                    <\/div>\r\n                    <div class = \"td-button td-item2\">\r\n                        <div class = \"td-border\"><\/div>\r\n                    <\/div>\r\n                    <div class = \"td-button td-item3\">\r\n                        <div class = \"td-border\"><\/div>\r\n                    <\/div>\r\n                    <div class = \"td-button td-item4\">\r\n                        <div class = \"td-border\"><\/div>\r\n                    <\/div>\r\n                    <div class = \"td-button td-item5\">\r\n                        <div class = \"td-border\"><\/div>\r\n                    <\/div>\r\n                    <div class = \"td-button td-item6\">\r\n                        <div class = \"td-border\"><\/div>\r\n                    <\/div>\r\n                    <div class = \"td-button td-item7\">\r\n                        <div class = \"td-border\"><\/div>\r\n                    <\/div>\r\n                    <div class = \"td-button td-item8\">\r\n                        <div class = \"td-border\"><\/div>\r\n                    <\/div>\r\n                    <div class = \"td-button td-item9\">\r\n                        <div class = \"td-border\"><\/div>\r\n                    <\/div>\r\n                            <\/div>\r\n                        <\/div>\r\n\r\n                    <\/div>\r\n\r\n                <\/div>\r\n                \n","protected":false},"excerpt":{"rendered":"<p>Para salvaguardar la vida de centenares de personas que visitan playas, lagos \u00a0y centros tur\u00edsticos del pa\u00eds durante la Semana Santa 2020, el Instituto Guatemalteco de Seguridad Social (IGSS) realiza una convocatoria dirigida a salvavidas que deseen participar en el proceso de selecci\u00f3n \u00a0para trabajar desde el Mi\u00e9rcoles Santo al Domingo de Resurrecci\u00f3n. \u201cSe contratar\u00e1 [&hellip;]<\/p>\n","protected":false},"author":4,"featured_media":16006,"comment_status":"open","ping_status":"open","sticky":false,"template":"","format":"standard","meta":{"footnotes":""},"categories":[1299,32],"tags":[213,1300,770],"coauthors":[881],"class_list":{"0":"post-15998","1":"post","2":"type-post","3":"status-publish","4":"format-standard","5":"has-post-thumbnail","7":"category-plazas-vacantes","8":"category-salvavidas","9":"tag-convocatoria-plazas-igss","10":"tag-empleos-igss","11":"tag-salvavidas-igss"},"_links":{"self":[{"href":"https:\/\/www.igssgt.org\/noticias\/wp-json\/wp\/v2\/posts\/15998","targetHints":{"allow":["GET"]}}],"collection":[{"href":"https:\/\/www.igssgt.org\/noticias\/wp-json\/wp\/v2\/posts"}],"about":[{"href":"https:\/\/www.igssgt.org\/noticias\/wp-json\/wp\/v2\/types\/post"}],"author":[{"embeddable":true,"href":"https:\/\/www.igssgt.org\/noticias\/wp-json\/wp\/v2\/users\/4"}],"replies":[{"embeddable":true,"href":"https:\/\/www.igssgt.org\/noticias\/wp-json\/wp\/v2\/comments?post=15998"}],"version-history":[{"count":1,"href":"https:\/\/www.igssgt.org\/noticias\/wp-json\/wp\/v2\/posts\/15998\/revisions"}],"predecessor-version":[{"id":16008,"href":"https:\/\/www.igssgt.org\/noticias\/wp-json\/wp\/v2\/posts\/15998\/revisions\/16008"}],"wp:featuredmedia":[{"embeddable":true,"href":"https:\/\/www.igssgt.org\/noticias\/wp-json\/wp\/v2\/media\/16006"}],"wp:attachment":[{"href":"https:\/\/www.igssgt.org\/noticias\/wp-json\/wp\/v2\/media?parent=15998"}],"wp:term":[{"taxonomy":"category","embeddable":true,"href":"https:\/\/www.igssgt.org\/noticias\/wp-json\/wp\/v2\/categories?post=15998"},{"taxonomy":"post_tag","embeddable":true,"href":"https:\/\/www.igssgt.org\/noticias\/wp-json\/wp\/v2\/tags?post=15998"},{"taxonomy":"author","embeddable":true,"href":"https:\/\/www.igssgt.org\/noticias\/wp-json\/wp\/v2\/coauthors?post=15998"}],"curies":[{"name":"wp","href":"https:\/\/api.w.org\/{rel}","templated":true}]}}