{"id":16017,"date":"2020-02-11T10:30:00","date_gmt":"2020-02-11T16:30:00","guid":{"rendered":"https:\/\/www.igssgt.org\/noticias\/?p=16017"},"modified":"2020-02-11T11:33:16","modified_gmt":"2020-02-11T17:33:16","slug":"marcedonio-najera-lopez-el-salvavidas-que-se-traza-metas-para-cumplirlas","status":"publish","type":"post","link":"https:\/\/www.igssgt.org\/noticias\/2020\/02\/11\/marcedonio-najera-lopez-el-salvavidas-que-se-traza-metas-para-cumplirlas\/","title":{"rendered":"Marcedonio N\u00e1jera L\u00f3pez, el salvavidas que se traza metas para cumplirlas"},"content":{"rendered":"\n<p>Marcedonio N\u00e1jera L\u00f3pez, de 56 a\u00f1os, m\u00e1s conocido por sus compa\u00f1eros como Lo\u00f1o, originario de Sipacate, Escuintla, indica que durante 30 a\u00f1os form\u00f3 parte del Cuerpo de Salvamento del IGSS y se desempe\u00f1\u00f3 como salvavidas en playas del pa\u00eds, pero este a\u00f1o se retira.<\/p>\n<p><a href=\"\/wp-content\/uploads\/sites\/5\/2020\/02\/Historia-Salvavidas-IGSS-Marcelino-Najera-2020-2.jpg\"><img loading=\"lazy\" decoding=\"async\" class=\" wp-image-16019 alignright\" src=\"\/wp-content\/uploads\/sites\/5\/2020\/02\/Historia-Salvavidas-IGSS-Marcelino-Najera-2020-2.jpg\" alt=\"\" width=\"279\" height=\"436\" srcset=\"\/wp-content\/uploads\/sites\/5\/2020\/02\/Historia-Salvavidas-IGSS-Marcelino-Najera-2020-2.jpg 581w, \/wp-content\/uploads\/sites\/5\/2020\/02\/Historia-Salvavidas-IGSS-Marcelino-Najera-2020-2-192x300.jpg 192w, \/wp-content\/uploads\/sites\/5\/2020\/02\/Historia-Salvavidas-IGSS-Marcelino-Najera-2020-2-269x420.jpg 269w, \/wp-content\/uploads\/sites\/5\/2020\/02\/Historia-Salvavidas-IGSS-Marcelino-Najera-2020-2-296x462.jpg 296w\" sizes=\"auto, (max-width: 279px) 100vw, 279px\" \/><\/a>N\u00e1jera L\u00f3pez expres\u00f3 que est\u00e1 muy agradecido con el Instituto ya que le dio la oportunidad de graduarse de abogado y notario de la Universidad de San Carlos de Guatemala.<\/p>\n<p>\u00c9l comenz\u00f3 su inter\u00e9s por la nataci\u00f3n a los 15 a\u00f1os; se incorpor\u00f3 el 26 de junio de 1989 al Cuerpo de Salvamento, fue promotor de seguridad \u00e9lite, jefe interino de ese cuerpo, colaborador en la capacitaci\u00f3n de salvavidas, form\u00f3 parte del personal fijo y supernumerario en la \u00e9poca de Semana Santa. Adem\u00e1s, integr\u00f3 la terna evaluadora de salvavidas.<\/p>\n<p>Lo\u00f1o resalt\u00f3 la importancia del trabajo de prevenci\u00f3n que realizan los salvavidas, debido a que muchas veces la imprudencia de los ba\u00f1istas puede causar accidentes lamentables. Todas las recomendaciones deben ser atendidas, pues ellos conocen los riesgos derivados del comportamiento del mar.<\/p>\n<p>Entre las principales recomendaciones para los ba\u00f1istas est\u00e1n que no se internen al agua momentos despu\u00e9s de haber ingerido alimentos, si se encuentran ebrios o si padecen problemas card\u00edacos.<\/p>\n\n\n\n\r\n                <style type=\"text\/css\">\r\n                    \r\n                    #tdi_1  .td-doubleSlider-2 .td-item1 {\r\n                        background: url(\/wp-content\/uploads\/sites\/5\/2020\/02\/Historia-Salvavidas-IGSS-Marcelino-Najera-2020-3-80x60.jpg) 0 0 no-repeat;\r\n                    }\r\n                    #tdi_1  .td-doubleSlider-2 .td-item2 {\r\n                        background: url(\/wp-content\/uploads\/sites\/5\/2020\/02\/Historia-Salvavidas-IGSS-Marcelino-Najera-2020-4-80x60.jpg) 0 0 no-repeat;\r\n                    }\r\n                    #tdi_1  .td-doubleSlider-2 .td-item3 {\r\n                        background: url(\/wp-content\/uploads\/sites\/5\/2020\/02\/Historia-Salvavidas-IGSS-Marcelino-Najera-2020-2-80x60.jpg) 0 0 no-repeat;\r\n                    }\r\n                    #tdi_1  .td-doubleSlider-2 .td-item4 {\r\n                        background: url(\/wp-content\/uploads\/sites\/5\/2020\/02\/Historia-Salvavidas-IGSS-Marcelino-Najera-2020-1-80x60.jpg) 0 0 no-repeat;\r\n                    }\r\n                <\/style>\r\n\r\n                <div id=\"tdi_1\" class=\"td-gallery td-slide-on-2-columns\">\r\n                    <div class=\"post_td_gallery\">\r\n                        <div class=\"td-gallery-slide-top\">\r\n                           <div class=\"td-gallery-title\">Galer\u00eda de Im\u00e1genes<\/div>\r\n\r\n                            <div class=\"td-gallery-controls-wrapper\">\r\n                                <div class=\"td-gallery-slide-count\"><span class=\"td-gallery-slide-item-focus\">1<\/span> de 4<\/div>\r\n                                <div class=\"td-gallery-slide-prev-next-but\">\r\n                                    <i class = \"td-icon-left doubleSliderPrevButton\"><\/i>\r\n                                    <i class = \"td-icon-right doubleSliderNextButton\"><\/i>\r\n                                <\/div>\r\n                            <\/div>\r\n                        <\/div>\r\n\r\n                        <div class = \"td-doubleSlider-1 \">\r\n                            <div class = \"td-slider\">\r\n                                \r\n                    <div class = \"td-slide-item td-item1\">\r\n                        <figure class=\"td-slide-galery-figure td-slide-popup-gallery\">\r\n                            <a class=\"slide-gallery-image-link\" href=\"\/wp-content\/uploads\/sites\/5\/2020\/02\/Historia-Salvavidas-IGSS-Marcelino-Najera-2020-3.jpg\" title=\"Historia Salvavidas IGSS Marcelino Najera 2020-3\"  data-caption=\"\"  data-description=\"\">\r\n                                <img decoding=\"async\" src=\"\/wp-content\/uploads\/sites\/5\/2020\/02\/Historia-Salvavidas-IGSS-Marcelino-Najera-2020-3-358x420.jpg\" srcset=\"\/wp-content\/uploads\/sites\/5\/2020\/02\/Historia-Salvavidas-IGSS-Marcelino-Najera-2020-3-358x420.jpg 358w, \/wp-content\/uploads\/sites\/5\/2020\/02\/Historia-Salvavidas-IGSS-Marcelino-Najera-2020-3-256x300.jpg 256w, \/wp-content\/uploads\/sites\/5\/2020\/02\/Historia-Salvavidas-IGSS-Marcelino-Najera-2020-3-696x817.jpg 696w, \/wp-content\/uploads\/sites\/5\/2020\/02\/Historia-Salvavidas-IGSS-Marcelino-Najera-2020-3-394x462.jpg 394w, \/wp-content\/uploads\/sites\/5\/2020\/02\/Historia-Salvavidas-IGSS-Marcelino-Najera-2020-3.jpg 720w\" sizes=\"(max-width: 358px) 100vw, 358px\" alt=\"\">\r\n                            <\/a>\r\n                            \r\n                        <\/figure>\r\n                    <\/div>\r\n                    <div class = \"td-slide-item td-item2\">\r\n                        <figure class=\"td-slide-galery-figure td-slide-popup-gallery\">\r\n                            <a class=\"slide-gallery-image-link\" href=\"\/wp-content\/uploads\/sites\/5\/2020\/02\/Historia-Salvavidas-IGSS-Marcelino-Najera-2020-4.jpg\" title=\"Historia Salvavidas IGSS Marcelino Najera 2020-4\"  data-caption=\"\"  data-description=\"\">\r\n                                <img decoding=\"async\" src=\"\/wp-content\/uploads\/sites\/5\/2020\/02\/Historia-Salvavidas-IGSS-Marcelino-Najera-2020-4-747x420.jpg\" srcset=\"\/wp-content\/uploads\/sites\/5\/2020\/02\/Historia-Salvavidas-IGSS-Marcelino-Najera-2020-4-747x420.jpg 747w, \/wp-content\/uploads\/sites\/5\/2020\/02\/Historia-Salvavidas-IGSS-Marcelino-Najera-2020-4-300x169.jpg 300w, \/wp-content\/uploads\/sites\/5\/2020\/02\/Historia-Salvavidas-IGSS-Marcelino-Najera-2020-4-768x432.jpg 768w, \/wp-content\/uploads\/sites\/5\/2020\/02\/Historia-Salvavidas-IGSS-Marcelino-Najera-2020-4-1024x576.jpg 1024w, \/wp-content\/uploads\/sites\/5\/2020\/02\/Historia-Salvavidas-IGSS-Marcelino-Najera-2020-4-696x392.jpg 696w, \/wp-content\/uploads\/sites\/5\/2020\/02\/Historia-Salvavidas-IGSS-Marcelino-Najera-2020-4-1068x601.jpg 1068w, \/wp-content\/uploads\/sites\/5\/2020\/02\/Historia-Salvavidas-IGSS-Marcelino-Najera-2020-4-534x300.jpg 534w, \/wp-content\/uploads\/sites\/5\/2020\/02\/Historia-Salvavidas-IGSS-Marcelino-Najera-2020-4.jpg 1280w\" sizes=\"(max-width: 747px) 100vw, 747px\" alt=\"\">\r\n                            <\/a>\r\n                            \r\n                        <\/figure>\r\n                    <\/div>\r\n                    <div class = \"td-slide-item td-item3\">\r\n                        <figure class=\"td-slide-galery-figure td-slide-popup-gallery\">\r\n                            <a class=\"slide-gallery-image-link\" href=\"\/wp-content\/uploads\/sites\/5\/2020\/02\/Historia-Salvavidas-IGSS-Marcelino-Najera-2020-2.jpg\" title=\"Historia Salvavidas IGSS Marcelino Najera 2020-2\"  data-caption=\"\"  data-description=\"\">\r\n                                <img decoding=\"async\" src=\"\/wp-content\/uploads\/sites\/5\/2020\/02\/Historia-Salvavidas-IGSS-Marcelino-Najera-2020-2-269x420.jpg\" srcset=\"\/wp-content\/uploads\/sites\/5\/2020\/02\/Historia-Salvavidas-IGSS-Marcelino-Najera-2020-2-269x420.jpg 269w, \/wp-content\/uploads\/sites\/5\/2020\/02\/Historia-Salvavidas-IGSS-Marcelino-Najera-2020-2-192x300.jpg 192w, \/wp-content\/uploads\/sites\/5\/2020\/02\/Historia-Salvavidas-IGSS-Marcelino-Najera-2020-2-296x462.jpg 296w, \/wp-content\/uploads\/sites\/5\/2020\/02\/Historia-Salvavidas-IGSS-Marcelino-Najera-2020-2.jpg 581w\" sizes=\"(max-width: 269px) 100vw, 269px\" alt=\"\">\r\n                            <\/a>\r\n                            \r\n                        <\/figure>\r\n                    <\/div>\r\n                    <div class = \"td-slide-item td-item4\">\r\n                        <figure class=\"td-slide-galery-figure td-slide-popup-gallery\">\r\n                            <a class=\"slide-gallery-image-link\" href=\"\/wp-content\/uploads\/sites\/5\/2020\/02\/Historia-Salvavidas-IGSS-Marcelino-Najera-2020-1.jpg\" title=\"Historia Salvavidas IGSS Marcelino Najera 2020-1\"  data-caption=\"\"  data-description=\"\">\r\n                                <img decoding=\"async\" src=\"\/wp-content\/uploads\/sites\/5\/2020\/02\/Historia-Salvavidas-IGSS-Marcelino-Najera-2020-1-747x420.jpg\" srcset=\"\/wp-content\/uploads\/sites\/5\/2020\/02\/Historia-Salvavidas-IGSS-Marcelino-Najera-2020-1-747x420.jpg 747w, \/wp-content\/uploads\/sites\/5\/2020\/02\/Historia-Salvavidas-IGSS-Marcelino-Najera-2020-1-300x169.jpg 300w, \/wp-content\/uploads\/sites\/5\/2020\/02\/Historia-Salvavidas-IGSS-Marcelino-Najera-2020-1-768x432.jpg 768w, \/wp-content\/uploads\/sites\/5\/2020\/02\/Historia-Salvavidas-IGSS-Marcelino-Najera-2020-1-1024x576.jpg 1024w, \/wp-content\/uploads\/sites\/5\/2020\/02\/Historia-Salvavidas-IGSS-Marcelino-Najera-2020-1-696x392.jpg 696w, \/wp-content\/uploads\/sites\/5\/2020\/02\/Historia-Salvavidas-IGSS-Marcelino-Najera-2020-1-1068x601.jpg 1068w, \/wp-content\/uploads\/sites\/5\/2020\/02\/Historia-Salvavidas-IGSS-Marcelino-Najera-2020-1-534x300.jpg 534w, \/wp-content\/uploads\/sites\/5\/2020\/02\/Historia-Salvavidas-IGSS-Marcelino-Najera-2020-1.jpg 1280w\" sizes=\"(max-width: 747px) 100vw, 747px\" alt=\"\">\r\n                            <\/a>\r\n                            \r\n                        <\/figure>\r\n                    <\/div>\r\n                            <\/div>\r\n                        <\/div>\r\n\r\n                        <div class = \"td-doubleSlider-2\">\r\n                            <div class = \"td-slider\">\r\n                                \r\n                    <div class = \"td-button td-item1\">\r\n                        <div class = \"td-border\"><\/div>\r\n                    <\/div>\r\n                    <div class = \"td-button td-item2\">\r\n                        <div class = \"td-border\"><\/div>\r\n                    <\/div>\r\n                    <div class = \"td-button td-item3\">\r\n                        <div class = \"td-border\"><\/div>\r\n                    <\/div>\r\n                    <div class = \"td-button td-item4\">\r\n                        <div class = \"td-border\"><\/div>\r\n                    <\/div>\r\n                            <\/div>\r\n                        <\/div>\r\n\r\n                    <\/div>\r\n\r\n                <\/div>\r\n                \n","protected":false},"excerpt":{"rendered":"<p>Marcedonio N\u00e1jera L\u00f3pez, de 56 a\u00f1os, m\u00e1s conocido por sus compa\u00f1eros como Lo\u00f1o, originario de Sipacate, Escuintla, indica que durante 30 a\u00f1os form\u00f3 parte del Cuerpo de Salvamento del IGSS y se desempe\u00f1\u00f3 como salvavidas en playas del pa\u00eds, pero este a\u00f1o se retira. N\u00e1jera L\u00f3pez expres\u00f3 que est\u00e1 muy agradecido con el Instituto ya [&hellip;]<\/p>\n","protected":false},"author":4,"featured_media":16018,"comment_status":"open","ping_status":"open","sticky":false,"template":"","format":"standard","meta":{"footnotes":""},"categories":[3,29,32],"tags":[770],"coauthors":[881],"class_list":{"0":"post-16017","1":"post","2":"type-post","3":"status-publish","4":"format-standard","5":"has-post-thumbnail","7":"category-actualidad","8":"category-publicaciones","9":"category-salvavidas","10":"tag-salvavidas-igss"},"_links":{"self":[{"href":"https:\/\/www.igssgt.org\/noticias\/wp-json\/wp\/v2\/posts\/16017","targetHints":{"allow":["GET"]}}],"collection":[{"href":"https:\/\/www.igssgt.org\/noticias\/wp-json\/wp\/v2\/posts"}],"about":[{"href":"https:\/\/www.igssgt.org\/noticias\/wp-json\/wp\/v2\/types\/post"}],"author":[{"embeddable":true,"href":"https:\/\/www.igssgt.org\/noticias\/wp-json\/wp\/v2\/users\/4"}],"replies":[{"embeddable":true,"href":"https:\/\/www.igssgt.org\/noticias\/wp-json\/wp\/v2\/comments?post=16017"}],"version-history":[{"count":2,"href":"https:\/\/www.igssgt.org\/noticias\/wp-json\/wp\/v2\/posts\/16017\/revisions"}],"predecessor-version":[{"id":16023,"href":"https:\/\/www.igssgt.org\/noticias\/wp-json\/wp\/v2\/posts\/16017\/revisions\/16023"}],"wp:featuredmedia":[{"embeddable":true,"href":"https:\/\/www.igssgt.org\/noticias\/wp-json\/wp\/v2\/media\/16018"}],"wp:attachment":[{"href":"https:\/\/www.igssgt.org\/noticias\/wp-json\/wp\/v2\/media?parent=16017"}],"wp:term":[{"taxonomy":"category","embeddable":true,"href":"https:\/\/www.igssgt.org\/noticias\/wp-json\/wp\/v2\/categories?post=16017"},{"taxonomy":"post_tag","embeddable":true,"href":"https:\/\/www.igssgt.org\/noticias\/wp-json\/wp\/v2\/tags?post=16017"},{"taxonomy":"author","embeddable":true,"href":"https:\/\/www.igssgt.org\/noticias\/wp-json\/wp\/v2\/coauthors?post=16017"}],"curies":[{"name":"wp","href":"https:\/\/api.w.org\/{rel}","templated":true}]}}