{"id":16083,"date":"2020-02-15T09:30:00","date_gmt":"2020-02-15T15:30:00","guid":{"rendered":"https:\/\/www.igssgt.org\/noticias\/?p=16083"},"modified":"2020-02-15T10:29:16","modified_gmt":"2020-02-15T16:29:16","slug":"el-igss-brinda-atencion-especializada-a-ninos-con-cancer","status":"publish","type":"post","link":"https:\/\/www.igssgt.org\/noticias\/2020\/02\/15\/el-igss-brinda-atencion-especializada-a-ninos-con-cancer\/","title":{"rendered":"El IGSS brinda atenci\u00f3n especializada a ni\u00f1os con c\u00e1ncer"},"content":{"rendered":"\n<p>El \u00a0Seguro Social se une al D\u00eda Internacional contra el C\u00e1ncer Infantil, que se conmemora hoy (15 de febrero), el cual fue instituido en el 2001 con el objetivo de sensibilizar y concientizar sobre la importancia de realizar un diagn\u00f3stico temprano y tratamiento oportuno, indic\u00f3 el doctor Hilmar Larios, jefe de la Consulta Externa de Pediatr\u00eda del Hospital General de Enfermedades, ubicado en la zona 9.<\/p>\n<p>Actualmente en esta unidad estamos atendiendo a 120 ni\u00f1os con distintos tipos de c\u00e1ncer, y cada a\u00f1o se recibe un promedio de 30 casos \u00a0nuevos, precis\u00f3 el doctor Larios.<\/p>\n<p>El c\u00e1ncer es un tumor causado por c\u00e9lulas anormales de crecimiento desordenado. Entre los que m\u00e1s afectan a los ni\u00f1os est\u00e1n la leucemia, tumores del sistema nervioso central, tejidos blandos, tumores renales y oculares. En Guatemala los tipos de c\u00e1ncer con mayor incidencia son la leucemia linfoc\u00edticas agudas y tumores cerebrales\u201d, inform\u00f3 el galeno.<\/p>\n<p>El Instituto cuenta con todo un equipo multidisciplinario, integrado por neur\u00f3logos, neurocirujanos, nutricionistas, intensivistas, psic\u00f3logos y hematoonc\u00f3logos, que brinda atenci\u00f3n personalizada con est\u00e1ndares internacionales y con medicamentos de alta calidad.<\/p>\n<h3><strong>La detecci\u00f3n temprana es fundamental<\/strong><\/h3>\n<p>\u201cLos padres deben prestar atenci\u00f3n al estado de salud de los ni\u00f1os para tener una detecci\u00f3n temprana, la cual es fundamental para el tratamiento oportuno del c\u00e1ncer y as\u00ed minimizar los padecimientos que ocasiona esta enfermedad\u201d, expres\u00f3 la doctora Silvana Oliva, especialista de esa unidad m\u00e9dica.<\/p>\n<p>Entre otros s\u00edntomas que pueden observarse est\u00e1n falta de apetito, p\u00e9rdida de peso, dolor de cabeza frecuente, los enfermos lucen p\u00e1lidos, ven doble u oscuro, les aparecen moretones, sufren fiebres y bajo \u00edndice de actividad.<\/p>\n<p>La psic\u00f3loga Andrea L\u00f3pez manifest\u00f3 que en su \u00e1rea profesional se trabaja la parte emocional de los ni\u00f1os y sus padres, se les orienta sobre las conducta que presentar\u00e1n los ni\u00f1os y se trabaja en el apoyo para los cuidados paliativos y las t\u00e9cnicas para darles calidad de vida.<\/p>\n<p>\u201cTrabajar con ni\u00f1os es un sentimiento de amor, entrego el ciento por ciento para lograr que tengan estabilidad emocional. En una ocasi\u00f3n un ni\u00f1o con c\u00e1ncer en el cerebro y que quer\u00eda ser m\u00fasico al cerrar su ciclo de vida pidi\u00f3 que yo lo acompa\u00f1ara, me tom\u00f3 de la mano, fue una experiencia muy emotiva\u201d, expres\u00f3 con nostalgia L\u00f3pez.<\/p>\n<p>\u201cA los padres y a los ni\u00f1os les digo que no se sientan solos, el IGSS cuenta con todo el apoyo necesario para pasar juntos todo ese proceso\u201d, concluy\u00f3 la entrevistada.<\/p>\n\n\n\n\r\n                <style type=\"text\/css\">\r\n                    \r\n                    #tdi_1  .td-doubleSlider-2 .td-item1 {\r\n                        background: url(\/wp-content\/uploads\/sites\/5\/2020\/02\/igss-brinda-atencion-especializada-a-ninos-con-cancer-2020-2-80x60.jpg) 0 0 no-repeat;\r\n                    }\r\n                    #tdi_1  .td-doubleSlider-2 .td-item2 {\r\n                        background: url(\/wp-content\/uploads\/sites\/5\/2020\/02\/igss-brinda-atencion-especializada-a-ninos-con-cancer-2020-1-80x60.jpg) 0 0 no-repeat;\r\n                    }\r\n                    #tdi_1  .td-doubleSlider-2 .td-item3 {\r\n                        background: url(\/wp-content\/uploads\/sites\/5\/2020\/02\/igss-brinda-atencion-especializada-a-ninos-con-cancer-2020-3-80x60.jpg) 0 0 no-repeat;\r\n                    }\r\n                    #tdi_1  .td-doubleSlider-2 .td-item4 {\r\n                        background: url(\/wp-content\/uploads\/sites\/5\/2020\/02\/igss-brinda-atencion-especializada-a-ninos-con-cancer-2020-4-80x60.jpg) 0 0 no-repeat;\r\n                    }\r\n                    #tdi_1  .td-doubleSlider-2 .td-item5 {\r\n                        background: url(\/wp-content\/uploads\/sites\/5\/2020\/02\/igss-brinda-atencion-especializada-a-ninos-con-cancer-2020-5-80x60.jpg) 0 0 no-repeat;\r\n                    }\r\n                <\/style>\r\n\r\n                <div id=\"tdi_1\" class=\"td-gallery td-slide-on-2-columns\">\r\n                    <div class=\"post_td_gallery\">\r\n                        <div class=\"td-gallery-slide-top\">\r\n                           <div class=\"td-gallery-title\">Galer\u00eda de Im\u00e1genes<\/div>\r\n\r\n                            <div class=\"td-gallery-controls-wrapper\">\r\n                                <div class=\"td-gallery-slide-count\"><span class=\"td-gallery-slide-item-focus\">1<\/span> de 5<\/div>\r\n                                <div class=\"td-gallery-slide-prev-next-but\">\r\n                                    <i class = \"td-icon-left doubleSliderPrevButton\"><\/i>\r\n                                    <i class = \"td-icon-right doubleSliderNextButton\"><\/i>\r\n                                <\/div>\r\n                            <\/div>\r\n                        <\/div>\r\n\r\n                        <div class = \"td-doubleSlider-1 \">\r\n                            <div class = \"td-slider\">\r\n                                \r\n                    <div class = \"td-slide-item td-item1\">\r\n                        <figure class=\"td-slide-galery-figure td-slide-popup-gallery\">\r\n                            <a class=\"slide-gallery-image-link\" href=\"\/wp-content\/uploads\/sites\/5\/2020\/02\/igss-brinda-atencion-especializada-a-ninos-con-cancer-2020-2.jpg\" title=\"igss brinda atencion especializada a ninos con cancer 2020-2\"  data-caption=\"\"  data-description=\"\">\r\n                                <img decoding=\"async\" src=\"\/wp-content\/uploads\/sites\/5\/2020\/02\/igss-brinda-atencion-especializada-a-ninos-con-cancer-2020-2-427x420.jpg\" srcset=\"\/wp-content\/uploads\/sites\/5\/2020\/02\/igss-brinda-atencion-especializada-a-ninos-con-cancer-2020-2-427x420.jpg 427w, \/wp-content\/uploads\/sites\/5\/2020\/02\/igss-brinda-atencion-especializada-a-ninos-con-cancer-2020-2-300x295.jpg 300w, \/wp-content\/uploads\/sites\/5\/2020\/02\/igss-brinda-atencion-especializada-a-ninos-con-cancer-2020-2-768x755.jpg 768w, \/wp-content\/uploads\/sites\/5\/2020\/02\/igss-brinda-atencion-especializada-a-ninos-con-cancer-2020-2-696x685.jpg 696w, \/wp-content\/uploads\/sites\/5\/2020\/02\/igss-brinda-atencion-especializada-a-ninos-con-cancer-2020-2-470x462.jpg 470w, \/wp-content\/uploads\/sites\/5\/2020\/02\/igss-brinda-atencion-especializada-a-ninos-con-cancer-2020-2.jpg 973w\" sizes=\"(max-width: 427px) 100vw, 427px\" alt=\"\">\r\n                            <\/a>\r\n                            \r\n                        <\/figure>\r\n                    <\/div>\r\n                    <div class = \"td-slide-item td-item2\">\r\n                        <figure class=\"td-slide-galery-figure td-slide-popup-gallery\">\r\n                            <a class=\"slide-gallery-image-link\" href=\"\/wp-content\/uploads\/sites\/5\/2020\/02\/igss-brinda-atencion-especializada-a-ninos-con-cancer-2020-1.jpg\" title=\"igss brinda atencion especializada a ninos con cancer 2020-1\"  data-caption=\"\"  data-description=\"\">\r\n                                <img decoding=\"async\" src=\"\/wp-content\/uploads\/sites\/5\/2020\/02\/igss-brinda-atencion-especializada-a-ninos-con-cancer-2020-1-565x420.jpg\" srcset=\"\/wp-content\/uploads\/sites\/5\/2020\/02\/igss-brinda-atencion-especializada-a-ninos-con-cancer-2020-1-565x420.jpg 565w, \/wp-content\/uploads\/sites\/5\/2020\/02\/igss-brinda-atencion-especializada-a-ninos-con-cancer-2020-1-300x223.jpg 300w, \/wp-content\/uploads\/sites\/5\/2020\/02\/igss-brinda-atencion-especializada-a-ninos-con-cancer-2020-1-768x571.jpg 768w, \/wp-content\/uploads\/sites\/5\/2020\/02\/igss-brinda-atencion-especializada-a-ninos-con-cancer-2020-1-80x60.jpg 80w, \/wp-content\/uploads\/sites\/5\/2020\/02\/igss-brinda-atencion-especializada-a-ninos-con-cancer-2020-1-696x518.jpg 696w, \/wp-content\/uploads\/sites\/5\/2020\/02\/igss-brinda-atencion-especializada-a-ninos-con-cancer-2020-1-265x198.jpg 265w, \/wp-content\/uploads\/sites\/5\/2020\/02\/igss-brinda-atencion-especializada-a-ninos-con-cancer-2020-1-534x397.jpg 534w, \/wp-content\/uploads\/sites\/5\/2020\/02\/igss-brinda-atencion-especializada-a-ninos-con-cancer-2020-1.jpg 953w\" sizes=\"(max-width: 565px) 100vw, 565px\" alt=\"\">\r\n                            <\/a>\r\n                            \r\n                        <\/figure>\r\n                    <\/div>\r\n                    <div class = \"td-slide-item td-item3\">\r\n                        <figure class=\"td-slide-galery-figure td-slide-popup-gallery\">\r\n                            <a class=\"slide-gallery-image-link\" href=\"\/wp-content\/uploads\/sites\/5\/2020\/02\/igss-brinda-atencion-especializada-a-ninos-con-cancer-2020-3.jpg\" title=\"igss brinda atencion especializada a ninos con cancer 2020-3\"  data-caption=\"\"  data-description=\"\">\r\n                                <img decoding=\"async\" src=\"\/wp-content\/uploads\/sites\/5\/2020\/02\/igss-brinda-atencion-especializada-a-ninos-con-cancer-2020-3-560x420.jpg\" srcset=\"\/wp-content\/uploads\/sites\/5\/2020\/02\/igss-brinda-atencion-especializada-a-ninos-con-cancer-2020-3-560x420.jpg 560w, \/wp-content\/uploads\/sites\/5\/2020\/02\/igss-brinda-atencion-especializada-a-ninos-con-cancer-2020-3-300x225.jpg 300w, \/wp-content\/uploads\/sites\/5\/2020\/02\/igss-brinda-atencion-especializada-a-ninos-con-cancer-2020-3-768x576.jpg 768w, \/wp-content\/uploads\/sites\/5\/2020\/02\/igss-brinda-atencion-especializada-a-ninos-con-cancer-2020-3-1024x768.jpg 1024w, \/wp-content\/uploads\/sites\/5\/2020\/02\/igss-brinda-atencion-especializada-a-ninos-con-cancer-2020-3-80x60.jpg 80w, \/wp-content\/uploads\/sites\/5\/2020\/02\/igss-brinda-atencion-especializada-a-ninos-con-cancer-2020-3-696x522.jpg 696w, \/wp-content\/uploads\/sites\/5\/2020\/02\/igss-brinda-atencion-especializada-a-ninos-con-cancer-2020-3-1068x801.jpg 1068w, \/wp-content\/uploads\/sites\/5\/2020\/02\/igss-brinda-atencion-especializada-a-ninos-con-cancer-2020-3-265x198.jpg 265w, \/wp-content\/uploads\/sites\/5\/2020\/02\/igss-brinda-atencion-especializada-a-ninos-con-cancer-2020-3-534x401.jpg 534w, \/wp-content\/uploads\/sites\/5\/2020\/02\/igss-brinda-atencion-especializada-a-ninos-con-cancer-2020-3.jpg 1280w\" sizes=\"(max-width: 560px) 100vw, 560px\" alt=\"\">\r\n                            <\/a>\r\n                            \r\n                        <\/figure>\r\n                    <\/div>\r\n                    <div class = \"td-slide-item td-item4\">\r\n                        <figure class=\"td-slide-galery-figure td-slide-popup-gallery\">\r\n                            <a class=\"slide-gallery-image-link\" href=\"\/wp-content\/uploads\/sites\/5\/2020\/02\/igss-brinda-atencion-especializada-a-ninos-con-cancer-2020-4.jpg\" title=\"igss brinda atencion especializada a ninos con cancer 2020-4\"  data-caption=\"\"  data-description=\"\">\r\n                                <img decoding=\"async\" src=\"\/wp-content\/uploads\/sites\/5\/2020\/02\/igss-brinda-atencion-especializada-a-ninos-con-cancer-2020-4-455x420.jpg\" srcset=\"\/wp-content\/uploads\/sites\/5\/2020\/02\/igss-brinda-atencion-especializada-a-ninos-con-cancer-2020-4-455x420.jpg 455w, \/wp-content\/uploads\/sites\/5\/2020\/02\/igss-brinda-atencion-especializada-a-ninos-con-cancer-2020-4-300x277.jpg 300w, \/wp-content\/uploads\/sites\/5\/2020\/02\/igss-brinda-atencion-especializada-a-ninos-con-cancer-2020-4-768x709.jpg 768w, \/wp-content\/uploads\/sites\/5\/2020\/02\/igss-brinda-atencion-especializada-a-ninos-con-cancer-2020-4-1024x946.jpg 1024w, \/wp-content\/uploads\/sites\/5\/2020\/02\/igss-brinda-atencion-especializada-a-ninos-con-cancer-2020-4-696x643.jpg 696w, \/wp-content\/uploads\/sites\/5\/2020\/02\/igss-brinda-atencion-especializada-a-ninos-con-cancer-2020-4-1068x987.jpg 1068w, \/wp-content\/uploads\/sites\/5\/2020\/02\/igss-brinda-atencion-especializada-a-ninos-con-cancer-2020-4-500x462.jpg 500w, \/wp-content\/uploads\/sites\/5\/2020\/02\/igss-brinda-atencion-especializada-a-ninos-con-cancer-2020-4.jpg 1141w\" sizes=\"(max-width: 455px) 100vw, 455px\" alt=\"\">\r\n                            <\/a>\r\n                            \r\n                        <\/figure>\r\n                    <\/div>\r\n                    <div class = \"td-slide-item td-item5\">\r\n                        <figure class=\"td-slide-galery-figure td-slide-popup-gallery\">\r\n                            <a class=\"slide-gallery-image-link\" href=\"\/wp-content\/uploads\/sites\/5\/2020\/02\/igss-brinda-atencion-especializada-a-ninos-con-cancer-2020-5.jpg\" title=\"igss brinda atencion especializada a ninos con cancer 2020-5\"  data-caption=\"\"  data-description=\"\">\r\n                                <img decoding=\"async\" src=\"\/wp-content\/uploads\/sites\/5\/2020\/02\/igss-brinda-atencion-especializada-a-ninos-con-cancer-2020-5-610x420.jpg\" srcset=\"\/wp-content\/uploads\/sites\/5\/2020\/02\/igss-brinda-atencion-especializada-a-ninos-con-cancer-2020-5-610x420.jpg 610w, \/wp-content\/uploads\/sites\/5\/2020\/02\/igss-brinda-atencion-especializada-a-ninos-con-cancer-2020-5-300x206.jpg 300w, \/wp-content\/uploads\/sites\/5\/2020\/02\/igss-brinda-atencion-especializada-a-ninos-con-cancer-2020-5-768x528.jpg 768w, \/wp-content\/uploads\/sites\/5\/2020\/02\/igss-brinda-atencion-especializada-a-ninos-con-cancer-2020-5-218x150.jpg 218w, \/wp-content\/uploads\/sites\/5\/2020\/02\/igss-brinda-atencion-especializada-a-ninos-con-cancer-2020-5-696x479.jpg 696w, \/wp-content\/uploads\/sites\/5\/2020\/02\/igss-brinda-atencion-especializada-a-ninos-con-cancer-2020-5-100x70.jpg 100w, \/wp-content\/uploads\/sites\/5\/2020\/02\/igss-brinda-atencion-especializada-a-ninos-con-cancer-2020-5-534x367.jpg 534w, \/wp-content\/uploads\/sites\/5\/2020\/02\/igss-brinda-atencion-especializada-a-ninos-con-cancer-2020-5.jpg 952w\" sizes=\"(max-width: 610px) 100vw, 610px\" alt=\"\">\r\n                            <\/a>\r\n                            \r\n                        <\/figure>\r\n                    <\/div>\r\n                            <\/div>\r\n                        <\/div>\r\n\r\n                        <div class = \"td-doubleSlider-2\">\r\n                            <div class = \"td-slider\">\r\n                                \r\n                    <div class = \"td-button td-item1\">\r\n                        <div class = \"td-border\"><\/div>\r\n                    <\/div>\r\n                    <div class = \"td-button td-item2\">\r\n                        <div class = \"td-border\"><\/div>\r\n                    <\/div>\r\n                    <div class = \"td-button td-item3\">\r\n                        <div class = \"td-border\"><\/div>\r\n                    <\/div>\r\n                    <div class = \"td-button td-item4\">\r\n                        <div class = \"td-border\"><\/div>\r\n                    <\/div>\r\n                    <div class = \"td-button td-item5\">\r\n                        <div class = \"td-border\"><\/div>\r\n                    <\/div>\r\n                            <\/div>\r\n                        <\/div>\r\n\r\n                    <\/div>\r\n\r\n                <\/div>\r\n                \n","protected":false},"excerpt":{"rendered":"<p>El \u00a0Seguro Social se une al D\u00eda Internacional contra el C\u00e1ncer Infantil, que se conmemora hoy (15 de febrero), el cual fue instituido en el 2001 con el objetivo de sensibilizar y concientizar sobre la importancia de realizar un diagn\u00f3stico temprano y tratamiento oportuno, indic\u00f3 el doctor Hilmar Larios, jefe de la Consulta Externa de [&hellip;]<\/p>\n","protected":false},"author":4,"featured_media":16084,"comment_status":"open","ping_status":"open","sticky":false,"template":"","format":"standard","meta":{"footnotes":""},"categories":[3,24,29],"tags":[153,698],"coauthors":[881],"class_list":{"0":"post-16083","1":"post","2":"type-post","3":"status-publish","4":"format-standard","5":"has-post-thumbnail","7":"category-actualidad","8":"category-pediatria","9":"category-publicaciones","10":"tag-cancer","11":"tag-pediatria"},"_links":{"self":[{"href":"https:\/\/www.igssgt.org\/noticias\/wp-json\/wp\/v2\/posts\/16083","targetHints":{"allow":["GET"]}}],"collection":[{"href":"https:\/\/www.igssgt.org\/noticias\/wp-json\/wp\/v2\/posts"}],"about":[{"href":"https:\/\/www.igssgt.org\/noticias\/wp-json\/wp\/v2\/types\/post"}],"author":[{"embeddable":true,"href":"https:\/\/www.igssgt.org\/noticias\/wp-json\/wp\/v2\/users\/4"}],"replies":[{"embeddable":true,"href":"https:\/\/www.igssgt.org\/noticias\/wp-json\/wp\/v2\/comments?post=16083"}],"version-history":[{"count":1,"href":"https:\/\/www.igssgt.org\/noticias\/wp-json\/wp\/v2\/posts\/16083\/revisions"}],"predecessor-version":[{"id":16089,"href":"https:\/\/www.igssgt.org\/noticias\/wp-json\/wp\/v2\/posts\/16083\/revisions\/16089"}],"wp:featuredmedia":[{"embeddable":true,"href":"https:\/\/www.igssgt.org\/noticias\/wp-json\/wp\/v2\/media\/16084"}],"wp:attachment":[{"href":"https:\/\/www.igssgt.org\/noticias\/wp-json\/wp\/v2\/media?parent=16083"}],"wp:term":[{"taxonomy":"category","embeddable":true,"href":"https:\/\/www.igssgt.org\/noticias\/wp-json\/wp\/v2\/categories?post=16083"},{"taxonomy":"post_tag","embeddable":true,"href":"https:\/\/www.igssgt.org\/noticias\/wp-json\/wp\/v2\/tags?post=16083"},{"taxonomy":"author","embeddable":true,"href":"https:\/\/www.igssgt.org\/noticias\/wp-json\/wp\/v2\/coauthors?post=16083"}],"curies":[{"name":"wp","href":"https:\/\/api.w.org\/{rel}","templated":true}]}}