{"id":16223,"date":"2020-02-25T16:00:03","date_gmt":"2020-02-25T22:00:03","guid":{"rendered":"https:\/\/www.igssgt.org\/noticias\/?p=16223"},"modified":"2020-02-25T16:05:26","modified_gmt":"2020-02-25T22:05:26","slug":"el-tumor-de-rosy-esta-en-recesion-y-podra-celebrar-sus-15-anos","status":"publish","type":"post","link":"https:\/\/www.igssgt.org\/noticias\/2020\/02\/25\/el-tumor-de-rosy-esta-en-recesion-y-podra-celebrar-sus-15-anos\/","title":{"rendered":"El tumor de Rosy est\u00e1 en recesi\u00f3n y podr\u00e1 celebrar sus 15 a\u00f1os"},"content":{"rendered":"<p>A los 4 a\u00f1os de edad, Rosy Itzol fue diagnosticada con un quiste \u00f3seo alojado en el f\u00e9mur derecho, a la altura del \u00e1rea de carga de peso.<\/p>\n<p>Al caminar e intentar correr la ni\u00f1a se ca\u00eda, recuerda Etelvina Figueroa, mam\u00e1 de Rosy. \u201cNosotros vivimos en Coatepeque, la calle all\u00e1 es de tierra. Rosy se ca\u00eda todo el tiempo y al principio cre\u00edamos que era por lo disparejo de la calle, pero con el tiempo vimos que tambi\u00e9n ten\u00eda molestias para caminar y se quejaba del dolor\u201d, narr\u00f3 la madre.<\/p>\n<p>El doctor Edson Zambrano, traumat\u00f3logo pediatra del Hospital General de Accidentes Ceibal, explic\u00f3 que al examinarla se dieron cuenta de que Rosy hab\u00eda sido tratada en un hospital nacional y le hab\u00edan colocado injertos, pero no funcionaron porque el tumor estaba de vuelta.<\/p>\n<p>\u201cIniciamos el tratamiento, empezamos por colocarle un injerto de la cresta iliaca. Los injertos los colocamos en el \u00e1rea de peso y funcion\u00f3 durante un tiempo, pero esos quistes tienden a volver a salir. Con el quiste de vuelta intentamos eliminarlo con otras t\u00e9cnicas avanzadas que s\u00ed funcionaron, indic\u00f3 el doctor Zambrano.<\/p>\n<figure id=\"attachment_16229\" aria-describedby=\"caption-attachment-16229\" style=\"width: 696px\" class=\"wp-caption aligncenter\"><img loading=\"lazy\" decoding=\"async\" class=\"wp-image-16229 size-large\" src=\"\/wp-content\/uploads\/sites\/5\/2020\/02\/quiste2-1024x768.jpg\" alt=\"\" width=\"696\" height=\"522\" srcset=\"\/wp-content\/uploads\/sites\/5\/2020\/02\/quiste2-1024x768.jpg 1024w, \/wp-content\/uploads\/sites\/5\/2020\/02\/quiste2-300x225.jpg 300w, \/wp-content\/uploads\/sites\/5\/2020\/02\/quiste2-768x576.jpg 768w, \/wp-content\/uploads\/sites\/5\/2020\/02\/quiste2-560x420.jpg 560w, \/wp-content\/uploads\/sites\/5\/2020\/02\/quiste2-80x60.jpg 80w, \/wp-content\/uploads\/sites\/5\/2020\/02\/quiste2-696x522.jpg 696w, \/wp-content\/uploads\/sites\/5\/2020\/02\/quiste2-1068x801.jpg 1068w, \/wp-content\/uploads\/sites\/5\/2020\/02\/quiste2-265x198.jpg 265w, \/wp-content\/uploads\/sites\/5\/2020\/02\/quiste2-534x401.jpg 534w, \/wp-content\/uploads\/sites\/5\/2020\/02\/quiste2.jpg 1280w\" sizes=\"auto, (max-width: 696px) 100vw, 696px\" \/><figcaption id=\"caption-attachment-16229\" class=\"wp-caption-text\">Rosy sufri\u00f3 una fractura lo que complic\u00f3 su tratamiento, pero los m\u00e9dicos del IGSS lograron su pronta recuperaci\u00f3n. Foto Prensa IGSS<\/figcaption><\/figure>\n<p>Con los tratamientos implementados en el Hospital General de Accidentes el quiste empez\u00f3 a ceder, sin embargo, hace 7 meses la ni\u00f1a sufri\u00f3 una fractura, esta se localiz\u00f3 a 7 cent\u00edmetros del quiste.<\/p>\n<p>La fractura trajo como consecuencia la intervenci\u00f3n urgente de los especialistas de traumatolog\u00eda pedi\u00e1trica del IGSS, quienes hicieron una planificaci\u00f3n preoperatoria y decidieron colocarle un clavo intramedular de reconstrucci\u00f3n con tornillos que van directamente hacia el cuello del f\u00e9mur.<\/p>\n<blockquote class=\"twitter-tweet\" data-width=\"550\" data-dnt=\"true\">\n<p lang=\"es\" dir=\"ltr\"><a href=\"https:\/\/twitter.com\/hashtag\/IGSSEnMiVida?src=hash&amp;ref_src=twsrc%5Etfw\">#IGSSEnMiVida<\/a>? \u201cEstoy agradecida con el IGSS de Accidentes, todo el personal es muy bueno. Hoy mi hija est\u00e1 sana, gracias a Dios\u201d, dice Etelvina Figueroa madre de Rosi, quien ha sido tratada desde los 4 a\u00f1os por tener un quiste \u00f3seo en el f\u00e9mur. <a href=\"https:\/\/twitter.com\/hashtag\/VozdelAfiliado?src=hash&amp;ref_src=twsrc%5Etfw\">#VozdelAfiliado<\/a>? <a href=\"https:\/\/t.co\/GGgDltqvNN\">pic.twitter.com\/GGgDltqvNN<\/a><\/p>\n<p>&mdash; Noticias IGSS (@Noticias_IGSS) <a href=\"https:\/\/twitter.com\/Noticias_IGSS\/status\/1232321800748621824?ref_src=twsrc%5Etfw\">February 25, 2020<\/a><\/p><\/blockquote>\n<p><script async src=\"https:\/\/platform.twitter.com\/widgets.js\" charset=\"utf-8\"><\/script><\/p>\n<p>Este clavo permiti\u00f3 darle estabilidad a la paciente e hizo que el quiste remitiera. \u201cYa no tenemos la masa que ten\u00eda, el quiste ya no existe y la funci\u00f3n de Rosy es totalmente normal\u201d, resalt\u00f3 el doctor Zambrano.<\/p>\n<p>El quiste de Rosy desapareci\u00f3 este 2020 tras 10 a\u00f1os de tratamiento, por lo que el caso de la peque\u00f1a ser\u00e1 dado como concluido en el hospital, esto ser\u00e1 justo a tiempo para que en noviembre cumpla el sue\u00f1o de celebrar sus 15 a\u00f1os con movilidad total de las piernas y sin ning\u00fan dolor.<\/p>\n<figure id=\"attachment_16230\" aria-describedby=\"caption-attachment-16230\" style=\"width: 696px\" class=\"wp-caption aligncenter\"><img loading=\"lazy\" decoding=\"async\" class=\"wp-image-16230 size-large\" src=\"\/wp-content\/uploads\/sites\/5\/2020\/02\/quiste-1024x768.jpg\" alt=\"\" width=\"696\" height=\"522\" srcset=\"\/wp-content\/uploads\/sites\/5\/2020\/02\/quiste-1024x768.jpg 1024w, \/wp-content\/uploads\/sites\/5\/2020\/02\/quiste-300x225.jpg 300w, \/wp-content\/uploads\/sites\/5\/2020\/02\/quiste-768x576.jpg 768w, \/wp-content\/uploads\/sites\/5\/2020\/02\/quiste-560x420.jpg 560w, \/wp-content\/uploads\/sites\/5\/2020\/02\/quiste-80x60.jpg 80w, \/wp-content\/uploads\/sites\/5\/2020\/02\/quiste-696x522.jpg 696w, \/wp-content\/uploads\/sites\/5\/2020\/02\/quiste-1068x801.jpg 1068w, \/wp-content\/uploads\/sites\/5\/2020\/02\/quiste-265x198.jpg 265w, \/wp-content\/uploads\/sites\/5\/2020\/02\/quiste-534x401.jpg 534w, \/wp-content\/uploads\/sites\/5\/2020\/02\/quiste.jpg 1280w\" sizes=\"auto, (max-width: 696px) 100vw, 696px\" \/><figcaption id=\"caption-attachment-16230\" class=\"wp-caption-text\"><br \/>Los m\u00e9dicos del IGSS lograron eliminar el quiste gracias al uso de tecnicas avanzadas. Foto Prensa IGSS<\/figcaption><\/figure>\n<p>El caso de Rosy refleja el compromiso del Seguro Social por cumplir con su Pol\u00edtica Preventiva y el Eje 1 sobre la Promoci\u00f3n de la Salud y la Prevenci\u00f3n de la Enfermedad, que permite que los afiliados y derechohabientes del IGSS se recuperen a trav\u00e9s de los tratamientos m\u00e9dicos adecuados.<\/p>\n","protected":false},"excerpt":{"rendered":"<p>A los 4 a\u00f1os de edad, Rosy Itzol fue diagnosticada con un quiste \u00f3seo alojado en el f\u00e9mur derecho, a la altura del \u00e1rea de carga de peso. Al caminar e intentar correr la ni\u00f1a se ca\u00eda, recuerda Etelvina Figueroa, mam\u00e1 de Rosy. \u201cNosotros vivimos en Coatepeque, la calle all\u00e1 es de tierra. Rosy se [&hellip;]<\/p>\n","protected":false},"author":160,"featured_media":16226,"comment_status":"open","ping_status":"open","sticky":false,"template":"","format":"standard","meta":{"footnotes":""},"categories":[3],"tags":[1143,1142,1144,1141],"coauthors":[1041],"class_list":{"0":"post-16223","1":"post","2":"type-post","3":"status-publish","4":"format-standard","5":"has-post-thumbnail","7":"category-actualidad","8":"tag-coatepeque","9":"tag-hospit","10":"tag-rosy-itzol","11":"tag-tumor"},"_links":{"self":[{"href":"https:\/\/www.igssgt.org\/noticias\/wp-json\/wp\/v2\/posts\/16223","targetHints":{"allow":["GET"]}}],"collection":[{"href":"https:\/\/www.igssgt.org\/noticias\/wp-json\/wp\/v2\/posts"}],"about":[{"href":"https:\/\/www.igssgt.org\/noticias\/wp-json\/wp\/v2\/types\/post"}],"author":[{"embeddable":true,"href":"https:\/\/www.igssgt.org\/noticias\/wp-json\/wp\/v2\/users\/160"}],"replies":[{"embeddable":true,"href":"https:\/\/www.igssgt.org\/noticias\/wp-json\/wp\/v2\/comments?post=16223"}],"version-history":[{"count":2,"href":"https:\/\/www.igssgt.org\/noticias\/wp-json\/wp\/v2\/posts\/16223\/revisions"}],"predecessor-version":[{"id":16232,"href":"https:\/\/www.igssgt.org\/noticias\/wp-json\/wp\/v2\/posts\/16223\/revisions\/16232"}],"wp:featuredmedia":[{"embeddable":true,"href":"https:\/\/www.igssgt.org\/noticias\/wp-json\/wp\/v2\/media\/16226"}],"wp:attachment":[{"href":"https:\/\/www.igssgt.org\/noticias\/wp-json\/wp\/v2\/media?parent=16223"}],"wp:term":[{"taxonomy":"category","embeddable":true,"href":"https:\/\/www.igssgt.org\/noticias\/wp-json\/wp\/v2\/categories?post=16223"},{"taxonomy":"post_tag","embeddable":true,"href":"https:\/\/www.igssgt.org\/noticias\/wp-json\/wp\/v2\/tags?post=16223"},{"taxonomy":"author","embeddable":true,"href":"https:\/\/www.igssgt.org\/noticias\/wp-json\/wp\/v2\/coauthors?post=16223"}],"curies":[{"name":"wp","href":"https:\/\/api.w.org\/{rel}","templated":true}]}}