{"id":16250,"date":"2020-02-26T15:31:00","date_gmt":"2020-02-26T21:31:00","guid":{"rendered":"https:\/\/www.igssgt.org\/noticias\/?p=16250"},"modified":"2020-02-26T15:43:41","modified_gmt":"2020-02-26T21:43:41","slug":"trabajadores-del-igss-celebran-el-inicio-de-la-cuaresma","status":"publish","type":"post","link":"https:\/\/www.igssgt.org\/noticias\/2020\/02\/26\/trabajadores-del-igss-celebran-el-inicio-de-la-cuaresma\/","title":{"rendered":"Trabajadores del IGSS celebran el inicio de la Cuaresma"},"content":{"rendered":"\n<p>M\u00e1s de cien trabajadores de las Oficinas Centrales del IGSS y autoridades participaron hoy en la misa de la imposici\u00f3n de la cruz de ceniza que marca el inicio de la Cuaresma, la cual es tiempo de meditaci\u00f3n para los devotos.<\/p>\n<p>La eucarist\u00eda duro 60 minutos y fue celebrada por el sacerdote Henry Rafael Mart\u00ednez Ram\u00edrez, de la parroquia San Ferm\u00edn, situada en Lomas de Pamplona, zona 13.<\/p>\n<p>El p\u00e1rroco explic\u00f3 que por medio de la oraci\u00f3n, el ayuno y la limosna recordemos que le pertenecemos a Cristo y a trav\u00e9s del bautismo utilicemos ese medio de purificaci\u00f3n para que en nuestro coraz\u00f3n se quede grabado para siempre que Jesucristo es nuestro Se\u00f1or, que \u00e9l nos ha salvado y nos conduce por medio de la pr\u00e1ctica cuaresmal hacia su victoria del pecado y de la muerte.<\/p>\n<p>\u201cNosotros los cat\u00f3licos no vivimos el temor, no tenemos miedo, tenemos un Se\u00f1or victorioso que nos alienta todos los d\u00edas para ser de nuestra vida un santuario donde \u00e9l habita y a diario debemos recordar que Dios es el baluarte, la luz que llena nuestros corazones de paz, amor, misericordia y perd\u00f3n\u201d, puntualiz\u00f3 el sacerdote.<\/p>\n<p>La ceniza que le fue impuesta a cada trabajador son restos de las palmas bendecidas el Domingo de Ramos del a\u00f1o anterior.<\/p>\n\n\n\n\r\n                <style type=\"text\/css\">\r\n                    \r\n                    #tdi_1  .td-doubleSlider-2 .td-item1 {\r\n                        background: url(\/wp-content\/uploads\/sites\/5\/2020\/02\/Inicio-de-cuaresma-IGSS-Oficinas-Centrales-2020-6-80x60.jpg) 0 0 no-repeat;\r\n                    }\r\n                    #tdi_1  .td-doubleSlider-2 .td-item2 {\r\n                        background: url(\/wp-content\/uploads\/sites\/5\/2020\/02\/Inicio-de-cuaresma-IGSS-Oficinas-Centrales-2020-3-80x60.jpg) 0 0 no-repeat;\r\n                    }\r\n                    #tdi_1  .td-doubleSlider-2 .td-item3 {\r\n                        background: url(\/wp-content\/uploads\/sites\/5\/2020\/02\/Inicio-de-cuaresma-IGSS-Oficinas-Centrales-2020-1-80x60.jpg) 0 0 no-repeat;\r\n                    }\r\n                    #tdi_1  .td-doubleSlider-2 .td-item4 {\r\n                        background: url(\/wp-content\/uploads\/sites\/5\/2020\/02\/Inicio-de-cuaresma-IGSS-Oficinas-Centrales-2020-2-80x60.jpg) 0 0 no-repeat;\r\n                    }\r\n                    #tdi_1  .td-doubleSlider-2 .td-item5 {\r\n                        background: url(\/wp-content\/uploads\/sites\/5\/2020\/02\/Inicio-de-cuaresma-IGSS-Oficinas-Centrales-2020-4-80x60.jpg) 0 0 no-repeat;\r\n                    }\r\n                    #tdi_1  .td-doubleSlider-2 .td-item6 {\r\n                        background: url(\/wp-content\/uploads\/sites\/5\/2020\/02\/Inicio-de-cuaresma-IGSS-Oficinas-Centrales-2020-7-80x60.jpg) 0 0 no-repeat;\r\n                    }\r\n                    #tdi_1  .td-doubleSlider-2 .td-item7 {\r\n                        background: url(\/wp-content\/uploads\/sites\/5\/2020\/02\/Inicio-de-cuaresma-IGSS-Oficinas-Centrales-2020-8-80x60.jpg) 0 0 no-repeat;\r\n                    }\r\n                    #tdi_1  .td-doubleSlider-2 .td-item8 {\r\n                        background: url(\/wp-content\/uploads\/sites\/5\/2020\/02\/Inicio-de-cuaresma-IGSS-Oficinas-Centrales-2020-9-80x60.jpg) 0 0 no-repeat;\r\n                    }\r\n                    #tdi_1  .td-doubleSlider-2 .td-item9 {\r\n                        background: url(\/wp-content\/uploads\/sites\/5\/2020\/02\/Inicio-de-cuaresma-IGSS-Oficinas-Centrales-2020-10-80x60.jpg) 0 0 no-repeat;\r\n                    }\r\n                    #tdi_1  .td-doubleSlider-2 .td-item10 {\r\n                        background: url(\/wp-content\/uploads\/sites\/5\/2020\/02\/Inicio-de-cuaresma-IGSS-Oficinas-Centrales-2020-11-80x60.jpg) 0 0 no-repeat;\r\n                    }\r\n                    #tdi_1  .td-doubleSlider-2 .td-item11 {\r\n                        background: url(\/wp-content\/uploads\/sites\/5\/2020\/02\/Inicio-de-cuaresma-IGSS-Oficinas-Centrales-2020-5-80x60.jpg) 0 0 no-repeat;\r\n                    }\r\n                    #tdi_1  .td-doubleSlider-2 .td-item12 {\r\n                        background: url(\/wp-content\/uploads\/sites\/5\/2020\/02\/Inicio-de-cuaresma-IGSS-Oficinas-Centrales-2020-12-80x60.jpg) 0 0 no-repeat;\r\n                    }\r\n                <\/style>\r\n\r\n                <div id=\"tdi_1\" class=\"td-gallery td-slide-on-2-columns\">\r\n                    <div class=\"post_td_gallery\">\r\n                        <div class=\"td-gallery-slide-top\">\r\n                           <div class=\"td-gallery-title\">Galer\u00eda de Im\u00e1genes<\/div>\r\n\r\n                            <div class=\"td-gallery-controls-wrapper\">\r\n                                <div class=\"td-gallery-slide-count\"><span class=\"td-gallery-slide-item-focus\">1<\/span> de 12<\/div>\r\n                                <div class=\"td-gallery-slide-prev-next-but\">\r\n                                    <i class = \"td-icon-left doubleSliderPrevButton\"><\/i>\r\n                                    <i class = \"td-icon-right doubleSliderNextButton\"><\/i>\r\n                                <\/div>\r\n                            <\/div>\r\n                        <\/div>\r\n\r\n                        <div class = \"td-doubleSlider-1 \">\r\n                            <div class = \"td-slider\">\r\n                                \r\n                    <div class = \"td-slide-item td-item1\">\r\n                        <figure class=\"td-slide-galery-figure td-slide-popup-gallery\">\r\n                            <a class=\"slide-gallery-image-link\" href=\"\/wp-content\/uploads\/sites\/5\/2020\/02\/Inicio-de-cuaresma-IGSS-Oficinas-Centrales-2020-6.jpg\" title=\"Inicio de cuaresma IGSS Oficinas Centrales 2020-6\"  data-caption=\"\"  data-description=\"\">\r\n                                <img decoding=\"async\" src=\"\/wp-content\/uploads\/sites\/5\/2020\/02\/Inicio-de-cuaresma-IGSS-Oficinas-Centrales-2020-6-630x420.jpg\" srcset=\"\/wp-content\/uploads\/sites\/5\/2020\/02\/Inicio-de-cuaresma-IGSS-Oficinas-Centrales-2020-6-630x420.jpg 630w, \/wp-content\/uploads\/sites\/5\/2020\/02\/Inicio-de-cuaresma-IGSS-Oficinas-Centrales-2020-6-300x200.jpg 300w, \/wp-content\/uploads\/sites\/5\/2020\/02\/Inicio-de-cuaresma-IGSS-Oficinas-Centrales-2020-6-768x512.jpg 768w, \/wp-content\/uploads\/sites\/5\/2020\/02\/Inicio-de-cuaresma-IGSS-Oficinas-Centrales-2020-6-1024x682.jpg 1024w, \/wp-content\/uploads\/sites\/5\/2020\/02\/Inicio-de-cuaresma-IGSS-Oficinas-Centrales-2020-6-696x464.jpg 696w, \/wp-content\/uploads\/sites\/5\/2020\/02\/Inicio-de-cuaresma-IGSS-Oficinas-Centrales-2020-6-1068x712.jpg 1068w, \/wp-content\/uploads\/sites\/5\/2020\/02\/Inicio-de-cuaresma-IGSS-Oficinas-Centrales-2020-6-534x356.jpg 534w, \/wp-content\/uploads\/sites\/5\/2020\/02\/Inicio-de-cuaresma-IGSS-Oficinas-Centrales-2020-6.jpg 1280w\" sizes=\"(max-width: 630px) 100vw, 630px\" alt=\"\">\r\n                            <\/a>\r\n                            \r\n                        <\/figure>\r\n                    <\/div>\r\n                    <div class = \"td-slide-item td-item2\">\r\n                        <figure class=\"td-slide-galery-figure td-slide-popup-gallery\">\r\n                            <a class=\"slide-gallery-image-link\" href=\"\/wp-content\/uploads\/sites\/5\/2020\/02\/Inicio-de-cuaresma-IGSS-Oficinas-Centrales-2020-3.jpg\" title=\"Inicio de cuaresma IGSS Oficinas Centrales 2020-3\"  data-caption=\"\"  data-description=\"\">\r\n                                <img decoding=\"async\" src=\"\/wp-content\/uploads\/sites\/5\/2020\/02\/Inicio-de-cuaresma-IGSS-Oficinas-Centrales-2020-3-630x420.jpg\" srcset=\"\/wp-content\/uploads\/sites\/5\/2020\/02\/Inicio-de-cuaresma-IGSS-Oficinas-Centrales-2020-3-630x420.jpg 630w, \/wp-content\/uploads\/sites\/5\/2020\/02\/Inicio-de-cuaresma-IGSS-Oficinas-Centrales-2020-3-300x200.jpg 300w, \/wp-content\/uploads\/sites\/5\/2020\/02\/Inicio-de-cuaresma-IGSS-Oficinas-Centrales-2020-3-768x512.jpg 768w, \/wp-content\/uploads\/sites\/5\/2020\/02\/Inicio-de-cuaresma-IGSS-Oficinas-Centrales-2020-3-1024x682.jpg 1024w, \/wp-content\/uploads\/sites\/5\/2020\/02\/Inicio-de-cuaresma-IGSS-Oficinas-Centrales-2020-3-696x464.jpg 696w, \/wp-content\/uploads\/sites\/5\/2020\/02\/Inicio-de-cuaresma-IGSS-Oficinas-Centrales-2020-3-1068x712.jpg 1068w, \/wp-content\/uploads\/sites\/5\/2020\/02\/Inicio-de-cuaresma-IGSS-Oficinas-Centrales-2020-3-534x356.jpg 534w, \/wp-content\/uploads\/sites\/5\/2020\/02\/Inicio-de-cuaresma-IGSS-Oficinas-Centrales-2020-3.jpg 1280w\" sizes=\"(max-width: 630px) 100vw, 630px\" alt=\"\">\r\n                            <\/a>\r\n                            \r\n                        <\/figure>\r\n                    <\/div>\r\n                    <div class = \"td-slide-item td-item3\">\r\n                        <figure class=\"td-slide-galery-figure td-slide-popup-gallery\">\r\n                            <a class=\"slide-gallery-image-link\" href=\"\/wp-content\/uploads\/sites\/5\/2020\/02\/Inicio-de-cuaresma-IGSS-Oficinas-Centrales-2020-1.jpg\" title=\"Inicio de cuaresma IGSS Oficinas Centrales 2020-1\"  data-caption=\"\"  data-description=\"\">\r\n                                <img decoding=\"async\" src=\"\/wp-content\/uploads\/sites\/5\/2020\/02\/Inicio-de-cuaresma-IGSS-Oficinas-Centrales-2020-1-630x420.jpg\" srcset=\"\/wp-content\/uploads\/sites\/5\/2020\/02\/Inicio-de-cuaresma-IGSS-Oficinas-Centrales-2020-1-630x420.jpg 630w, \/wp-content\/uploads\/sites\/5\/2020\/02\/Inicio-de-cuaresma-IGSS-Oficinas-Centrales-2020-1-300x200.jpg 300w, \/wp-content\/uploads\/sites\/5\/2020\/02\/Inicio-de-cuaresma-IGSS-Oficinas-Centrales-2020-1-768x512.jpg 768w, \/wp-content\/uploads\/sites\/5\/2020\/02\/Inicio-de-cuaresma-IGSS-Oficinas-Centrales-2020-1-1024x682.jpg 1024w, \/wp-content\/uploads\/sites\/5\/2020\/02\/Inicio-de-cuaresma-IGSS-Oficinas-Centrales-2020-1-696x464.jpg 696w, \/wp-content\/uploads\/sites\/5\/2020\/02\/Inicio-de-cuaresma-IGSS-Oficinas-Centrales-2020-1-1068x712.jpg 1068w, \/wp-content\/uploads\/sites\/5\/2020\/02\/Inicio-de-cuaresma-IGSS-Oficinas-Centrales-2020-1-534x356.jpg 534w, \/wp-content\/uploads\/sites\/5\/2020\/02\/Inicio-de-cuaresma-IGSS-Oficinas-Centrales-2020-1.jpg 1280w\" sizes=\"(max-width: 630px) 100vw, 630px\" alt=\"\">\r\n                            <\/a>\r\n                            \r\n                        <\/figure>\r\n                    <\/div>\r\n                    <div class = \"td-slide-item td-item4\">\r\n                        <figure class=\"td-slide-galery-figure td-slide-popup-gallery\">\r\n                            <a class=\"slide-gallery-image-link\" href=\"\/wp-content\/uploads\/sites\/5\/2020\/02\/Inicio-de-cuaresma-IGSS-Oficinas-Centrales-2020-2.jpg\" title=\"Inicio de cuaresma IGSS Oficinas Centrales 2020-2\"  data-caption=\"\"  data-description=\"\">\r\n                                <img decoding=\"async\" src=\"\/wp-content\/uploads\/sites\/5\/2020\/02\/Inicio-de-cuaresma-IGSS-Oficinas-Centrales-2020-2-630x420.jpg\" srcset=\"\/wp-content\/uploads\/sites\/5\/2020\/02\/Inicio-de-cuaresma-IGSS-Oficinas-Centrales-2020-2-630x420.jpg 630w, \/wp-content\/uploads\/sites\/5\/2020\/02\/Inicio-de-cuaresma-IGSS-Oficinas-Centrales-2020-2-300x200.jpg 300w, \/wp-content\/uploads\/sites\/5\/2020\/02\/Inicio-de-cuaresma-IGSS-Oficinas-Centrales-2020-2-768x512.jpg 768w, \/wp-content\/uploads\/sites\/5\/2020\/02\/Inicio-de-cuaresma-IGSS-Oficinas-Centrales-2020-2-1024x682.jpg 1024w, \/wp-content\/uploads\/sites\/5\/2020\/02\/Inicio-de-cuaresma-IGSS-Oficinas-Centrales-2020-2-696x464.jpg 696w, \/wp-content\/uploads\/sites\/5\/2020\/02\/Inicio-de-cuaresma-IGSS-Oficinas-Centrales-2020-2-1068x712.jpg 1068w, \/wp-content\/uploads\/sites\/5\/2020\/02\/Inicio-de-cuaresma-IGSS-Oficinas-Centrales-2020-2-534x356.jpg 534w, \/wp-content\/uploads\/sites\/5\/2020\/02\/Inicio-de-cuaresma-IGSS-Oficinas-Centrales-2020-2.jpg 1280w\" sizes=\"(max-width: 630px) 100vw, 630px\" alt=\"\">\r\n                            <\/a>\r\n                            \r\n                        <\/figure>\r\n                    <\/div>\r\n                    <div class = \"td-slide-item td-item5\">\r\n                        <figure class=\"td-slide-galery-figure td-slide-popup-gallery\">\r\n                            <a class=\"slide-gallery-image-link\" href=\"\/wp-content\/uploads\/sites\/5\/2020\/02\/Inicio-de-cuaresma-IGSS-Oficinas-Centrales-2020-4.jpg\" title=\"Inicio de cuaresma IGSS Oficinas Centrales 2020-4\"  data-caption=\"\"  data-description=\"\">\r\n                                <img decoding=\"async\" src=\"\/wp-content\/uploads\/sites\/5\/2020\/02\/Inicio-de-cuaresma-IGSS-Oficinas-Centrales-2020-4-630x420.jpg\" srcset=\"\/wp-content\/uploads\/sites\/5\/2020\/02\/Inicio-de-cuaresma-IGSS-Oficinas-Centrales-2020-4-630x420.jpg 630w, \/wp-content\/uploads\/sites\/5\/2020\/02\/Inicio-de-cuaresma-IGSS-Oficinas-Centrales-2020-4-300x200.jpg 300w, \/wp-content\/uploads\/sites\/5\/2020\/02\/Inicio-de-cuaresma-IGSS-Oficinas-Centrales-2020-4-768x512.jpg 768w, \/wp-content\/uploads\/sites\/5\/2020\/02\/Inicio-de-cuaresma-IGSS-Oficinas-Centrales-2020-4-1024x682.jpg 1024w, \/wp-content\/uploads\/sites\/5\/2020\/02\/Inicio-de-cuaresma-IGSS-Oficinas-Centrales-2020-4-696x464.jpg 696w, \/wp-content\/uploads\/sites\/5\/2020\/02\/Inicio-de-cuaresma-IGSS-Oficinas-Centrales-2020-4-1068x712.jpg 1068w, \/wp-content\/uploads\/sites\/5\/2020\/02\/Inicio-de-cuaresma-IGSS-Oficinas-Centrales-2020-4-534x356.jpg 534w, \/wp-content\/uploads\/sites\/5\/2020\/02\/Inicio-de-cuaresma-IGSS-Oficinas-Centrales-2020-4.jpg 1280w\" sizes=\"(max-width: 630px) 100vw, 630px\" alt=\"\">\r\n                            <\/a>\r\n                            \r\n                        <\/figure>\r\n                    <\/div>\r\n                    <div class = \"td-slide-item td-item6\">\r\n                        <figure class=\"td-slide-galery-figure td-slide-popup-gallery\">\r\n                            <a class=\"slide-gallery-image-link\" href=\"\/wp-content\/uploads\/sites\/5\/2020\/02\/Inicio-de-cuaresma-IGSS-Oficinas-Centrales-2020-7.jpg\" title=\"Inicio de cuaresma IGSS Oficinas Centrales 2020-7\"  data-caption=\"\"  data-description=\"\">\r\n                                <img decoding=\"async\" src=\"\/wp-content\/uploads\/sites\/5\/2020\/02\/Inicio-de-cuaresma-IGSS-Oficinas-Centrales-2020-7-630x420.jpg\" srcset=\"\/wp-content\/uploads\/sites\/5\/2020\/02\/Inicio-de-cuaresma-IGSS-Oficinas-Centrales-2020-7-630x420.jpg 630w, \/wp-content\/uploads\/sites\/5\/2020\/02\/Inicio-de-cuaresma-IGSS-Oficinas-Centrales-2020-7-300x200.jpg 300w, \/wp-content\/uploads\/sites\/5\/2020\/02\/Inicio-de-cuaresma-IGSS-Oficinas-Centrales-2020-7-768x512.jpg 768w, \/wp-content\/uploads\/sites\/5\/2020\/02\/Inicio-de-cuaresma-IGSS-Oficinas-Centrales-2020-7-1024x682.jpg 1024w, \/wp-content\/uploads\/sites\/5\/2020\/02\/Inicio-de-cuaresma-IGSS-Oficinas-Centrales-2020-7-696x464.jpg 696w, \/wp-content\/uploads\/sites\/5\/2020\/02\/Inicio-de-cuaresma-IGSS-Oficinas-Centrales-2020-7-1068x712.jpg 1068w, \/wp-content\/uploads\/sites\/5\/2020\/02\/Inicio-de-cuaresma-IGSS-Oficinas-Centrales-2020-7-534x356.jpg 534w, \/wp-content\/uploads\/sites\/5\/2020\/02\/Inicio-de-cuaresma-IGSS-Oficinas-Centrales-2020-7.jpg 1280w\" sizes=\"(max-width: 630px) 100vw, 630px\" alt=\"\">\r\n                            <\/a>\r\n                            \r\n                        <\/figure>\r\n                    <\/div>\r\n                    <div class = \"td-slide-item td-item7\">\r\n                        <figure class=\"td-slide-galery-figure td-slide-popup-gallery\">\r\n                            <a class=\"slide-gallery-image-link\" href=\"\/wp-content\/uploads\/sites\/5\/2020\/02\/Inicio-de-cuaresma-IGSS-Oficinas-Centrales-2020-8.jpg\" title=\"Inicio de cuaresma IGSS Oficinas Centrales 2020-8\"  data-caption=\"\"  data-description=\"\">\r\n                                <img decoding=\"async\" src=\"\/wp-content\/uploads\/sites\/5\/2020\/02\/Inicio-de-cuaresma-IGSS-Oficinas-Centrales-2020-8-513x420.jpg\" srcset=\"\/wp-content\/uploads\/sites\/5\/2020\/02\/Inicio-de-cuaresma-IGSS-Oficinas-Centrales-2020-8-513x420.jpg 513w, \/wp-content\/uploads\/sites\/5\/2020\/02\/Inicio-de-cuaresma-IGSS-Oficinas-Centrales-2020-8-300x245.jpg 300w, \/wp-content\/uploads\/sites\/5\/2020\/02\/Inicio-de-cuaresma-IGSS-Oficinas-Centrales-2020-8-768x628.jpg 768w, \/wp-content\/uploads\/sites\/5\/2020\/02\/Inicio-de-cuaresma-IGSS-Oficinas-Centrales-2020-8-1024x838.jpg 1024w, \/wp-content\/uploads\/sites\/5\/2020\/02\/Inicio-de-cuaresma-IGSS-Oficinas-Centrales-2020-8-696x569.jpg 696w, \/wp-content\/uploads\/sites\/5\/2020\/02\/Inicio-de-cuaresma-IGSS-Oficinas-Centrales-2020-8-1068x874.jpg 1068w, \/wp-content\/uploads\/sites\/5\/2020\/02\/Inicio-de-cuaresma-IGSS-Oficinas-Centrales-2020-8-534x437.jpg 534w, \/wp-content\/uploads\/sites\/5\/2020\/02\/Inicio-de-cuaresma-IGSS-Oficinas-Centrales-2020-8.jpg 1280w\" sizes=\"(max-width: 513px) 100vw, 513px\" alt=\"\">\r\n                            <\/a>\r\n                            \r\n                        <\/figure>\r\n                    <\/div>\r\n                    <div class = \"td-slide-item td-item8\">\r\n                        <figure class=\"td-slide-galery-figure td-slide-popup-gallery\">\r\n                            <a class=\"slide-gallery-image-link\" href=\"\/wp-content\/uploads\/sites\/5\/2020\/02\/Inicio-de-cuaresma-IGSS-Oficinas-Centrales-2020-9.jpg\" title=\"Inicio de cuaresma IGSS Oficinas Centrales 2020-9\"  data-caption=\"\"  data-description=\"\">\r\n                                <img decoding=\"async\" src=\"\/wp-content\/uploads\/sites\/5\/2020\/02\/Inicio-de-cuaresma-IGSS-Oficinas-Centrales-2020-9-574x420.jpg\" srcset=\"\/wp-content\/uploads\/sites\/5\/2020\/02\/Inicio-de-cuaresma-IGSS-Oficinas-Centrales-2020-9-574x420.jpg 574w, \/wp-content\/uploads\/sites\/5\/2020\/02\/Inicio-de-cuaresma-IGSS-Oficinas-Centrales-2020-9-300x219.jpg 300w, \/wp-content\/uploads\/sites\/5\/2020\/02\/Inicio-de-cuaresma-IGSS-Oficinas-Centrales-2020-9-768x562.jpg 768w, \/wp-content\/uploads\/sites\/5\/2020\/02\/Inicio-de-cuaresma-IGSS-Oficinas-Centrales-2020-9-1024x749.jpg 1024w, \/wp-content\/uploads\/sites\/5\/2020\/02\/Inicio-de-cuaresma-IGSS-Oficinas-Centrales-2020-9-80x60.jpg 80w, \/wp-content\/uploads\/sites\/5\/2020\/02\/Inicio-de-cuaresma-IGSS-Oficinas-Centrales-2020-9-696x509.jpg 696w, \/wp-content\/uploads\/sites\/5\/2020\/02\/Inicio-de-cuaresma-IGSS-Oficinas-Centrales-2020-9-1068x781.jpg 1068w, \/wp-content\/uploads\/sites\/5\/2020\/02\/Inicio-de-cuaresma-IGSS-Oficinas-Centrales-2020-9-534x390.jpg 534w, \/wp-content\/uploads\/sites\/5\/2020\/02\/Inicio-de-cuaresma-IGSS-Oficinas-Centrales-2020-9.jpg 1280w\" sizes=\"(max-width: 574px) 100vw, 574px\" alt=\"\">\r\n                            <\/a>\r\n                            \r\n                        <\/figure>\r\n                    <\/div>\r\n                    <div class = \"td-slide-item td-item9\">\r\n                        <figure class=\"td-slide-galery-figure td-slide-popup-gallery\">\r\n                            <a class=\"slide-gallery-image-link\" href=\"\/wp-content\/uploads\/sites\/5\/2020\/02\/Inicio-de-cuaresma-IGSS-Oficinas-Centrales-2020-10.jpg\" title=\"Inicio de cuaresma IGSS Oficinas Centrales 2020-10\"  data-caption=\"\"  data-description=\"\">\r\n                                <img decoding=\"async\" src=\"\/wp-content\/uploads\/sites\/5\/2020\/02\/Inicio-de-cuaresma-IGSS-Oficinas-Centrales-2020-10-353x420.jpg\" srcset=\"\/wp-content\/uploads\/sites\/5\/2020\/02\/Inicio-de-cuaresma-IGSS-Oficinas-Centrales-2020-10-353x420.jpg 353w, \/wp-content\/uploads\/sites\/5\/2020\/02\/Inicio-de-cuaresma-IGSS-Oficinas-Centrales-2020-10-252x300.jpg 252w, \/wp-content\/uploads\/sites\/5\/2020\/02\/Inicio-de-cuaresma-IGSS-Oficinas-Centrales-2020-10-768x913.jpg 768w, \/wp-content\/uploads\/sites\/5\/2020\/02\/Inicio-de-cuaresma-IGSS-Oficinas-Centrales-2020-10-862x1024.jpg 862w, \/wp-content\/uploads\/sites\/5\/2020\/02\/Inicio-de-cuaresma-IGSS-Oficinas-Centrales-2020-10-696x827.jpg 696w, \/wp-content\/uploads\/sites\/5\/2020\/02\/Inicio-de-cuaresma-IGSS-Oficinas-Centrales-2020-10-1068x1269.jpg 1068w, \/wp-content\/uploads\/sites\/5\/2020\/02\/Inicio-de-cuaresma-IGSS-Oficinas-Centrales-2020-10-389x462.jpg 389w, \/wp-content\/uploads\/sites\/5\/2020\/02\/Inicio-de-cuaresma-IGSS-Oficinas-Centrales-2020-10.jpg 1077w\" sizes=\"(max-width: 353px) 100vw, 353px\" alt=\"\">\r\n                            <\/a>\r\n                            \r\n                        <\/figure>\r\n                    <\/div>\r\n                    <div class = \"td-slide-item td-item10\">\r\n                        <figure class=\"td-slide-galery-figure td-slide-popup-gallery\">\r\n                            <a class=\"slide-gallery-image-link\" href=\"\/wp-content\/uploads\/sites\/5\/2020\/02\/Inicio-de-cuaresma-IGSS-Oficinas-Centrales-2020-11.jpg\" title=\"Inicio de cuaresma IGSS Oficinas Centrales 2020-11\"  data-caption=\"\"  data-description=\"\">\r\n                                <img decoding=\"async\" src=\"\/wp-content\/uploads\/sites\/5\/2020\/02\/Inicio-de-cuaresma-IGSS-Oficinas-Centrales-2020-11-582x420.jpg\" srcset=\"\/wp-content\/uploads\/sites\/5\/2020\/02\/Inicio-de-cuaresma-IGSS-Oficinas-Centrales-2020-11-582x420.jpg 582w, \/wp-content\/uploads\/sites\/5\/2020\/02\/Inicio-de-cuaresma-IGSS-Oficinas-Centrales-2020-11-300x217.jpg 300w, \/wp-content\/uploads\/sites\/5\/2020\/02\/Inicio-de-cuaresma-IGSS-Oficinas-Centrales-2020-11-768x554.jpg 768w, \/wp-content\/uploads\/sites\/5\/2020\/02\/Inicio-de-cuaresma-IGSS-Oficinas-Centrales-2020-11-1024x739.jpg 1024w, \/wp-content\/uploads\/sites\/5\/2020\/02\/Inicio-de-cuaresma-IGSS-Oficinas-Centrales-2020-11-696x502.jpg 696w, \/wp-content\/uploads\/sites\/5\/2020\/02\/Inicio-de-cuaresma-IGSS-Oficinas-Centrales-2020-11-1068x771.jpg 1068w, \/wp-content\/uploads\/sites\/5\/2020\/02\/Inicio-de-cuaresma-IGSS-Oficinas-Centrales-2020-11-324x235.jpg 324w, \/wp-content\/uploads\/sites\/5\/2020\/02\/Inicio-de-cuaresma-IGSS-Oficinas-Centrales-2020-11-534x385.jpg 534w, \/wp-content\/uploads\/sites\/5\/2020\/02\/Inicio-de-cuaresma-IGSS-Oficinas-Centrales-2020-11.jpg 1280w\" sizes=\"(max-width: 582px) 100vw, 582px\" alt=\"\">\r\n                            <\/a>\r\n                            \r\n                        <\/figure>\r\n                    <\/div>\r\n                    <div class = \"td-slide-item td-item11\">\r\n                        <figure class=\"td-slide-galery-figure td-slide-popup-gallery\">\r\n                            <a class=\"slide-gallery-image-link\" href=\"\/wp-content\/uploads\/sites\/5\/2020\/02\/Inicio-de-cuaresma-IGSS-Oficinas-Centrales-2020-5.jpg\" title=\"Inicio de cuaresma IGSS Oficinas Centrales 2020-5\"  data-caption=\"\"  data-description=\"\">\r\n                                <img decoding=\"async\" src=\"\/wp-content\/uploads\/sites\/5\/2020\/02\/Inicio-de-cuaresma-IGSS-Oficinas-Centrales-2020-5-586x420.jpg\" srcset=\"\/wp-content\/uploads\/sites\/5\/2020\/02\/Inicio-de-cuaresma-IGSS-Oficinas-Centrales-2020-5-586x420.jpg 586w, \/wp-content\/uploads\/sites\/5\/2020\/02\/Inicio-de-cuaresma-IGSS-Oficinas-Centrales-2020-5-300x215.jpg 300w, \/wp-content\/uploads\/sites\/5\/2020\/02\/Inicio-de-cuaresma-IGSS-Oficinas-Centrales-2020-5-768x550.jpg 768w, \/wp-content\/uploads\/sites\/5\/2020\/02\/Inicio-de-cuaresma-IGSS-Oficinas-Centrales-2020-5-1024x734.jpg 1024w, \/wp-content\/uploads\/sites\/5\/2020\/02\/Inicio-de-cuaresma-IGSS-Oficinas-Centrales-2020-5-696x499.jpg 696w, \/wp-content\/uploads\/sites\/5\/2020\/02\/Inicio-de-cuaresma-IGSS-Oficinas-Centrales-2020-5-1068x765.jpg 1068w, \/wp-content\/uploads\/sites\/5\/2020\/02\/Inicio-de-cuaresma-IGSS-Oficinas-Centrales-2020-5-534x383.jpg 534w, \/wp-content\/uploads\/sites\/5\/2020\/02\/Inicio-de-cuaresma-IGSS-Oficinas-Centrales-2020-5.jpg 1280w\" sizes=\"(max-width: 586px) 100vw, 586px\" alt=\"\">\r\n                            <\/a>\r\n                            \r\n                        <\/figure>\r\n                    <\/div>\r\n                    <div class = \"td-slide-item td-item12\">\r\n                        <figure class=\"td-slide-galery-figure td-slide-popup-gallery\">\r\n                            <a class=\"slide-gallery-image-link\" href=\"\/wp-content\/uploads\/sites\/5\/2020\/02\/Inicio-de-cuaresma-IGSS-Oficinas-Centrales-2020-12.jpg\" title=\"Inicio de cuaresma IGSS Oficinas Centrales 2020-12\"  data-caption=\"\"  data-description=\"\">\r\n                                <img decoding=\"async\" src=\"\/wp-content\/uploads\/sites\/5\/2020\/02\/Inicio-de-cuaresma-IGSS-Oficinas-Centrales-2020-12-630x420.jpg\" srcset=\"\/wp-content\/uploads\/sites\/5\/2020\/02\/Inicio-de-cuaresma-IGSS-Oficinas-Centrales-2020-12-630x420.jpg 630w, \/wp-content\/uploads\/sites\/5\/2020\/02\/Inicio-de-cuaresma-IGSS-Oficinas-Centrales-2020-12-300x200.jpg 300w, \/wp-content\/uploads\/sites\/5\/2020\/02\/Inicio-de-cuaresma-IGSS-Oficinas-Centrales-2020-12-768x512.jpg 768w, \/wp-content\/uploads\/sites\/5\/2020\/02\/Inicio-de-cuaresma-IGSS-Oficinas-Centrales-2020-12-1024x682.jpg 1024w, \/wp-content\/uploads\/sites\/5\/2020\/02\/Inicio-de-cuaresma-IGSS-Oficinas-Centrales-2020-12-696x464.jpg 696w, \/wp-content\/uploads\/sites\/5\/2020\/02\/Inicio-de-cuaresma-IGSS-Oficinas-Centrales-2020-12-1068x712.jpg 1068w, \/wp-content\/uploads\/sites\/5\/2020\/02\/Inicio-de-cuaresma-IGSS-Oficinas-Centrales-2020-12-534x356.jpg 534w, \/wp-content\/uploads\/sites\/5\/2020\/02\/Inicio-de-cuaresma-IGSS-Oficinas-Centrales-2020-12.jpg 1280w\" sizes=\"(max-width: 630px) 100vw, 630px\" alt=\"\">\r\n                            <\/a>\r\n                            \r\n                        <\/figure>\r\n                    <\/div>\r\n                            <\/div>\r\n                        <\/div>\r\n\r\n                        <div class = \"td-doubleSlider-2\">\r\n                            <div class = \"td-slider\">\r\n                                \r\n                    <div class = \"td-button td-item1\">\r\n                        <div class = \"td-border\"><\/div>\r\n                    <\/div>\r\n                    <div class = \"td-button td-item2\">\r\n                        <div class = \"td-border\"><\/div>\r\n                    <\/div>\r\n                    <div class = \"td-button td-item3\">\r\n                        <div class = \"td-border\"><\/div>\r\n                    <\/div>\r\n                    <div class = \"td-button td-item4\">\r\n                        <div class = \"td-border\"><\/div>\r\n                    <\/div>\r\n                    <div class = \"td-button td-item5\">\r\n                        <div class = \"td-border\"><\/div>\r\n                    <\/div>\r\n                    <div class = \"td-button td-item6\">\r\n                        <div class = \"td-border\"><\/div>\r\n                    <\/div>\r\n                    <div class = \"td-button td-item7\">\r\n                        <div class = \"td-border\"><\/div>\r\n                    <\/div>\r\n                    <div class = \"td-button td-item8\">\r\n                        <div class = \"td-border\"><\/div>\r\n                    <\/div>\r\n                    <div class = \"td-button td-item9\">\r\n                        <div class = \"td-border\"><\/div>\r\n                    <\/div>\r\n                    <div class = \"td-button td-item10\">\r\n                        <div class = \"td-border\"><\/div>\r\n                    <\/div>\r\n                    <div class = \"td-button td-item11\">\r\n                        <div class = \"td-border\"><\/div>\r\n                    <\/div>\r\n                    <div class = \"td-button td-item12\">\r\n                        <div class = \"td-border\"><\/div>\r\n                    <\/div>\r\n                            <\/div>\r\n                        <\/div>\r\n\r\n                    <\/div>\r\n\r\n                <\/div>\r\n                \n","protected":false},"excerpt":{"rendered":"<p>M\u00e1s de cien trabajadores de las Oficinas Centrales del IGSS y autoridades participaron hoy en la misa de la imposici\u00f3n de la cruz de ceniza que marca el inicio de la Cuaresma, la cual es tiempo de meditaci\u00f3n para los devotos. La eucarist\u00eda duro 60 minutos y fue celebrada por el sacerdote Henry Rafael Mart\u00ednez [&hellip;]<\/p>\n","protected":false},"author":4,"featured_media":16255,"comment_status":"open","ping_status":"open","sticky":false,"template":"","format":"standard","meta":{"footnotes":""},"categories":[3,29],"tags":[671,1127],"coauthors":[881],"class_list":{"0":"post-16250","1":"post","2":"type-post","3":"status-publish","4":"format-standard","5":"has-post-thumbnail","7":"category-actualidad","8":"category-publicaciones","9":"tag-oficinas-centrales-igss","10":"tag-semana-santa-2020"},"_links":{"self":[{"href":"https:\/\/www.igssgt.org\/noticias\/wp-json\/wp\/v2\/posts\/16250","targetHints":{"allow":["GET"]}}],"collection":[{"href":"https:\/\/www.igssgt.org\/noticias\/wp-json\/wp\/v2\/posts"}],"about":[{"href":"https:\/\/www.igssgt.org\/noticias\/wp-json\/wp\/v2\/types\/post"}],"author":[{"embeddable":true,"href":"https:\/\/www.igssgt.org\/noticias\/wp-json\/wp\/v2\/users\/4"}],"replies":[{"embeddable":true,"href":"https:\/\/www.igssgt.org\/noticias\/wp-json\/wp\/v2\/comments?post=16250"}],"version-history":[{"count":1,"href":"https:\/\/www.igssgt.org\/noticias\/wp-json\/wp\/v2\/posts\/16250\/revisions"}],"predecessor-version":[{"id":16263,"href":"https:\/\/www.igssgt.org\/noticias\/wp-json\/wp\/v2\/posts\/16250\/revisions\/16263"}],"wp:featuredmedia":[{"embeddable":true,"href":"https:\/\/www.igssgt.org\/noticias\/wp-json\/wp\/v2\/media\/16255"}],"wp:attachment":[{"href":"https:\/\/www.igssgt.org\/noticias\/wp-json\/wp\/v2\/media?parent=16250"}],"wp:term":[{"taxonomy":"category","embeddable":true,"href":"https:\/\/www.igssgt.org\/noticias\/wp-json\/wp\/v2\/categories?post=16250"},{"taxonomy":"post_tag","embeddable":true,"href":"https:\/\/www.igssgt.org\/noticias\/wp-json\/wp\/v2\/tags?post=16250"},{"taxonomy":"author","embeddable":true,"href":"https:\/\/www.igssgt.org\/noticias\/wp-json\/wp\/v2\/coauthors?post=16250"}],"curies":[{"name":"wp","href":"https:\/\/api.w.org\/{rel}","templated":true}]}}