{"id":16275,"date":"2020-02-26T16:15:00","date_gmt":"2020-02-26T22:15:00","guid":{"rendered":"https:\/\/www.igssgt.org\/noticias\/?p=16275"},"modified":"2020-02-26T17:41:54","modified_gmt":"2020-02-26T23:41:54","slug":"el-igss-promueve-una-cultura-de-inclusion-laboral-y-atencion-a-personas-con-discapacidad","status":"publish","type":"post","link":"https:\/\/www.igssgt.org\/noticias\/2020\/02\/26\/el-igss-promueve-una-cultura-de-inclusion-laboral-y-atencion-a-personas-con-discapacidad\/","title":{"rendered":"El IGSS promueve una cultura de inclusi\u00f3n laboral y atenci\u00f3n a personas con discapacidad"},"content":{"rendered":"\n<p>Con el objetivo de continuar las mejoras en los servicios y crear una cultura de concientizaci\u00f3n en su personal sobre el tema de la discapacidad, autoridades de la Subgerencia de Prestaciones Pecuniarias impartieron a sus trabajadores de Oficinas Centrales un taller para fortalecer sus conocimientos y mejorar los protocolos de atenci\u00f3n a lo&nbsp; interno y externo. &nbsp;<\/p>\n<p>Estas acciones se descifran en el trato de la calidad humana y reconocer la inclusi\u00f3n de las personas con discapacidad con un enfoque de Derechos Humanos y de manera integral en todos los servicios que presta el Instituto.<\/p>\n<p>La licenciada Sonia L\u00f3pez Luttmann, subgerente de Prestaciones Pecuniarias, destac\u00f3 la importancia de este taller como parte de una cultura de transformaci\u00f3n del Seguro Social, que no solo promueve entre sus trabajadores este importante tema en beneficio de sus afiliados, pensionados y beneficiarios, sino para fortalecer la cultura de inclusi\u00f3n laboral y abrir m\u00e1s espacios laborales para este sector de la poblaci\u00f3n.<\/p>\n<p>Este taller va dirigido a jefes de departamento, encargados de \u00e1rea de la Subgerencia de Prestaciones Pecuniarias y se espera replicarlo a todos los trabajadores de la Subgerencia y si es necesario a todos los trabajadores del Instituto, indic\u00f3 la subgerente.<\/p>\n<p>Leslie Leal, persona con discapacidad visual y que labora en la Subgerencia de Prestaciones Pecuniarias, imparti\u00f3 esta capacitaci\u00f3n dando a conocer la historia y modelos de la discapacidad, el marco legal y&nbsp; casos reales de discriminaci\u00f3n, y a trav\u00e9s de din\u00e1micas provoc\u00f3 en los asistentes reflexiones sobre c\u00f3mo por desconocimiento se puede discriminar a las personas con discapacidad, pero la discapacidad no discrimina a nadie.<\/p>\n<p>\u201cMe siento &nbsp;orgullosa de formar parte el Seguro Social y de poder trasladar estos conocimientos a mis compa\u00f1eros para el respeto a los derechos de las personas con discapacidad\u201d, concluy\u00f3 Leal.<\/p>\n<p>Estos talleres se impartir\u00e1n durante marzo en las Oficinas Centrales.&nbsp;<\/p>\n\n\n\n\r\n                <style type=\"text\/css\">\r\n                    \r\n                    #tdi_1  .td-doubleSlider-2 .td-item1 {\r\n                        background: url(\/wp-content\/uploads\/sites\/5\/2020\/02\/taller-discapacidad-IGSS-2020-6-80x60.jpg) 0 0 no-repeat;\r\n                    }\r\n                    #tdi_1  .td-doubleSlider-2 .td-item2 {\r\n                        background: url(\/wp-content\/uploads\/sites\/5\/2020\/02\/taller-discapacidad-IGSS-2020-8-80x60.jpg) 0 0 no-repeat;\r\n                    }\r\n                    #tdi_1  .td-doubleSlider-2 .td-item3 {\r\n                        background: url(\/wp-content\/uploads\/sites\/5\/2020\/02\/taller-discapacidad-IGSS-2020-1-80x60.jpg) 0 0 no-repeat;\r\n                    }\r\n                    #tdi_1  .td-doubleSlider-2 .td-item4 {\r\n                        background: url(\/wp-content\/uploads\/sites\/5\/2020\/02\/taller-discapacidad-IGSS-2020-9-80x60.jpg) 0 0 no-repeat;\r\n                    }\r\n                    #tdi_1  .td-doubleSlider-2 .td-item5 {\r\n                        background: url(\/wp-content\/uploads\/sites\/5\/2020\/02\/taller-discapacidad-IGSS-2020-7-80x60.jpg) 0 0 no-repeat;\r\n                    }\r\n                    #tdi_1  .td-doubleSlider-2 .td-item6 {\r\n                        background: url(\/wp-content\/uploads\/sites\/5\/2020\/02\/taller-discapacidad-IGSS-2020-5-80x60.jpg) 0 0 no-repeat;\r\n                    }\r\n                    #tdi_1  .td-doubleSlider-2 .td-item7 {\r\n                        background: url(\/wp-content\/uploads\/sites\/5\/2020\/02\/taller-discapacidad-IGSS-2020-4-80x60.jpg) 0 0 no-repeat;\r\n                    }\r\n                    #tdi_1  .td-doubleSlider-2 .td-item8 {\r\n                        background: url(\/wp-content\/uploads\/sites\/5\/2020\/02\/taller-discapacidad-IGSS-2020-3-80x60.jpg) 0 0 no-repeat;\r\n                    }\r\n                    #tdi_1  .td-doubleSlider-2 .td-item9 {\r\n                        background: url(\/wp-content\/uploads\/sites\/5\/2020\/02\/taller-discapacidad-IGSS-2020-2-80x60.jpg) 0 0 no-repeat;\r\n                    }\r\n                <\/style>\r\n\r\n                <div id=\"tdi_1\" class=\"td-gallery td-slide-on-2-columns\">\r\n                    <div class=\"post_td_gallery\">\r\n                        <div class=\"td-gallery-slide-top\">\r\n                           <div class=\"td-gallery-title\">Galer\u00eda de Im\u00e1genes<\/div>\r\n\r\n                            <div class=\"td-gallery-controls-wrapper\">\r\n                                <div class=\"td-gallery-slide-count\"><span class=\"td-gallery-slide-item-focus\">1<\/span> de 9<\/div>\r\n                                <div class=\"td-gallery-slide-prev-next-but\">\r\n                                    <i class = \"td-icon-left doubleSliderPrevButton\"><\/i>\r\n                                    <i class = \"td-icon-right doubleSliderNextButton\"><\/i>\r\n                                <\/div>\r\n                            <\/div>\r\n                        <\/div>\r\n\r\n                        <div class = \"td-doubleSlider-1 \">\r\n                            <div class = \"td-slider\">\r\n                                \r\n                    <div class = \"td-slide-item td-item1\">\r\n                        <figure class=\"td-slide-galery-figure td-slide-popup-gallery\">\r\n                            <a class=\"slide-gallery-image-link\" href=\"\/wp-content\/uploads\/sites\/5\/2020\/02\/taller-discapacidad-IGSS-2020-6.jpg\" title=\"taller discapacidad IGSS 2020-6\"  data-caption=\"\"  data-description=\"\">\r\n                                <img decoding=\"async\" src=\"\/wp-content\/uploads\/sites\/5\/2020\/02\/taller-discapacidad-IGSS-2020-6-630x420.jpg\" srcset=\"\/wp-content\/uploads\/sites\/5\/2020\/02\/taller-discapacidad-IGSS-2020-6-630x420.jpg 630w, \/wp-content\/uploads\/sites\/5\/2020\/02\/taller-discapacidad-IGSS-2020-6-300x200.jpg 300w, \/wp-content\/uploads\/sites\/5\/2020\/02\/taller-discapacidad-IGSS-2020-6-768x512.jpg 768w, \/wp-content\/uploads\/sites\/5\/2020\/02\/taller-discapacidad-IGSS-2020-6-1024x682.jpg 1024w, \/wp-content\/uploads\/sites\/5\/2020\/02\/taller-discapacidad-IGSS-2020-6-696x464.jpg 696w, \/wp-content\/uploads\/sites\/5\/2020\/02\/taller-discapacidad-IGSS-2020-6-1068x712.jpg 1068w, \/wp-content\/uploads\/sites\/5\/2020\/02\/taller-discapacidad-IGSS-2020-6-534x356.jpg 534w, \/wp-content\/uploads\/sites\/5\/2020\/02\/taller-discapacidad-IGSS-2020-6.jpg 1280w\" sizes=\"(max-width: 630px) 100vw, 630px\" alt=\"\">\r\n                            <\/a>\r\n                            \r\n                        <\/figure>\r\n                    <\/div>\r\n                    <div class = \"td-slide-item td-item2\">\r\n                        <figure class=\"td-slide-galery-figure td-slide-popup-gallery\">\r\n                            <a class=\"slide-gallery-image-link\" href=\"\/wp-content\/uploads\/sites\/5\/2020\/02\/taller-discapacidad-IGSS-2020-8.jpg\" title=\"taller discapacidad IGSS 2020-8\"  data-caption=\"\"  data-description=\"\">\r\n                                <img decoding=\"async\" src=\"\/wp-content\/uploads\/sites\/5\/2020\/02\/taller-discapacidad-IGSS-2020-8-630x420.jpg\" srcset=\"\/wp-content\/uploads\/sites\/5\/2020\/02\/taller-discapacidad-IGSS-2020-8-630x420.jpg 630w, \/wp-content\/uploads\/sites\/5\/2020\/02\/taller-discapacidad-IGSS-2020-8-300x200.jpg 300w, \/wp-content\/uploads\/sites\/5\/2020\/02\/taller-discapacidad-IGSS-2020-8-768x512.jpg 768w, \/wp-content\/uploads\/sites\/5\/2020\/02\/taller-discapacidad-IGSS-2020-8-1024x682.jpg 1024w, \/wp-content\/uploads\/sites\/5\/2020\/02\/taller-discapacidad-IGSS-2020-8-696x464.jpg 696w, \/wp-content\/uploads\/sites\/5\/2020\/02\/taller-discapacidad-IGSS-2020-8-1068x712.jpg 1068w, \/wp-content\/uploads\/sites\/5\/2020\/02\/taller-discapacidad-IGSS-2020-8-534x356.jpg 534w, \/wp-content\/uploads\/sites\/5\/2020\/02\/taller-discapacidad-IGSS-2020-8.jpg 1280w\" sizes=\"(max-width: 630px) 100vw, 630px\" alt=\"\">\r\n                            <\/a>\r\n                            \r\n                        <\/figure>\r\n                    <\/div>\r\n                    <div class = \"td-slide-item td-item3\">\r\n                        <figure class=\"td-slide-galery-figure td-slide-popup-gallery\">\r\n                            <a class=\"slide-gallery-image-link\" href=\"\/wp-content\/uploads\/sites\/5\/2020\/02\/taller-discapacidad-IGSS-2020-1.jpg\" title=\"taller discapacidad IGSS 2020-1\"  data-caption=\"\"  data-description=\"\">\r\n                                <img decoding=\"async\" src=\"\/wp-content\/uploads\/sites\/5\/2020\/02\/taller-discapacidad-IGSS-2020-1-630x420.jpg\" srcset=\"\/wp-content\/uploads\/sites\/5\/2020\/02\/taller-discapacidad-IGSS-2020-1-630x420.jpg 630w, \/wp-content\/uploads\/sites\/5\/2020\/02\/taller-discapacidad-IGSS-2020-1-300x200.jpg 300w, \/wp-content\/uploads\/sites\/5\/2020\/02\/taller-discapacidad-IGSS-2020-1-768x512.jpg 768w, \/wp-content\/uploads\/sites\/5\/2020\/02\/taller-discapacidad-IGSS-2020-1-1024x682.jpg 1024w, \/wp-content\/uploads\/sites\/5\/2020\/02\/taller-discapacidad-IGSS-2020-1-696x464.jpg 696w, \/wp-content\/uploads\/sites\/5\/2020\/02\/taller-discapacidad-IGSS-2020-1-1068x712.jpg 1068w, \/wp-content\/uploads\/sites\/5\/2020\/02\/taller-discapacidad-IGSS-2020-1-534x356.jpg 534w, \/wp-content\/uploads\/sites\/5\/2020\/02\/taller-discapacidad-IGSS-2020-1.jpg 1280w\" sizes=\"(max-width: 630px) 100vw, 630px\" alt=\"\">\r\n                            <\/a>\r\n                            \r\n                        <\/figure>\r\n                    <\/div>\r\n                    <div class = \"td-slide-item td-item4\">\r\n                        <figure class=\"td-slide-galery-figure td-slide-popup-gallery\">\r\n                            <a class=\"slide-gallery-image-link\" href=\"\/wp-content\/uploads\/sites\/5\/2020\/02\/taller-discapacidad-IGSS-2020-9.jpg\" title=\"taller discapacidad IGSS 2020-9\"  data-caption=\"\"  data-description=\"\">\r\n                                <img decoding=\"async\" src=\"\/wp-content\/uploads\/sites\/5\/2020\/02\/taller-discapacidad-IGSS-2020-9-630x420.jpg\" srcset=\"\/wp-content\/uploads\/sites\/5\/2020\/02\/taller-discapacidad-IGSS-2020-9-630x420.jpg 630w, \/wp-content\/uploads\/sites\/5\/2020\/02\/taller-discapacidad-IGSS-2020-9-300x200.jpg 300w, \/wp-content\/uploads\/sites\/5\/2020\/02\/taller-discapacidad-IGSS-2020-9-768x512.jpg 768w, \/wp-content\/uploads\/sites\/5\/2020\/02\/taller-discapacidad-IGSS-2020-9-1024x682.jpg 1024w, \/wp-content\/uploads\/sites\/5\/2020\/02\/taller-discapacidad-IGSS-2020-9-696x464.jpg 696w, \/wp-content\/uploads\/sites\/5\/2020\/02\/taller-discapacidad-IGSS-2020-9-1068x712.jpg 1068w, \/wp-content\/uploads\/sites\/5\/2020\/02\/taller-discapacidad-IGSS-2020-9-534x356.jpg 534w, \/wp-content\/uploads\/sites\/5\/2020\/02\/taller-discapacidad-IGSS-2020-9.jpg 1280w\" sizes=\"(max-width: 630px) 100vw, 630px\" alt=\"\">\r\n                            <\/a>\r\n                            \r\n                        <\/figure>\r\n                    <\/div>\r\n                    <div class = \"td-slide-item td-item5\">\r\n                        <figure class=\"td-slide-galery-figure td-slide-popup-gallery\">\r\n                            <a class=\"slide-gallery-image-link\" href=\"\/wp-content\/uploads\/sites\/5\/2020\/02\/taller-discapacidad-IGSS-2020-7.jpg\" title=\"taller discapacidad IGSS 2020-7\"  data-caption=\"\"  data-description=\"\">\r\n                                <img decoding=\"async\" src=\"\/wp-content\/uploads\/sites\/5\/2020\/02\/taller-discapacidad-IGSS-2020-7-630x420.jpg\" srcset=\"\/wp-content\/uploads\/sites\/5\/2020\/02\/taller-discapacidad-IGSS-2020-7-630x420.jpg 630w, \/wp-content\/uploads\/sites\/5\/2020\/02\/taller-discapacidad-IGSS-2020-7-300x200.jpg 300w, \/wp-content\/uploads\/sites\/5\/2020\/02\/taller-discapacidad-IGSS-2020-7-768x512.jpg 768w, \/wp-content\/uploads\/sites\/5\/2020\/02\/taller-discapacidad-IGSS-2020-7-1024x682.jpg 1024w, \/wp-content\/uploads\/sites\/5\/2020\/02\/taller-discapacidad-IGSS-2020-7-696x464.jpg 696w, \/wp-content\/uploads\/sites\/5\/2020\/02\/taller-discapacidad-IGSS-2020-7-1068x712.jpg 1068w, \/wp-content\/uploads\/sites\/5\/2020\/02\/taller-discapacidad-IGSS-2020-7-534x356.jpg 534w, \/wp-content\/uploads\/sites\/5\/2020\/02\/taller-discapacidad-IGSS-2020-7.jpg 1280w\" sizes=\"(max-width: 630px) 100vw, 630px\" alt=\"\">\r\n                            <\/a>\r\n                            \r\n                        <\/figure>\r\n                    <\/div>\r\n                    <div class = \"td-slide-item td-item6\">\r\n                        <figure class=\"td-slide-galery-figure td-slide-popup-gallery\">\r\n                            <a class=\"slide-gallery-image-link\" href=\"\/wp-content\/uploads\/sites\/5\/2020\/02\/taller-discapacidad-IGSS-2020-5.jpg\" title=\"taller discapacidad IGSS 2020-5\"  data-caption=\"\"  data-description=\"\">\r\n                                <img decoding=\"async\" src=\"\/wp-content\/uploads\/sites\/5\/2020\/02\/taller-discapacidad-IGSS-2020-5-630x420.jpg\" srcset=\"\/wp-content\/uploads\/sites\/5\/2020\/02\/taller-discapacidad-IGSS-2020-5-630x420.jpg 630w, \/wp-content\/uploads\/sites\/5\/2020\/02\/taller-discapacidad-IGSS-2020-5-300x200.jpg 300w, \/wp-content\/uploads\/sites\/5\/2020\/02\/taller-discapacidad-IGSS-2020-5-768x512.jpg 768w, \/wp-content\/uploads\/sites\/5\/2020\/02\/taller-discapacidad-IGSS-2020-5-1024x682.jpg 1024w, \/wp-content\/uploads\/sites\/5\/2020\/02\/taller-discapacidad-IGSS-2020-5-696x464.jpg 696w, \/wp-content\/uploads\/sites\/5\/2020\/02\/taller-discapacidad-IGSS-2020-5-1068x712.jpg 1068w, \/wp-content\/uploads\/sites\/5\/2020\/02\/taller-discapacidad-IGSS-2020-5-534x356.jpg 534w, \/wp-content\/uploads\/sites\/5\/2020\/02\/taller-discapacidad-IGSS-2020-5.jpg 1280w\" sizes=\"(max-width: 630px) 100vw, 630px\" alt=\"\">\r\n                            <\/a>\r\n                            \r\n                        <\/figure>\r\n                    <\/div>\r\n                    <div class = \"td-slide-item td-item7\">\r\n                        <figure class=\"td-slide-galery-figure td-slide-popup-gallery\">\r\n                            <a class=\"slide-gallery-image-link\" href=\"\/wp-content\/uploads\/sites\/5\/2020\/02\/taller-discapacidad-IGSS-2020-4.jpg\" title=\"taller discapacidad IGSS 2020-4\"  data-caption=\"\"  data-description=\"\">\r\n                                <img decoding=\"async\" src=\"\/wp-content\/uploads\/sites\/5\/2020\/02\/taller-discapacidad-IGSS-2020-4-630x420.jpg\" srcset=\"\/wp-content\/uploads\/sites\/5\/2020\/02\/taller-discapacidad-IGSS-2020-4-630x420.jpg 630w, \/wp-content\/uploads\/sites\/5\/2020\/02\/taller-discapacidad-IGSS-2020-4-300x200.jpg 300w, \/wp-content\/uploads\/sites\/5\/2020\/02\/taller-discapacidad-IGSS-2020-4-768x512.jpg 768w, \/wp-content\/uploads\/sites\/5\/2020\/02\/taller-discapacidad-IGSS-2020-4-1024x682.jpg 1024w, \/wp-content\/uploads\/sites\/5\/2020\/02\/taller-discapacidad-IGSS-2020-4-696x464.jpg 696w, \/wp-content\/uploads\/sites\/5\/2020\/02\/taller-discapacidad-IGSS-2020-4-1068x712.jpg 1068w, \/wp-content\/uploads\/sites\/5\/2020\/02\/taller-discapacidad-IGSS-2020-4-534x356.jpg 534w, \/wp-content\/uploads\/sites\/5\/2020\/02\/taller-discapacidad-IGSS-2020-4.jpg 1280w\" sizes=\"(max-width: 630px) 100vw, 630px\" alt=\"\">\r\n                            <\/a>\r\n                            \r\n                        <\/figure>\r\n                    <\/div>\r\n                    <div class = \"td-slide-item td-item8\">\r\n                        <figure class=\"td-slide-galery-figure td-slide-popup-gallery\">\r\n                            <a class=\"slide-gallery-image-link\" href=\"\/wp-content\/uploads\/sites\/5\/2020\/02\/taller-discapacidad-IGSS-2020-3.jpg\" title=\"taller discapacidad IGSS 2020-3\"  data-caption=\"\"  data-description=\"\">\r\n                                <img decoding=\"async\" src=\"\/wp-content\/uploads\/sites\/5\/2020\/02\/taller-discapacidad-IGSS-2020-3-630x420.jpg\" srcset=\"\/wp-content\/uploads\/sites\/5\/2020\/02\/taller-discapacidad-IGSS-2020-3-630x420.jpg 630w, \/wp-content\/uploads\/sites\/5\/2020\/02\/taller-discapacidad-IGSS-2020-3-300x200.jpg 300w, \/wp-content\/uploads\/sites\/5\/2020\/02\/taller-discapacidad-IGSS-2020-3-768x512.jpg 768w, \/wp-content\/uploads\/sites\/5\/2020\/02\/taller-discapacidad-IGSS-2020-3-1024x682.jpg 1024w, \/wp-content\/uploads\/sites\/5\/2020\/02\/taller-discapacidad-IGSS-2020-3-696x464.jpg 696w, \/wp-content\/uploads\/sites\/5\/2020\/02\/taller-discapacidad-IGSS-2020-3-1068x712.jpg 1068w, \/wp-content\/uploads\/sites\/5\/2020\/02\/taller-discapacidad-IGSS-2020-3-534x356.jpg 534w, \/wp-content\/uploads\/sites\/5\/2020\/02\/taller-discapacidad-IGSS-2020-3.jpg 1280w\" sizes=\"(max-width: 630px) 100vw, 630px\" alt=\"\">\r\n                            <\/a>\r\n                            \r\n                        <\/figure>\r\n                    <\/div>\r\n                    <div class = \"td-slide-item td-item9\">\r\n                        <figure class=\"td-slide-galery-figure td-slide-popup-gallery\">\r\n                            <a class=\"slide-gallery-image-link\" href=\"\/wp-content\/uploads\/sites\/5\/2020\/02\/taller-discapacidad-IGSS-2020-2.jpg\" title=\"taller discapacidad IGSS 2020-2\"  data-caption=\"\"  data-description=\"\">\r\n                                <img decoding=\"async\" src=\"\/wp-content\/uploads\/sites\/5\/2020\/02\/taller-discapacidad-IGSS-2020-2-630x420.jpg\" srcset=\"\/wp-content\/uploads\/sites\/5\/2020\/02\/taller-discapacidad-IGSS-2020-2-630x420.jpg 630w, \/wp-content\/uploads\/sites\/5\/2020\/02\/taller-discapacidad-IGSS-2020-2-300x200.jpg 300w, \/wp-content\/uploads\/sites\/5\/2020\/02\/taller-discapacidad-IGSS-2020-2-768x512.jpg 768w, \/wp-content\/uploads\/sites\/5\/2020\/02\/taller-discapacidad-IGSS-2020-2-1024x682.jpg 1024w, \/wp-content\/uploads\/sites\/5\/2020\/02\/taller-discapacidad-IGSS-2020-2-696x464.jpg 696w, \/wp-content\/uploads\/sites\/5\/2020\/02\/taller-discapacidad-IGSS-2020-2-1068x712.jpg 1068w, \/wp-content\/uploads\/sites\/5\/2020\/02\/taller-discapacidad-IGSS-2020-2-534x356.jpg 534w, \/wp-content\/uploads\/sites\/5\/2020\/02\/taller-discapacidad-IGSS-2020-2.jpg 1280w\" sizes=\"(max-width: 630px) 100vw, 630px\" alt=\"\">\r\n                            <\/a>\r\n                            \r\n                        <\/figure>\r\n                    <\/div>\r\n                            <\/div>\r\n                        <\/div>\r\n\r\n                        <div class = \"td-doubleSlider-2\">\r\n                            <div class = \"td-slider\">\r\n                                \r\n                    <div class = \"td-button td-item1\">\r\n                        <div class = \"td-border\"><\/div>\r\n                    <\/div>\r\n                    <div class = \"td-button td-item2\">\r\n                        <div class = \"td-border\"><\/div>\r\n                    <\/div>\r\n                    <div class = \"td-button td-item3\">\r\n                        <div class = \"td-border\"><\/div>\r\n                    <\/div>\r\n                    <div class = \"td-button td-item4\">\r\n                        <div class = \"td-border\"><\/div>\r\n                    <\/div>\r\n                    <div class = \"td-button td-item5\">\r\n                        <div class = \"td-border\"><\/div>\r\n                    <\/div>\r\n                    <div class = \"td-button td-item6\">\r\n                        <div class = \"td-border\"><\/div>\r\n                    <\/div>\r\n                    <div class = \"td-button td-item7\">\r\n                        <div class = \"td-border\"><\/div>\r\n                    <\/div>\r\n                    <div class = \"td-button td-item8\">\r\n                        <div class = \"td-border\"><\/div>\r\n                    <\/div>\r\n                    <div class = \"td-button td-item9\">\r\n                        <div class = \"td-border\"><\/div>\r\n                    <\/div>\r\n                            <\/div>\r\n                        <\/div>\r\n\r\n                    <\/div>\r\n\r\n                <\/div>\r\n                \n","protected":false},"excerpt":{"rendered":"<p>Con el objetivo de continuar las mejoras en los servicios y crear una cultura de concientizaci\u00f3n en su personal sobre el tema de la discapacidad, autoridades de la Subgerencia de Prestaciones Pecuniarias impartieron a sus trabajadores de Oficinas Centrales un taller para fortalecer sus conocimientos y mejorar los protocolos de atenci\u00f3n a lo&nbsp; interno y [&hellip;]<\/p>\n","protected":false},"author":4,"featured_media":16280,"comment_status":"open","ping_status":"open","sticky":false,"template":"","format":"standard","meta":{"footnotes":""},"categories":[3,1147,17,29],"tags":[160,1049,490],"coauthors":[881],"class_list":{"0":"post-16275","1":"post","2":"type-post","3":"status-publish","4":"format-standard","5":"has-post-thumbnail","7":"category-actualidad","8":"category-discapacidad","9":"category-formacion-y-desarrollo","10":"category-publicaciones","11":"tag-capacitacion","12":"tag-discapacidad","13":"tag-igss"},"_links":{"self":[{"href":"https:\/\/www.igssgt.org\/noticias\/wp-json\/wp\/v2\/posts\/16275","targetHints":{"allow":["GET"]}}],"collection":[{"href":"https:\/\/www.igssgt.org\/noticias\/wp-json\/wp\/v2\/posts"}],"about":[{"href":"https:\/\/www.igssgt.org\/noticias\/wp-json\/wp\/v2\/types\/post"}],"author":[{"embeddable":true,"href":"https:\/\/www.igssgt.org\/noticias\/wp-json\/wp\/v2\/users\/4"}],"replies":[{"embeddable":true,"href":"https:\/\/www.igssgt.org\/noticias\/wp-json\/wp\/v2\/comments?post=16275"}],"version-history":[{"count":3,"href":"https:\/\/www.igssgt.org\/noticias\/wp-json\/wp\/v2\/posts\/16275\/revisions"}],"predecessor-version":[{"id":16287,"href":"https:\/\/www.igssgt.org\/noticias\/wp-json\/wp\/v2\/posts\/16275\/revisions\/16287"}],"wp:featuredmedia":[{"embeddable":true,"href":"https:\/\/www.igssgt.org\/noticias\/wp-json\/wp\/v2\/media\/16280"}],"wp:attachment":[{"href":"https:\/\/www.igssgt.org\/noticias\/wp-json\/wp\/v2\/media?parent=16275"}],"wp:term":[{"taxonomy":"category","embeddable":true,"href":"https:\/\/www.igssgt.org\/noticias\/wp-json\/wp\/v2\/categories?post=16275"},{"taxonomy":"post_tag","embeddable":true,"href":"https:\/\/www.igssgt.org\/noticias\/wp-json\/wp\/v2\/tags?post=16275"},{"taxonomy":"author","embeddable":true,"href":"https:\/\/www.igssgt.org\/noticias\/wp-json\/wp\/v2\/coauthors?post=16275"}],"curies":[{"name":"wp","href":"https:\/\/api.w.org\/{rel}","templated":true}]}}