{"id":16366,"date":"2020-03-02T17:05:00","date_gmt":"2020-03-02T23:05:00","guid":{"rendered":"https:\/\/www.igssgt.org\/noticias\/?p=16366"},"modified":"2020-04-01T19:06:57","modified_gmt":"2020-04-02T01:06:57","slug":"el-igss-capacita-a-funcionarios-y-personal-de-las-instituciones-del-centro-civico-por-alerta-de-coronavirus-covid-19","status":"publish","type":"post","link":"https:\/\/www.igssgt.org\/noticias\/2020\/03\/02\/el-igss-capacita-a-funcionarios-y-personal-de-las-instituciones-del-centro-civico-por-alerta-de-coronavirus-covid-19\/","title":{"rendered":"El IGSS capacita a funcionarios y personal de las instituciones del Centro C\u00edvico por alerta de coronavirus COVID-19"},"content":{"rendered":"\n<p>M\u00e1s de 300 personas entre funcionarios y trabajadores de las 11 instituciones que forman parte del Centro C\u00edvico participaron este lunes en la capacitaci\u00f3n denominada <strong>Plan Institucional de Prevenci\u00f3n y Respuesta R\u00e1pida<\/strong> ante el coronavirus COVID-19, impartida por el Departamento de Medicina Preventiva y la Secci\u00f3n de Epidemiolog\u00eda del IGSS.<\/p>\n<p>\u201cQui\u00e9n no conoce a su enemigo, lleva la guerra perdida\u201d dijo el doctor Oscar Donis, jefe de la Secci\u00f3n de Epidemiolog\u00eda del Instituto, durante su exposici\u00f3n en la Sala de Vistas del Organismo Judicial, qui\u00e9n resalt\u00f3 la importancia de conocer los protocolos establecidos para afrontar esta emergencia sanitaria, y contar con acciones preventivas a corto y mediano plazo ante la&nbsp; posible llegada de esta epidemia.<\/p>\n<p>El Seguro Social cuenta con un plan de contingencia para hacer frente a esta situaci\u00f3n trabajando en conjunto con el Ministerio de&nbsp; Salud P\u00fablica y Asistencia Social, como ente rector, en una rigurosa vigilancia epidemiol\u00f3gica, hasta este momento en Guatemala no se ha reportado ning\u00fan caso.<\/p>\n<h4><strong>Satisfechos por la capacitaci\u00f3n<\/strong><\/h4>\n<p>Por su parte Alba Ruth Sandoval, gerente del Organismo Judicial, &nbsp;exhort\u00f3 a las autoridades a poner en marcha todas las medidas &nbsp;de prevenci\u00f3n recomendadas por el Seguro Social, as\u00ed como continuar trabajando unidos para asumir acciones conjuntas ante esta alerta amarilla institucional.<\/p>\n<p>H\u00e9ctor Flores, secretario general de la Municipalidad Metropolitana, agradeci\u00f3 a las autoridades por esta iniciativa de gran beneficio para todos los trabajadores. \u201cAdem\u00e1s de la limpieza de los centros de trabajo, debemos hacer un inventario del recurso humano que sea vulnerable ante esta enfermedad\u201d.<\/p>\n<p>EL IGSS ha socializado las medidas de prevenci\u00f3n al brindar m\u00e1s de 7 capacitaciones a lo interno de la instituci\u00f3n, as\u00ed mismo a las entidades p\u00fablicas y privadas que as\u00ed lo requieran, en este caso la impartida a funcionarios y personal de las 11 instituciones que integran el Centro C\u00edvico, siendo el Intecap, Inguat, Cr\u00e9dito Hipotecario Nacional, Banco de Guatemala, Superintendencia de Bancos, Organismo Judicial, Municipalidad de Guatemala, IGSS, &nbsp;Teatro Nacional, Ministerio de Finanza P\u00fablicas y&nbsp;Fegua.<\/p>\n<h4><strong>Las cifras<\/strong><\/h4>\n<p>Al 02 de marzo, los registros de la OMS reportan: 58 pa\u00edses con 87,195 personas contagiadas con esta enfermedad. Del total de personas contagiadas 80,026 de los casos son en China y 7,169 en el resto de pa\u00edses. La OMS reporta&nbsp; 2,912 muertes en China y 104 en el resto de pa\u00edses.<\/p>\n\n\n\n\r\n                <style type=\"text\/css\">\r\n                    \r\n                    #tdi_1  .td-doubleSlider-2 .td-item1 {\r\n                        background: url(\/wp-content\/uploads\/sites\/5\/2020\/03\/Capacitacion-Centro-Civico-Covid-19-coronavirus-IGSS-2020-5-80x60.jpg) 0 0 no-repeat;\r\n                    }\r\n                    #tdi_1  .td-doubleSlider-2 .td-item2 {\r\n                        background: url(\/wp-content\/uploads\/sites\/5\/2020\/03\/Capacitacion-Centro-Civico-Covid-19-coronavirus-IGSS-2020-2-80x60.jpg) 0 0 no-repeat;\r\n                    }\r\n                    #tdi_1  .td-doubleSlider-2 .td-item3 {\r\n                        background: url(\/wp-content\/uploads\/sites\/5\/2020\/03\/Capacitacion-Centro-Civico-Covid-19-coronavirus-IGSS-2020-1-80x60.jpg) 0 0 no-repeat;\r\n                    }\r\n                    #tdi_1  .td-doubleSlider-2 .td-item4 {\r\n                        background: url(\/wp-content\/uploads\/sites\/5\/2020\/03\/Capacitacion-Centro-Civico-Covid-19-coronavirus-IGSS-2020-3-80x60.jpg) 0 0 no-repeat;\r\n                    }\r\n                    #tdi_1  .td-doubleSlider-2 .td-item5 {\r\n                        background: url(\/wp-content\/uploads\/sites\/5\/2020\/03\/Capacitacion-Centro-Civico-Covid-19-coronavirus-IGSS-2020-4-80x60.jpg) 0 0 no-repeat;\r\n                    }\r\n                    #tdi_1  .td-doubleSlider-2 .td-item6 {\r\n                        background: url(\/wp-content\/uploads\/sites\/5\/2020\/03\/Capacitacion-Centro-Civico-Covid-19-coronavirus-IGSS-2020-6-80x60.jpg) 0 0 no-repeat;\r\n                    }\r\n                    #tdi_1  .td-doubleSlider-2 .td-item7 {\r\n                        background: url(\/wp-content\/uploads\/sites\/5\/2020\/03\/Capacitacion-Centro-Civico-Covid-19-coronavirus-IGSS-2020-7-80x60.jpg) 0 0 no-repeat;\r\n                    }\r\n                    #tdi_1  .td-doubleSlider-2 .td-item8 {\r\n                        background: url(\/wp-content\/uploads\/sites\/5\/2020\/03\/Capacitacion-Centro-Civico-Covid-19-coronavirus-IGSS-2020-8-80x60.jpg) 0 0 no-repeat;\r\n                    }\r\n                    #tdi_1  .td-doubleSlider-2 .td-item9 {\r\n                        background: url(\/wp-content\/uploads\/sites\/5\/2020\/03\/Capacitacion-Centro-Civico-Covid-19-coronavirus-IGSS-2020-9-80x60.jpg) 0 0 no-repeat;\r\n                    }\r\n                    #tdi_1  .td-doubleSlider-2 .td-item10 {\r\n                        background: url(\/wp-content\/uploads\/sites\/5\/2020\/03\/Capacitacion-Centro-Civico-Covid-19-coronavirus-IGSS-2020-10-80x60.jpg) 0 0 no-repeat;\r\n                    }\r\n                    #tdi_1  .td-doubleSlider-2 .td-item11 {\r\n                        background: url(\/wp-content\/uploads\/sites\/5\/2020\/03\/Capacitacion-Centro-Civico-Covid-19-coronavirus-IGSS-2020-11-80x60.jpg) 0 0 no-repeat;\r\n                    }\r\n                    #tdi_1  .td-doubleSlider-2 .td-item12 {\r\n                        background: url(\/wp-content\/uploads\/sites\/5\/2020\/03\/Capacitacion-Centro-Civico-Covid-19-coronavirus-IGSS-2020-12-80x60.jpeg) 0 0 no-repeat;\r\n                    }\r\n                    #tdi_1  .td-doubleSlider-2 .td-item13 {\r\n                        background: url(\/wp-content\/uploads\/sites\/5\/2020\/03\/Capacitacion-Centro-Civico-Covid-19-coronavirus-IGSS-2020-13-80x60.jpeg) 0 0 no-repeat;\r\n                    }\r\n                    #tdi_1  .td-doubleSlider-2 .td-item14 {\r\n                        background: url(\/wp-content\/uploads\/sites\/5\/2020\/03\/Capacitacion-Centro-Civico-Covid-19-coronavirus-IGSS-2020-14-80x60.jpeg) 0 0 no-repeat;\r\n                    }\r\n                    #tdi_1  .td-doubleSlider-2 .td-item15 {\r\n                        background: url(\/wp-content\/uploads\/sites\/5\/2020\/03\/Capacitacion-Centro-Civico-Covid-19-coronavirus-IGSS-2020-15-80x60.jpeg) 0 0 no-repeat;\r\n                    }\r\n                    #tdi_1  .td-doubleSlider-2 .td-item16 {\r\n                        background: url(\/wp-content\/uploads\/sites\/5\/2020\/03\/Capacitacion-Centro-Civico-Covid-19-coronavirus-IGSS-2020-16-80x60.jpeg) 0 0 no-repeat;\r\n                    }\r\n                    #tdi_1  .td-doubleSlider-2 .td-item17 {\r\n                        background: url(\/wp-content\/uploads\/sites\/5\/2020\/03\/Capacitacion-Centro-Civico-Covid-19-coronavirus-IGSS-2020-17-80x60.jpeg) 0 0 no-repeat;\r\n                    }\r\n                <\/style>\r\n\r\n                <div id=\"tdi_1\" class=\"td-gallery td-slide-on-2-columns\">\r\n                    <div class=\"post_td_gallery\">\r\n                        <div class=\"td-gallery-slide-top\">\r\n                           <div class=\"td-gallery-title\">Galer\u00eda de Im\u00e1genes<\/div>\r\n\r\n                            <div class=\"td-gallery-controls-wrapper\">\r\n                                <div class=\"td-gallery-slide-count\"><span class=\"td-gallery-slide-item-focus\">1<\/span> de 17<\/div>\r\n                                <div class=\"td-gallery-slide-prev-next-but\">\r\n                                    <i class = \"td-icon-left doubleSliderPrevButton\"><\/i>\r\n                                    <i class = \"td-icon-right doubleSliderNextButton\"><\/i>\r\n                                <\/div>\r\n                            <\/div>\r\n                        <\/div>\r\n\r\n                        <div class = \"td-doubleSlider-1 \">\r\n                            <div class = \"td-slider\">\r\n                                \r\n                    <div class = \"td-slide-item td-item1\">\r\n                        <figure class=\"td-slide-galery-figure td-slide-popup-gallery\">\r\n                            <a class=\"slide-gallery-image-link\" href=\"\/wp-content\/uploads\/sites\/5\/2020\/03\/Capacitacion-Centro-Civico-Covid-19-coronavirus-IGSS-2020-5.jpg\" title=\"Capacitacion Centro Civico Covid-19 coronavirus IGSS 2020-5\"  data-caption=\"\"  data-description=\"\">\r\n                                <img decoding=\"async\" src=\"\/wp-content\/uploads\/sites\/5\/2020\/03\/Capacitacion-Centro-Civico-Covid-19-coronavirus-IGSS-2020-5-630x420.jpg\" srcset=\"\/wp-content\/uploads\/sites\/5\/2020\/03\/Capacitacion-Centro-Civico-Covid-19-coronavirus-IGSS-2020-5-630x420.jpg 630w, \/wp-content\/uploads\/sites\/5\/2020\/03\/Capacitacion-Centro-Civico-Covid-19-coronavirus-IGSS-2020-5-300x200.jpg 300w, \/wp-content\/uploads\/sites\/5\/2020\/03\/Capacitacion-Centro-Civico-Covid-19-coronavirus-IGSS-2020-5-768x512.jpg 768w, \/wp-content\/uploads\/sites\/5\/2020\/03\/Capacitacion-Centro-Civico-Covid-19-coronavirus-IGSS-2020-5-1024x682.jpg 1024w, \/wp-content\/uploads\/sites\/5\/2020\/03\/Capacitacion-Centro-Civico-Covid-19-coronavirus-IGSS-2020-5-696x464.jpg 696w, \/wp-content\/uploads\/sites\/5\/2020\/03\/Capacitacion-Centro-Civico-Covid-19-coronavirus-IGSS-2020-5-1068x712.jpg 1068w, \/wp-content\/uploads\/sites\/5\/2020\/03\/Capacitacion-Centro-Civico-Covid-19-coronavirus-IGSS-2020-5-534x356.jpg 534w, \/wp-content\/uploads\/sites\/5\/2020\/03\/Capacitacion-Centro-Civico-Covid-19-coronavirus-IGSS-2020-5.jpg 1280w\" sizes=\"(max-width: 630px) 100vw, 630px\" alt=\"\">\r\n                            <\/a>\r\n                            \r\n                        <\/figure>\r\n                    <\/div>\r\n                    <div class = \"td-slide-item td-item2\">\r\n                        <figure class=\"td-slide-galery-figure td-slide-popup-gallery\">\r\n                            <a class=\"slide-gallery-image-link\" href=\"\/wp-content\/uploads\/sites\/5\/2020\/03\/Capacitacion-Centro-Civico-Covid-19-coronavirus-IGSS-2020-2.jpg\" title=\"Capacitacion Centro Civico Covid-19 coronavirus IGSS 2020-2\"  data-caption=\"\"  data-description=\"\">\r\n                                <img decoding=\"async\" src=\"\/wp-content\/uploads\/sites\/5\/2020\/03\/Capacitacion-Centro-Civico-Covid-19-coronavirus-IGSS-2020-2-630x420.jpg\" srcset=\"\/wp-content\/uploads\/sites\/5\/2020\/03\/Capacitacion-Centro-Civico-Covid-19-coronavirus-IGSS-2020-2-630x420.jpg 630w, \/wp-content\/uploads\/sites\/5\/2020\/03\/Capacitacion-Centro-Civico-Covid-19-coronavirus-IGSS-2020-2-300x200.jpg 300w, \/wp-content\/uploads\/sites\/5\/2020\/03\/Capacitacion-Centro-Civico-Covid-19-coronavirus-IGSS-2020-2-768x512.jpg 768w, \/wp-content\/uploads\/sites\/5\/2020\/03\/Capacitacion-Centro-Civico-Covid-19-coronavirus-IGSS-2020-2-1024x682.jpg 1024w, \/wp-content\/uploads\/sites\/5\/2020\/03\/Capacitacion-Centro-Civico-Covid-19-coronavirus-IGSS-2020-2-696x464.jpg 696w, \/wp-content\/uploads\/sites\/5\/2020\/03\/Capacitacion-Centro-Civico-Covid-19-coronavirus-IGSS-2020-2-1068x712.jpg 1068w, \/wp-content\/uploads\/sites\/5\/2020\/03\/Capacitacion-Centro-Civico-Covid-19-coronavirus-IGSS-2020-2-534x356.jpg 534w, \/wp-content\/uploads\/sites\/5\/2020\/03\/Capacitacion-Centro-Civico-Covid-19-coronavirus-IGSS-2020-2.jpg 1280w\" sizes=\"(max-width: 630px) 100vw, 630px\" alt=\"\">\r\n                            <\/a>\r\n                            \r\n                        <\/figure>\r\n                    <\/div>\r\n                    <div class = \"td-slide-item td-item3\">\r\n                        <figure class=\"td-slide-galery-figure td-slide-popup-gallery\">\r\n                            <a class=\"slide-gallery-image-link\" href=\"\/wp-content\/uploads\/sites\/5\/2020\/03\/Capacitacion-Centro-Civico-Covid-19-coronavirus-IGSS-2020-1.jpg\" title=\"Capacitacion Centro Civico Covid-19 coronavirus IGSS 2020-1\"  data-caption=\"\"  data-description=\"\">\r\n                                <img decoding=\"async\" src=\"\/wp-content\/uploads\/sites\/5\/2020\/03\/Capacitacion-Centro-Civico-Covid-19-coronavirus-IGSS-2020-1-630x420.jpg\" srcset=\"\/wp-content\/uploads\/sites\/5\/2020\/03\/Capacitacion-Centro-Civico-Covid-19-coronavirus-IGSS-2020-1-630x420.jpg 630w, \/wp-content\/uploads\/sites\/5\/2020\/03\/Capacitacion-Centro-Civico-Covid-19-coronavirus-IGSS-2020-1-300x200.jpg 300w, \/wp-content\/uploads\/sites\/5\/2020\/03\/Capacitacion-Centro-Civico-Covid-19-coronavirus-IGSS-2020-1-768x512.jpg 768w, \/wp-content\/uploads\/sites\/5\/2020\/03\/Capacitacion-Centro-Civico-Covid-19-coronavirus-IGSS-2020-1-1024x682.jpg 1024w, \/wp-content\/uploads\/sites\/5\/2020\/03\/Capacitacion-Centro-Civico-Covid-19-coronavirus-IGSS-2020-1-696x464.jpg 696w, \/wp-content\/uploads\/sites\/5\/2020\/03\/Capacitacion-Centro-Civico-Covid-19-coronavirus-IGSS-2020-1-1068x712.jpg 1068w, \/wp-content\/uploads\/sites\/5\/2020\/03\/Capacitacion-Centro-Civico-Covid-19-coronavirus-IGSS-2020-1-534x356.jpg 534w, \/wp-content\/uploads\/sites\/5\/2020\/03\/Capacitacion-Centro-Civico-Covid-19-coronavirus-IGSS-2020-1.jpg 1280w\" sizes=\"(max-width: 630px) 100vw, 630px\" alt=\"\">\r\n                            <\/a>\r\n                            \r\n                        <\/figure>\r\n                    <\/div>\r\n                    <div class = \"td-slide-item td-item4\">\r\n                        <figure class=\"td-slide-galery-figure td-slide-popup-gallery\">\r\n                            <a class=\"slide-gallery-image-link\" href=\"\/wp-content\/uploads\/sites\/5\/2020\/03\/Capacitacion-Centro-Civico-Covid-19-coronavirus-IGSS-2020-3.jpg\" title=\"Capacitacion Centro Civico Covid-19 coronavirus IGSS 2020-3\"  data-caption=\"\"  data-description=\"\">\r\n                                <img decoding=\"async\" src=\"\/wp-content\/uploads\/sites\/5\/2020\/03\/Capacitacion-Centro-Civico-Covid-19-coronavirus-IGSS-2020-3-630x420.jpg\" srcset=\"\/wp-content\/uploads\/sites\/5\/2020\/03\/Capacitacion-Centro-Civico-Covid-19-coronavirus-IGSS-2020-3-630x420.jpg 630w, \/wp-content\/uploads\/sites\/5\/2020\/03\/Capacitacion-Centro-Civico-Covid-19-coronavirus-IGSS-2020-3-300x200.jpg 300w, \/wp-content\/uploads\/sites\/5\/2020\/03\/Capacitacion-Centro-Civico-Covid-19-coronavirus-IGSS-2020-3-768x512.jpg 768w, \/wp-content\/uploads\/sites\/5\/2020\/03\/Capacitacion-Centro-Civico-Covid-19-coronavirus-IGSS-2020-3-1024x682.jpg 1024w, \/wp-content\/uploads\/sites\/5\/2020\/03\/Capacitacion-Centro-Civico-Covid-19-coronavirus-IGSS-2020-3-696x464.jpg 696w, \/wp-content\/uploads\/sites\/5\/2020\/03\/Capacitacion-Centro-Civico-Covid-19-coronavirus-IGSS-2020-3-1068x712.jpg 1068w, \/wp-content\/uploads\/sites\/5\/2020\/03\/Capacitacion-Centro-Civico-Covid-19-coronavirus-IGSS-2020-3-534x356.jpg 534w, \/wp-content\/uploads\/sites\/5\/2020\/03\/Capacitacion-Centro-Civico-Covid-19-coronavirus-IGSS-2020-3.jpg 1280w\" sizes=\"(max-width: 630px) 100vw, 630px\" alt=\"\">\r\n                            <\/a>\r\n                            \r\n                        <\/figure>\r\n                    <\/div>\r\n                    <div class = \"td-slide-item td-item5\">\r\n                        <figure class=\"td-slide-galery-figure td-slide-popup-gallery\">\r\n                            <a class=\"slide-gallery-image-link\" href=\"\/wp-content\/uploads\/sites\/5\/2020\/03\/Capacitacion-Centro-Civico-Covid-19-coronavirus-IGSS-2020-4.jpg\" title=\"Capacitacion Centro Civico Covid-19 coronavirus IGSS 2020-4\"  data-caption=\"\"  data-description=\"\">\r\n                                <img decoding=\"async\" src=\"\/wp-content\/uploads\/sites\/5\/2020\/03\/Capacitacion-Centro-Civico-Covid-19-coronavirus-IGSS-2020-4-593x420.jpg\" srcset=\"\/wp-content\/uploads\/sites\/5\/2020\/03\/Capacitacion-Centro-Civico-Covid-19-coronavirus-IGSS-2020-4-593x420.jpg 593w, \/wp-content\/uploads\/sites\/5\/2020\/03\/Capacitacion-Centro-Civico-Covid-19-coronavirus-IGSS-2020-4-300x213.jpg 300w, \/wp-content\/uploads\/sites\/5\/2020\/03\/Capacitacion-Centro-Civico-Covid-19-coronavirus-IGSS-2020-4-768x544.jpg 768w, \/wp-content\/uploads\/sites\/5\/2020\/03\/Capacitacion-Centro-Civico-Covid-19-coronavirus-IGSS-2020-4-1024x726.jpg 1024w, \/wp-content\/uploads\/sites\/5\/2020\/03\/Capacitacion-Centro-Civico-Covid-19-coronavirus-IGSS-2020-4-696x493.jpg 696w, \/wp-content\/uploads\/sites\/5\/2020\/03\/Capacitacion-Centro-Civico-Covid-19-coronavirus-IGSS-2020-4-1068x757.jpg 1068w, \/wp-content\/uploads\/sites\/5\/2020\/03\/Capacitacion-Centro-Civico-Covid-19-coronavirus-IGSS-2020-4-100x70.jpg 100w, \/wp-content\/uploads\/sites\/5\/2020\/03\/Capacitacion-Centro-Civico-Covid-19-coronavirus-IGSS-2020-4-534x378.jpg 534w, \/wp-content\/uploads\/sites\/5\/2020\/03\/Capacitacion-Centro-Civico-Covid-19-coronavirus-IGSS-2020-4.jpg 1280w\" sizes=\"(max-width: 593px) 100vw, 593px\" alt=\"\">\r\n                            <\/a>\r\n                            \r\n                        <\/figure>\r\n                    <\/div>\r\n                    <div class = \"td-slide-item td-item6\">\r\n                        <figure class=\"td-slide-galery-figure td-slide-popup-gallery\">\r\n                            <a class=\"slide-gallery-image-link\" href=\"\/wp-content\/uploads\/sites\/5\/2020\/03\/Capacitacion-Centro-Civico-Covid-19-coronavirus-IGSS-2020-6.jpg\" title=\"Capacitacion Centro Civico Covid-19 coronavirus IGSS 2020-6\"  data-caption=\"\"  data-description=\"\">\r\n                                <img decoding=\"async\" src=\"\/wp-content\/uploads\/sites\/5\/2020\/03\/Capacitacion-Centro-Civico-Covid-19-coronavirus-IGSS-2020-6-630x420.jpg\" srcset=\"\/wp-content\/uploads\/sites\/5\/2020\/03\/Capacitacion-Centro-Civico-Covid-19-coronavirus-IGSS-2020-6-630x420.jpg 630w, \/wp-content\/uploads\/sites\/5\/2020\/03\/Capacitacion-Centro-Civico-Covid-19-coronavirus-IGSS-2020-6-300x200.jpg 300w, \/wp-content\/uploads\/sites\/5\/2020\/03\/Capacitacion-Centro-Civico-Covid-19-coronavirus-IGSS-2020-6-768x512.jpg 768w, \/wp-content\/uploads\/sites\/5\/2020\/03\/Capacitacion-Centro-Civico-Covid-19-coronavirus-IGSS-2020-6-1024x682.jpg 1024w, \/wp-content\/uploads\/sites\/5\/2020\/03\/Capacitacion-Centro-Civico-Covid-19-coronavirus-IGSS-2020-6-696x464.jpg 696w, \/wp-content\/uploads\/sites\/5\/2020\/03\/Capacitacion-Centro-Civico-Covid-19-coronavirus-IGSS-2020-6-1068x712.jpg 1068w, \/wp-content\/uploads\/sites\/5\/2020\/03\/Capacitacion-Centro-Civico-Covid-19-coronavirus-IGSS-2020-6-534x356.jpg 534w, \/wp-content\/uploads\/sites\/5\/2020\/03\/Capacitacion-Centro-Civico-Covid-19-coronavirus-IGSS-2020-6.jpg 1280w\" sizes=\"(max-width: 630px) 100vw, 630px\" alt=\"\">\r\n                            <\/a>\r\n                            \r\n                        <\/figure>\r\n                    <\/div>\r\n                    <div class = \"td-slide-item td-item7\">\r\n                        <figure class=\"td-slide-galery-figure td-slide-popup-gallery\">\r\n                            <a class=\"slide-gallery-image-link\" href=\"\/wp-content\/uploads\/sites\/5\/2020\/03\/Capacitacion-Centro-Civico-Covid-19-coronavirus-IGSS-2020-7.jpg\" title=\"Capacitacion Centro Civico Covid-19 coronavirus IGSS 2020-7\"  data-caption=\"\"  data-description=\"\">\r\n                                <img decoding=\"async\" src=\"\/wp-content\/uploads\/sites\/5\/2020\/03\/Capacitacion-Centro-Civico-Covid-19-coronavirus-IGSS-2020-7-747x420.jpg\" srcset=\"\/wp-content\/uploads\/sites\/5\/2020\/03\/Capacitacion-Centro-Civico-Covid-19-coronavirus-IGSS-2020-7-747x420.jpg 747w, \/wp-content\/uploads\/sites\/5\/2020\/03\/Capacitacion-Centro-Civico-Covid-19-coronavirus-IGSS-2020-7-300x169.jpg 300w, \/wp-content\/uploads\/sites\/5\/2020\/03\/Capacitacion-Centro-Civico-Covid-19-coronavirus-IGSS-2020-7-768x432.jpg 768w, \/wp-content\/uploads\/sites\/5\/2020\/03\/Capacitacion-Centro-Civico-Covid-19-coronavirus-IGSS-2020-7-1024x576.jpg 1024w, \/wp-content\/uploads\/sites\/5\/2020\/03\/Capacitacion-Centro-Civico-Covid-19-coronavirus-IGSS-2020-7-696x392.jpg 696w, \/wp-content\/uploads\/sites\/5\/2020\/03\/Capacitacion-Centro-Civico-Covid-19-coronavirus-IGSS-2020-7-1068x601.jpg 1068w, \/wp-content\/uploads\/sites\/5\/2020\/03\/Capacitacion-Centro-Civico-Covid-19-coronavirus-IGSS-2020-7-534x300.jpg 534w, \/wp-content\/uploads\/sites\/5\/2020\/03\/Capacitacion-Centro-Civico-Covid-19-coronavirus-IGSS-2020-7.jpg 1280w\" sizes=\"(max-width: 747px) 100vw, 747px\" alt=\"\">\r\n                            <\/a>\r\n                            \r\n                        <\/figure>\r\n                    <\/div>\r\n                    <div class = \"td-slide-item td-item8\">\r\n                        <figure class=\"td-slide-galery-figure td-slide-popup-gallery\">\r\n                            <a class=\"slide-gallery-image-link\" href=\"\/wp-content\/uploads\/sites\/5\/2020\/03\/Capacitacion-Centro-Civico-Covid-19-coronavirus-IGSS-2020-8.jpg\" title=\"Capacitacion Centro Civico Covid-19 coronavirus IGSS 2020-8\"  data-caption=\"\"  data-description=\"\">\r\n                                <img decoding=\"async\" src=\"\/wp-content\/uploads\/sites\/5\/2020\/03\/Capacitacion-Centro-Civico-Covid-19-coronavirus-IGSS-2020-8-527x420.jpg\" srcset=\"\/wp-content\/uploads\/sites\/5\/2020\/03\/Capacitacion-Centro-Civico-Covid-19-coronavirus-IGSS-2020-8-527x420.jpg 527w, \/wp-content\/uploads\/sites\/5\/2020\/03\/Capacitacion-Centro-Civico-Covid-19-coronavirus-IGSS-2020-8-300x239.jpg 300w, \/wp-content\/uploads\/sites\/5\/2020\/03\/Capacitacion-Centro-Civico-Covid-19-coronavirus-IGSS-2020-8-768x612.jpg 768w, \/wp-content\/uploads\/sites\/5\/2020\/03\/Capacitacion-Centro-Civico-Covid-19-coronavirus-IGSS-2020-8-1024x816.jpg 1024w, \/wp-content\/uploads\/sites\/5\/2020\/03\/Capacitacion-Centro-Civico-Covid-19-coronavirus-IGSS-2020-8-696x555.jpg 696w, \/wp-content\/uploads\/sites\/5\/2020\/03\/Capacitacion-Centro-Civico-Covid-19-coronavirus-IGSS-2020-8-1068x851.jpg 1068w, \/wp-content\/uploads\/sites\/5\/2020\/03\/Capacitacion-Centro-Civico-Covid-19-coronavirus-IGSS-2020-8-534x426.jpg 534w, \/wp-content\/uploads\/sites\/5\/2020\/03\/Capacitacion-Centro-Civico-Covid-19-coronavirus-IGSS-2020-8.jpg 1280w\" sizes=\"(max-width: 527px) 100vw, 527px\" alt=\"\">\r\n                            <\/a>\r\n                            \r\n                        <\/figure>\r\n                    <\/div>\r\n                    <div class = \"td-slide-item td-item9\">\r\n                        <figure class=\"td-slide-galery-figure td-slide-popup-gallery\">\r\n                            <a class=\"slide-gallery-image-link\" href=\"\/wp-content\/uploads\/sites\/5\/2020\/03\/Capacitacion-Centro-Civico-Covid-19-coronavirus-IGSS-2020-9.jpg\" title=\"Capacitacion Centro Civico Covid-19 coronavirus IGSS 2020-9\"  data-caption=\"\"  data-description=\"\">\r\n                                <img decoding=\"async\" src=\"\/wp-content\/uploads\/sites\/5\/2020\/03\/Capacitacion-Centro-Civico-Covid-19-coronavirus-IGSS-2020-9-747x420.jpg\" srcset=\"\/wp-content\/uploads\/sites\/5\/2020\/03\/Capacitacion-Centro-Civico-Covid-19-coronavirus-IGSS-2020-9-747x420.jpg 747w, \/wp-content\/uploads\/sites\/5\/2020\/03\/Capacitacion-Centro-Civico-Covid-19-coronavirus-IGSS-2020-9-300x169.jpg 300w, \/wp-content\/uploads\/sites\/5\/2020\/03\/Capacitacion-Centro-Civico-Covid-19-coronavirus-IGSS-2020-9-768x432.jpg 768w, \/wp-content\/uploads\/sites\/5\/2020\/03\/Capacitacion-Centro-Civico-Covid-19-coronavirus-IGSS-2020-9-1024x576.jpg 1024w, \/wp-content\/uploads\/sites\/5\/2020\/03\/Capacitacion-Centro-Civico-Covid-19-coronavirus-IGSS-2020-9-696x392.jpg 696w, \/wp-content\/uploads\/sites\/5\/2020\/03\/Capacitacion-Centro-Civico-Covid-19-coronavirus-IGSS-2020-9-1068x601.jpg 1068w, \/wp-content\/uploads\/sites\/5\/2020\/03\/Capacitacion-Centro-Civico-Covid-19-coronavirus-IGSS-2020-9-534x300.jpg 534w, \/wp-content\/uploads\/sites\/5\/2020\/03\/Capacitacion-Centro-Civico-Covid-19-coronavirus-IGSS-2020-9.jpg 1280w\" sizes=\"(max-width: 747px) 100vw, 747px\" alt=\"\">\r\n                            <\/a>\r\n                            \r\n                        <\/figure>\r\n                    <\/div>\r\n                    <div class = \"td-slide-item td-item10\">\r\n                        <figure class=\"td-slide-galery-figure td-slide-popup-gallery\">\r\n                            <a class=\"slide-gallery-image-link\" href=\"\/wp-content\/uploads\/sites\/5\/2020\/03\/Capacitacion-Centro-Civico-Covid-19-coronavirus-IGSS-2020-10.jpg\" title=\"Capacitacion Centro Civico Covid-19 coronavirus IGSS 2020-10\"  data-caption=\"\"  data-description=\"\">\r\n                                <img decoding=\"async\" src=\"\/wp-content\/uploads\/sites\/5\/2020\/03\/Capacitacion-Centro-Civico-Covid-19-coronavirus-IGSS-2020-10-630x420.jpg\" srcset=\"\/wp-content\/uploads\/sites\/5\/2020\/03\/Capacitacion-Centro-Civico-Covid-19-coronavirus-IGSS-2020-10-630x420.jpg 630w, \/wp-content\/uploads\/sites\/5\/2020\/03\/Capacitacion-Centro-Civico-Covid-19-coronavirus-IGSS-2020-10-300x200.jpg 300w, \/wp-content\/uploads\/sites\/5\/2020\/03\/Capacitacion-Centro-Civico-Covid-19-coronavirus-IGSS-2020-10-768x512.jpg 768w, \/wp-content\/uploads\/sites\/5\/2020\/03\/Capacitacion-Centro-Civico-Covid-19-coronavirus-IGSS-2020-10-1024x682.jpg 1024w, \/wp-content\/uploads\/sites\/5\/2020\/03\/Capacitacion-Centro-Civico-Covid-19-coronavirus-IGSS-2020-10-696x464.jpg 696w, \/wp-content\/uploads\/sites\/5\/2020\/03\/Capacitacion-Centro-Civico-Covid-19-coronavirus-IGSS-2020-10-1068x712.jpg 1068w, \/wp-content\/uploads\/sites\/5\/2020\/03\/Capacitacion-Centro-Civico-Covid-19-coronavirus-IGSS-2020-10-534x356.jpg 534w, \/wp-content\/uploads\/sites\/5\/2020\/03\/Capacitacion-Centro-Civico-Covid-19-coronavirus-IGSS-2020-10.jpg 1280w\" sizes=\"(max-width: 630px) 100vw, 630px\" alt=\"\">\r\n                            <\/a>\r\n                            \r\n                        <\/figure>\r\n                    <\/div>\r\n                    <div class = \"td-slide-item td-item11\">\r\n                        <figure class=\"td-slide-galery-figure td-slide-popup-gallery\">\r\n                            <a class=\"slide-gallery-image-link\" href=\"\/wp-content\/uploads\/sites\/5\/2020\/03\/Capacitacion-Centro-Civico-Covid-19-coronavirus-IGSS-2020-11.jpg\" title=\"Capacitacion Centro Civico Covid-19 coronavirus IGSS 2020-11\"  data-caption=\"\"  data-description=\"\">\r\n                                <img decoding=\"async\" src=\"\/wp-content\/uploads\/sites\/5\/2020\/03\/Capacitacion-Centro-Civico-Covid-19-coronavirus-IGSS-2020-11-606x420.jpg\" srcset=\"\/wp-content\/uploads\/sites\/5\/2020\/03\/Capacitacion-Centro-Civico-Covid-19-coronavirus-IGSS-2020-11-606x420.jpg 606w, \/wp-content\/uploads\/sites\/5\/2020\/03\/Capacitacion-Centro-Civico-Covid-19-coronavirus-IGSS-2020-11-300x208.jpg 300w, \/wp-content\/uploads\/sites\/5\/2020\/03\/Capacitacion-Centro-Civico-Covid-19-coronavirus-IGSS-2020-11-768x533.jpg 768w, \/wp-content\/uploads\/sites\/5\/2020\/03\/Capacitacion-Centro-Civico-Covid-19-coronavirus-IGSS-2020-11-1024x710.jpg 1024w, \/wp-content\/uploads\/sites\/5\/2020\/03\/Capacitacion-Centro-Civico-Covid-19-coronavirus-IGSS-2020-11-1536x1065.jpg 1536w, \/wp-content\/uploads\/sites\/5\/2020\/03\/Capacitacion-Centro-Civico-Covid-19-coronavirus-IGSS-2020-11-218x150.jpg 218w, \/wp-content\/uploads\/sites\/5\/2020\/03\/Capacitacion-Centro-Civico-Covid-19-coronavirus-IGSS-2020-11-696x483.jpg 696w, \/wp-content\/uploads\/sites\/5\/2020\/03\/Capacitacion-Centro-Civico-Covid-19-coronavirus-IGSS-2020-11-1068x741.jpg 1068w, \/wp-content\/uploads\/sites\/5\/2020\/03\/Capacitacion-Centro-Civico-Covid-19-coronavirus-IGSS-2020-11-100x70.jpg 100w, \/wp-content\/uploads\/sites\/5\/2020\/03\/Capacitacion-Centro-Civico-Covid-19-coronavirus-IGSS-2020-11-534x370.jpg 534w, \/wp-content\/uploads\/sites\/5\/2020\/03\/Capacitacion-Centro-Civico-Covid-19-coronavirus-IGSS-2020-11.jpg 2048w\" sizes=\"(max-width: 606px) 100vw, 606px\" alt=\"\">\r\n                            <\/a>\r\n                            \r\n                        <\/figure>\r\n                    <\/div>\r\n                    <div class = \"td-slide-item td-item12\">\r\n                        <figure class=\"td-slide-galery-figure td-slide-popup-gallery\">\r\n                            <a class=\"slide-gallery-image-link\" href=\"\/wp-content\/uploads\/sites\/5\/2020\/03\/Capacitacion-Centro-Civico-Covid-19-coronavirus-IGSS-2020-12.jpeg\" title=\"Capacitacion Centro Civico Covid-19 coronavirus IGSS 2020-12\"  data-caption=\"\"  data-description=\"\">\r\n                                <img decoding=\"async\" src=\"\/wp-content\/uploads\/sites\/5\/2020\/03\/Capacitacion-Centro-Civico-Covid-19-coronavirus-IGSS-2020-12-727x420.jpeg\" srcset=\"\/wp-content\/uploads\/sites\/5\/2020\/03\/Capacitacion-Centro-Civico-Covid-19-coronavirus-IGSS-2020-12-727x420.jpeg 727w, \/wp-content\/uploads\/sites\/5\/2020\/03\/Capacitacion-Centro-Civico-Covid-19-coronavirus-IGSS-2020-12-300x173.jpeg 300w, \/wp-content\/uploads\/sites\/5\/2020\/03\/Capacitacion-Centro-Civico-Covid-19-coronavirus-IGSS-2020-12-768x443.jpeg 768w, \/wp-content\/uploads\/sites\/5\/2020\/03\/Capacitacion-Centro-Civico-Covid-19-coronavirus-IGSS-2020-12-1024x591.jpeg 1024w, \/wp-content\/uploads\/sites\/5\/2020\/03\/Capacitacion-Centro-Civico-Covid-19-coronavirus-IGSS-2020-12-696x402.jpeg 696w, \/wp-content\/uploads\/sites\/5\/2020\/03\/Capacitacion-Centro-Civico-Covid-19-coronavirus-IGSS-2020-12-1068x617.jpeg 1068w, \/wp-content\/uploads\/sites\/5\/2020\/03\/Capacitacion-Centro-Civico-Covid-19-coronavirus-IGSS-2020-12-534x308.jpeg 534w, \/wp-content\/uploads\/sites\/5\/2020\/03\/Capacitacion-Centro-Civico-Covid-19-coronavirus-IGSS-2020-12.jpeg 1247w\" sizes=\"(max-width: 727px) 100vw, 727px\" alt=\"\">\r\n                            <\/a>\r\n                            \r\n                        <\/figure>\r\n                    <\/div>\r\n                    <div class = \"td-slide-item td-item13\">\r\n                        <figure class=\"td-slide-galery-figure td-slide-popup-gallery\">\r\n                            <a class=\"slide-gallery-image-link\" href=\"\/wp-content\/uploads\/sites\/5\/2020\/03\/Capacitacion-Centro-Civico-Covid-19-coronavirus-IGSS-2020-13.jpeg\" title=\"Capacitacion Centro Civico Covid-19 coronavirus IGSS 2020-13\"  data-caption=\"\"  data-description=\"\">\r\n                                <img decoding=\"async\" src=\"\/wp-content\/uploads\/sites\/5\/2020\/03\/Capacitacion-Centro-Civico-Covid-19-coronavirus-IGSS-2020-13-521x420.jpeg\" srcset=\"\/wp-content\/uploads\/sites\/5\/2020\/03\/Capacitacion-Centro-Civico-Covid-19-coronavirus-IGSS-2020-13-521x420.jpeg 521w, \/wp-content\/uploads\/sites\/5\/2020\/03\/Capacitacion-Centro-Civico-Covid-19-coronavirus-IGSS-2020-13-300x242.jpeg 300w, \/wp-content\/uploads\/sites\/5\/2020\/03\/Capacitacion-Centro-Civico-Covid-19-coronavirus-IGSS-2020-13-768x619.jpeg 768w, \/wp-content\/uploads\/sites\/5\/2020\/03\/Capacitacion-Centro-Civico-Covid-19-coronavirus-IGSS-2020-13-1024x825.jpeg 1024w, \/wp-content\/uploads\/sites\/5\/2020\/03\/Capacitacion-Centro-Civico-Covid-19-coronavirus-IGSS-2020-13-696x561.jpeg 696w, \/wp-content\/uploads\/sites\/5\/2020\/03\/Capacitacion-Centro-Civico-Covid-19-coronavirus-IGSS-2020-13-1068x861.jpeg 1068w, \/wp-content\/uploads\/sites\/5\/2020\/03\/Capacitacion-Centro-Civico-Covid-19-coronavirus-IGSS-2020-13-534x430.jpeg 534w, \/wp-content\/uploads\/sites\/5\/2020\/03\/Capacitacion-Centro-Civico-Covid-19-coronavirus-IGSS-2020-13.jpeg 1268w\" sizes=\"(max-width: 521px) 100vw, 521px\" alt=\"\">\r\n                            <\/a>\r\n                            \r\n                        <\/figure>\r\n                    <\/div>\r\n                    <div class = \"td-slide-item td-item14\">\r\n                        <figure class=\"td-slide-galery-figure td-slide-popup-gallery\">\r\n                            <a class=\"slide-gallery-image-link\" href=\"\/wp-content\/uploads\/sites\/5\/2020\/03\/Capacitacion-Centro-Civico-Covid-19-coronavirus-IGSS-2020-14.jpeg\" title=\"Capacitacion Centro Civico Covid-19 coronavirus IGSS 2020-14\"  data-caption=\"\"  data-description=\"\">\r\n                                <img decoding=\"async\" src=\"\/wp-content\/uploads\/sites\/5\/2020\/03\/Capacitacion-Centro-Civico-Covid-19-coronavirus-IGSS-2020-14-501x420.jpeg\" srcset=\"\/wp-content\/uploads\/sites\/5\/2020\/03\/Capacitacion-Centro-Civico-Covid-19-coronavirus-IGSS-2020-14-501x420.jpeg 501w, \/wp-content\/uploads\/sites\/5\/2020\/03\/Capacitacion-Centro-Civico-Covid-19-coronavirus-IGSS-2020-14-300x251.jpeg 300w, \/wp-content\/uploads\/sites\/5\/2020\/03\/Capacitacion-Centro-Civico-Covid-19-coronavirus-IGSS-2020-14-768x644.jpeg 768w, \/wp-content\/uploads\/sites\/5\/2020\/03\/Capacitacion-Centro-Civico-Covid-19-coronavirus-IGSS-2020-14-1024x858.jpeg 1024w, \/wp-content\/uploads\/sites\/5\/2020\/03\/Capacitacion-Centro-Civico-Covid-19-coronavirus-IGSS-2020-14-696x583.jpeg 696w, \/wp-content\/uploads\/sites\/5\/2020\/03\/Capacitacion-Centro-Civico-Covid-19-coronavirus-IGSS-2020-14-1068x895.jpeg 1068w, \/wp-content\/uploads\/sites\/5\/2020\/03\/Capacitacion-Centro-Civico-Covid-19-coronavirus-IGSS-2020-14-534x448.jpeg 534w, \/wp-content\/uploads\/sites\/5\/2020\/03\/Capacitacion-Centro-Civico-Covid-19-coronavirus-IGSS-2020-14.jpeg 1280w\" sizes=\"(max-width: 501px) 100vw, 501px\" alt=\"\">\r\n                            <\/a>\r\n                            \r\n                        <\/figure>\r\n                    <\/div>\r\n                    <div class = \"td-slide-item td-item15\">\r\n                        <figure class=\"td-slide-galery-figure td-slide-popup-gallery\">\r\n                            <a class=\"slide-gallery-image-link\" href=\"\/wp-content\/uploads\/sites\/5\/2020\/03\/Capacitacion-Centro-Civico-Covid-19-coronavirus-IGSS-2020-15.jpeg\" title=\"Capacitacion Centro Civico Covid-19 coronavirus IGSS 2020-15\"  data-caption=\"\"  data-description=\"\">\r\n                                <img decoding=\"async\" src=\"\/wp-content\/uploads\/sites\/5\/2020\/03\/Capacitacion-Centro-Civico-Covid-19-coronavirus-IGSS-2020-15-574x420.jpeg\" srcset=\"\/wp-content\/uploads\/sites\/5\/2020\/03\/Capacitacion-Centro-Civico-Covid-19-coronavirus-IGSS-2020-15-574x420.jpeg 574w, \/wp-content\/uploads\/sites\/5\/2020\/03\/Capacitacion-Centro-Civico-Covid-19-coronavirus-IGSS-2020-15-300x220.jpeg 300w, \/wp-content\/uploads\/sites\/5\/2020\/03\/Capacitacion-Centro-Civico-Covid-19-coronavirus-IGSS-2020-15-768x562.jpeg 768w, \/wp-content\/uploads\/sites\/5\/2020\/03\/Capacitacion-Centro-Civico-Covid-19-coronavirus-IGSS-2020-15-1024x750.jpeg 1024w, \/wp-content\/uploads\/sites\/5\/2020\/03\/Capacitacion-Centro-Civico-Covid-19-coronavirus-IGSS-2020-15-80x60.jpeg 80w, \/wp-content\/uploads\/sites\/5\/2020\/03\/Capacitacion-Centro-Civico-Covid-19-coronavirus-IGSS-2020-15-696x509.jpeg 696w, \/wp-content\/uploads\/sites\/5\/2020\/03\/Capacitacion-Centro-Civico-Covid-19-coronavirus-IGSS-2020-15-1068x782.jpeg 1068w, \/wp-content\/uploads\/sites\/5\/2020\/03\/Capacitacion-Centro-Civico-Covid-19-coronavirus-IGSS-2020-15-534x391.jpeg 534w, \/wp-content\/uploads\/sites\/5\/2020\/03\/Capacitacion-Centro-Civico-Covid-19-coronavirus-IGSS-2020-15.jpeg 1280w\" sizes=\"(max-width: 574px) 100vw, 574px\" alt=\"\">\r\n                            <\/a>\r\n                            \r\n                        <\/figure>\r\n                    <\/div>\r\n                    <div class = \"td-slide-item td-item16\">\r\n                        <figure class=\"td-slide-galery-figure td-slide-popup-gallery\">\r\n                            <a class=\"slide-gallery-image-link\" href=\"\/wp-content\/uploads\/sites\/5\/2020\/03\/Capacitacion-Centro-Civico-Covid-19-coronavirus-IGSS-2020-16.jpeg\" title=\"Capacitacion Centro Civico Covid-19 coronavirus IGSS 2020-16\"  data-caption=\"\"  data-description=\"\">\r\n                                <img decoding=\"async\" src=\"\/wp-content\/uploads\/sites\/5\/2020\/03\/Capacitacion-Centro-Civico-Covid-19-coronavirus-IGSS-2020-16-630x420.jpeg\" srcset=\"\/wp-content\/uploads\/sites\/5\/2020\/03\/Capacitacion-Centro-Civico-Covid-19-coronavirus-IGSS-2020-16-630x420.jpeg 630w, \/wp-content\/uploads\/sites\/5\/2020\/03\/Capacitacion-Centro-Civico-Covid-19-coronavirus-IGSS-2020-16-300x200.jpeg 300w, \/wp-content\/uploads\/sites\/5\/2020\/03\/Capacitacion-Centro-Civico-Covid-19-coronavirus-IGSS-2020-16-768x512.jpeg 768w, \/wp-content\/uploads\/sites\/5\/2020\/03\/Capacitacion-Centro-Civico-Covid-19-coronavirus-IGSS-2020-16-1024x682.jpeg 1024w, \/wp-content\/uploads\/sites\/5\/2020\/03\/Capacitacion-Centro-Civico-Covid-19-coronavirus-IGSS-2020-16-696x464.jpeg 696w, \/wp-content\/uploads\/sites\/5\/2020\/03\/Capacitacion-Centro-Civico-Covid-19-coronavirus-IGSS-2020-16-1068x712.jpeg 1068w, \/wp-content\/uploads\/sites\/5\/2020\/03\/Capacitacion-Centro-Civico-Covid-19-coronavirus-IGSS-2020-16-534x356.jpeg 534w, \/wp-content\/uploads\/sites\/5\/2020\/03\/Capacitacion-Centro-Civico-Covid-19-coronavirus-IGSS-2020-16.jpeg 1280w\" sizes=\"(max-width: 630px) 100vw, 630px\" alt=\"\">\r\n                            <\/a>\r\n                            \r\n                        <\/figure>\r\n                    <\/div>\r\n                    <div class = \"td-slide-item td-item17\">\r\n                        <figure class=\"td-slide-galery-figure td-slide-popup-gallery\">\r\n                            <a class=\"slide-gallery-image-link\" href=\"\/wp-content\/uploads\/sites\/5\/2020\/03\/Capacitacion-Centro-Civico-Covid-19-coronavirus-IGSS-2020-17.jpeg\" title=\"Capacitacion Centro Civico Covid-19 coronavirus IGSS 2020-17\"  data-caption=\"\"  data-description=\"\">\r\n                                <img decoding=\"async\" src=\"\/wp-content\/uploads\/sites\/5\/2020\/03\/Capacitacion-Centro-Civico-Covid-19-coronavirus-IGSS-2020-17-560x420.jpeg\" srcset=\"\/wp-content\/uploads\/sites\/5\/2020\/03\/Capacitacion-Centro-Civico-Covid-19-coronavirus-IGSS-2020-17-560x420.jpeg 560w, \/wp-content\/uploads\/sites\/5\/2020\/03\/Capacitacion-Centro-Civico-Covid-19-coronavirus-IGSS-2020-17-300x225.jpeg 300w, \/wp-content\/uploads\/sites\/5\/2020\/03\/Capacitacion-Centro-Civico-Covid-19-coronavirus-IGSS-2020-17-768x576.jpeg 768w, \/wp-content\/uploads\/sites\/5\/2020\/03\/Capacitacion-Centro-Civico-Covid-19-coronavirus-IGSS-2020-17-1024x768.jpeg 1024w, \/wp-content\/uploads\/sites\/5\/2020\/03\/Capacitacion-Centro-Civico-Covid-19-coronavirus-IGSS-2020-17-1536x1152.jpeg 1536w, \/wp-content\/uploads\/sites\/5\/2020\/03\/Capacitacion-Centro-Civico-Covid-19-coronavirus-IGSS-2020-17-80x60.jpeg 80w, \/wp-content\/uploads\/sites\/5\/2020\/03\/Capacitacion-Centro-Civico-Covid-19-coronavirus-IGSS-2020-17-696x522.jpeg 696w, \/wp-content\/uploads\/sites\/5\/2020\/03\/Capacitacion-Centro-Civico-Covid-19-coronavirus-IGSS-2020-17-1068x801.jpeg 1068w, \/wp-content\/uploads\/sites\/5\/2020\/03\/Capacitacion-Centro-Civico-Covid-19-coronavirus-IGSS-2020-17-265x198.jpeg 265w, \/wp-content\/uploads\/sites\/5\/2020\/03\/Capacitacion-Centro-Civico-Covid-19-coronavirus-IGSS-2020-17-534x401.jpeg 534w, \/wp-content\/uploads\/sites\/5\/2020\/03\/Capacitacion-Centro-Civico-Covid-19-coronavirus-IGSS-2020-17.jpeg 2048w\" sizes=\"(max-width: 560px) 100vw, 560px\" alt=\"\">\r\n                            <\/a>\r\n                            \r\n                        <\/figure>\r\n                    <\/div>\r\n                            <\/div>\r\n                        <\/div>\r\n\r\n                        <div class = \"td-doubleSlider-2\">\r\n                            <div class = \"td-slider\">\r\n                                \r\n                    <div class = \"td-button td-item1\">\r\n                        <div class = \"td-border\"><\/div>\r\n                    <\/div>\r\n                    <div class = \"td-button td-item2\">\r\n                        <div class = \"td-border\"><\/div>\r\n                    <\/div>\r\n                    <div class = \"td-button td-item3\">\r\n                        <div class = \"td-border\"><\/div>\r\n                    <\/div>\r\n                    <div class = \"td-button td-item4\">\r\n                        <div class = \"td-border\"><\/div>\r\n                    <\/div>\r\n                    <div class = \"td-button td-item5\">\r\n                        <div class = \"td-border\"><\/div>\r\n                    <\/div>\r\n                    <div class = \"td-button td-item6\">\r\n                        <div class = \"td-border\"><\/div>\r\n                    <\/div>\r\n                    <div class = \"td-button td-item7\">\r\n                        <div class = \"td-border\"><\/div>\r\n                    <\/div>\r\n                    <div class = \"td-button td-item8\">\r\n                        <div class = \"td-border\"><\/div>\r\n                    <\/div>\r\n                    <div class = \"td-button td-item9\">\r\n                        <div class = \"td-border\"><\/div>\r\n                    <\/div>\r\n                    <div class = \"td-button td-item10\">\r\n                        <div class = \"td-border\"><\/div>\r\n                    <\/div>\r\n                    <div class = \"td-button td-item11\">\r\n                        <div class = \"td-border\"><\/div>\r\n                    <\/div>\r\n                    <div class = \"td-button td-item12\">\r\n                        <div class = \"td-border\"><\/div>\r\n                    <\/div>\r\n                    <div class = \"td-button td-item13\">\r\n                        <div class = \"td-border\"><\/div>\r\n                    <\/div>\r\n                    <div class = \"td-button td-item14\">\r\n                        <div class = \"td-border\"><\/div>\r\n                    <\/div>\r\n                    <div class = \"td-button td-item15\">\r\n                        <div class = \"td-border\"><\/div>\r\n                    <\/div>\r\n                    <div class = \"td-button td-item16\">\r\n                        <div class = \"td-border\"><\/div>\r\n                    <\/div>\r\n                    <div class = \"td-button td-item17\">\r\n                        <div class = \"td-border\"><\/div>\r\n                    <\/div>\r\n                            <\/div>\r\n                        <\/div>\r\n\r\n                    <\/div>\r\n\r\n                <\/div>\r\n                \n","protected":false},"excerpt":{"rendered":"<p>M\u00e1s de 300 personas entre funcionarios y trabajadores de las 11 instituciones que forman parte del Centro C\u00edvico participaron este lunes en la capacitaci\u00f3n denominada Plan Institucional de Prevenci\u00f3n y Respuesta R\u00e1pida ante el coronavirus COVID-19, impartida por el Departamento de Medicina Preventiva y la Secci\u00f3n de Epidemiolog\u00eda del IGSS. \u201cQui\u00e9n no conoce a su [&hellip;]<\/p>\n","protected":false},"author":4,"featured_media":16367,"comment_status":"open","ping_status":"open","sticky":false,"template":"","format":"standard","meta":{"footnotes":""},"categories":[3,1170,15,16,17,29],"tags":[1154,1152,1155,324,411,490,1181,1171],"coauthors":[881],"class_list":{"0":"post-16366","1":"post","2":"type-post","3":"status-publish","4":"format-standard","5":"has-post-thumbnail","7":"category-actualidad","8":"category-covid-19","9":"category-destacado","10":"category-featured","11":"category-formacion-y-desarrollo","12":"category-publicaciones","13":"tag-centro-civico","14":"tag-coronavirus","15":"tag-covid-19","16":"tag-dr-oscar-donis","17":"tag-epidemiologia-igss","18":"tag-igss","19":"tag-igss-notas-covid-19","20":"tag-noticias-covid-19"},"_links":{"self":[{"href":"https:\/\/www.igssgt.org\/noticias\/wp-json\/wp\/v2\/posts\/16366","targetHints":{"allow":["GET"]}}],"collection":[{"href":"https:\/\/www.igssgt.org\/noticias\/wp-json\/wp\/v2\/posts"}],"about":[{"href":"https:\/\/www.igssgt.org\/noticias\/wp-json\/wp\/v2\/types\/post"}],"author":[{"embeddable":true,"href":"https:\/\/www.igssgt.org\/noticias\/wp-json\/wp\/v2\/users\/4"}],"replies":[{"embeddable":true,"href":"https:\/\/www.igssgt.org\/noticias\/wp-json\/wp\/v2\/comments?post=16366"}],"version-history":[{"count":3,"href":"https:\/\/www.igssgt.org\/noticias\/wp-json\/wp\/v2\/posts\/16366\/revisions"}],"predecessor-version":[{"id":16445,"href":"https:\/\/www.igssgt.org\/noticias\/wp-json\/wp\/v2\/posts\/16366\/revisions\/16445"}],"wp:featuredmedia":[{"embeddable":true,"href":"https:\/\/www.igssgt.org\/noticias\/wp-json\/wp\/v2\/media\/16367"}],"wp:attachment":[{"href":"https:\/\/www.igssgt.org\/noticias\/wp-json\/wp\/v2\/media?parent=16366"}],"wp:term":[{"taxonomy":"category","embeddable":true,"href":"https:\/\/www.igssgt.org\/noticias\/wp-json\/wp\/v2\/categories?post=16366"},{"taxonomy":"post_tag","embeddable":true,"href":"https:\/\/www.igssgt.org\/noticias\/wp-json\/wp\/v2\/tags?post=16366"},{"taxonomy":"author","embeddable":true,"href":"https:\/\/www.igssgt.org\/noticias\/wp-json\/wp\/v2\/coauthors?post=16366"}],"curies":[{"name":"wp","href":"https:\/\/api.w.org\/{rel}","templated":true}]}}