{"id":16422,"date":"2020-03-04T16:05:00","date_gmt":"2020-03-04T22:05:00","guid":{"rendered":"https:\/\/www.igssgt.org\/noticias\/?p=16422"},"modified":"2025-10-21T15:44:29","modified_gmt":"2025-10-21T21:44:29","slug":"el-igss-intensifica-jornadas-de-capacitacion-al-sector-publico-y-empresarial-para-prevenir-el-covid-19","status":"publish","type":"post","link":"https:\/\/www.igssgt.org\/noticias\/2020\/03\/04\/el-igss-intensifica-jornadas-de-capacitacion-al-sector-publico-y-empresarial-para-prevenir-el-covid-19\/","title":{"rendered":"El IGSS intensifica jornadas de capacitaci\u00f3n al sector p\u00fablico y empresarial para prevenir el COVID-19"},"content":{"rendered":"\n<p>Especialistas de la Subgerencia de Prestaciones en Salud&nbsp; del Instituto Guatemalteco de Seguridad Social (IGSS), bajo las directrices del Ministerio de Salud P\u00fablica y Asistencia Social, intensificaron sus jornadas de capacitaci\u00f3n a nivel nacional, en esta ocasi\u00f3n se dirigieron a representantes de empresas que integran el Sistema de Atenci\u00f3n M\u00e9dica del Programa de Cl\u00ednicas de Empresa sobre las medidas de prevenci\u00f3n del coronavirus Covid-19.<\/p>\n<p>A esta actividad asistieron m\u00e1s de 60 personas entre m\u00e9dicos y gerentes que escucharon lo expuesto por el doctor Oscar Donis, jefe de la Secci\u00f3n de Epidemiologia del Seguro Social, quien les explic\u00f3 la situaci\u00f3n actual del COVID-19, y que oficialmente se tiene establecido que el per\u00edodo de incubaci\u00f3n del COVID-19 es de 14 d\u00edas, siendo las personas m\u00e1s vulnerables los adultos mayores y las personas que padecen enfermedades catastr\u00f3ficas como la hipertensi\u00f3n, diabetes y el asma, entre otras.<\/p>\n<figure id=\"attachment_16431\" aria-describedby=\"caption-attachment-16431\" style=\"width: 303px\" class=\"wp-caption alignleft\"><a href=\"\/wp-content\/uploads\/sites\/5\/2020\/03\/Capacitacion-IGSS-clinicas-empresa-covid19-coronavirus-20209.jpg\"><img loading=\"lazy\" decoding=\"async\" class=\"wp-image-16431\" src=\"\/wp-content\/uploads\/sites\/5\/2020\/03\/Capacitacion-IGSS-clinicas-empresa-covid19-coronavirus-20209.jpg\" alt=\"\" width=\"303\" height=\"202\" srcset=\"\/wp-content\/uploads\/sites\/5\/2020\/03\/Capacitacion-IGSS-clinicas-empresa-covid19-coronavirus-20209.jpg 1280w, \/wp-content\/uploads\/sites\/5\/2020\/03\/Capacitacion-IGSS-clinicas-empresa-covid19-coronavirus-20209-300x200.jpg 300w, \/wp-content\/uploads\/sites\/5\/2020\/03\/Capacitacion-IGSS-clinicas-empresa-covid19-coronavirus-20209-768x512.jpg 768w, \/wp-content\/uploads\/sites\/5\/2020\/03\/Capacitacion-IGSS-clinicas-empresa-covid19-coronavirus-20209-1024x682.jpg 1024w, \/wp-content\/uploads\/sites\/5\/2020\/03\/Capacitacion-IGSS-clinicas-empresa-covid19-coronavirus-20209-630x420.jpg 630w, \/wp-content\/uploads\/sites\/5\/2020\/03\/Capacitacion-IGSS-clinicas-empresa-covid19-coronavirus-20209-696x464.jpg 696w, \/wp-content\/uploads\/sites\/5\/2020\/03\/Capacitacion-IGSS-clinicas-empresa-covid19-coronavirus-20209-1068x712.jpg 1068w, \/wp-content\/uploads\/sites\/5\/2020\/03\/Capacitacion-IGSS-clinicas-empresa-covid19-coronavirus-20209-534x356.jpg 534w\" sizes=\"auto, (max-width: 303px) 100vw, 303px\" \/><\/a><figcaption id=\"caption-attachment-16431\" class=\"wp-caption-text\">Dr. Edwin Cambranes.<\/figcaption><\/figure>\n<p>El doctor Edwin Cambranes, jefe de del Departamento de Medicina Preventiva, destac\u00f3 que esta capacitaci\u00f3n es de suma importancia, pues se proporciona la informaci\u00f3n&nbsp; necesaria acerca de esta nueva cepa del coronavirus y la amenaza latente que esta enfermedad pueda ingresar al pa\u00eds, por lo que los empresarios deben socializar esta capacitaci\u00f3n entre sus trabajadores para tomar las acciones de prevenci\u00f3n necesarias.<\/p>\n<p>Durante el evento fueron entregados materiales como bifoliares y carteles con informaci\u00f3n acerca de c\u00f3mo prevenir el coronavirus COVID-19 para que sean ubicados en lugares visibles de las empresas y as\u00ed trasladar esa informaci\u00f3n a todo el personal que labora en estos centros de trabajo y replicado en sus familias.<\/p>\n<p>El Instituto mantiene una campa\u00f1a masiva de informaci\u00f3n a trav\u00e9s de diferentes materiales y capacitaciones dirigidas tanto a sus trabajadores como a representantes de las instituciones del Estado y de la iniciativa privada que as\u00ed lo requieran, por lo que se beneficia a centenares de trabajadores y sus familias.<strong>&nbsp;<\/strong><\/p>\n<h3><strong>Cl\u00ednicas de Empresa<\/strong><\/h3>\n<p>Las Cl\u00ednicas de Empresa&nbsp; son una alianza p\u00fablica-privada impulsada&nbsp; por el IGSS en el a\u00f1o 2017 con el fin de que los&nbsp; trabajadores afiliados tengan una atenci\u00f3n m\u00e9dica personalizada,&nbsp; oportuna, con calidad y calidez en sus centros de trabajo y obtengan medicina sin costo.<\/p>\n<p>Entre los beneficios est\u00e1 que el IGSS lleva los servicios m\u00e1s cerca de los trabajadores y&nbsp; los derechohabientes enfermos para que no tengan que&nbsp; movilizarse a otro lado, lo cual significa ahorro de tiempo. En el caso de los pacientes con enfermedades cr\u00f3nicas que requieran atenci\u00f3n especializada ser\u00e1n trasladados a la unidad correspondiente.<\/p>\n\n\n\n\r\n                <style type=\"text\/css\">\r\n                    \r\n                    #tdi_1  .td-doubleSlider-2 .td-item1 {\r\n                        background: url(\/wp-content\/uploads\/sites\/5\/2020\/03\/Capacitacion-IGSS-clinicas-empresa-covid19-coronavirus-20205-80x60.jpg) 0 0 no-repeat;\r\n                    }\r\n                    #tdi_1  .td-doubleSlider-2 .td-item2 {\r\n                        background: url(\/wp-content\/uploads\/sites\/5\/2020\/03\/Capacitacion-IGSS-clinicas-empresa-covid19-coronavirus-20201-80x60.jpg) 0 0 no-repeat;\r\n                    }\r\n                    #tdi_1  .td-doubleSlider-2 .td-item3 {\r\n                        background: url(\/wp-content\/uploads\/sites\/5\/2020\/03\/Capacitacion-IGSS-clinicas-empresa-covid19-coronavirus-20202-80x60.jpg) 0 0 no-repeat;\r\n                    }\r\n                    #tdi_1  .td-doubleSlider-2 .td-item4 {\r\n                        background: url(\/wp-content\/uploads\/sites\/5\/2020\/03\/Capacitacion-IGSS-clinicas-empresa-covid19-coronavirus-20203-80x60.jpg) 0 0 no-repeat;\r\n                    }\r\n                    #tdi_1  .td-doubleSlider-2 .td-item5 {\r\n                        background: url(\/wp-content\/uploads\/sites\/5\/2020\/03\/Capacitacion-IGSS-clinicas-empresa-covid19-coronavirus-20204-80x60.jpg) 0 0 no-repeat;\r\n                    }\r\n                    #tdi_1  .td-doubleSlider-2 .td-item6 {\r\n                        background: url(\/wp-content\/uploads\/sites\/5\/2020\/03\/Capacitacion-IGSS-clinicas-empresa-covid19-coronavirus-20206-80x60.jpg) 0 0 no-repeat;\r\n                    }\r\n                    #tdi_1  .td-doubleSlider-2 .td-item7 {\r\n                        background: url(\/wp-content\/uploads\/sites\/5\/2020\/03\/Capacitacion-IGSS-clinicas-empresa-covid19-coronavirus-20207-80x60.jpg) 0 0 no-repeat;\r\n                    }\r\n                    #tdi_1  .td-doubleSlider-2 .td-item8 {\r\n                        background: url(\/wp-content\/uploads\/sites\/5\/2020\/03\/Capacitacion-IGSS-clinicas-empresa-covid19-coronavirus-20208-80x60.jpg) 0 0 no-repeat;\r\n                    }\r\n                    #tdi_1  .td-doubleSlider-2 .td-item9 {\r\n                        background: url(\/wp-content\/uploads\/sites\/5\/2020\/03\/Capacitacion-IGSS-clinicas-empresa-covid19-coronavirus-20209-80x60.jpg) 0 0 no-repeat;\r\n                    }\r\n                    #tdi_1  .td-doubleSlider-2 .td-item10 {\r\n                        background: url(\/wp-content\/uploads\/sites\/5\/2020\/03\/Capacitacion-IGSS-clinicas-empresa-covid19-coronavirus-202010-80x60.jpg) 0 0 no-repeat;\r\n                    }\r\n                    #tdi_1  .td-doubleSlider-2 .td-item11 {\r\n                        background: url(\/wp-content\/uploads\/sites\/5\/2020\/03\/Capacitacion-IGSS-clinicas-empresa-covid19-coronavirus-202011-80x60.jpeg) 0 0 no-repeat;\r\n                    }\r\n                    #tdi_1  .td-doubleSlider-2 .td-item12 {\r\n                        background: url(\/wp-content\/uploads\/sites\/5\/2020\/03\/Capacitacion-IGSS-clinicas-empresa-covid19-coronavirus-202012-80x60.jpeg) 0 0 no-repeat;\r\n                    }\r\n                    #tdi_1  .td-doubleSlider-2 .td-item13 {\r\n                        background: url(\/wp-content\/uploads\/sites\/5\/2020\/03\/Capacitacion-IGSS-clinicas-empresa-covid19-coronavirus-202013-80x60.jpeg) 0 0 no-repeat;\r\n                    }\r\n                    #tdi_1  .td-doubleSlider-2 .td-item14 {\r\n                        background: url(\/wp-content\/uploads\/sites\/5\/2020\/03\/Capacitacion-IGSS-clinicas-empresa-covid19-coronavirus-202014-80x60.jpeg) 0 0 no-repeat;\r\n                    }\r\n                    #tdi_1  .td-doubleSlider-2 .td-item15 {\r\n                        background: url(\/wp-content\/uploads\/sites\/5\/2020\/03\/Capacitacion-IGSS-clinicas-empresa-covid19-coronavirus-202015-80x60.jpeg) 0 0 no-repeat;\r\n                    }\r\n                    #tdi_1  .td-doubleSlider-2 .td-item16 {\r\n                        background: url(\/wp-content\/uploads\/sites\/5\/2020\/03\/Capacitacion-IGSS-clinicas-empresa-covid19-coronavirus-202016-80x60.jpeg) 0 0 no-repeat;\r\n                    }\r\n                    #tdi_1  .td-doubleSlider-2 .td-item17 {\r\n                        background: url(\/wp-content\/uploads\/sites\/5\/2020\/03\/Capacitacion-IGSS-clinicas-empresa-covid19-coronavirus-202017-80x60.jpg) 0 0 no-repeat;\r\n                    }\r\n                <\/style>\r\n\r\n                <div id=\"tdi_1\" class=\"td-gallery td-slide-on-2-columns\">\r\n                    <div class=\"post_td_gallery\">\r\n                        <div class=\"td-gallery-slide-top\">\r\n                           <div class=\"td-gallery-title\">Galer\u00eda de Im\u00e1genes<\/div>\r\n\r\n                            <div class=\"td-gallery-controls-wrapper\">\r\n                                <div class=\"td-gallery-slide-count\"><span class=\"td-gallery-slide-item-focus\">1<\/span> de 17<\/div>\r\n                                <div class=\"td-gallery-slide-prev-next-but\">\r\n                                    <i class = \"td-icon-left doubleSliderPrevButton\"><\/i>\r\n                                    <i class = \"td-icon-right doubleSliderNextButton\"><\/i>\r\n                                <\/div>\r\n                            <\/div>\r\n                        <\/div>\r\n\r\n                        <div class = \"td-doubleSlider-1 \">\r\n                            <div class = \"td-slider\">\r\n                                \r\n                    <div class = \"td-slide-item td-item1\">\r\n                        <figure class=\"td-slide-galery-figure td-slide-popup-gallery\">\r\n                            <a class=\"slide-gallery-image-link\" href=\"\/wp-content\/uploads\/sites\/5\/2020\/03\/Capacitacion-IGSS-clinicas-empresa-covid19-coronavirus-20205.jpg\" title=\"Capacitacion IGSS clinicas empresa covid19 coronavirus 20205\"  data-caption=\"\"  data-description=\"\">\r\n                                <img decoding=\"async\" src=\"\/wp-content\/uploads\/sites\/5\/2020\/03\/Capacitacion-IGSS-clinicas-empresa-covid19-coronavirus-20205-630x420.jpg\" srcset=\"\/wp-content\/uploads\/sites\/5\/2020\/03\/Capacitacion-IGSS-clinicas-empresa-covid19-coronavirus-20205-630x420.jpg 630w, \/wp-content\/uploads\/sites\/5\/2020\/03\/Capacitacion-IGSS-clinicas-empresa-covid19-coronavirus-20205-300x200.jpg 300w, \/wp-content\/uploads\/sites\/5\/2020\/03\/Capacitacion-IGSS-clinicas-empresa-covid19-coronavirus-20205-768x512.jpg 768w, \/wp-content\/uploads\/sites\/5\/2020\/03\/Capacitacion-IGSS-clinicas-empresa-covid19-coronavirus-20205-1024x682.jpg 1024w, \/wp-content\/uploads\/sites\/5\/2020\/03\/Capacitacion-IGSS-clinicas-empresa-covid19-coronavirus-20205-696x464.jpg 696w, \/wp-content\/uploads\/sites\/5\/2020\/03\/Capacitacion-IGSS-clinicas-empresa-covid19-coronavirus-20205-1068x712.jpg 1068w, \/wp-content\/uploads\/sites\/5\/2020\/03\/Capacitacion-IGSS-clinicas-empresa-covid19-coronavirus-20205-534x356.jpg 534w, \/wp-content\/uploads\/sites\/5\/2020\/03\/Capacitacion-IGSS-clinicas-empresa-covid19-coronavirus-20205.jpg 1280w\" sizes=\"(max-width: 630px) 100vw, 630px\" alt=\"\">\r\n                            <\/a>\r\n                            \r\n                        <\/figure>\r\n                    <\/div>\r\n                    <div class = \"td-slide-item td-item2\">\r\n                        <figure class=\"td-slide-galery-figure td-slide-popup-gallery\">\r\n                            <a class=\"slide-gallery-image-link\" href=\"\/wp-content\/uploads\/sites\/5\/2020\/03\/Capacitacion-IGSS-clinicas-empresa-covid19-coronavirus-20201.jpg\" title=\"Capacitacion IGSS clinicas empresa covid19 coronavirus 20201\"  data-caption=\"\"  data-description=\"\">\r\n                                <img decoding=\"async\" src=\"\/wp-content\/uploads\/sites\/5\/2020\/03\/Capacitacion-IGSS-clinicas-empresa-covid19-coronavirus-20201-630x420.jpg\" srcset=\"\/wp-content\/uploads\/sites\/5\/2020\/03\/Capacitacion-IGSS-clinicas-empresa-covid19-coronavirus-20201-630x420.jpg 630w, \/wp-content\/uploads\/sites\/5\/2020\/03\/Capacitacion-IGSS-clinicas-empresa-covid19-coronavirus-20201-300x200.jpg 300w, \/wp-content\/uploads\/sites\/5\/2020\/03\/Capacitacion-IGSS-clinicas-empresa-covid19-coronavirus-20201-768x512.jpg 768w, \/wp-content\/uploads\/sites\/5\/2020\/03\/Capacitacion-IGSS-clinicas-empresa-covid19-coronavirus-20201-1024x682.jpg 1024w, \/wp-content\/uploads\/sites\/5\/2020\/03\/Capacitacion-IGSS-clinicas-empresa-covid19-coronavirus-20201-696x464.jpg 696w, \/wp-content\/uploads\/sites\/5\/2020\/03\/Capacitacion-IGSS-clinicas-empresa-covid19-coronavirus-20201-1068x712.jpg 1068w, \/wp-content\/uploads\/sites\/5\/2020\/03\/Capacitacion-IGSS-clinicas-empresa-covid19-coronavirus-20201-534x356.jpg 534w, \/wp-content\/uploads\/sites\/5\/2020\/03\/Capacitacion-IGSS-clinicas-empresa-covid19-coronavirus-20201.jpg 1280w\" sizes=\"(max-width: 630px) 100vw, 630px\" alt=\"\">\r\n                            <\/a>\r\n                            \r\n                        <\/figure>\r\n                    <\/div>\r\n                    <div class = \"td-slide-item td-item3\">\r\n                        <figure class=\"td-slide-galery-figure td-slide-popup-gallery\">\r\n                            <a class=\"slide-gallery-image-link\" href=\"\/wp-content\/uploads\/sites\/5\/2020\/03\/Capacitacion-IGSS-clinicas-empresa-covid19-coronavirus-20202.jpg\" title=\"Capacitacion IGSS clinicas empresa covid19 coronavirus 20202\"  data-caption=\"\"  data-description=\"\">\r\n                                <img decoding=\"async\" src=\"\/wp-content\/uploads\/sites\/5\/2020\/03\/Capacitacion-IGSS-clinicas-empresa-covid19-coronavirus-20202-630x420.jpg\" srcset=\"\/wp-content\/uploads\/sites\/5\/2020\/03\/Capacitacion-IGSS-clinicas-empresa-covid19-coronavirus-20202-630x420.jpg 630w, \/wp-content\/uploads\/sites\/5\/2020\/03\/Capacitacion-IGSS-clinicas-empresa-covid19-coronavirus-20202-300x200.jpg 300w, \/wp-content\/uploads\/sites\/5\/2020\/03\/Capacitacion-IGSS-clinicas-empresa-covid19-coronavirus-20202-768x512.jpg 768w, \/wp-content\/uploads\/sites\/5\/2020\/03\/Capacitacion-IGSS-clinicas-empresa-covid19-coronavirus-20202-1024x682.jpg 1024w, \/wp-content\/uploads\/sites\/5\/2020\/03\/Capacitacion-IGSS-clinicas-empresa-covid19-coronavirus-20202-696x464.jpg 696w, \/wp-content\/uploads\/sites\/5\/2020\/03\/Capacitacion-IGSS-clinicas-empresa-covid19-coronavirus-20202-1068x712.jpg 1068w, \/wp-content\/uploads\/sites\/5\/2020\/03\/Capacitacion-IGSS-clinicas-empresa-covid19-coronavirus-20202-534x356.jpg 534w, \/wp-content\/uploads\/sites\/5\/2020\/03\/Capacitacion-IGSS-clinicas-empresa-covid19-coronavirus-20202.jpg 1280w\" sizes=\"(max-width: 630px) 100vw, 630px\" alt=\"\">\r\n                            <\/a>\r\n                            \r\n                        <\/figure>\r\n                    <\/div>\r\n                    <div class = \"td-slide-item td-item4\">\r\n                        <figure class=\"td-slide-galery-figure td-slide-popup-gallery\">\r\n                            <a class=\"slide-gallery-image-link\" href=\"\/wp-content\/uploads\/sites\/5\/2020\/03\/Capacitacion-IGSS-clinicas-empresa-covid19-coronavirus-20203.jpg\" title=\"Capacitacion IGSS clinicas empresa covid19 coronavirus 20203\"  data-caption=\"\"  data-description=\"\">\r\n                                <img decoding=\"async\" src=\"\/wp-content\/uploads\/sites\/5\/2020\/03\/Capacitacion-IGSS-clinicas-empresa-covid19-coronavirus-20203-747x420.jpg\" srcset=\"\/wp-content\/uploads\/sites\/5\/2020\/03\/Capacitacion-IGSS-clinicas-empresa-covid19-coronavirus-20203-747x420.jpg 747w, \/wp-content\/uploads\/sites\/5\/2020\/03\/Capacitacion-IGSS-clinicas-empresa-covid19-coronavirus-20203-300x169.jpg 300w, \/wp-content\/uploads\/sites\/5\/2020\/03\/Capacitacion-IGSS-clinicas-empresa-covid19-coronavirus-20203-768x432.jpg 768w, \/wp-content\/uploads\/sites\/5\/2020\/03\/Capacitacion-IGSS-clinicas-empresa-covid19-coronavirus-20203-1024x576.jpg 1024w, \/wp-content\/uploads\/sites\/5\/2020\/03\/Capacitacion-IGSS-clinicas-empresa-covid19-coronavirus-20203-696x392.jpg 696w, \/wp-content\/uploads\/sites\/5\/2020\/03\/Capacitacion-IGSS-clinicas-empresa-covid19-coronavirus-20203-1068x601.jpg 1068w, \/wp-content\/uploads\/sites\/5\/2020\/03\/Capacitacion-IGSS-clinicas-empresa-covid19-coronavirus-20203-534x300.jpg 534w, \/wp-content\/uploads\/sites\/5\/2020\/03\/Capacitacion-IGSS-clinicas-empresa-covid19-coronavirus-20203.jpg 1280w\" sizes=\"(max-width: 747px) 100vw, 747px\" alt=\"\">\r\n                            <\/a>\r\n                            \r\n                        <\/figure>\r\n                    <\/div>\r\n                    <div class = \"td-slide-item td-item5\">\r\n                        <figure class=\"td-slide-galery-figure td-slide-popup-gallery\">\r\n                            <a class=\"slide-gallery-image-link\" href=\"\/wp-content\/uploads\/sites\/5\/2020\/03\/Capacitacion-IGSS-clinicas-empresa-covid19-coronavirus-20204.jpg\" title=\"Capacitacion IGSS clinicas empresa covid19 coronavirus 20204\"  data-caption=\"\"  data-description=\"\">\r\n                                <img decoding=\"async\" src=\"\/wp-content\/uploads\/sites\/5\/2020\/03\/Capacitacion-IGSS-clinicas-empresa-covid19-coronavirus-20204-747x420.jpg\" srcset=\"\/wp-content\/uploads\/sites\/5\/2020\/03\/Capacitacion-IGSS-clinicas-empresa-covid19-coronavirus-20204-747x420.jpg 747w, \/wp-content\/uploads\/sites\/5\/2020\/03\/Capacitacion-IGSS-clinicas-empresa-covid19-coronavirus-20204-300x169.jpg 300w, \/wp-content\/uploads\/sites\/5\/2020\/03\/Capacitacion-IGSS-clinicas-empresa-covid19-coronavirus-20204-768x432.jpg 768w, \/wp-content\/uploads\/sites\/5\/2020\/03\/Capacitacion-IGSS-clinicas-empresa-covid19-coronavirus-20204-1024x576.jpg 1024w, \/wp-content\/uploads\/sites\/5\/2020\/03\/Capacitacion-IGSS-clinicas-empresa-covid19-coronavirus-20204-696x392.jpg 696w, \/wp-content\/uploads\/sites\/5\/2020\/03\/Capacitacion-IGSS-clinicas-empresa-covid19-coronavirus-20204-1068x601.jpg 1068w, \/wp-content\/uploads\/sites\/5\/2020\/03\/Capacitacion-IGSS-clinicas-empresa-covid19-coronavirus-20204-534x300.jpg 534w, \/wp-content\/uploads\/sites\/5\/2020\/03\/Capacitacion-IGSS-clinicas-empresa-covid19-coronavirus-20204.jpg 1280w\" sizes=\"(max-width: 747px) 100vw, 747px\" alt=\"\">\r\n                            <\/a>\r\n                            \r\n                        <\/figure>\r\n                    <\/div>\r\n                    <div class = \"td-slide-item td-item6\">\r\n                        <figure class=\"td-slide-galery-figure td-slide-popup-gallery\">\r\n                            <a class=\"slide-gallery-image-link\" href=\"\/wp-content\/uploads\/sites\/5\/2020\/03\/Capacitacion-IGSS-clinicas-empresa-covid19-coronavirus-20206.jpg\" title=\"Capacitacion IGSS clinicas empresa covid19 coronavirus 20206\"  data-caption=\"\"  data-description=\"\">\r\n                                <img decoding=\"async\" src=\"\/wp-content\/uploads\/sites\/5\/2020\/03\/Capacitacion-IGSS-clinicas-empresa-covid19-coronavirus-20206-630x420.jpg\" srcset=\"\/wp-content\/uploads\/sites\/5\/2020\/03\/Capacitacion-IGSS-clinicas-empresa-covid19-coronavirus-20206-630x420.jpg 630w, \/wp-content\/uploads\/sites\/5\/2020\/03\/Capacitacion-IGSS-clinicas-empresa-covid19-coronavirus-20206-300x200.jpg 300w, \/wp-content\/uploads\/sites\/5\/2020\/03\/Capacitacion-IGSS-clinicas-empresa-covid19-coronavirus-20206-768x512.jpg 768w, \/wp-content\/uploads\/sites\/5\/2020\/03\/Capacitacion-IGSS-clinicas-empresa-covid19-coronavirus-20206-1024x682.jpg 1024w, \/wp-content\/uploads\/sites\/5\/2020\/03\/Capacitacion-IGSS-clinicas-empresa-covid19-coronavirus-20206-696x464.jpg 696w, \/wp-content\/uploads\/sites\/5\/2020\/03\/Capacitacion-IGSS-clinicas-empresa-covid19-coronavirus-20206-1068x712.jpg 1068w, \/wp-content\/uploads\/sites\/5\/2020\/03\/Capacitacion-IGSS-clinicas-empresa-covid19-coronavirus-20206-534x356.jpg 534w, \/wp-content\/uploads\/sites\/5\/2020\/03\/Capacitacion-IGSS-clinicas-empresa-covid19-coronavirus-20206.jpg 1280w\" sizes=\"(max-width: 630px) 100vw, 630px\" alt=\"\">\r\n                            <\/a>\r\n                            \r\n                        <\/figure>\r\n                    <\/div>\r\n                    <div class = \"td-slide-item td-item7\">\r\n                        <figure class=\"td-slide-galery-figure td-slide-popup-gallery\">\r\n                            <a class=\"slide-gallery-image-link\" href=\"\/wp-content\/uploads\/sites\/5\/2020\/03\/Capacitacion-IGSS-clinicas-empresa-covid19-coronavirus-20207.jpg\" title=\"Capacitacion IGSS clinicas empresa covid19 coronavirus 20207\"  data-caption=\"\"  data-description=\"\">\r\n                                <img decoding=\"async\" src=\"\/wp-content\/uploads\/sites\/5\/2020\/03\/Capacitacion-IGSS-clinicas-empresa-covid19-coronavirus-20207-747x420.jpg\" srcset=\"\/wp-content\/uploads\/sites\/5\/2020\/03\/Capacitacion-IGSS-clinicas-empresa-covid19-coronavirus-20207-747x420.jpg 747w, \/wp-content\/uploads\/sites\/5\/2020\/03\/Capacitacion-IGSS-clinicas-empresa-covid19-coronavirus-20207-300x169.jpg 300w, \/wp-content\/uploads\/sites\/5\/2020\/03\/Capacitacion-IGSS-clinicas-empresa-covid19-coronavirus-20207-768x432.jpg 768w, \/wp-content\/uploads\/sites\/5\/2020\/03\/Capacitacion-IGSS-clinicas-empresa-covid19-coronavirus-20207-1024x576.jpg 1024w, \/wp-content\/uploads\/sites\/5\/2020\/03\/Capacitacion-IGSS-clinicas-empresa-covid19-coronavirus-20207-696x392.jpg 696w, \/wp-content\/uploads\/sites\/5\/2020\/03\/Capacitacion-IGSS-clinicas-empresa-covid19-coronavirus-20207-1068x601.jpg 1068w, \/wp-content\/uploads\/sites\/5\/2020\/03\/Capacitacion-IGSS-clinicas-empresa-covid19-coronavirus-20207-534x300.jpg 534w, \/wp-content\/uploads\/sites\/5\/2020\/03\/Capacitacion-IGSS-clinicas-empresa-covid19-coronavirus-20207.jpg 1280w\" sizes=\"(max-width: 747px) 100vw, 747px\" alt=\"\">\r\n                            <\/a>\r\n                            \r\n                        <\/figure>\r\n                    <\/div>\r\n                    <div class = \"td-slide-item td-item8\">\r\n                        <figure class=\"td-slide-galery-figure td-slide-popup-gallery\">\r\n                            <a class=\"slide-gallery-image-link\" href=\"\/wp-content\/uploads\/sites\/5\/2020\/03\/Capacitacion-IGSS-clinicas-empresa-covid19-coronavirus-20208.jpg\" title=\"Capacitacion IGSS clinicas empresa covid19 coronavirus 20208\"  data-caption=\"\"  data-description=\"\">\r\n                                <img decoding=\"async\" src=\"\/wp-content\/uploads\/sites\/5\/2020\/03\/Capacitacion-IGSS-clinicas-empresa-covid19-coronavirus-20208-747x420.jpg\" srcset=\"\/wp-content\/uploads\/sites\/5\/2020\/03\/Capacitacion-IGSS-clinicas-empresa-covid19-coronavirus-20208-747x420.jpg 747w, \/wp-content\/uploads\/sites\/5\/2020\/03\/Capacitacion-IGSS-clinicas-empresa-covid19-coronavirus-20208-300x169.jpg 300w, \/wp-content\/uploads\/sites\/5\/2020\/03\/Capacitacion-IGSS-clinicas-empresa-covid19-coronavirus-20208-768x432.jpg 768w, \/wp-content\/uploads\/sites\/5\/2020\/03\/Capacitacion-IGSS-clinicas-empresa-covid19-coronavirus-20208-1024x576.jpg 1024w, \/wp-content\/uploads\/sites\/5\/2020\/03\/Capacitacion-IGSS-clinicas-empresa-covid19-coronavirus-20208-696x392.jpg 696w, \/wp-content\/uploads\/sites\/5\/2020\/03\/Capacitacion-IGSS-clinicas-empresa-covid19-coronavirus-20208-1068x601.jpg 1068w, \/wp-content\/uploads\/sites\/5\/2020\/03\/Capacitacion-IGSS-clinicas-empresa-covid19-coronavirus-20208-534x300.jpg 534w, \/wp-content\/uploads\/sites\/5\/2020\/03\/Capacitacion-IGSS-clinicas-empresa-covid19-coronavirus-20208.jpg 1280w\" sizes=\"(max-width: 747px) 100vw, 747px\" alt=\"\">\r\n                            <\/a>\r\n                            \r\n                        <\/figure>\r\n                    <\/div>\r\n                    <div class = \"td-slide-item td-item9\">\r\n                        <figure class=\"td-slide-galery-figure td-slide-popup-gallery\">\r\n                            <a class=\"slide-gallery-image-link\" href=\"\/wp-content\/uploads\/sites\/5\/2020\/03\/Capacitacion-IGSS-clinicas-empresa-covid19-coronavirus-20209.jpg\" title=\"Capacitacion IGSS clinicas empresa covid19 coronavirus 20209\"  data-caption=\"\"  data-description=\"\">\r\n                                <img decoding=\"async\" src=\"\/wp-content\/uploads\/sites\/5\/2020\/03\/Capacitacion-IGSS-clinicas-empresa-covid19-coronavirus-20209-630x420.jpg\" srcset=\"\/wp-content\/uploads\/sites\/5\/2020\/03\/Capacitacion-IGSS-clinicas-empresa-covid19-coronavirus-20209-630x420.jpg 630w, \/wp-content\/uploads\/sites\/5\/2020\/03\/Capacitacion-IGSS-clinicas-empresa-covid19-coronavirus-20209-300x200.jpg 300w, \/wp-content\/uploads\/sites\/5\/2020\/03\/Capacitacion-IGSS-clinicas-empresa-covid19-coronavirus-20209-768x512.jpg 768w, \/wp-content\/uploads\/sites\/5\/2020\/03\/Capacitacion-IGSS-clinicas-empresa-covid19-coronavirus-20209-1024x682.jpg 1024w, \/wp-content\/uploads\/sites\/5\/2020\/03\/Capacitacion-IGSS-clinicas-empresa-covid19-coronavirus-20209-696x464.jpg 696w, \/wp-content\/uploads\/sites\/5\/2020\/03\/Capacitacion-IGSS-clinicas-empresa-covid19-coronavirus-20209-1068x712.jpg 1068w, \/wp-content\/uploads\/sites\/5\/2020\/03\/Capacitacion-IGSS-clinicas-empresa-covid19-coronavirus-20209-534x356.jpg 534w, \/wp-content\/uploads\/sites\/5\/2020\/03\/Capacitacion-IGSS-clinicas-empresa-covid19-coronavirus-20209.jpg 1280w\" sizes=\"(max-width: 630px) 100vw, 630px\" alt=\"\">\r\n                            <\/a>\r\n                            \r\n                        <\/figure>\r\n                    <\/div>\r\n                    <div class = \"td-slide-item td-item10\">\r\n                        <figure class=\"td-slide-galery-figure td-slide-popup-gallery\">\r\n                            <a class=\"slide-gallery-image-link\" href=\"\/wp-content\/uploads\/sites\/5\/2020\/03\/Capacitacion-IGSS-clinicas-empresa-covid19-coronavirus-202010.jpg\" title=\"Capacitacion IGSS clinicas empresa covid19 coronavirus 202010\"  data-caption=\"\"  data-description=\"\">\r\n                                <img decoding=\"async\" src=\"\/wp-content\/uploads\/sites\/5\/2020\/03\/Capacitacion-IGSS-clinicas-empresa-covid19-coronavirus-202010-560x420.jpg\" srcset=\"\/wp-content\/uploads\/sites\/5\/2020\/03\/Capacitacion-IGSS-clinicas-empresa-covid19-coronavirus-202010-560x420.jpg 560w, \/wp-content\/uploads\/sites\/5\/2020\/03\/Capacitacion-IGSS-clinicas-empresa-covid19-coronavirus-202010-300x225.jpg 300w, \/wp-content\/uploads\/sites\/5\/2020\/03\/Capacitacion-IGSS-clinicas-empresa-covid19-coronavirus-202010-768x576.jpg 768w, \/wp-content\/uploads\/sites\/5\/2020\/03\/Capacitacion-IGSS-clinicas-empresa-covid19-coronavirus-202010-1024x768.jpg 1024w, \/wp-content\/uploads\/sites\/5\/2020\/03\/Capacitacion-IGSS-clinicas-empresa-covid19-coronavirus-202010-80x60.jpg 80w, \/wp-content\/uploads\/sites\/5\/2020\/03\/Capacitacion-IGSS-clinicas-empresa-covid19-coronavirus-202010-696x522.jpg 696w, \/wp-content\/uploads\/sites\/5\/2020\/03\/Capacitacion-IGSS-clinicas-empresa-covid19-coronavirus-202010-1068x801.jpg 1068w, \/wp-content\/uploads\/sites\/5\/2020\/03\/Capacitacion-IGSS-clinicas-empresa-covid19-coronavirus-202010-265x198.jpg 265w, \/wp-content\/uploads\/sites\/5\/2020\/03\/Capacitacion-IGSS-clinicas-empresa-covid19-coronavirus-202010-534x401.jpg 534w, \/wp-content\/uploads\/sites\/5\/2020\/03\/Capacitacion-IGSS-clinicas-empresa-covid19-coronavirus-202010.jpg 1280w\" sizes=\"(max-width: 560px) 100vw, 560px\" alt=\"\">\r\n                            <\/a>\r\n                            \r\n                        <\/figure>\r\n                    <\/div>\r\n                    <div class = \"td-slide-item td-item11\">\r\n                        <figure class=\"td-slide-galery-figure td-slide-popup-gallery\">\r\n                            <a class=\"slide-gallery-image-link\" href=\"\/wp-content\/uploads\/sites\/5\/2020\/03\/Capacitacion-IGSS-clinicas-empresa-covid19-coronavirus-202011.jpeg\" title=\"Capacitacion IGSS clinicas empresa covid19 coronavirus 202011\"  data-caption=\"\"  data-description=\"\">\r\n                                <img decoding=\"async\" src=\"\/wp-content\/uploads\/sites\/5\/2020\/03\/Capacitacion-IGSS-clinicas-empresa-covid19-coronavirus-202011-560x420.jpeg\" srcset=\"\/wp-content\/uploads\/sites\/5\/2020\/03\/Capacitacion-IGSS-clinicas-empresa-covid19-coronavirus-202011-560x420.jpeg 560w, \/wp-content\/uploads\/sites\/5\/2020\/03\/Capacitacion-IGSS-clinicas-empresa-covid19-coronavirus-202011-300x225.jpeg 300w, \/wp-content\/uploads\/sites\/5\/2020\/03\/Capacitacion-IGSS-clinicas-empresa-covid19-coronavirus-202011-768x576.jpeg 768w, \/wp-content\/uploads\/sites\/5\/2020\/03\/Capacitacion-IGSS-clinicas-empresa-covid19-coronavirus-202011-1024x768.jpeg 1024w, \/wp-content\/uploads\/sites\/5\/2020\/03\/Capacitacion-IGSS-clinicas-empresa-covid19-coronavirus-202011-1536x1152.jpeg 1536w, \/wp-content\/uploads\/sites\/5\/2020\/03\/Capacitacion-IGSS-clinicas-empresa-covid19-coronavirus-202011-80x60.jpeg 80w, \/wp-content\/uploads\/sites\/5\/2020\/03\/Capacitacion-IGSS-clinicas-empresa-covid19-coronavirus-202011-696x522.jpeg 696w, \/wp-content\/uploads\/sites\/5\/2020\/03\/Capacitacion-IGSS-clinicas-empresa-covid19-coronavirus-202011-1068x801.jpeg 1068w, \/wp-content\/uploads\/sites\/5\/2020\/03\/Capacitacion-IGSS-clinicas-empresa-covid19-coronavirus-202011-265x198.jpeg 265w, \/wp-content\/uploads\/sites\/5\/2020\/03\/Capacitacion-IGSS-clinicas-empresa-covid19-coronavirus-202011-534x401.jpeg 534w, \/wp-content\/uploads\/sites\/5\/2020\/03\/Capacitacion-IGSS-clinicas-empresa-covid19-coronavirus-202011.jpeg 2048w\" sizes=\"(max-width: 560px) 100vw, 560px\" alt=\"\">\r\n                            <\/a>\r\n                            \r\n                        <\/figure>\r\n                    <\/div>\r\n                    <div class = \"td-slide-item td-item12\">\r\n                        <figure class=\"td-slide-galery-figure td-slide-popup-gallery\">\r\n                            <a class=\"slide-gallery-image-link\" href=\"\/wp-content\/uploads\/sites\/5\/2020\/03\/Capacitacion-IGSS-clinicas-empresa-covid19-coronavirus-202012.jpeg\" title=\"Capacitacion IGSS clinicas empresa covid19 coronavirus 202012\"  data-caption=\"\"  data-description=\"\">\r\n                                <img decoding=\"async\" src=\"\/wp-content\/uploads\/sites\/5\/2020\/03\/Capacitacion-IGSS-clinicas-empresa-covid19-coronavirus-202012-601x420.jpeg\" srcset=\"\/wp-content\/uploads\/sites\/5\/2020\/03\/Capacitacion-IGSS-clinicas-empresa-covid19-coronavirus-202012-601x420.jpeg 601w, \/wp-content\/uploads\/sites\/5\/2020\/03\/Capacitacion-IGSS-clinicas-empresa-covid19-coronavirus-202012-300x210.jpeg 300w, \/wp-content\/uploads\/sites\/5\/2020\/03\/Capacitacion-IGSS-clinicas-empresa-covid19-coronavirus-202012-768x537.jpeg 768w, \/wp-content\/uploads\/sites\/5\/2020\/03\/Capacitacion-IGSS-clinicas-empresa-covid19-coronavirus-202012-1024x716.jpeg 1024w, \/wp-content\/uploads\/sites\/5\/2020\/03\/Capacitacion-IGSS-clinicas-empresa-covid19-coronavirus-202012-1536x1074.jpeg 1536w, \/wp-content\/uploads\/sites\/5\/2020\/03\/Capacitacion-IGSS-clinicas-empresa-covid19-coronavirus-202012-696x487.jpeg 696w, \/wp-content\/uploads\/sites\/5\/2020\/03\/Capacitacion-IGSS-clinicas-empresa-covid19-coronavirus-202012-1068x747.jpeg 1068w, \/wp-content\/uploads\/sites\/5\/2020\/03\/Capacitacion-IGSS-clinicas-empresa-covid19-coronavirus-202012-100x70.jpeg 100w, \/wp-content\/uploads\/sites\/5\/2020\/03\/Capacitacion-IGSS-clinicas-empresa-covid19-coronavirus-202012-534x373.jpeg 534w, \/wp-content\/uploads\/sites\/5\/2020\/03\/Capacitacion-IGSS-clinicas-empresa-covid19-coronavirus-202012.jpeg 2048w\" sizes=\"(max-width: 601px) 100vw, 601px\" alt=\"\">\r\n                            <\/a>\r\n                            \r\n                        <\/figure>\r\n                    <\/div>\r\n                    <div class = \"td-slide-item td-item13\">\r\n                        <figure class=\"td-slide-galery-figure td-slide-popup-gallery\">\r\n                            <a class=\"slide-gallery-image-link\" href=\"\/wp-content\/uploads\/sites\/5\/2020\/03\/Capacitacion-IGSS-clinicas-empresa-covid19-coronavirus-202013.jpeg\" title=\"Capacitacion IGSS clinicas empresa covid19 coronavirus 202013\"  data-caption=\"\"  data-description=\"\">\r\n                                <img decoding=\"async\" src=\"\/wp-content\/uploads\/sites\/5\/2020\/03\/Capacitacion-IGSS-clinicas-empresa-covid19-coronavirus-202013-747x420.jpeg\" srcset=\"\/wp-content\/uploads\/sites\/5\/2020\/03\/Capacitacion-IGSS-clinicas-empresa-covid19-coronavirus-202013-747x420.jpeg 747w, \/wp-content\/uploads\/sites\/5\/2020\/03\/Capacitacion-IGSS-clinicas-empresa-covid19-coronavirus-202013-300x169.jpeg 300w, \/wp-content\/uploads\/sites\/5\/2020\/03\/Capacitacion-IGSS-clinicas-empresa-covid19-coronavirus-202013-768x432.jpeg 768w, \/wp-content\/uploads\/sites\/5\/2020\/03\/Capacitacion-IGSS-clinicas-empresa-covid19-coronavirus-202013-1024x576.jpeg 1024w, \/wp-content\/uploads\/sites\/5\/2020\/03\/Capacitacion-IGSS-clinicas-empresa-covid19-coronavirus-202013-696x392.jpeg 696w, \/wp-content\/uploads\/sites\/5\/2020\/03\/Capacitacion-IGSS-clinicas-empresa-covid19-coronavirus-202013-1068x601.jpeg 1068w, \/wp-content\/uploads\/sites\/5\/2020\/03\/Capacitacion-IGSS-clinicas-empresa-covid19-coronavirus-202013-534x300.jpeg 534w, \/wp-content\/uploads\/sites\/5\/2020\/03\/Capacitacion-IGSS-clinicas-empresa-covid19-coronavirus-202013.jpeg 1280w\" sizes=\"(max-width: 747px) 100vw, 747px\" alt=\"\">\r\n                            <\/a>\r\n                            \r\n                        <\/figure>\r\n                    <\/div>\r\n                    <div class = \"td-slide-item td-item14\">\r\n                        <figure class=\"td-slide-galery-figure td-slide-popup-gallery\">\r\n                            <a class=\"slide-gallery-image-link\" href=\"\/wp-content\/uploads\/sites\/5\/2020\/03\/Capacitacion-IGSS-clinicas-empresa-covid19-coronavirus-202014.jpeg\" title=\"Capacitacion IGSS clinicas empresa covid19 coronavirus 202014\"  data-caption=\"\"  data-description=\"\">\r\n                                <img decoding=\"async\" src=\"\/wp-content\/uploads\/sites\/5\/2020\/03\/Capacitacion-IGSS-clinicas-empresa-covid19-coronavirus-202014-560x420.jpeg\" srcset=\"\/wp-content\/uploads\/sites\/5\/2020\/03\/Capacitacion-IGSS-clinicas-empresa-covid19-coronavirus-202014-560x420.jpeg 560w, \/wp-content\/uploads\/sites\/5\/2020\/03\/Capacitacion-IGSS-clinicas-empresa-covid19-coronavirus-202014-300x225.jpeg 300w, \/wp-content\/uploads\/sites\/5\/2020\/03\/Capacitacion-IGSS-clinicas-empresa-covid19-coronavirus-202014-768x576.jpeg 768w, \/wp-content\/uploads\/sites\/5\/2020\/03\/Capacitacion-IGSS-clinicas-empresa-covid19-coronavirus-202014-1024x768.jpeg 1024w, \/wp-content\/uploads\/sites\/5\/2020\/03\/Capacitacion-IGSS-clinicas-empresa-covid19-coronavirus-202014-1536x1152.jpeg 1536w, \/wp-content\/uploads\/sites\/5\/2020\/03\/Capacitacion-IGSS-clinicas-empresa-covid19-coronavirus-202014-80x60.jpeg 80w, \/wp-content\/uploads\/sites\/5\/2020\/03\/Capacitacion-IGSS-clinicas-empresa-covid19-coronavirus-202014-696x522.jpeg 696w, \/wp-content\/uploads\/sites\/5\/2020\/03\/Capacitacion-IGSS-clinicas-empresa-covid19-coronavirus-202014-1068x801.jpeg 1068w, \/wp-content\/uploads\/sites\/5\/2020\/03\/Capacitacion-IGSS-clinicas-empresa-covid19-coronavirus-202014-265x198.jpeg 265w, \/wp-content\/uploads\/sites\/5\/2020\/03\/Capacitacion-IGSS-clinicas-empresa-covid19-coronavirus-202014-534x401.jpeg 534w, \/wp-content\/uploads\/sites\/5\/2020\/03\/Capacitacion-IGSS-clinicas-empresa-covid19-coronavirus-202014.jpeg 2048w\" sizes=\"(max-width: 560px) 100vw, 560px\" alt=\"\">\r\n                            <\/a>\r\n                            \r\n                        <\/figure>\r\n                    <\/div>\r\n                    <div class = \"td-slide-item td-item15\">\r\n                        <figure class=\"td-slide-galery-figure td-slide-popup-gallery\">\r\n                            <a class=\"slide-gallery-image-link\" href=\"\/wp-content\/uploads\/sites\/5\/2020\/03\/Capacitacion-IGSS-clinicas-empresa-covid19-coronavirus-202015.jpeg\" title=\"Capacitacion IGSS clinicas empresa covid19 coronavirus 202015\"  data-caption=\"\"  data-description=\"\">\r\n                                <img decoding=\"async\" src=\"\/wp-content\/uploads\/sites\/5\/2020\/03\/Capacitacion-IGSS-clinicas-empresa-covid19-coronavirus-202015-840x420.jpeg\" srcset=\"\/wp-content\/uploads\/sites\/5\/2020\/03\/Capacitacion-IGSS-clinicas-empresa-covid19-coronavirus-202015-840x420.jpeg 840w, \/wp-content\/uploads\/sites\/5\/2020\/03\/Capacitacion-IGSS-clinicas-empresa-covid19-coronavirus-202015-300x150.jpeg 300w, \/wp-content\/uploads\/sites\/5\/2020\/03\/Capacitacion-IGSS-clinicas-empresa-covid19-coronavirus-202015-768x384.jpeg 768w, \/wp-content\/uploads\/sites\/5\/2020\/03\/Capacitacion-IGSS-clinicas-empresa-covid19-coronavirus-202015-1024x512.jpeg 1024w, \/wp-content\/uploads\/sites\/5\/2020\/03\/Capacitacion-IGSS-clinicas-empresa-covid19-coronavirus-202015-696x348.jpeg 696w, \/wp-content\/uploads\/sites\/5\/2020\/03\/Capacitacion-IGSS-clinicas-empresa-covid19-coronavirus-202015-1068x534.jpeg 1068w, \/wp-content\/uploads\/sites\/5\/2020\/03\/Capacitacion-IGSS-clinicas-empresa-covid19-coronavirus-202015-534x267.jpeg 534w, \/wp-content\/uploads\/sites\/5\/2020\/03\/Capacitacion-IGSS-clinicas-empresa-covid19-coronavirus-202015.jpeg 1280w\" sizes=\"(max-width: 840px) 100vw, 840px\" alt=\"\">\r\n                            <\/a>\r\n                            \r\n                        <\/figure>\r\n                    <\/div>\r\n                    <div class = \"td-slide-item td-item16\">\r\n                        <figure class=\"td-slide-galery-figure td-slide-popup-gallery\">\r\n                            <a class=\"slide-gallery-image-link\" href=\"\/wp-content\/uploads\/sites\/5\/2020\/03\/Capacitacion-IGSS-clinicas-empresa-covid19-coronavirus-202016.jpeg\" title=\"Capacitacion IGSS clinicas empresa covid19 coronavirus 202016\"  data-caption=\"\"  data-description=\"\">\r\n                                <img decoding=\"async\" src=\"\/wp-content\/uploads\/sites\/5\/2020\/03\/Capacitacion-IGSS-clinicas-empresa-covid19-coronavirus-202016-840x420.jpeg\" srcset=\"\/wp-content\/uploads\/sites\/5\/2020\/03\/Capacitacion-IGSS-clinicas-empresa-covid19-coronavirus-202016-840x420.jpeg 840w, \/wp-content\/uploads\/sites\/5\/2020\/03\/Capacitacion-IGSS-clinicas-empresa-covid19-coronavirus-202016-300x150.jpeg 300w, \/wp-content\/uploads\/sites\/5\/2020\/03\/Capacitacion-IGSS-clinicas-empresa-covid19-coronavirus-202016-768x384.jpeg 768w, \/wp-content\/uploads\/sites\/5\/2020\/03\/Capacitacion-IGSS-clinicas-empresa-covid19-coronavirus-202016-1024x512.jpeg 1024w, \/wp-content\/uploads\/sites\/5\/2020\/03\/Capacitacion-IGSS-clinicas-empresa-covid19-coronavirus-202016-696x348.jpeg 696w, \/wp-content\/uploads\/sites\/5\/2020\/03\/Capacitacion-IGSS-clinicas-empresa-covid19-coronavirus-202016-1068x534.jpeg 1068w, \/wp-content\/uploads\/sites\/5\/2020\/03\/Capacitacion-IGSS-clinicas-empresa-covid19-coronavirus-202016-534x267.jpeg 534w, \/wp-content\/uploads\/sites\/5\/2020\/03\/Capacitacion-IGSS-clinicas-empresa-covid19-coronavirus-202016.jpeg 1280w\" sizes=\"(max-width: 840px) 100vw, 840px\" alt=\"\">\r\n                            <\/a>\r\n                            \r\n                        <\/figure>\r\n                    <\/div>\r\n                    <div class = \"td-slide-item td-item17\">\r\n                        <figure class=\"td-slide-galery-figure td-slide-popup-gallery\">\r\n                            <a class=\"slide-gallery-image-link\" href=\"\/wp-content\/uploads\/sites\/5\/2020\/03\/Capacitacion-IGSS-clinicas-empresa-covid19-coronavirus-202017.jpg\" title=\"Capacitacion IGSS clinicas empresa covid19 coronavirus 202017\"  data-caption=\"\"  data-description=\"\">\r\n                                <img decoding=\"async\" src=\"\/wp-content\/uploads\/sites\/5\/2020\/03\/Capacitacion-IGSS-clinicas-empresa-covid19-coronavirus-202017-747x420.jpg\" srcset=\"\/wp-content\/uploads\/sites\/5\/2020\/03\/Capacitacion-IGSS-clinicas-empresa-covid19-coronavirus-202017-747x420.jpg 747w, \/wp-content\/uploads\/sites\/5\/2020\/03\/Capacitacion-IGSS-clinicas-empresa-covid19-coronavirus-202017-300x169.jpg 300w, \/wp-content\/uploads\/sites\/5\/2020\/03\/Capacitacion-IGSS-clinicas-empresa-covid19-coronavirus-202017-768x432.jpg 768w, \/wp-content\/uploads\/sites\/5\/2020\/03\/Capacitacion-IGSS-clinicas-empresa-covid19-coronavirus-202017-1024x576.jpg 1024w, \/wp-content\/uploads\/sites\/5\/2020\/03\/Capacitacion-IGSS-clinicas-empresa-covid19-coronavirus-202017-696x392.jpg 696w, \/wp-content\/uploads\/sites\/5\/2020\/03\/Capacitacion-IGSS-clinicas-empresa-covid19-coronavirus-202017-1068x601.jpg 1068w, \/wp-content\/uploads\/sites\/5\/2020\/03\/Capacitacion-IGSS-clinicas-empresa-covid19-coronavirus-202017-534x300.jpg 534w, \/wp-content\/uploads\/sites\/5\/2020\/03\/Capacitacion-IGSS-clinicas-empresa-covid19-coronavirus-202017.jpg 1280w\" sizes=\"(max-width: 747px) 100vw, 747px\" alt=\"\">\r\n                            <\/a>\r\n                            \r\n                        <\/figure>\r\n                    <\/div>\r\n                            <\/div>\r\n                        <\/div>\r\n\r\n                        <div class = \"td-doubleSlider-2\">\r\n                            <div class = \"td-slider\">\r\n                                \r\n                    <div class = \"td-button td-item1\">\r\n                        <div class = \"td-border\"><\/div>\r\n                    <\/div>\r\n                    <div class = \"td-button td-item2\">\r\n                        <div class = \"td-border\"><\/div>\r\n                    <\/div>\r\n                    <div class = \"td-button td-item3\">\r\n                        <div class = \"td-border\"><\/div>\r\n                    <\/div>\r\n                    <div class = \"td-button td-item4\">\r\n                        <div class = \"td-border\"><\/div>\r\n                    <\/div>\r\n                    <div class = \"td-button td-item5\">\r\n                        <div class = \"td-border\"><\/div>\r\n                    <\/div>\r\n                    <div class = \"td-button td-item6\">\r\n                        <div class = \"td-border\"><\/div>\r\n                    <\/div>\r\n                    <div class = \"td-button td-item7\">\r\n                        <div class = \"td-border\"><\/div>\r\n                    <\/div>\r\n                    <div class = \"td-button td-item8\">\r\n                        <div class = \"td-border\"><\/div>\r\n                    <\/div>\r\n                    <div class = \"td-button td-item9\">\r\n                        <div class = \"td-border\"><\/div>\r\n                    <\/div>\r\n                    <div class = \"td-button td-item10\">\r\n                        <div class = \"td-border\"><\/div>\r\n                    <\/div>\r\n                    <div class = \"td-button td-item11\">\r\n                        <div class = \"td-border\"><\/div>\r\n                    <\/div>\r\n                    <div class = \"td-button td-item12\">\r\n                        <div class = \"td-border\"><\/div>\r\n                    <\/div>\r\n                    <div class = \"td-button td-item13\">\r\n                        <div class = \"td-border\"><\/div>\r\n                    <\/div>\r\n                    <div class = \"td-button td-item14\">\r\n                        <div class = \"td-border\"><\/div>\r\n                    <\/div>\r\n                    <div class = \"td-button td-item15\">\r\n                        <div class = \"td-border\"><\/div>\r\n                    <\/div>\r\n                    <div class = \"td-button td-item16\">\r\n                        <div class = \"td-border\"><\/div>\r\n                    <\/div>\r\n                    <div class = \"td-button td-item17\">\r\n                        <div class = \"td-border\"><\/div>\r\n                    <\/div>\r\n                            <\/div>\r\n                        <\/div>\r\n\r\n                    <\/div>\r\n\r\n                <\/div>\r\n                \n","protected":false},"excerpt":{"rendered":"<p>Especialistas de la Subgerencia de Prestaciones en Salud&nbsp; del Instituto Guatemalteco de Seguridad Social (IGSS), bajo las directrices del Ministerio de Salud P\u00fablica y Asistencia Social, intensificaron sus jornadas de capacitaci\u00f3n a nivel nacional, en esta ocasi\u00f3n se dirigieron a representantes de empresas que integran el Sistema de Atenci\u00f3n M\u00e9dica del Programa de Cl\u00ednicas de [&hellip;]<\/p>\n","protected":false},"author":4,"featured_media":16438,"comment_status":"open","ping_status":"open","sticky":false,"template":"","format":"standard","meta":{"footnotes":""},"categories":[3,12,1170,15,17,23,27,29],"tags":[160,179,1155,490,1181,1171],"coauthors":[881],"class_list":{"0":"post-16422","1":"post","2":"type-post","3":"status-publish","4":"format-standard","5":"has-post-thumbnail","7":"category-actualidad","8":"category-clinicas-de-empresa","9":"category-covid-19","10":"category-destacado","11":"category-formacion-y-desarrollo","12":"category-patronos","13":"category-prevencion-en-salud","14":"category-publicaciones","15":"tag-capacitacion","16":"tag-clinica-empresa","17":"tag-covid-19","18":"tag-igss","19":"tag-igss-notas-covid-19","20":"tag-noticias-covid-19"},"_links":{"self":[{"href":"https:\/\/www.igssgt.org\/noticias\/wp-json\/wp\/v2\/posts\/16422","targetHints":{"allow":["GET"]}}],"collection":[{"href":"https:\/\/www.igssgt.org\/noticias\/wp-json\/wp\/v2\/posts"}],"about":[{"href":"https:\/\/www.igssgt.org\/noticias\/wp-json\/wp\/v2\/types\/post"}],"author":[{"embeddable":true,"href":"https:\/\/www.igssgt.org\/noticias\/wp-json\/wp\/v2\/users\/4"}],"replies":[{"embeddable":true,"href":"https:\/\/www.igssgt.org\/noticias\/wp-json\/wp\/v2\/comments?post=16422"}],"version-history":[{"count":3,"href":"https:\/\/www.igssgt.org\/noticias\/wp-json\/wp\/v2\/posts\/16422\/revisions"}],"predecessor-version":[{"id":16783,"href":"https:\/\/www.igssgt.org\/noticias\/wp-json\/wp\/v2\/posts\/16422\/revisions\/16783"}],"wp:featuredmedia":[{"embeddable":true,"href":"https:\/\/www.igssgt.org\/noticias\/wp-json\/wp\/v2\/media\/16438"}],"wp:attachment":[{"href":"https:\/\/www.igssgt.org\/noticias\/wp-json\/wp\/v2\/media?parent=16422"}],"wp:term":[{"taxonomy":"category","embeddable":true,"href":"https:\/\/www.igssgt.org\/noticias\/wp-json\/wp\/v2\/categories?post=16422"},{"taxonomy":"post_tag","embeddable":true,"href":"https:\/\/www.igssgt.org\/noticias\/wp-json\/wp\/v2\/tags?post=16422"},{"taxonomy":"author","embeddable":true,"href":"https:\/\/www.igssgt.org\/noticias\/wp-json\/wp\/v2\/coauthors?post=16422"}],"curies":[{"name":"wp","href":"https:\/\/api.w.org\/{rel}","templated":true}]}}