{"id":16456,"date":"2020-03-05T15:35:00","date_gmt":"2020-03-05T21:35:00","guid":{"rendered":"https:\/\/www.igssgt.org\/noticias\/?p=16456"},"modified":"2020-03-05T18:09:47","modified_gmt":"2020-03-06T00:09:47","slug":"el-igss-concientiza-a-trabajadores-para-atender-eficientemente-a-las-personas-con-discapacidad","status":"publish","type":"post","link":"https:\/\/www.igssgt.org\/noticias\/2020\/03\/05\/el-igss-concientiza-a-trabajadores-para-atender-eficientemente-a-las-personas-con-discapacidad\/","title":{"rendered":"El IGSS concientiza a trabajadores para atender eficientemente a las personas con discapacidad"},"content":{"rendered":"\n<p>La Subgerencia de Prestaciones Pecuniarias del IGSS est\u00e1 capacitando a los trabajadores del Instituto para fortalecer la atenci\u00f3n que se le brinda a los&nbsp; afiliados, pensionados y beneficiarios que tienen alg\u00fan tipo de discapacidad y que asisten a realizar tr\u00e1mites a la instituci\u00f3n.<\/p>\n<p>Durante la actividad se desarrolla el taller denominado \u00abConociendo la Discapacidad y su Marco Legal\u00bb en el que se describen y experimentan las necesidades humanas que tiene o padece este grupo de la sociedad.<\/p>\n<p>La licenciada Leslie Leal, persona con discapacidad visual y trabajadora de esta Subgerencia, imparti\u00f3 este taller \u201cAtr\u00e9vete a ponerte en m\u00ed lugar\u201d, que incluye din\u00e1micas de sensibilizaci\u00f3n en el que se simula la discapacidad para leer el sistema Braille, lenguaje de se\u00f1as y discapacidad f\u00edsica, con el objetivo de concientizar a los asistentes acerca de las barreras a las que se enfrentan, por lo que es de vital importancia que m\u00e1s personas se unan a esta iniciativa de inclusi\u00f3n social y laboral que es un tema que corresponde a todos.<\/p>\n<blockquote>\n<p>Todo ser humano est\u00e1 expuesto a padecer una enfermedad o sufrir un accidente que lo lleve a tener una discapacidad<\/p>\n<\/blockquote>\n<p>Seg\u00fan los registros del Consejo Nacional para la Atenci\u00f3n de las Personas con Discapacidad (Conadi), el 10.2% de la poblaci\u00f3n guatemalteca tiene alg\u00fan tipo de discapacidad, es decir, m\u00e1s de 1.6 millones de personas.<\/p>\n<p>\u201cLa discapacidad no discrimina a ninguna persona, pues en cualquier momento de la vida todo ser humano est\u00e1 expuesto a padecer una enfermedad o sufrir un accidente que lo lleve a tener una discapacidad\u201d, refiri\u00f3 Leal, quien inform\u00f3 que estas capacitaciones ser\u00e1n impartidas durante el a\u00f1o a trabajadores de todas las unidades del Instituto.<\/p>\n<p>Tania Joaqu\u00edn Castillo, m\u00e9dico especialista en rehabilitaci\u00f3n laboral y representante de la Subgerencia de Prestaciones en Salud, inform\u00f3 que se trabaja con un equipo multidisciplinario para que personas con discapacidad obtengan un empleo en la Instituci\u00f3n.<\/p>\n<p>El Instituto busca la optimizaci\u00f3n de los servicios bajo el cumplimiento de los art\u00edculos 11 y 12&nbsp; de la Ley de Atenci\u00f3n a las Personas con Discapacidad, que establece los principios de igualdad de oportunidad y accesibilidad de los servicios, adem\u00e1s de facilitar las fuentes de trabajo<\/p>\n<p>El IGSS cumple con la Pol\u00edtica Preventiva de la Seguridad Social al &nbsp;promover y desarrolla ambientes saludables y seguros. Cumple con las normas internacionales, como: la Convenci\u00f3n Interamericana para la Eliminaci\u00f3n de Todas las Formas de Discriminaci\u00f3n contra las Personas con Discapacidad,&nbsp; Pol\u00edtica Nacional en Discapacidad, Manual T\u00e9cnico de Accesibilidad para Personas con Discapacidad,&nbsp; Tratado de Marrakech 07-2016,&nbsp; Sistema Nacional de Certificaci\u00f3n de Personas con Discapacidad Acuerdo MSPAS 219-2019,&nbsp; Lengua de Se\u00f1as de Guatemala \/ Lensegua 03-2020 y el Plan Nacional de Desarrollo K\u00b4atun Nuestra Guatemala 2032, entre otras entidades.<\/p>\n<blockquote class=\"twitter-tweet\">\n<p dir=\"ltr\" lang=\"es\">Como parte del taller \u201cConociendo la <a href=\"https:\/\/twitter.com\/hashtag\/discapacidad?src=hash&amp;ref_src=twsrc%5Etfw\">#discapacidad<\/a> y su marco legal\u201d y para comprender mejor la condici\u00f3n de las personas con discapacidad, trabajadores de la Subgerencia de Prestaciones Pecuniarias del <a href=\"https:\/\/twitter.com\/hashtag\/IGSS?src=hash&amp;ref_src=twsrc%5Etfw\">#IGSS<\/a> realizan din\u00e1micas de sensibilizaci\u00f3n. <a href=\"https:\/\/t.co\/0Kp9cL3MYs\">pic.twitter.com\/0Kp9cL3MYs<\/a><\/p>\n\u2014 Noticias IGSS (@Noticias_IGSS) <a href=\"https:\/\/twitter.com\/Noticias_IGSS\/status\/1235619221947723779?ref_src=twsrc%5Etfw\">March 5, 2020<\/a><\/blockquote>\n<blockquote class=\"twitter-tweet\">\n<p dir=\"ltr\" lang=\"es\">Parte del ejercicio tambi\u00e9n incluy\u00f3 comprender la discriminaci\u00f3n y las barreras actitudinales y f\u00edsicas que las personas con <a href=\"https:\/\/twitter.com\/hashtag\/discapacidad?src=hash&amp;ref_src=twsrc%5Etfw\">#discapacidad<\/a> encuentran en su entorno social. <a href=\"https:\/\/t.co\/9UsODr2cxV\">pic.twitter.com\/9UsODr2cxV<\/a><\/p>\n\u2014 Noticias IGSS (@Noticias_IGSS) <a href=\"https:\/\/twitter.com\/Noticias_IGSS\/status\/1235626009271115780?ref_src=twsrc%5Etfw\">March 5, 2020<\/a><\/blockquote>\n\n\n\n\r\n                <style type=\"text\/css\">\r\n                    \r\n                    #tdi_1  .td-doubleSlider-2 .td-item1 {\r\n                        background: url(\/wp-content\/uploads\/sites\/5\/2020\/03\/Taller-discapacidad-IGSS-Subgerencia-prestaciones-pecuniarias-2020-13-80x60.jpg) 0 0 no-repeat;\r\n                    }\r\n                    #tdi_1  .td-doubleSlider-2 .td-item2 {\r\n                        background: url(\/wp-content\/uploads\/sites\/5\/2020\/03\/Taller-discapacidad-IGSS-Subgerencia-prestaciones-pecuniarias-2020-9-80x60.jpg) 0 0 no-repeat;\r\n                    }\r\n                    #tdi_1  .td-doubleSlider-2 .td-item3 {\r\n                        background: url(\/wp-content\/uploads\/sites\/5\/2020\/03\/Taller-discapacidad-IGSS-Subgerencia-prestaciones-pecuniarias-2020-4-80x60.jpeg) 0 0 no-repeat;\r\n                    }\r\n                    #tdi_1  .td-doubleSlider-2 .td-item4 {\r\n                        background: url(\/wp-content\/uploads\/sites\/5\/2020\/03\/Taller-discapacidad-IGSS-Subgerencia-prestaciones-pecuniarias-2020-15-80x60.jpg) 0 0 no-repeat;\r\n                    }\r\n                    #tdi_1  .td-doubleSlider-2 .td-item5 {\r\n                        background: url(\/wp-content\/uploads\/sites\/5\/2020\/03\/Taller-discapacidad-IGSS-Subgerencia-prestaciones-pecuniarias-2020-5-80x60.jpeg) 0 0 no-repeat;\r\n                    }\r\n                    #tdi_1  .td-doubleSlider-2 .td-item6 {\r\n                        background: url(\/wp-content\/uploads\/sites\/5\/2020\/03\/Taller-discapacidad-IGSS-Subgerencia-prestaciones-pecuniarias-2020-12-80x60.jpg) 0 0 no-repeat;\r\n                    }\r\n                    #tdi_1  .td-doubleSlider-2 .td-item7 {\r\n                        background: url(\/wp-content\/uploads\/sites\/5\/2020\/03\/Taller-discapacidad-IGSS-Subgerencia-prestaciones-pecuniarias-2020-10-80x60.jpg) 0 0 no-repeat;\r\n                    }\r\n                    #tdi_1  .td-doubleSlider-2 .td-item8 {\r\n                        background: url(\/wp-content\/uploads\/sites\/5\/2020\/03\/Taller-discapacidad-IGSS-Subgerencia-prestaciones-pecuniarias-2020-2-80x60.jpeg) 0 0 no-repeat;\r\n                    }\r\n                    #tdi_1  .td-doubleSlider-2 .td-item9 {\r\n                        background: url(\/wp-content\/uploads\/sites\/5\/2020\/03\/Taller-discapacidad-IGSS-Subgerencia-prestaciones-pecuniarias-2020-11-80x60.jpg) 0 0 no-repeat;\r\n                    }\r\n                    #tdi_1  .td-doubleSlider-2 .td-item10 {\r\n                        background: url(\/wp-content\/uploads\/sites\/5\/2020\/03\/Taller-discapacidad-IGSS-Subgerencia-prestaciones-pecuniarias-2020-3-80x60.jpeg) 0 0 no-repeat;\r\n                    }\r\n                    #tdi_1  .td-doubleSlider-2 .td-item11 {\r\n                        background: url(\/wp-content\/uploads\/sites\/5\/2020\/03\/Taller-discapacidad-IGSS-Subgerencia-prestaciones-pecuniarias-2020-14-80x60.jpg) 0 0 no-repeat;\r\n                    }\r\n                    #tdi_1  .td-doubleSlider-2 .td-item12 {\r\n                        background: url(\/wp-content\/uploads\/sites\/5\/2020\/03\/Taller-discapacidad-IGSS-Subgerencia-prestaciones-pecuniarias-2020-1-80x60.jpeg) 0 0 no-repeat;\r\n                    }\r\n                    #tdi_1  .td-doubleSlider-2 .td-item13 {\r\n                        background: url(\/wp-content\/uploads\/sites\/5\/2020\/03\/Taller-discapacidad-IGSS-Subgerencia-prestaciones-pecuniarias-2020-7-80x60.jpeg) 0 0 no-repeat;\r\n                    }\r\n                <\/style>\r\n\r\n                <div id=\"tdi_1\" class=\"td-gallery td-slide-on-2-columns\">\r\n                    <div class=\"post_td_gallery\">\r\n                        <div class=\"td-gallery-slide-top\">\r\n                           <div class=\"td-gallery-title\">Galeria de Im\u00e1genes<\/div>\r\n\r\n                            <div class=\"td-gallery-controls-wrapper\">\r\n                                <div class=\"td-gallery-slide-count\"><span class=\"td-gallery-slide-item-focus\">1<\/span> de 13<\/div>\r\n                                <div class=\"td-gallery-slide-prev-next-but\">\r\n                                    <i class = \"td-icon-left doubleSliderPrevButton\"><\/i>\r\n                                    <i class = \"td-icon-right doubleSliderNextButton\"><\/i>\r\n                                <\/div>\r\n                            <\/div>\r\n                        <\/div>\r\n\r\n                        <div class = \"td-doubleSlider-1 \">\r\n                            <div class = \"td-slider\">\r\n                                \r\n                    <div class = \"td-slide-item td-item1\">\r\n                        <figure class=\"td-slide-galery-figure td-slide-popup-gallery\">\r\n                            <a class=\"slide-gallery-image-link\" href=\"\/wp-content\/uploads\/sites\/5\/2020\/03\/Taller-discapacidad-IGSS-Subgerencia-prestaciones-pecuniarias-2020-13.jpg\" title=\"Taller discapacidad IGSS Subgerencia prestaciones pecuniarias 2020-13\"  data-caption=\"\"  data-description=\"\">\r\n                                <img decoding=\"async\" src=\"\/wp-content\/uploads\/sites\/5\/2020\/03\/Taller-discapacidad-IGSS-Subgerencia-prestaciones-pecuniarias-2020-13-745x420.jpg\" srcset=\"\/wp-content\/uploads\/sites\/5\/2020\/03\/Taller-discapacidad-IGSS-Subgerencia-prestaciones-pecuniarias-2020-13-745x420.jpg 745w, \/wp-content\/uploads\/sites\/5\/2020\/03\/Taller-discapacidad-IGSS-Subgerencia-prestaciones-pecuniarias-2020-13-300x169.jpg 300w, \/wp-content\/uploads\/sites\/5\/2020\/03\/Taller-discapacidad-IGSS-Subgerencia-prestaciones-pecuniarias-2020-13-768x433.jpg 768w, \/wp-content\/uploads\/sites\/5\/2020\/03\/Taller-discapacidad-IGSS-Subgerencia-prestaciones-pecuniarias-2020-13-1024x577.jpg 1024w, \/wp-content\/uploads\/sites\/5\/2020\/03\/Taller-discapacidad-IGSS-Subgerencia-prestaciones-pecuniarias-2020-13-696x392.jpg 696w, \/wp-content\/uploads\/sites\/5\/2020\/03\/Taller-discapacidad-IGSS-Subgerencia-prestaciones-pecuniarias-2020-13-1068x602.jpg 1068w, \/wp-content\/uploads\/sites\/5\/2020\/03\/Taller-discapacidad-IGSS-Subgerencia-prestaciones-pecuniarias-2020-13-534x301.jpg 534w, \/wp-content\/uploads\/sites\/5\/2020\/03\/Taller-discapacidad-IGSS-Subgerencia-prestaciones-pecuniarias-2020-13.jpg 1176w\" sizes=\"(max-width: 745px) 100vw, 745px\" alt=\"\">\r\n                            <\/a>\r\n                            \r\n                        <\/figure>\r\n                    <\/div>\r\n                    <div class = \"td-slide-item td-item2\">\r\n                        <figure class=\"td-slide-galery-figure td-slide-popup-gallery\">\r\n                            <a class=\"slide-gallery-image-link\" href=\"\/wp-content\/uploads\/sites\/5\/2020\/03\/Taller-discapacidad-IGSS-Subgerencia-prestaciones-pecuniarias-2020-9-scaled.jpg\" title=\"Taller discapacidad IGSS Subgerencia prestaciones pecuniarias 2020-9\"  data-caption=\"\"  data-description=\"\">\r\n                                <img decoding=\"async\" src=\"\/wp-content\/uploads\/sites\/5\/2020\/03\/Taller-discapacidad-IGSS-Subgerencia-prestaciones-pecuniarias-2020-9-630x420.jpg\" srcset=\"\/wp-content\/uploads\/sites\/5\/2020\/03\/Taller-discapacidad-IGSS-Subgerencia-prestaciones-pecuniarias-2020-9-630x420.jpg 630w, \/wp-content\/uploads\/sites\/5\/2020\/03\/Taller-discapacidad-IGSS-Subgerencia-prestaciones-pecuniarias-2020-9-2048x1365.jpg 2048w, \/wp-content\/uploads\/sites\/5\/2020\/03\/Taller-discapacidad-IGSS-Subgerencia-prestaciones-pecuniarias-2020-9-300x200.jpg 300w, \/wp-content\/uploads\/sites\/5\/2020\/03\/Taller-discapacidad-IGSS-Subgerencia-prestaciones-pecuniarias-2020-9-768x512.jpg 768w, \/wp-content\/uploads\/sites\/5\/2020\/03\/Taller-discapacidad-IGSS-Subgerencia-prestaciones-pecuniarias-2020-9-1024x683.jpg 1024w, \/wp-content\/uploads\/sites\/5\/2020\/03\/Taller-discapacidad-IGSS-Subgerencia-prestaciones-pecuniarias-2020-9-1536x1024.jpg 1536w, \/wp-content\/uploads\/sites\/5\/2020\/03\/Taller-discapacidad-IGSS-Subgerencia-prestaciones-pecuniarias-2020-9-696x464.jpg 696w, \/wp-content\/uploads\/sites\/5\/2020\/03\/Taller-discapacidad-IGSS-Subgerencia-prestaciones-pecuniarias-2020-9-1068x712.jpg 1068w, \/wp-content\/uploads\/sites\/5\/2020\/03\/Taller-discapacidad-IGSS-Subgerencia-prestaciones-pecuniarias-2020-9-534x356.jpg 534w\" sizes=\"(max-width: 630px) 100vw, 630px\" alt=\"\">\r\n                            <\/a>\r\n                            \r\n                        <\/figure>\r\n                    <\/div>\r\n                    <div class = \"td-slide-item td-item3\">\r\n                        <figure class=\"td-slide-galery-figure td-slide-popup-gallery\">\r\n                            <a class=\"slide-gallery-image-link\" href=\"\/wp-content\/uploads\/sites\/5\/2020\/03\/Taller-discapacidad-IGSS-Subgerencia-prestaciones-pecuniarias-2020-4.jpeg\" title=\"Taller discapacidad IGSS Subgerencia prestaciones pecuniarias 2020-4\"  data-caption=\"\"  data-description=\"\">\r\n                                <img decoding=\"async\" src=\"\/wp-content\/uploads\/sites\/5\/2020\/03\/Taller-discapacidad-IGSS-Subgerencia-prestaciones-pecuniarias-2020-4-747x420.jpeg\" srcset=\"\/wp-content\/uploads\/sites\/5\/2020\/03\/Taller-discapacidad-IGSS-Subgerencia-prestaciones-pecuniarias-2020-4-747x420.jpeg 747w, \/wp-content\/uploads\/sites\/5\/2020\/03\/Taller-discapacidad-IGSS-Subgerencia-prestaciones-pecuniarias-2020-4-300x169.jpeg 300w, \/wp-content\/uploads\/sites\/5\/2020\/03\/Taller-discapacidad-IGSS-Subgerencia-prestaciones-pecuniarias-2020-4-768x432.jpeg 768w, \/wp-content\/uploads\/sites\/5\/2020\/03\/Taller-discapacidad-IGSS-Subgerencia-prestaciones-pecuniarias-2020-4-1024x576.jpeg 1024w, \/wp-content\/uploads\/sites\/5\/2020\/03\/Taller-discapacidad-IGSS-Subgerencia-prestaciones-pecuniarias-2020-4-696x392.jpeg 696w, \/wp-content\/uploads\/sites\/5\/2020\/03\/Taller-discapacidad-IGSS-Subgerencia-prestaciones-pecuniarias-2020-4-1068x601.jpeg 1068w, \/wp-content\/uploads\/sites\/5\/2020\/03\/Taller-discapacidad-IGSS-Subgerencia-prestaciones-pecuniarias-2020-4-534x300.jpeg 534w, \/wp-content\/uploads\/sites\/5\/2020\/03\/Taller-discapacidad-IGSS-Subgerencia-prestaciones-pecuniarias-2020-4.jpeg 1280w\" sizes=\"(max-width: 747px) 100vw, 747px\" alt=\"\">\r\n                            <\/a>\r\n                            \r\n                        <\/figure>\r\n                    <\/div>\r\n                    <div class = \"td-slide-item td-item4\">\r\n                        <figure class=\"td-slide-galery-figure td-slide-popup-gallery\">\r\n                            <a class=\"slide-gallery-image-link\" href=\"\/wp-content\/uploads\/sites\/5\/2020\/03\/Taller-discapacidad-IGSS-Subgerencia-prestaciones-pecuniarias-2020-15.jpg\" title=\"Taller discapacidad IGSS Subgerencia prestaciones pecuniarias 2020-15\"  data-caption=\"\"  data-description=\"\">\r\n                                <img decoding=\"async\" src=\"\/wp-content\/uploads\/sites\/5\/2020\/03\/Taller-discapacidad-IGSS-Subgerencia-prestaciones-pecuniarias-2020-15-650x420.jpg\" srcset=\"\/wp-content\/uploads\/sites\/5\/2020\/03\/Taller-discapacidad-IGSS-Subgerencia-prestaciones-pecuniarias-2020-15-650x420.jpg 650w, \/wp-content\/uploads\/sites\/5\/2020\/03\/Taller-discapacidad-IGSS-Subgerencia-prestaciones-pecuniarias-2020-15-300x194.jpg 300w, \/wp-content\/uploads\/sites\/5\/2020\/03\/Taller-discapacidad-IGSS-Subgerencia-prestaciones-pecuniarias-2020-15-768x496.jpg 768w, \/wp-content\/uploads\/sites\/5\/2020\/03\/Taller-discapacidad-IGSS-Subgerencia-prestaciones-pecuniarias-2020-15-696x450.jpg 696w, \/wp-content\/uploads\/sites\/5\/2020\/03\/Taller-discapacidad-IGSS-Subgerencia-prestaciones-pecuniarias-2020-15-534x345.jpg 534w, \/wp-content\/uploads\/sites\/5\/2020\/03\/Taller-discapacidad-IGSS-Subgerencia-prestaciones-pecuniarias-2020-15.jpg 967w\" sizes=\"(max-width: 650px) 100vw, 650px\" alt=\"\">\r\n                            <\/a>\r\n                            \r\n                        <\/figure>\r\n                    <\/div>\r\n                    <div class = \"td-slide-item td-item5\">\r\n                        <figure class=\"td-slide-galery-figure td-slide-popup-gallery\">\r\n                            <a class=\"slide-gallery-image-link\" href=\"\/wp-content\/uploads\/sites\/5\/2020\/03\/Taller-discapacidad-IGSS-Subgerencia-prestaciones-pecuniarias-2020-5.jpeg\" title=\"Taller discapacidad IGSS Subgerencia prestaciones pecuniarias 2020-5\"  data-caption=\"\"  data-description=\"\">\r\n                                <img decoding=\"async\" src=\"\/wp-content\/uploads\/sites\/5\/2020\/03\/Taller-discapacidad-IGSS-Subgerencia-prestaciones-pecuniarias-2020-5-559x420.jpeg\" srcset=\"\/wp-content\/uploads\/sites\/5\/2020\/03\/Taller-discapacidad-IGSS-Subgerencia-prestaciones-pecuniarias-2020-5-559x420.jpeg 559w, \/wp-content\/uploads\/sites\/5\/2020\/03\/Taller-discapacidad-IGSS-Subgerencia-prestaciones-pecuniarias-2020-5-300x226.jpeg 300w, \/wp-content\/uploads\/sites\/5\/2020\/03\/Taller-discapacidad-IGSS-Subgerencia-prestaciones-pecuniarias-2020-5-768x578.jpeg 768w, \/wp-content\/uploads\/sites\/5\/2020\/03\/Taller-discapacidad-IGSS-Subgerencia-prestaciones-pecuniarias-2020-5-1024x770.jpeg 1024w, \/wp-content\/uploads\/sites\/5\/2020\/03\/Taller-discapacidad-IGSS-Subgerencia-prestaciones-pecuniarias-2020-5-1536x1155.jpeg 1536w, \/wp-content\/uploads\/sites\/5\/2020\/03\/Taller-discapacidad-IGSS-Subgerencia-prestaciones-pecuniarias-2020-5-80x60.jpeg 80w, \/wp-content\/uploads\/sites\/5\/2020\/03\/Taller-discapacidad-IGSS-Subgerencia-prestaciones-pecuniarias-2020-5-696x523.jpeg 696w, \/wp-content\/uploads\/sites\/5\/2020\/03\/Taller-discapacidad-IGSS-Subgerencia-prestaciones-pecuniarias-2020-5-1068x803.jpeg 1068w, \/wp-content\/uploads\/sites\/5\/2020\/03\/Taller-discapacidad-IGSS-Subgerencia-prestaciones-pecuniarias-2020-5-265x198.jpeg 265w, \/wp-content\/uploads\/sites\/5\/2020\/03\/Taller-discapacidad-IGSS-Subgerencia-prestaciones-pecuniarias-2020-5-534x402.jpeg 534w, \/wp-content\/uploads\/sites\/5\/2020\/03\/Taller-discapacidad-IGSS-Subgerencia-prestaciones-pecuniarias-2020-5.jpeg 2048w\" sizes=\"(max-width: 559px) 100vw, 559px\" alt=\"\">\r\n                            <\/a>\r\n                            \r\n                        <\/figure>\r\n                    <\/div>\r\n                    <div class = \"td-slide-item td-item6\">\r\n                        <figure class=\"td-slide-galery-figure td-slide-popup-gallery\">\r\n                            <a class=\"slide-gallery-image-link\" href=\"\/wp-content\/uploads\/sites\/5\/2020\/03\/Taller-discapacidad-IGSS-Subgerencia-prestaciones-pecuniarias-2020-12.jpg\" title=\"Taller discapacidad IGSS Subgerencia prestaciones pecuniarias 2020-12\"  data-caption=\"\"  data-description=\"\">\r\n                                <img decoding=\"async\" src=\"\/wp-content\/uploads\/sites\/5\/2020\/03\/Taller-discapacidad-IGSS-Subgerencia-prestaciones-pecuniarias-2020-12-745x420.jpg\" srcset=\"\/wp-content\/uploads\/sites\/5\/2020\/03\/Taller-discapacidad-IGSS-Subgerencia-prestaciones-pecuniarias-2020-12-745x420.jpg 745w, \/wp-content\/uploads\/sites\/5\/2020\/03\/Taller-discapacidad-IGSS-Subgerencia-prestaciones-pecuniarias-2020-12-300x169.jpg 300w, \/wp-content\/uploads\/sites\/5\/2020\/03\/Taller-discapacidad-IGSS-Subgerencia-prestaciones-pecuniarias-2020-12-768x433.jpg 768w, \/wp-content\/uploads\/sites\/5\/2020\/03\/Taller-discapacidad-IGSS-Subgerencia-prestaciones-pecuniarias-2020-12-1024x577.jpg 1024w, \/wp-content\/uploads\/sites\/5\/2020\/03\/Taller-discapacidad-IGSS-Subgerencia-prestaciones-pecuniarias-2020-12-696x392.jpg 696w, \/wp-content\/uploads\/sites\/5\/2020\/03\/Taller-discapacidad-IGSS-Subgerencia-prestaciones-pecuniarias-2020-12-1068x602.jpg 1068w, \/wp-content\/uploads\/sites\/5\/2020\/03\/Taller-discapacidad-IGSS-Subgerencia-prestaciones-pecuniarias-2020-12-534x301.jpg 534w, \/wp-content\/uploads\/sites\/5\/2020\/03\/Taller-discapacidad-IGSS-Subgerencia-prestaciones-pecuniarias-2020-12.jpg 1164w\" sizes=\"(max-width: 745px) 100vw, 745px\" alt=\"\">\r\n                            <\/a>\r\n                            \r\n                        <\/figure>\r\n                    <\/div>\r\n                    <div class = \"td-slide-item td-item7\">\r\n                        <figure class=\"td-slide-galery-figure td-slide-popup-gallery\">\r\n                            <a class=\"slide-gallery-image-link\" href=\"\/wp-content\/uploads\/sites\/5\/2020\/03\/Taller-discapacidad-IGSS-Subgerencia-prestaciones-pecuniarias-2020-10-scaled.jpg\" title=\"Taller discapacidad IGSS Subgerencia prestaciones pecuniarias 2020-10\"  data-caption=\"\"  data-description=\"\">\r\n                                <img decoding=\"async\" src=\"\/wp-content\/uploads\/sites\/5\/2020\/03\/Taller-discapacidad-IGSS-Subgerencia-prestaciones-pecuniarias-2020-10-630x420.jpg\" srcset=\"\/wp-content\/uploads\/sites\/5\/2020\/03\/Taller-discapacidad-IGSS-Subgerencia-prestaciones-pecuniarias-2020-10-630x420.jpg 630w, \/wp-content\/uploads\/sites\/5\/2020\/03\/Taller-discapacidad-IGSS-Subgerencia-prestaciones-pecuniarias-2020-10-2048x1365.jpg 2048w, \/wp-content\/uploads\/sites\/5\/2020\/03\/Taller-discapacidad-IGSS-Subgerencia-prestaciones-pecuniarias-2020-10-300x200.jpg 300w, \/wp-content\/uploads\/sites\/5\/2020\/03\/Taller-discapacidad-IGSS-Subgerencia-prestaciones-pecuniarias-2020-10-768x512.jpg 768w, \/wp-content\/uploads\/sites\/5\/2020\/03\/Taller-discapacidad-IGSS-Subgerencia-prestaciones-pecuniarias-2020-10-1024x683.jpg 1024w, \/wp-content\/uploads\/sites\/5\/2020\/03\/Taller-discapacidad-IGSS-Subgerencia-prestaciones-pecuniarias-2020-10-1536x1024.jpg 1536w, \/wp-content\/uploads\/sites\/5\/2020\/03\/Taller-discapacidad-IGSS-Subgerencia-prestaciones-pecuniarias-2020-10-696x464.jpg 696w, \/wp-content\/uploads\/sites\/5\/2020\/03\/Taller-discapacidad-IGSS-Subgerencia-prestaciones-pecuniarias-2020-10-1068x712.jpg 1068w, \/wp-content\/uploads\/sites\/5\/2020\/03\/Taller-discapacidad-IGSS-Subgerencia-prestaciones-pecuniarias-2020-10-534x356.jpg 534w\" sizes=\"(max-width: 630px) 100vw, 630px\" alt=\"\">\r\n                            <\/a>\r\n                            \r\n                        <\/figure>\r\n                    <\/div>\r\n                    <div class = \"td-slide-item td-item8\">\r\n                        <figure class=\"td-slide-galery-figure td-slide-popup-gallery\">\r\n                            <a class=\"slide-gallery-image-link\" href=\"\/wp-content\/uploads\/sites\/5\/2020\/03\/Taller-discapacidad-IGSS-Subgerencia-prestaciones-pecuniarias-2020-2.jpeg\" title=\"Taller discapacidad IGSS Subgerencia prestaciones pecuniarias 2020-2\"  data-caption=\"\"  data-description=\"\">\r\n                                <img decoding=\"async\" src=\"\/wp-content\/uploads\/sites\/5\/2020\/03\/Taller-discapacidad-IGSS-Subgerencia-prestaciones-pecuniarias-2020-2-747x420.jpeg\" srcset=\"\/wp-content\/uploads\/sites\/5\/2020\/03\/Taller-discapacidad-IGSS-Subgerencia-prestaciones-pecuniarias-2020-2-747x420.jpeg 747w, \/wp-content\/uploads\/sites\/5\/2020\/03\/Taller-discapacidad-IGSS-Subgerencia-prestaciones-pecuniarias-2020-2-300x169.jpeg 300w, \/wp-content\/uploads\/sites\/5\/2020\/03\/Taller-discapacidad-IGSS-Subgerencia-prestaciones-pecuniarias-2020-2-768x432.jpeg 768w, \/wp-content\/uploads\/sites\/5\/2020\/03\/Taller-discapacidad-IGSS-Subgerencia-prestaciones-pecuniarias-2020-2-1024x576.jpeg 1024w, \/wp-content\/uploads\/sites\/5\/2020\/03\/Taller-discapacidad-IGSS-Subgerencia-prestaciones-pecuniarias-2020-2-696x392.jpeg 696w, \/wp-content\/uploads\/sites\/5\/2020\/03\/Taller-discapacidad-IGSS-Subgerencia-prestaciones-pecuniarias-2020-2-1068x601.jpeg 1068w, \/wp-content\/uploads\/sites\/5\/2020\/03\/Taller-discapacidad-IGSS-Subgerencia-prestaciones-pecuniarias-2020-2-534x300.jpeg 534w, \/wp-content\/uploads\/sites\/5\/2020\/03\/Taller-discapacidad-IGSS-Subgerencia-prestaciones-pecuniarias-2020-2.jpeg 1280w\" sizes=\"(max-width: 747px) 100vw, 747px\" alt=\"\">\r\n                            <\/a>\r\n                            \r\n                        <\/figure>\r\n                    <\/div>\r\n                    <div class = \"td-slide-item td-item9\">\r\n                        <figure class=\"td-slide-galery-figure td-slide-popup-gallery\">\r\n                            <a class=\"slide-gallery-image-link\" href=\"\/wp-content\/uploads\/sites\/5\/2020\/03\/Taller-discapacidad-IGSS-Subgerencia-prestaciones-pecuniarias-2020-11.jpg\" title=\"Taller discapacidad IGSS Subgerencia prestaciones pecuniarias 2020-11\"  data-caption=\"\"  data-description=\"\">\r\n                                <img decoding=\"async\" src=\"\/wp-content\/uploads\/sites\/5\/2020\/03\/Taller-discapacidad-IGSS-Subgerencia-prestaciones-pecuniarias-2020-11-746x420.jpg\" srcset=\"\/wp-content\/uploads\/sites\/5\/2020\/03\/Taller-discapacidad-IGSS-Subgerencia-prestaciones-pecuniarias-2020-11-746x420.jpg 746w, \/wp-content\/uploads\/sites\/5\/2020\/03\/Taller-discapacidad-IGSS-Subgerencia-prestaciones-pecuniarias-2020-11-300x169.jpg 300w, \/wp-content\/uploads\/sites\/5\/2020\/03\/Taller-discapacidad-IGSS-Subgerencia-prestaciones-pecuniarias-2020-11-768x432.jpg 768w, \/wp-content\/uploads\/sites\/5\/2020\/03\/Taller-discapacidad-IGSS-Subgerencia-prestaciones-pecuniarias-2020-11-1024x577.jpg 1024w, \/wp-content\/uploads\/sites\/5\/2020\/03\/Taller-discapacidad-IGSS-Subgerencia-prestaciones-pecuniarias-2020-11-696x392.jpg 696w, \/wp-content\/uploads\/sites\/5\/2020\/03\/Taller-discapacidad-IGSS-Subgerencia-prestaciones-pecuniarias-2020-11-1068x601.jpg 1068w, \/wp-content\/uploads\/sites\/5\/2020\/03\/Taller-discapacidad-IGSS-Subgerencia-prestaciones-pecuniarias-2020-11-534x301.jpg 534w, \/wp-content\/uploads\/sites\/5\/2020\/03\/Taller-discapacidad-IGSS-Subgerencia-prestaciones-pecuniarias-2020-11.jpg 1174w\" sizes=\"(max-width: 746px) 100vw, 746px\" alt=\"\">\r\n                            <\/a>\r\n                            \r\n                        <\/figure>\r\n                    <\/div>\r\n                    <div class = \"td-slide-item td-item10\">\r\n                        <figure class=\"td-slide-galery-figure td-slide-popup-gallery\">\r\n                            <a class=\"slide-gallery-image-link\" href=\"\/wp-content\/uploads\/sites\/5\/2020\/03\/Taller-discapacidad-IGSS-Subgerencia-prestaciones-pecuniarias-2020-3.jpeg\" title=\"Taller discapacidad IGSS Subgerencia prestaciones pecuniarias 2020-3\"  data-caption=\"\"  data-description=\"\">\r\n                                <img decoding=\"async\" src=\"\/wp-content\/uploads\/sites\/5\/2020\/03\/Taller-discapacidad-IGSS-Subgerencia-prestaciones-pecuniarias-2020-3-747x420.jpeg\" srcset=\"\/wp-content\/uploads\/sites\/5\/2020\/03\/Taller-discapacidad-IGSS-Subgerencia-prestaciones-pecuniarias-2020-3-747x420.jpeg 747w, \/wp-content\/uploads\/sites\/5\/2020\/03\/Taller-discapacidad-IGSS-Subgerencia-prestaciones-pecuniarias-2020-3-300x169.jpeg 300w, \/wp-content\/uploads\/sites\/5\/2020\/03\/Taller-discapacidad-IGSS-Subgerencia-prestaciones-pecuniarias-2020-3-768x432.jpeg 768w, \/wp-content\/uploads\/sites\/5\/2020\/03\/Taller-discapacidad-IGSS-Subgerencia-prestaciones-pecuniarias-2020-3-1024x576.jpeg 1024w, \/wp-content\/uploads\/sites\/5\/2020\/03\/Taller-discapacidad-IGSS-Subgerencia-prestaciones-pecuniarias-2020-3-696x392.jpeg 696w, \/wp-content\/uploads\/sites\/5\/2020\/03\/Taller-discapacidad-IGSS-Subgerencia-prestaciones-pecuniarias-2020-3-1068x601.jpeg 1068w, \/wp-content\/uploads\/sites\/5\/2020\/03\/Taller-discapacidad-IGSS-Subgerencia-prestaciones-pecuniarias-2020-3-534x300.jpeg 534w, \/wp-content\/uploads\/sites\/5\/2020\/03\/Taller-discapacidad-IGSS-Subgerencia-prestaciones-pecuniarias-2020-3.jpeg 1280w\" sizes=\"(max-width: 747px) 100vw, 747px\" alt=\"\">\r\n                            <\/a>\r\n                            \r\n                        <\/figure>\r\n                    <\/div>\r\n                    <div class = \"td-slide-item td-item11\">\r\n                        <figure class=\"td-slide-galery-figure td-slide-popup-gallery\">\r\n                            <a class=\"slide-gallery-image-link\" href=\"\/wp-content\/uploads\/sites\/5\/2020\/03\/Taller-discapacidad-IGSS-Subgerencia-prestaciones-pecuniarias-2020-14.jpg\" title=\"Taller discapacidad IGSS Subgerencia prestaciones pecuniarias 2020-14\"  data-caption=\"\"  data-description=\"\">\r\n                                <img decoding=\"async\" src=\"\/wp-content\/uploads\/sites\/5\/2020\/03\/Taller-discapacidad-IGSS-Subgerencia-prestaciones-pecuniarias-2020-14-581x420.jpg\" srcset=\"\/wp-content\/uploads\/sites\/5\/2020\/03\/Taller-discapacidad-IGSS-Subgerencia-prestaciones-pecuniarias-2020-14-581x420.jpg 581w, \/wp-content\/uploads\/sites\/5\/2020\/03\/Taller-discapacidad-IGSS-Subgerencia-prestaciones-pecuniarias-2020-14-300x217.jpg 300w, \/wp-content\/uploads\/sites\/5\/2020\/03\/Taller-discapacidad-IGSS-Subgerencia-prestaciones-pecuniarias-2020-14-768x555.jpg 768w, \/wp-content\/uploads\/sites\/5\/2020\/03\/Taller-discapacidad-IGSS-Subgerencia-prestaciones-pecuniarias-2020-14-696x503.jpg 696w, \/wp-content\/uploads\/sites\/5\/2020\/03\/Taller-discapacidad-IGSS-Subgerencia-prestaciones-pecuniarias-2020-14-324x235.jpg 324w, \/wp-content\/uploads\/sites\/5\/2020\/03\/Taller-discapacidad-IGSS-Subgerencia-prestaciones-pecuniarias-2020-14-534x386.jpg 534w, \/wp-content\/uploads\/sites\/5\/2020\/03\/Taller-discapacidad-IGSS-Subgerencia-prestaciones-pecuniarias-2020-14.jpg 908w\" sizes=\"(max-width: 581px) 100vw, 581px\" alt=\"\">\r\n                            <\/a>\r\n                            \r\n                        <\/figure>\r\n                    <\/div>\r\n                    <div class = \"td-slide-item td-item12\">\r\n                        <figure class=\"td-slide-galery-figure td-slide-popup-gallery\">\r\n                            <a class=\"slide-gallery-image-link\" href=\"\/wp-content\/uploads\/sites\/5\/2020\/03\/Taller-discapacidad-IGSS-Subgerencia-prestaciones-pecuniarias-2020-1.jpeg\" title=\"Taller discapacidad IGSS Subgerencia prestaciones pecuniarias 2020-1\"  data-caption=\"\"  data-description=\"\">\r\n                                <img decoding=\"async\" src=\"\/wp-content\/uploads\/sites\/5\/2020\/03\/Taller-discapacidad-IGSS-Subgerencia-prestaciones-pecuniarias-2020-1-747x420.jpeg\" srcset=\"\/wp-content\/uploads\/sites\/5\/2020\/03\/Taller-discapacidad-IGSS-Subgerencia-prestaciones-pecuniarias-2020-1-747x420.jpeg 747w, \/wp-content\/uploads\/sites\/5\/2020\/03\/Taller-discapacidad-IGSS-Subgerencia-prestaciones-pecuniarias-2020-1-300x169.jpeg 300w, \/wp-content\/uploads\/sites\/5\/2020\/03\/Taller-discapacidad-IGSS-Subgerencia-prestaciones-pecuniarias-2020-1-768x432.jpeg 768w, \/wp-content\/uploads\/sites\/5\/2020\/03\/Taller-discapacidad-IGSS-Subgerencia-prestaciones-pecuniarias-2020-1-1024x576.jpeg 1024w, \/wp-content\/uploads\/sites\/5\/2020\/03\/Taller-discapacidad-IGSS-Subgerencia-prestaciones-pecuniarias-2020-1-696x392.jpeg 696w, \/wp-content\/uploads\/sites\/5\/2020\/03\/Taller-discapacidad-IGSS-Subgerencia-prestaciones-pecuniarias-2020-1-1068x601.jpeg 1068w, \/wp-content\/uploads\/sites\/5\/2020\/03\/Taller-discapacidad-IGSS-Subgerencia-prestaciones-pecuniarias-2020-1-534x300.jpeg 534w, \/wp-content\/uploads\/sites\/5\/2020\/03\/Taller-discapacidad-IGSS-Subgerencia-prestaciones-pecuniarias-2020-1.jpeg 1280w\" sizes=\"(max-width: 747px) 100vw, 747px\" alt=\"\">\r\n                            <\/a>\r\n                            \r\n                        <\/figure>\r\n                    <\/div>\r\n                    <div class = \"td-slide-item td-item13\">\r\n                        <figure class=\"td-slide-galery-figure td-slide-popup-gallery\">\r\n                            <a class=\"slide-gallery-image-link\" href=\"\/wp-content\/uploads\/sites\/5\/2020\/03\/Taller-discapacidad-IGSS-Subgerencia-prestaciones-pecuniarias-2020-7.jpeg\" title=\"Taller discapacidad IGSS Subgerencia prestaciones pecuniarias 2020-7\"  data-caption=\"\"  data-description=\"\">\r\n                                <img decoding=\"async\" src=\"\/wp-content\/uploads\/sites\/5\/2020\/03\/Taller-discapacidad-IGSS-Subgerencia-prestaciones-pecuniarias-2020-7-747x420.jpeg\" srcset=\"\/wp-content\/uploads\/sites\/5\/2020\/03\/Taller-discapacidad-IGSS-Subgerencia-prestaciones-pecuniarias-2020-7-747x420.jpeg 747w, \/wp-content\/uploads\/sites\/5\/2020\/03\/Taller-discapacidad-IGSS-Subgerencia-prestaciones-pecuniarias-2020-7-300x169.jpeg 300w, \/wp-content\/uploads\/sites\/5\/2020\/03\/Taller-discapacidad-IGSS-Subgerencia-prestaciones-pecuniarias-2020-7-768x432.jpeg 768w, \/wp-content\/uploads\/sites\/5\/2020\/03\/Taller-discapacidad-IGSS-Subgerencia-prestaciones-pecuniarias-2020-7-1024x576.jpeg 1024w, \/wp-content\/uploads\/sites\/5\/2020\/03\/Taller-discapacidad-IGSS-Subgerencia-prestaciones-pecuniarias-2020-7-696x392.jpeg 696w, \/wp-content\/uploads\/sites\/5\/2020\/03\/Taller-discapacidad-IGSS-Subgerencia-prestaciones-pecuniarias-2020-7-1068x601.jpeg 1068w, \/wp-content\/uploads\/sites\/5\/2020\/03\/Taller-discapacidad-IGSS-Subgerencia-prestaciones-pecuniarias-2020-7-534x300.jpeg 534w, \/wp-content\/uploads\/sites\/5\/2020\/03\/Taller-discapacidad-IGSS-Subgerencia-prestaciones-pecuniarias-2020-7.jpeg 1280w\" sizes=\"(max-width: 747px) 100vw, 747px\" alt=\"\">\r\n                            <\/a>\r\n                            \r\n                        <\/figure>\r\n                    <\/div>\r\n                            <\/div>\r\n                        <\/div>\r\n\r\n                        <div class = \"td-doubleSlider-2\">\r\n                            <div class = \"td-slider\">\r\n                                \r\n                    <div class = \"td-button td-item1\">\r\n                        <div class = \"td-border\"><\/div>\r\n                    <\/div>\r\n                    <div class = \"td-button td-item2\">\r\n                        <div class = \"td-border\"><\/div>\r\n                    <\/div>\r\n                    <div class = \"td-button td-item3\">\r\n                        <div class = \"td-border\"><\/div>\r\n                    <\/div>\r\n                    <div class = \"td-button td-item4\">\r\n                        <div class = \"td-border\"><\/div>\r\n                    <\/div>\r\n                    <div class = \"td-button td-item5\">\r\n                        <div class = \"td-border\"><\/div>\r\n                    <\/div>\r\n                    <div class = \"td-button td-item6\">\r\n                        <div class = \"td-border\"><\/div>\r\n                    <\/div>\r\n                    <div class = \"td-button td-item7\">\r\n                        <div class = \"td-border\"><\/div>\r\n                    <\/div>\r\n                    <div class = \"td-button td-item8\">\r\n                        <div class = \"td-border\"><\/div>\r\n                    <\/div>\r\n                    <div class = \"td-button td-item9\">\r\n                        <div class = \"td-border\"><\/div>\r\n                    <\/div>\r\n                    <div class = \"td-button td-item10\">\r\n                        <div class = \"td-border\"><\/div>\r\n                    <\/div>\r\n                    <div class = \"td-button td-item11\">\r\n                        <div class = \"td-border\"><\/div>\r\n                    <\/div>\r\n                    <div class = \"td-button td-item12\">\r\n                        <div class = \"td-border\"><\/div>\r\n                    <\/div>\r\n                    <div class = \"td-button td-item13\">\r\n                        <div class = \"td-border\"><\/div>\r\n                    <\/div>\r\n                            <\/div>\r\n                        <\/div>\r\n\r\n                    <\/div>\r\n\r\n                <\/div>\r\n                \n","protected":false},"excerpt":{"rendered":"<p>La Subgerencia de Prestaciones Pecuniarias del IGSS est\u00e1 capacitando a los trabajadores del Instituto para fortalecer la atenci\u00f3n que se le brinda a los&nbsp; afiliados, pensionados y beneficiarios que tienen alg\u00fan tipo de discapacidad y que asisten a realizar tr\u00e1mites a la instituci\u00f3n. Durante la actividad se desarrolla el taller denominado \u00abConociendo la Discapacidad y [&hellip;]<\/p>\n","protected":false},"author":4,"featured_media":16458,"comment_status":"open","ping_status":"open","sticky":false,"template":"","format":"standard","meta":{"footnotes":""},"categories":[3,17,29],"tags":[1049,490,1161],"coauthors":[881],"class_list":{"0":"post-16456","1":"post","2":"type-post","3":"status-publish","4":"format-standard","5":"has-post-thumbnail","7":"category-actualidad","8":"category-formacion-y-desarrollo","9":"category-publicaciones","10":"tag-discapacidad","11":"tag-igss","12":"tag-licda-leslie-leal"},"_links":{"self":[{"href":"https:\/\/www.igssgt.org\/noticias\/wp-json\/wp\/v2\/posts\/16456","targetHints":{"allow":["GET"]}}],"collection":[{"href":"https:\/\/www.igssgt.org\/noticias\/wp-json\/wp\/v2\/posts"}],"about":[{"href":"https:\/\/www.igssgt.org\/noticias\/wp-json\/wp\/v2\/types\/post"}],"author":[{"embeddable":true,"href":"https:\/\/www.igssgt.org\/noticias\/wp-json\/wp\/v2\/users\/4"}],"replies":[{"embeddable":true,"href":"https:\/\/www.igssgt.org\/noticias\/wp-json\/wp\/v2\/comments?post=16456"}],"version-history":[{"count":6,"href":"https:\/\/www.igssgt.org\/noticias\/wp-json\/wp\/v2\/posts\/16456\/revisions"}],"predecessor-version":[{"id":16477,"href":"https:\/\/www.igssgt.org\/noticias\/wp-json\/wp\/v2\/posts\/16456\/revisions\/16477"}],"wp:featuredmedia":[{"embeddable":true,"href":"https:\/\/www.igssgt.org\/noticias\/wp-json\/wp\/v2\/media\/16458"}],"wp:attachment":[{"href":"https:\/\/www.igssgt.org\/noticias\/wp-json\/wp\/v2\/media?parent=16456"}],"wp:term":[{"taxonomy":"category","embeddable":true,"href":"https:\/\/www.igssgt.org\/noticias\/wp-json\/wp\/v2\/categories?post=16456"},{"taxonomy":"post_tag","embeddable":true,"href":"https:\/\/www.igssgt.org\/noticias\/wp-json\/wp\/v2\/tags?post=16456"},{"taxonomy":"author","embeddable":true,"href":"https:\/\/www.igssgt.org\/noticias\/wp-json\/wp\/v2\/coauthors?post=16456"}],"curies":[{"name":"wp","href":"https:\/\/api.w.org\/{rel}","templated":true}]}}