{"id":16512,"date":"2020-03-06T17:18:00","date_gmt":"2020-03-06T23:18:00","guid":{"rendered":"https:\/\/www.igssgt.org\/noticias\/?p=16512"},"modified":"2020-03-06T18:22:42","modified_gmt":"2020-03-07T00:22:42","slug":"reconocen-labor-de-la-gerente-del-igss","status":"publish","type":"post","link":"https:\/\/www.igssgt.org\/noticias\/2020\/03\/06\/reconocen-labor-de-la-gerente-del-igss\/","title":{"rendered":"Reconocen labor de la Gerente del IGSS"},"content":{"rendered":"\n<p class=\"s3\"><span class=\"s5\" style=\"font-size: inherit\"><span class=\"bumpedFont15\">En el marco de<\/span><\/span><span class=\"s5\" style=\"font-size: inherit\"><span class=\"bumpedFont15\">l D\u00eda Internacional de la Mujer, que se conmemora el 8 de marzo, la <\/span><\/span><span class=\"s5\" style=\"font-size: inherit\"><span class=\"bumpedFont15\">doctora <\/span><\/span><span class=\"s6\" style=\"font-size: inherit\"><span class=\"bumpedFont15\">Ana Marilyn Ortiz, gerente del IGSS, firm\u00f3 <\/span><\/span><span class=\"s6\" style=\"font-size: inherit\"><span class=\"bumpedFont15\">la <\/span><\/span><span class=\"s6\" style=\"font-size: inherit\"><span class=\"bumpedFont15\">Declaraci\u00f3n por la Participaci\u00f3n y Desarrollo Integral de las Mujeres Guatemaltecas<\/span><\/span><span class=\"s6\" style=\"font-size: inherit\"><span class=\"bumpedFont15\">, impulsada por la diputad<\/span><\/span><span class=\"s6\" style=\"font-size: inherit\"><span class=\"bumpedFont15\">a <\/span><\/span><span class=\"s6\" style=\"font-size: inherit\"><span class=\"bumpedFont15\">Sof\u00eda Hern\u00e1ndez<\/span><\/span><span class=\"s6\" style=\"font-size: inherit\"><span class=\"bumpedFont15\">, primera vicepresidente<\/span><\/span><span class=\"s6\" style=\"font-size: inherit\"><span class=\"bumpedFont15\"> de la Congreso de la Rep\u00fablica <\/span><\/span><span class=\"s6\" style=\"font-size: inherit\"><span class=\"bumpedFont15\">e integrantes de la sociedad civil.<\/span><\/span><\/p>\n<p class=\"s4\"><span class=\"s6\"><span class=\"bumpedFont15\">Esta declaraci\u00f3n<\/span><\/span> <span class=\"s6\"><span class=\"bumpedFont15\">promueve acciones de formaci\u00f3n y coordinaci\u00f3n en el reconocimiento de<\/span><\/span><span class=\"s6\"><span class=\"bumpedFont15\">la<\/span><\/span><span class=\"s6\"><span class=\"bumpedFont15\"> igualdad<\/span><\/span><span class=\"s6\"><span class=\"bumpedFont15\"> de la mujer, en los \u00e1mbitos sociales, laborales, jur\u00eddicos y econ\u00f3micos<\/span><\/span><span class=\"s6\"><span class=\"bumpedFont15\">, <\/span><\/span><span class=\"s6\"><span class=\"bumpedFont15\">as\u00ed como la<\/span><\/span><span class=\"s6\"><span class=\"bumpedFont15\">concientizaci\u00f3n <\/span><\/span><span class=\"s6\"><span class=\"bumpedFont15\">de un sistema integral de Seguridad S<\/span><\/span><span class=\"s6\"><span class=\"bumpedFont15\">ocial <\/span><\/span><span class=\"s6\"><span class=\"bumpedFont15\">para \u00a0hombres y mujeres, <\/span><\/span><span class=\"s6\"><span class=\"bumpedFont15\">bajo los aspectos de <\/span><\/span><span class=\"s6\"><span class=\"bumpedFont15\">una cobertura <\/span><\/span><span class=\"s6\"><span class=\"bumpedFont15\">integral <\/span><\/span><span class=\"s6\"><span class=\"bumpedFont15\">en <\/span><\/span><span class=\"s6\"><span class=\"bumpedFont15\">salud, educaci\u00f3n<\/span><\/span><span class=\"s6\"><span class=\"bumpedFont15\"> y <\/span><\/span><span class=\"s6\"><span class=\"bumpedFont15\">recreaci\u00f3n<\/span><\/span><span class=\"s6\"><span class=\"bumpedFont15\">, entre otras.<br \/><\/span><\/span><\/p>\n<div style=\"width: 696px;\" class=\"wp-video\"><video class=\"wp-video-shortcode\" id=\"video-16512-1\" width=\"696\" height=\"392\" preload=\"metadata\" controls=\"controls\"><source type=\"video\/mp4\" src=\"\/wp-content\/uploads\/sites\/5\/2020\/03\/IMG_9109.mp4?_=1\" \/><a href=\"\/wp-content\/uploads\/sites\/5\/2020\/03\/IMG_9109.mp4\">\/wp-content\/uploads\/sites\/5\/2020\/03\/IMG_9109.mp4<\/a><\/video><\/div>\n<p class=\"s4\"><span class=\"s6\"><span class=\"bumpedFont15\">\u201cAgradezco a las se\u00f1oras diputadas<\/span><\/span><span class=\"s6\"><span class=\"bumpedFont15\">,<\/span><\/span><span class=\"s6\"><span class=\"bumpedFont15\"> en especial a la<\/span><\/span><span class=\"s6\"><span class=\"bumpedFont15\"> diputada Hern\u00e1ndez, <\/span><\/span><span class=\"s6\"><span class=\"bumpedFont15\">por <\/span><\/span><span class=\"s6\"><span class=\"bumpedFont15\">invitarme a firmar este importante convenio el cual empodera a la mujer en el camino hac<\/span><\/span><span class=\"s6\"><span class=\"bumpedFont15\">i<\/span><\/span><span class=\"s6\"><span class=\"bumpedFont15\">a la igualdad\u201d, expres\u00f3 la doctora Ortiz.<\/span><\/span><\/p>\n<p class=\"s4\"><span class=\"s6\"><span class=\"bumpedFont15\">La <\/span><\/span><span class=\"s6\"><span class=\"bumpedFont15\">diputada Sof\u00eda Hern\u00e1<\/span><\/span><span class=\"s6\"><span class=\"bumpedFont15\">ndez<\/span><\/span> <span class=\"s6\"><span class=\"bumpedFont15\">feli<\/span><\/span><span class=\"s6\"><span class=\"bumpedFont15\">cit\u00f3<\/span><\/span><span class=\"s6\"><span class=\"bumpedFont15\"> a la Gerente<\/span><\/span><span class=\"s6\"><span class=\"bumpedFont15\">por ser la <\/span><\/span><span class=\"s6\"><span class=\"bumpedFont15\">primer<\/span><\/span><span class=\"s6\"><span class=\"bumpedFont15\">a<\/span><\/span><span class=\"s6\"><span class=\"bumpedFont15\"> mujer <\/span><\/span><span class=\"s6\"><span class=\"bumpedFont15\">al frente del Instituto y promover una cultura de prevenci\u00f3n y cobertura <\/span><\/span><span class=\"s6\"><span class=\"bumpedFont15\">universal <\/span><\/span><span class=\"s6\"><span class=\"bumpedFont15\">en beneficio <\/span><\/span><span class=\"s6\"><span class=\"bumpedFont15\">del sector femenino<\/span><\/span><span class=\"s6\"><span class=\"bumpedFont15\"> a trav\u00e9s de la <\/span><\/span><span class=\"s6\"><span class=\"bumpedFont15\">Pol\u00edtica<\/span><\/span><span class=\"s6\"><span class=\"bumpedFont15\"> Preventiva y su <\/span><\/span><span class=\"s6\"><span class=\"bumpedFont15\">Plan Estra<\/span><\/span><span class=\"s6\"><span class=\"bumpedFont15\">t<\/span><\/span><span class=\"s6\"><span class=\"bumpedFont15\">\u00e9<\/span><\/span><span class=\"s6\"><span class=\"bumpedFont15\">gico Institucional<\/span><\/span> <span class=\"s6\"><span class=\"bumpedFont15\">(<\/span><\/span><span class=\"s6\"><span class=\"bumpedFont15\">PEI<\/span><\/span><span class=\"s6\"><span class=\"bumpedFont15\">)<\/span><\/span><span class=\"s6\"><span class=\"bumpedFont15\">.<\/span><\/span><\/p>\n<p class=\"s4\"><span class=\"s6\"><span class=\"bumpedFont15\">\u201cEl IGSS ha tenido grandes cambios <\/span><\/span><span class=\"s6\"><span class=\"bumpedFont15\">a fa<\/span><\/span><span class=\"s6\"><span class=\"bumpedFont15\">vor de la sociedad guatemalteca<\/span><\/span><span class=\"s6\"><span class=\"bumpedFont15\">, por estar liderado por una mujer c<\/span><\/span><span class=\"s6\"><span class=\"bumpedFont15\">omprometida <\/span><\/span><span class=\"s6\"><span class=\"bumpedFont15\">en <\/span><\/span><span class=\"s6\"><span class=\"bumpedFont15\">fortalecer la salud<\/span><\/span><span class=\"s6\"><span class=\"bumpedFont15\">\u201d, <\/span><\/span><span class=\"s6\"><span class=\"bumpedFont15\">dijo la diputada Hern\u00e1ndez.<\/span><\/span><\/p>\n<p class=\"s4\"><span class=\"s6\"><span class=\"bumpedFont15\">Mirna Montenegro<\/span><\/span><span class=\"s6\"><span class=\"bumpedFont15\">,<\/span><\/span> <span class=\"s6\"><span class=\"bumpedFont15\">secretaria <\/span><\/span><span class=\"s6\"><span class=\"bumpedFont15\">t<\/span><\/span><span class=\"s6\"><span class=\"bumpedFont15\">\u00e9cnica <\/span><\/span><span class=\"s6\"><span class=\"bumpedFont15\">del <\/span><\/span><span class=\"s6\"><span class=\"bumpedFont15\">Observatorio<\/span><\/span><span class=\"s6\"><span class=\"bumpedFont15\"> de Salud Sexual y Reproductiva<\/span><\/span><span class=\"s6\"><span class=\"bumpedFont15\">,<\/span><\/span><span class=\"s6\"><span class=\"bumpedFont15\">expres\u00f3 su complacencia por la participaci\u00f3n de<\/span><\/span><span class=\"s6\"><span class=\"bumpedFont15\">la Gerente en esta firma, <\/span><\/span><span class=\"s6\"><span class=\"bumpedFont15\">y resalt\u00f3 que durante su labor ha promovido<\/span><\/span> <span class=\"s6\"><span class=\"bumpedFont15\">alianzas <\/span><\/span><span class=\"s6\"><span class=\"bumpedFont15\">estrat\u00e9gicas <\/span><\/span><span class=\"s6\"><span class=\"bumpedFont15\">para m<\/span><\/span><span class=\"s6\"><span class=\"bumpedFont15\">ejorar <\/span><\/span><span class=\"s6\"><span class=\"bumpedFont15\">los <\/span><\/span><span class=\"s6\"><span class=\"bumpedFont15\">programas <\/span><\/span><span class=\"s6\"><span class=\"bumpedFont15\">en el <\/span><\/span><span class=\"s6\"><span class=\"bumpedFont15\">\u00e1rea tecnol\u00f3gica<\/span><\/span><a name=\"_GoBack\"><\/a><span class=\"s6\"><span class=\"bumpedFont15\">, el <\/span><\/span><span class=\"s6\"><span class=\"bumpedFont15\">fort<\/span><\/span><span class=\"s6\"><span class=\"bumpedFont15\">alecimiento del recurso humano y <\/span><\/span><span class=\"s6\"><span class=\"bumpedFont15\">la prevenci\u00f3n <\/span><\/span><span class=\"s6\"><span class=\"bumpedFont15\">de <\/span><\/span><span class=\"s6\"><span class=\"bumpedFont15\">enfermedades como <\/span><\/span><span class=\"s6\"><span class=\"bumpedFont15\">el c\u00e1ncer <\/span><\/span><span class=\"s6\"><span class=\"bumpedFont15\">ce<\/span><\/span><span class=\"s6\"><span class=\"bumpedFont15\">rvico<\/span><\/span><span class=\"s6\"><span class=\"bumpedFont15\">uterino.<br \/><br \/><\/span><\/span><\/p>\n<div style=\"width: 696px;\" class=\"wp-video\"><video class=\"wp-video-shortcode\" id=\"video-16512-2\" width=\"696\" height=\"392\" preload=\"metadata\" controls=\"controls\"><source type=\"video\/mp4\" src=\"\/wp-content\/uploads\/sites\/5\/2020\/03\/IMG_9110.mp4?_=2\" \/><a href=\"\/wp-content\/uploads\/sites\/5\/2020\/03\/IMG_9110.mp4\">\/wp-content\/uploads\/sites\/5\/2020\/03\/IMG_9110.mp4<\/a><\/video><\/div>\n<h3 class=\"s4\"><span class=\"s7\"><span class=\"bumpedFont15\">Estad\u00edsticas<\/span><\/span><\/h3>\n<p class=\"s4\"><span class=\"s6\"><span class=\"bumpedFont15\">Seg\u00fan<\/span><\/span><span class=\"s6\"><span class=\"bumpedFont15\"> el Fondo de Poblaci\u00f3n de Naciones Unidas<\/span><\/span><span class=\"s6\"><span class=\"bumpedFont15\"> el<\/span><\/span><span class=\"s6\"><span class=\"bumpedFont15\"> 53 por ciento de la poblaci\u00f3n <\/span><\/span><span class=\"s6\"><span class=\"bumpedFont15\">guatemal<\/span><\/span><span class=\"s6\"><span class=\"bumpedFont15\">teca son mujeres en edad f\u00e9rtil, <\/span><\/span><span class=\"s6\"><span class=\"bumpedFont15\">m\u00e1<\/span><\/span><span class=\"s6\"><span class=\"bumpedFont15\">s del 30 por ciento<\/span><\/span><span class=\"s6\"><span class=\"bumpedFont15\"> tienen menos de 30 a\u00f1os<\/span><\/span> <span class=\"s6\"><span class=\"bumpedFont15\">y por ello se debe<\/span><\/span><span class=\"s6\"><span class=\"bumpedFont15\">n<\/span><\/span><span class=\"s6\"><span class=\"bumpedFont15\"> garantizar los derechos <\/span><\/span><span class=\"s6\"><span class=\"bumpedFont15\">sexuales y reproductivos.<\/span><\/span><\/p>\n","protected":false},"excerpt":{"rendered":"<p>En el marco del D\u00eda Internacional de la Mujer, que se conmemora el 8 de marzo, la doctora Ana Marilyn Ortiz, gerente del IGSS, firm\u00f3 la Declaraci\u00f3n por la Participaci\u00f3n y Desarrollo Integral de las Mujeres Guatemaltecas, impulsada por la diputada Sof\u00eda Hern\u00e1ndez, primera vicepresidente de la Congreso de la Rep\u00fablica e integrantes de la [&hellip;]<\/p>\n","protected":false},"author":4,"featured_media":16513,"comment_status":"open","ping_status":"open","sticky":false,"template":"","format":"standard","meta":{"footnotes":""},"categories":[3,15,16,29],"tags":[199,240,372,490],"coauthors":[881],"class_list":{"0":"post-16512","1":"post","2":"type-post","3":"status-publish","4":"format-standard","5":"has-post-thumbnail","7":"category-actualidad","8":"category-destacado","9":"category-featured","10":"category-publicaciones","11":"tag-congreso-de-la-republica","12":"tag-dia-internacional-de-la-mujer","13":"tag-dra-marilyn-ortiz","14":"tag-igss"},"_links":{"self":[{"href":"https:\/\/www.igssgt.org\/noticias\/wp-json\/wp\/v2\/posts\/16512","targetHints":{"allow":["GET"]}}],"collection":[{"href":"https:\/\/www.igssgt.org\/noticias\/wp-json\/wp\/v2\/posts"}],"about":[{"href":"https:\/\/www.igssgt.org\/noticias\/wp-json\/wp\/v2\/types\/post"}],"author":[{"embeddable":true,"href":"https:\/\/www.igssgt.org\/noticias\/wp-json\/wp\/v2\/users\/4"}],"replies":[{"embeddable":true,"href":"https:\/\/www.igssgt.org\/noticias\/wp-json\/wp\/v2\/comments?post=16512"}],"version-history":[{"count":5,"href":"https:\/\/www.igssgt.org\/noticias\/wp-json\/wp\/v2\/posts\/16512\/revisions"}],"predecessor-version":[{"id":16522,"href":"https:\/\/www.igssgt.org\/noticias\/wp-json\/wp\/v2\/posts\/16512\/revisions\/16522"}],"wp:featuredmedia":[{"embeddable":true,"href":"https:\/\/www.igssgt.org\/noticias\/wp-json\/wp\/v2\/media\/16513"}],"wp:attachment":[{"href":"https:\/\/www.igssgt.org\/noticias\/wp-json\/wp\/v2\/media?parent=16512"}],"wp:term":[{"taxonomy":"category","embeddable":true,"href":"https:\/\/www.igssgt.org\/noticias\/wp-json\/wp\/v2\/categories?post=16512"},{"taxonomy":"post_tag","embeddable":true,"href":"https:\/\/www.igssgt.org\/noticias\/wp-json\/wp\/v2\/tags?post=16512"},{"taxonomy":"author","embeddable":true,"href":"https:\/\/www.igssgt.org\/noticias\/wp-json\/wp\/v2\/coauthors?post=16512"}],"curies":[{"name":"wp","href":"https:\/\/api.w.org\/{rel}","templated":true}]}}