{"id":16683,"date":"2020-03-11T15:35:00","date_gmt":"2020-03-11T21:35:00","guid":{"rendered":"https:\/\/www.igssgt.org\/noticias\/?p=16683"},"modified":"2020-04-01T19:04:06","modified_gmt":"2020-04-02T01:04:06","slug":"personal-de-enfermeria-y-tripulantes-de-ambulancias-reciben-capacitacion-por-amenaza-del-covid-19","status":"publish","type":"post","link":"https:\/\/www.igssgt.org\/noticias\/2020\/03\/11\/personal-de-enfermeria-y-tripulantes-de-ambulancias-reciben-capacitacion-por-amenaza-del-covid-19\/","title":{"rendered":"Personal de enfermer\u00eda y tripulantes de ambulancias reciben capacitaci\u00f3n por amenaza del COVID-19"},"content":{"rendered":"\n<p>M\u00e1s de 300 trabajadores de las \u00e1reas de enfermer\u00eda, pilotos de ambulancias y promotores de salud de distintas unidades m\u00e9dicas del Instituto obtuvieron hoy conocimientos acerca de las medidas de prevenci\u00f3n,&nbsp; bioseguridad, vigilancia epidemiol\u00f3gica, control de infecciones y an\u00e1lisis de riesgos ante casos sospechosos de coronavirus COVID-19.<\/p>\n<p>El doctor Edwin Cambranes, jefe del Departamento de Medicina Preventiva de la Subgerencia de Prestaciones en Salud, destac\u00f3 la importancia que el recurso humano de salud est\u00e9 protegido en el momento de atender a los pacientes con esta enfermedad\u201d.<\/p>\n<p>El doctor Oscar Donis, jefe de la Secci\u00f3n de Epidemiologia, explic\u00f3 que las medidas inmediatas para atender a un paciente con COVID-19 son: colocarle mascarilla, aislarlo, investigar la procedencia de la enfermedad, trasladarlo a un hospital centinela de manera segura para no arriesgar a la tripulaci\u00f3n, as\u00ed como el manejo de material contaminado utilizado por el equipo de salud y sobre todo la limpieza y desinfecci\u00f3n de ambientes en las unidades m\u00e9dicas y ambulancias.<\/p>\n<p>La licenciada Elsa Ver\u00f3nica Ram\u00edrez, jefe de la Secci\u00f3n de Enfermer\u00eda, expres\u00f3 su satisfacci\u00f3n tras recibir esta capacitaci\u00f3n de la cual dijo que&nbsp; contribuir\u00e1 en el trabajo de primera l\u00ednea del tratamiento de pacientes.<\/p>\n<p>El IGSS aplica los modelos de la Pol\u00edtica Preventiva de la Seguridad Social y al Plan Estrat\u00e9gico Institucional (PEI) que promueven la salud y la prevenci\u00f3n de la enfermedad.<\/p>\n\n\n\n\r\n                <style type=\"text\/css\">\r\n                    \r\n                    #tdi_1  .td-doubleSlider-2 .td-item1 {\r\n                        background: url(\/wp-content\/uploads\/sites\/5\/2020\/03\/capacitacion-enfermeros-y-pilotos-de-ambulancias-IGSS-coronavirus-covid-19-6-80x60.jpeg) 0 0 no-repeat;\r\n                    }\r\n                    #tdi_1  .td-doubleSlider-2 .td-item2 {\r\n                        background: url(\/wp-content\/uploads\/sites\/5\/2020\/03\/capacitacion-enfermeros-y-pilotos-de-ambulancias-IGSS-coronavirus-covid-19-3-80x60.jpeg) 0 0 no-repeat;\r\n                    }\r\n                    #tdi_1  .td-doubleSlider-2 .td-item3 {\r\n                        background: url(\/wp-content\/uploads\/sites\/5\/2020\/03\/capacitacion-enfermeros-y-pilotos-de-ambulancias-IGSS-coronavirus-covid-19-2-80x60.jpg) 0 0 no-repeat;\r\n                    }\r\n                    #tdi_1  .td-doubleSlider-2 .td-item4 {\r\n                        background: url(\/wp-content\/uploads\/sites\/5\/2020\/03\/capacitacion-enfermeros-y-pilotos-de-ambulancias-IGSS-coronavirus-covid-19-1-80x60.jpeg) 0 0 no-repeat;\r\n                    }\r\n                    #tdi_1  .td-doubleSlider-2 .td-item5 {\r\n                        background: url(\/wp-content\/uploads\/sites\/5\/2020\/03\/capacitacion-enfermeros-y-pilotos-de-ambulancias-IGSS-coronavirus-covid-19-4-80x60.jpeg) 0 0 no-repeat;\r\n                    }\r\n                    #tdi_1  .td-doubleSlider-2 .td-item6 {\r\n                        background: url(\/wp-content\/uploads\/sites\/5\/2020\/03\/capacitacion-enfermeros-y-pilotos-de-ambulancias-IGSS-coronavirus-covid-19-5-80x60.jpeg) 0 0 no-repeat;\r\n                    }\r\n                <\/style>\r\n\r\n                <div id=\"tdi_1\" class=\"td-gallery td-slide-on-2-columns\">\r\n                    <div class=\"post_td_gallery\">\r\n                        <div class=\"td-gallery-slide-top\">\r\n                           <div class=\"td-gallery-title\">Galer\u00eda de im\u00e1genes<\/div>\r\n\r\n                            <div class=\"td-gallery-controls-wrapper\">\r\n                                <div class=\"td-gallery-slide-count\"><span class=\"td-gallery-slide-item-focus\">1<\/span> de 6<\/div>\r\n                                <div class=\"td-gallery-slide-prev-next-but\">\r\n                                    <i class = \"td-icon-left doubleSliderPrevButton\"><\/i>\r\n                                    <i class = \"td-icon-right doubleSliderNextButton\"><\/i>\r\n                                <\/div>\r\n                            <\/div>\r\n                        <\/div>\r\n\r\n                        <div class = \"td-doubleSlider-1 \">\r\n                            <div class = \"td-slider\">\r\n                                \r\n                    <div class = \"td-slide-item td-item1\">\r\n                        <figure class=\"td-slide-galery-figure td-slide-popup-gallery\">\r\n                            <a class=\"slide-gallery-image-link\" href=\"\/wp-content\/uploads\/sites\/5\/2020\/03\/capacitacion-enfermeros-y-pilotos-de-ambulancias-IGSS-coronavirus-covid-19-6.jpeg\" title=\"capacitacion enfermeros y pilotos de ambulancias IGSS coronavirus covid-19-6\"  data-caption=\"\"  data-description=\"\">\r\n                                <img decoding=\"async\" src=\"\/wp-content\/uploads\/sites\/5\/2020\/03\/capacitacion-enfermeros-y-pilotos-de-ambulancias-IGSS-coronavirus-covid-19-6-610x420.jpeg\" srcset=\"\/wp-content\/uploads\/sites\/5\/2020\/03\/capacitacion-enfermeros-y-pilotos-de-ambulancias-IGSS-coronavirus-covid-19-6-610x420.jpeg 610w, \/wp-content\/uploads\/sites\/5\/2020\/03\/capacitacion-enfermeros-y-pilotos-de-ambulancias-IGSS-coronavirus-covid-19-6-300x207.jpeg 300w, \/wp-content\/uploads\/sites\/5\/2020\/03\/capacitacion-enfermeros-y-pilotos-de-ambulancias-IGSS-coronavirus-covid-19-6-768x529.jpeg 768w, \/wp-content\/uploads\/sites\/5\/2020\/03\/capacitacion-enfermeros-y-pilotos-de-ambulancias-IGSS-coronavirus-covid-19-6-1024x706.jpeg 1024w, \/wp-content\/uploads\/sites\/5\/2020\/03\/capacitacion-enfermeros-y-pilotos-de-ambulancias-IGSS-coronavirus-covid-19-6-218x150.jpeg 218w, \/wp-content\/uploads\/sites\/5\/2020\/03\/capacitacion-enfermeros-y-pilotos-de-ambulancias-IGSS-coronavirus-covid-19-6-696x480.jpeg 696w, \/wp-content\/uploads\/sites\/5\/2020\/03\/capacitacion-enfermeros-y-pilotos-de-ambulancias-IGSS-coronavirus-covid-19-6-1068x736.jpeg 1068w, \/wp-content\/uploads\/sites\/5\/2020\/03\/capacitacion-enfermeros-y-pilotos-de-ambulancias-IGSS-coronavirus-covid-19-6-100x70.jpeg 100w, \/wp-content\/uploads\/sites\/5\/2020\/03\/capacitacion-enfermeros-y-pilotos-de-ambulancias-IGSS-coronavirus-covid-19-6-534x368.jpeg 534w, \/wp-content\/uploads\/sites\/5\/2020\/03\/capacitacion-enfermeros-y-pilotos-de-ambulancias-IGSS-coronavirus-covid-19-6.jpeg 1280w\" sizes=\"(max-width: 610px) 100vw, 610px\" alt=\"\">\r\n                            <\/a>\r\n                            \r\n                        <\/figure>\r\n                    <\/div>\r\n                    <div class = \"td-slide-item td-item2\">\r\n                        <figure class=\"td-slide-galery-figure td-slide-popup-gallery\">\r\n                            <a class=\"slide-gallery-image-link\" href=\"\/wp-content\/uploads\/sites\/5\/2020\/03\/capacitacion-enfermeros-y-pilotos-de-ambulancias-IGSS-coronavirus-covid-19-3.jpeg\" title=\"capacitacion enfermeros y pilotos de ambulancias IGSS coronavirus covid-19-3\"  data-caption=\"\"  data-description=\"\">\r\n                                <img decoding=\"async\" src=\"\/wp-content\/uploads\/sites\/5\/2020\/03\/capacitacion-enfermeros-y-pilotos-de-ambulancias-IGSS-coronavirus-covid-19-3-630x420.jpeg\" srcset=\"\/wp-content\/uploads\/sites\/5\/2020\/03\/capacitacion-enfermeros-y-pilotos-de-ambulancias-IGSS-coronavirus-covid-19-3-630x420.jpeg 630w, \/wp-content\/uploads\/sites\/5\/2020\/03\/capacitacion-enfermeros-y-pilotos-de-ambulancias-IGSS-coronavirus-covid-19-3-300x200.jpeg 300w, \/wp-content\/uploads\/sites\/5\/2020\/03\/capacitacion-enfermeros-y-pilotos-de-ambulancias-IGSS-coronavirus-covid-19-3-768x512.jpeg 768w, \/wp-content\/uploads\/sites\/5\/2020\/03\/capacitacion-enfermeros-y-pilotos-de-ambulancias-IGSS-coronavirus-covid-19-3-1024x682.jpeg 1024w, \/wp-content\/uploads\/sites\/5\/2020\/03\/capacitacion-enfermeros-y-pilotos-de-ambulancias-IGSS-coronavirus-covid-19-3-696x464.jpeg 696w, \/wp-content\/uploads\/sites\/5\/2020\/03\/capacitacion-enfermeros-y-pilotos-de-ambulancias-IGSS-coronavirus-covid-19-3-1068x712.jpeg 1068w, \/wp-content\/uploads\/sites\/5\/2020\/03\/capacitacion-enfermeros-y-pilotos-de-ambulancias-IGSS-coronavirus-covid-19-3-534x356.jpeg 534w, \/wp-content\/uploads\/sites\/5\/2020\/03\/capacitacion-enfermeros-y-pilotos-de-ambulancias-IGSS-coronavirus-covid-19-3.jpeg 1280w\" sizes=\"(max-width: 630px) 100vw, 630px\" alt=\"\">\r\n                            <\/a>\r\n                            \r\n                        <\/figure>\r\n                    <\/div>\r\n                    <div class = \"td-slide-item td-item3\">\r\n                        <figure class=\"td-slide-galery-figure td-slide-popup-gallery\">\r\n                            <a class=\"slide-gallery-image-link\" href=\"\/wp-content\/uploads\/sites\/5\/2020\/03\/capacitacion-enfermeros-y-pilotos-de-ambulancias-IGSS-coronavirus-covid-19-2.jpg\" title=\"capacitacion enfermeros y pilotos de ambulancias IGSS coronavirus covid-19-2\"  data-caption=\"\"  data-description=\"\">\r\n                                <img decoding=\"async\" src=\"\/wp-content\/uploads\/sites\/5\/2020\/03\/capacitacion-enfermeros-y-pilotos-de-ambulancias-IGSS-coronavirus-covid-19-2-630x420.jpg\" srcset=\"\/wp-content\/uploads\/sites\/5\/2020\/03\/capacitacion-enfermeros-y-pilotos-de-ambulancias-IGSS-coronavirus-covid-19-2-630x420.jpg 630w, \/wp-content\/uploads\/sites\/5\/2020\/03\/capacitacion-enfermeros-y-pilotos-de-ambulancias-IGSS-coronavirus-covid-19-2-300x200.jpg 300w, \/wp-content\/uploads\/sites\/5\/2020\/03\/capacitacion-enfermeros-y-pilotos-de-ambulancias-IGSS-coronavirus-covid-19-2-768x512.jpg 768w, \/wp-content\/uploads\/sites\/5\/2020\/03\/capacitacion-enfermeros-y-pilotos-de-ambulancias-IGSS-coronavirus-covid-19-2-1024x682.jpg 1024w, \/wp-content\/uploads\/sites\/5\/2020\/03\/capacitacion-enfermeros-y-pilotos-de-ambulancias-IGSS-coronavirus-covid-19-2-696x464.jpg 696w, \/wp-content\/uploads\/sites\/5\/2020\/03\/capacitacion-enfermeros-y-pilotos-de-ambulancias-IGSS-coronavirus-covid-19-2-1068x712.jpg 1068w, \/wp-content\/uploads\/sites\/5\/2020\/03\/capacitacion-enfermeros-y-pilotos-de-ambulancias-IGSS-coronavirus-covid-19-2-534x356.jpg 534w, \/wp-content\/uploads\/sites\/5\/2020\/03\/capacitacion-enfermeros-y-pilotos-de-ambulancias-IGSS-coronavirus-covid-19-2.jpg 1280w\" sizes=\"(max-width: 630px) 100vw, 630px\" alt=\"\">\r\n                            <\/a>\r\n                            \r\n                        <\/figure>\r\n                    <\/div>\r\n                    <div class = \"td-slide-item td-item4\">\r\n                        <figure class=\"td-slide-galery-figure td-slide-popup-gallery\">\r\n                            <a class=\"slide-gallery-image-link\" href=\"\/wp-content\/uploads\/sites\/5\/2020\/03\/capacitacion-enfermeros-y-pilotos-de-ambulancias-IGSS-coronavirus-covid-19-1.jpeg\" title=\"capacitacion enfermeros y pilotos de ambulancias IGSS coronavirus covid-19-1\"  data-caption=\"\"  data-description=\"\">\r\n                                <img decoding=\"async\" src=\"\/wp-content\/uploads\/sites\/5\/2020\/03\/capacitacion-enfermeros-y-pilotos-de-ambulancias-IGSS-coronavirus-covid-19-1-630x420.jpeg\" srcset=\"\/wp-content\/uploads\/sites\/5\/2020\/03\/capacitacion-enfermeros-y-pilotos-de-ambulancias-IGSS-coronavirus-covid-19-1-630x420.jpeg 630w, \/wp-content\/uploads\/sites\/5\/2020\/03\/capacitacion-enfermeros-y-pilotos-de-ambulancias-IGSS-coronavirus-covid-19-1-300x200.jpeg 300w, \/wp-content\/uploads\/sites\/5\/2020\/03\/capacitacion-enfermeros-y-pilotos-de-ambulancias-IGSS-coronavirus-covid-19-1-768x512.jpeg 768w, \/wp-content\/uploads\/sites\/5\/2020\/03\/capacitacion-enfermeros-y-pilotos-de-ambulancias-IGSS-coronavirus-covid-19-1-1024x682.jpeg 1024w, \/wp-content\/uploads\/sites\/5\/2020\/03\/capacitacion-enfermeros-y-pilotos-de-ambulancias-IGSS-coronavirus-covid-19-1-696x464.jpeg 696w, \/wp-content\/uploads\/sites\/5\/2020\/03\/capacitacion-enfermeros-y-pilotos-de-ambulancias-IGSS-coronavirus-covid-19-1-1068x712.jpeg 1068w, \/wp-content\/uploads\/sites\/5\/2020\/03\/capacitacion-enfermeros-y-pilotos-de-ambulancias-IGSS-coronavirus-covid-19-1-534x356.jpeg 534w, \/wp-content\/uploads\/sites\/5\/2020\/03\/capacitacion-enfermeros-y-pilotos-de-ambulancias-IGSS-coronavirus-covid-19-1.jpeg 1280w\" sizes=\"(max-width: 630px) 100vw, 630px\" alt=\"\">\r\n                            <\/a>\r\n                            \r\n                        <\/figure>\r\n                    <\/div>\r\n                    <div class = \"td-slide-item td-item5\">\r\n                        <figure class=\"td-slide-galery-figure td-slide-popup-gallery\">\r\n                            <a class=\"slide-gallery-image-link\" href=\"\/wp-content\/uploads\/sites\/5\/2020\/03\/capacitacion-enfermeros-y-pilotos-de-ambulancias-IGSS-coronavirus-covid-19-4.jpeg\" title=\"capacitacion enfermeros y pilotos de ambulancias IGSS coronavirus covid-19-4\"  data-caption=\"\"  data-description=\"\">\r\n                                <img decoding=\"async\" src=\"\/wp-content\/uploads\/sites\/5\/2020\/03\/capacitacion-enfermeros-y-pilotos-de-ambulancias-IGSS-coronavirus-covid-19-4-630x420.jpeg\" srcset=\"\/wp-content\/uploads\/sites\/5\/2020\/03\/capacitacion-enfermeros-y-pilotos-de-ambulancias-IGSS-coronavirus-covid-19-4-630x420.jpeg 630w, \/wp-content\/uploads\/sites\/5\/2020\/03\/capacitacion-enfermeros-y-pilotos-de-ambulancias-IGSS-coronavirus-covid-19-4-300x200.jpeg 300w, \/wp-content\/uploads\/sites\/5\/2020\/03\/capacitacion-enfermeros-y-pilotos-de-ambulancias-IGSS-coronavirus-covid-19-4-768x512.jpeg 768w, \/wp-content\/uploads\/sites\/5\/2020\/03\/capacitacion-enfermeros-y-pilotos-de-ambulancias-IGSS-coronavirus-covid-19-4-1024x682.jpeg 1024w, \/wp-content\/uploads\/sites\/5\/2020\/03\/capacitacion-enfermeros-y-pilotos-de-ambulancias-IGSS-coronavirus-covid-19-4-696x464.jpeg 696w, \/wp-content\/uploads\/sites\/5\/2020\/03\/capacitacion-enfermeros-y-pilotos-de-ambulancias-IGSS-coronavirus-covid-19-4-1068x712.jpeg 1068w, \/wp-content\/uploads\/sites\/5\/2020\/03\/capacitacion-enfermeros-y-pilotos-de-ambulancias-IGSS-coronavirus-covid-19-4-534x356.jpeg 534w, \/wp-content\/uploads\/sites\/5\/2020\/03\/capacitacion-enfermeros-y-pilotos-de-ambulancias-IGSS-coronavirus-covid-19-4.jpeg 1280w\" sizes=\"(max-width: 630px) 100vw, 630px\" alt=\"\">\r\n                            <\/a>\r\n                            \r\n                        <\/figure>\r\n                    <\/div>\r\n                    <div class = \"td-slide-item td-item6\">\r\n                        <figure class=\"td-slide-galery-figure td-slide-popup-gallery\">\r\n                            <a class=\"slide-gallery-image-link\" href=\"\/wp-content\/uploads\/sites\/5\/2020\/03\/capacitacion-enfermeros-y-pilotos-de-ambulancias-IGSS-coronavirus-covid-19-5.jpeg\" title=\"capacitacion enfermeros y pilotos de ambulancias IGSS coronavirus covid-19-5\"  data-caption=\"\"  data-description=\"\">\r\n                                <img decoding=\"async\" src=\"\/wp-content\/uploads\/sites\/5\/2020\/03\/capacitacion-enfermeros-y-pilotos-de-ambulancias-IGSS-coronavirus-covid-19-5-630x420.jpeg\" srcset=\"\/wp-content\/uploads\/sites\/5\/2020\/03\/capacitacion-enfermeros-y-pilotos-de-ambulancias-IGSS-coronavirus-covid-19-5-630x420.jpeg 630w, \/wp-content\/uploads\/sites\/5\/2020\/03\/capacitacion-enfermeros-y-pilotos-de-ambulancias-IGSS-coronavirus-covid-19-5-300x200.jpeg 300w, \/wp-content\/uploads\/sites\/5\/2020\/03\/capacitacion-enfermeros-y-pilotos-de-ambulancias-IGSS-coronavirus-covid-19-5-768x512.jpeg 768w, \/wp-content\/uploads\/sites\/5\/2020\/03\/capacitacion-enfermeros-y-pilotos-de-ambulancias-IGSS-coronavirus-covid-19-5-1024x682.jpeg 1024w, \/wp-content\/uploads\/sites\/5\/2020\/03\/capacitacion-enfermeros-y-pilotos-de-ambulancias-IGSS-coronavirus-covid-19-5-696x464.jpeg 696w, \/wp-content\/uploads\/sites\/5\/2020\/03\/capacitacion-enfermeros-y-pilotos-de-ambulancias-IGSS-coronavirus-covid-19-5-1068x712.jpeg 1068w, \/wp-content\/uploads\/sites\/5\/2020\/03\/capacitacion-enfermeros-y-pilotos-de-ambulancias-IGSS-coronavirus-covid-19-5-534x356.jpeg 534w, \/wp-content\/uploads\/sites\/5\/2020\/03\/capacitacion-enfermeros-y-pilotos-de-ambulancias-IGSS-coronavirus-covid-19-5.jpeg 1280w\" sizes=\"(max-width: 630px) 100vw, 630px\" alt=\"\">\r\n                            <\/a>\r\n                            \r\n                        <\/figure>\r\n                    <\/div>\r\n                            <\/div>\r\n                        <\/div>\r\n\r\n                        <div class = \"td-doubleSlider-2\">\r\n                            <div class = \"td-slider\">\r\n                                \r\n                    <div class = \"td-button td-item1\">\r\n                        <div class = \"td-border\"><\/div>\r\n                    <\/div>\r\n                    <div class = \"td-button td-item2\">\r\n                        <div class = \"td-border\"><\/div>\r\n                    <\/div>\r\n                    <div class = \"td-button td-item3\">\r\n                        <div class = \"td-border\"><\/div>\r\n                    <\/div>\r\n                    <div class = \"td-button td-item4\">\r\n                        <div class = \"td-border\"><\/div>\r\n                    <\/div>\r\n                    <div class = \"td-button td-item5\">\r\n                        <div class = \"td-border\"><\/div>\r\n                    <\/div>\r\n                    <div class = \"td-button td-item6\">\r\n                        <div class = \"td-border\"><\/div>\r\n                    <\/div>\r\n                            <\/div>\r\n                        <\/div>\r\n\r\n                    <\/div>\r\n\r\n                <\/div>\r\n                \n","protected":false},"excerpt":{"rendered":"<p>M\u00e1s de 300 trabajadores de las \u00e1reas de enfermer\u00eda, pilotos de ambulancias y promotores de salud de distintas unidades m\u00e9dicas del Instituto obtuvieron hoy conocimientos acerca de las medidas de prevenci\u00f3n,&nbsp; bioseguridad, vigilancia epidemiol\u00f3gica, control de infecciones y an\u00e1lisis de riesgos ante casos sospechosos de coronavirus COVID-19. El doctor Edwin Cambranes, jefe del Departamento de [&hellip;]<\/p>\n","protected":false},"author":4,"featured_media":16684,"comment_status":"open","ping_status":"open","sticky":false,"template":"","format":"standard","meta":{"footnotes":""},"categories":[3,17],"tags":[1152,1155,490,1181,1171],"coauthors":[881],"class_list":{"0":"post-16683","1":"post","2":"type-post","3":"status-publish","4":"format-standard","5":"has-post-thumbnail","7":"category-actualidad","8":"category-formacion-y-desarrollo","9":"tag-coronavirus","10":"tag-covid-19","11":"tag-igss","12":"tag-igss-notas-covid-19","13":"tag-noticias-covid-19"},"_links":{"self":[{"href":"https:\/\/www.igssgt.org\/noticias\/wp-json\/wp\/v2\/posts\/16683","targetHints":{"allow":["GET"]}}],"collection":[{"href":"https:\/\/www.igssgt.org\/noticias\/wp-json\/wp\/v2\/posts"}],"about":[{"href":"https:\/\/www.igssgt.org\/noticias\/wp-json\/wp\/v2\/types\/post"}],"author":[{"embeddable":true,"href":"https:\/\/www.igssgt.org\/noticias\/wp-json\/wp\/v2\/users\/4"}],"replies":[{"embeddable":true,"href":"https:\/\/www.igssgt.org\/noticias\/wp-json\/wp\/v2\/comments?post=16683"}],"version-history":[{"count":2,"href":"https:\/\/www.igssgt.org\/noticias\/wp-json\/wp\/v2\/posts\/16683\/revisions"}],"predecessor-version":[{"id":16779,"href":"https:\/\/www.igssgt.org\/noticias\/wp-json\/wp\/v2\/posts\/16683\/revisions\/16779"}],"wp:featuredmedia":[{"embeddable":true,"href":"https:\/\/www.igssgt.org\/noticias\/wp-json\/wp\/v2\/media\/16684"}],"wp:attachment":[{"href":"https:\/\/www.igssgt.org\/noticias\/wp-json\/wp\/v2\/media?parent=16683"}],"wp:term":[{"taxonomy":"category","embeddable":true,"href":"https:\/\/www.igssgt.org\/noticias\/wp-json\/wp\/v2\/categories?post=16683"},{"taxonomy":"post_tag","embeddable":true,"href":"https:\/\/www.igssgt.org\/noticias\/wp-json\/wp\/v2\/tags?post=16683"},{"taxonomy":"author","embeddable":true,"href":"https:\/\/www.igssgt.org\/noticias\/wp-json\/wp\/v2\/coauthors?post=16683"}],"curies":[{"name":"wp","href":"https:\/\/api.w.org\/{rel}","templated":true}]}}