{"id":16693,"date":"2020-03-12T07:00:00","date_gmt":"2020-03-12T13:00:00","guid":{"rendered":"https:\/\/www.igssgt.org\/noticias\/?p=16693"},"modified":"2021-02-25T18:30:35","modified_gmt":"2021-02-26T00:30:35","slug":"el-igss-invita-a-participar-en-la-convocatoria-de-las-siguientes-plazas-5","status":"publish","type":"post","link":"https:\/\/www.igssgt.org\/noticias\/2020\/03\/12\/el-igss-invita-a-participar-en-la-convocatoria-de-las-siguientes-plazas-5\/","title":{"rendered":"El IGSS invita a participar en la convocatoria de las siguientes plazas"},"content":{"rendered":"\n<p><a href=\"\/wp-content\/uploads\/sites\/5\/2020\/03\/Convocatoria-enfermeras-IGSS-2020-01.jpg\"><img loading=\"lazy\" decoding=\"async\" class=\"aligncenter size-full wp-image-16697\" src=\"\/wp-content\/uploads\/sites\/5\/2020\/03\/Convocatoria-enfermeras-IGSS-2020-01.jpg\" alt=\"\" width=\"971\" height=\"1140\" srcset=\"\/wp-content\/uploads\/sites\/5\/2020\/03\/Convocatoria-enfermeras-IGSS-2020-01.jpg 971w, \/wp-content\/uploads\/sites\/5\/2020\/03\/Convocatoria-enfermeras-IGSS-2020-01-256x300.jpg 256w, \/wp-content\/uploads\/sites\/5\/2020\/03\/Convocatoria-enfermeras-IGSS-2020-01-768x902.jpg 768w, \/wp-content\/uploads\/sites\/5\/2020\/03\/Convocatoria-enfermeras-IGSS-2020-01-872x1024.jpg 872w, \/wp-content\/uploads\/sites\/5\/2020\/03\/Convocatoria-enfermeras-IGSS-2020-01-358x420.jpg 358w, \/wp-content\/uploads\/sites\/5\/2020\/03\/Convocatoria-enfermeras-IGSS-2020-01-696x817.jpg 696w, \/wp-content\/uploads\/sites\/5\/2020\/03\/Convocatoria-enfermeras-IGSS-2020-01-394x462.jpg 394w\" sizes=\"auto, (max-width: 971px) 100vw, 971px\" \/><\/a><\/p>\n<p><b>El Instituto Guatemalteco de Seguridad Social a trav\u00e9s de la Subgerencia de Recursos Humanos invita a participar en la convocatoria externa para las siguientes plazas:<\/b><\/p>\n<ul>\n<li>M\u00e9dico General<\/li>\n<li>Ayudante de Enfermer\u00eda<\/li>\n<li>Auxiliar de Enfermer\u00eda<\/li>\n<li>Enfermera Graduada<\/li>\n<\/ul>\n<h4>Fecha para la recepci\u00f3n de correo electr\u00f3nico del 12 al 22 de marzo de 2020.<\/h4>\n","protected":false},"excerpt":{"rendered":"<p>El Instituto Guatemalteco de Seguridad Social a trav\u00e9s de la Subgerencia de Recursos Humanos invita a participar en la convocatoria externa para las siguientes plazas: M\u00e9dico General Ayudante de Enfermer\u00eda Auxiliar de Enfermer\u00eda Enfermera Graduada Fecha para la recepci\u00f3n de correo electr\u00f3nico del 12 al 22 de marzo de 2020.<\/p>\n","protected":false},"author":4,"featured_media":16694,"comment_status":"open","ping_status":"open","sticky":false,"template":"","format":"standard","meta":{"footnotes":""},"categories":[1299],"tags":[995,1300],"coauthors":[881],"class_list":{"0":"post-16693","1":"post","2":"type-post","3":"status-publish","4":"format-standard","5":"has-post-thumbnail","7":"category-plazas-vacantes","8":"tag-convocatoria-plazas","9":"tag-empleos-igss"},"_links":{"self":[{"href":"https:\/\/www.igssgt.org\/noticias\/wp-json\/wp\/v2\/posts\/16693","targetHints":{"allow":["GET"]}}],"collection":[{"href":"https:\/\/www.igssgt.org\/noticias\/wp-json\/wp\/v2\/posts"}],"about":[{"href":"https:\/\/www.igssgt.org\/noticias\/wp-json\/wp\/v2\/types\/post"}],"author":[{"embeddable":true,"href":"https:\/\/www.igssgt.org\/noticias\/wp-json\/wp\/v2\/users\/4"}],"replies":[{"embeddable":true,"href":"https:\/\/www.igssgt.org\/noticias\/wp-json\/wp\/v2\/comments?post=16693"}],"version-history":[{"count":2,"href":"https:\/\/www.igssgt.org\/noticias\/wp-json\/wp\/v2\/posts\/16693\/revisions"}],"predecessor-version":[{"id":16698,"href":"https:\/\/www.igssgt.org\/noticias\/wp-json\/wp\/v2\/posts\/16693\/revisions\/16698"}],"wp:featuredmedia":[{"embeddable":true,"href":"https:\/\/www.igssgt.org\/noticias\/wp-json\/wp\/v2\/media\/16694"}],"wp:attachment":[{"href":"https:\/\/www.igssgt.org\/noticias\/wp-json\/wp\/v2\/media?parent=16693"}],"wp:term":[{"taxonomy":"category","embeddable":true,"href":"https:\/\/www.igssgt.org\/noticias\/wp-json\/wp\/v2\/categories?post=16693"},{"taxonomy":"post_tag","embeddable":true,"href":"https:\/\/www.igssgt.org\/noticias\/wp-json\/wp\/v2\/tags?post=16693"},{"taxonomy":"author","embeddable":true,"href":"https:\/\/www.igssgt.org\/noticias\/wp-json\/wp\/v2\/coauthors?post=16693"}],"curies":[{"name":"wp","href":"https:\/\/api.w.org\/{rel}","templated":true}]}}