{"id":16785,"date":"2020-03-14T11:07:01","date_gmt":"2020-03-14T17:07:01","guid":{"rendered":"https:\/\/www.igssgt.org\/noticias\/?p=16785"},"modified":"2020-08-19T08:59:08","modified_gmt":"2020-08-19T14:59:08","slug":"realizan-jornada-de-otorrinolaringologia-pediatrica-en-el-hospital-general-de-enfermedades","status":"publish","type":"post","link":"https:\/\/www.igssgt.org\/noticias\/2020\/03\/14\/realizan-jornada-de-otorrinolaringologia-pediatrica-en-el-hospital-general-de-enfermedades\/","title":{"rendered":"Realizan jornada de otorrinolaringolog\u00eda pedi\u00e1trica en el Hospital General de Enfermedades"},"content":{"rendered":"<p>Con el prop\u00f3sito de detectar los casos m\u00e1s urgentes de afecciones de o\u00eddo, nariz y garganta, para agilizar las consultas se realiz\u00f3 hoy la Primera Jornada de Otorrinolaringolog\u00eda Pedi\u00e1trica 2020 en la Pediatr\u00eda del Hospital General de Enfermedades a partir de las siete de la ma\u00f1ana.<\/p>\n<p>Se atendi\u00f3 a 300 ni\u00f1os de 0 a 7 a\u00f1os que llegaron referidos de diferentes unidades del pa\u00edsl.<\/p>\n<p>\u201cLa idea de realizar estas jornadas naci\u00f3 hace m\u00e1s de nueve a\u00f1os porque vimos que las listas de espera de pacientes para una primera cita eran demasiado prolongadas. Entonces por iniciativa de los m\u00e9dicos y del personal que participa se decidi\u00f3 tomar acciones y se vio que una forma para minimizar el tiempo de espera para una primera consulta era realizar estas jornadas\u201d, afirma el doctor Luis Fernando Guerra, jefe de este servicio.<\/p>\n<p>La cantidad de ni\u00f1os que fueron evaluados en las jornadas anteriores es similar a la que se atendi\u00f3 hoy.<\/p>\n<p>\u201cDesde hace m\u00e1s de nueve a\u00f1os hemos atendido un promedio de 300 ni\u00f1os en primera consulta en cada jornada de las cuales se realizan tres al a\u00f1o. Las unidades perif\u00e9ricas llaman a la Consulta Externa del Hospital General de Enfermedades para que les asigne la cita\u201d, agrega Guerra.<\/p>\n<p><strong>Evaluaciones<\/strong><\/p>\n<p>Se evalu\u00f3 enfermedades de o\u00eddos, nariz y garganta. A los pacientes que presentaron un problema quir\u00fargico se les asign\u00f3 de una vez la fecha de operaci\u00f3n.<\/p>\n<p>Dependiendo de la cantidad de ni\u00f1os que se consideren candidatos a una cirug\u00eda, en dos meses los estar\u00e1n operando a todos.<\/p>\n<blockquote class=\"twitter-tweet\" data-width=\"550\" data-dnt=\"true\">\n<p lang=\"es\" dir=\"ltr\"><a href=\"https:\/\/twitter.com\/hashtag\/Prevenci%C3%B3nIGSS?src=hash&amp;ref_src=twsrc%5Etfw\">#Prevenci\u00f3nIGSS<\/a>? | El doctor Luis Fernando Guerra, jefe de Otorrinolaringolog\u00eda Pedi\u00e1trica del Hospital General de Enfermedades, explica sobre la jornada que se celebra este s\u00e1bado. <a href=\"https:\/\/t.co\/htmFyfZsqm\">pic.twitter.com\/htmFyfZsqm<\/a><\/p>\n<p>&mdash; Noticias IGSS (@Noticias_IGSS) <a href=\"https:\/\/twitter.com\/Noticias_IGSS\/status\/1238848851949338628?ref_src=twsrc%5Etfw\">March 14, 2020<\/a><\/p><\/blockquote>\n<p><script async src=\"https:\/\/platform.twitter.com\/widgets.js\" charset=\"utf-8\"><\/script><\/p>\n<p>Tomando en cuenta las medidas de prevenci\u00f3n adoptadas por el Ministerio de Salud P\u00fablica para prevenir contagios de enfermedades infectocontagiosas como el Covid19, se tomaron algunas medidas como la toma de temperatura y no se permiti\u00f3 el ingreso a la jornada a ninguna persona que presentara fiebre u otro s\u00edntoma.<\/p>\n","protected":false},"excerpt":{"rendered":"<p>Con el prop\u00f3sito de detectar los casos m\u00e1s urgentes de afecciones de o\u00eddo, nariz y garganta, para agilizar las consultas se realiz\u00f3 hoy la Primera Jornada de Otorrinolaringolog\u00eda Pedi\u00e1trica 2020 en la Pediatr\u00eda del Hospital General de Enfermedades a partir de las siete de la ma\u00f1ana. Se atendi\u00f3 a 300 ni\u00f1os de 0 a 7 [&hellip;]<\/p>\n","protected":false},"author":160,"featured_media":16786,"comment_status":"open","ping_status":"open","sticky":false,"template":"","format":"standard","meta":{"footnotes":""},"categories":[3,45],"tags":[481,490,533,536],"coauthors":[1041],"class_list":{"0":"post-16785","1":"post","2":"type-post","3":"status-publish","4":"format-standard","5":"has-post-thumbnail","7":"category-actualidad","8":"category-jornadas-medicas","9":"tag-hospital-general-de-enfermedades","10":"tag-igss","11":"tag-jornada-de-otorrinolaringologia","12":"tag-jornadas-medicas"},"_links":{"self":[{"href":"https:\/\/www.igssgt.org\/noticias\/wp-json\/wp\/v2\/posts\/16785","targetHints":{"allow":["GET"]}}],"collection":[{"href":"https:\/\/www.igssgt.org\/noticias\/wp-json\/wp\/v2\/posts"}],"about":[{"href":"https:\/\/www.igssgt.org\/noticias\/wp-json\/wp\/v2\/types\/post"}],"author":[{"embeddable":true,"href":"https:\/\/www.igssgt.org\/noticias\/wp-json\/wp\/v2\/users\/160"}],"replies":[{"embeddable":true,"href":"https:\/\/www.igssgt.org\/noticias\/wp-json\/wp\/v2\/comments?post=16785"}],"version-history":[{"count":3,"href":"https:\/\/www.igssgt.org\/noticias\/wp-json\/wp\/v2\/posts\/16785\/revisions"}],"predecessor-version":[{"id":16817,"href":"https:\/\/www.igssgt.org\/noticias\/wp-json\/wp\/v2\/posts\/16785\/revisions\/16817"}],"wp:featuredmedia":[{"embeddable":true,"href":"https:\/\/www.igssgt.org\/noticias\/wp-json\/wp\/v2\/media\/16786"}],"wp:attachment":[{"href":"https:\/\/www.igssgt.org\/noticias\/wp-json\/wp\/v2\/media?parent=16785"}],"wp:term":[{"taxonomy":"category","embeddable":true,"href":"https:\/\/www.igssgt.org\/noticias\/wp-json\/wp\/v2\/categories?post=16785"},{"taxonomy":"post_tag","embeddable":true,"href":"https:\/\/www.igssgt.org\/noticias\/wp-json\/wp\/v2\/tags?post=16785"},{"taxonomy":"author","embeddable":true,"href":"https:\/\/www.igssgt.org\/noticias\/wp-json\/wp\/v2\/coauthors?post=16785"}],"curies":[{"name":"wp","href":"https:\/\/api.w.org\/{rel}","templated":true}]}}