{"id":16835,"date":"2020-03-18T10:05:00","date_gmt":"2020-03-18T16:05:00","guid":{"rendered":"https:\/\/www.igssgt.org\/noticias\/?p=16835"},"modified":"2021-08-11T16:54:46","modified_gmt":"2021-08-11T22:54:46","slug":"el-igss-al-personal-que-labora-en-instalaciones-administrativas-hospitales-y-perifericas-informa","status":"publish","type":"post","link":"https:\/\/www.igssgt.org\/noticias\/2020\/03\/18\/el-igss-al-personal-que-labora-en-instalaciones-administrativas-hospitales-y-perifericas-informa\/","title":{"rendered":"Comunicado Interno No 1 | El IGSS al personal que labora en instalaciones  administrativas, hospitales y perif\u00e9ricas informa:"},"content":{"rendered":"\n<p><a href=\"\/wp-content\/uploads\/sites\/5\/2020\/03\/Comunicado-Interno-IGSS-No-1-2020.jpg\"><img loading=\"lazy\" decoding=\"async\" class=\"aligncenter size-full wp-image-16838\" src=\"\/wp-content\/uploads\/sites\/5\/2020\/03\/Comunicado-Interno-IGSS-No-1-2020.jpg\" alt=\"\" width=\"716\" height=\"927\" srcset=\"\/wp-content\/uploads\/sites\/5\/2020\/03\/Comunicado-Interno-IGSS-No-1-2020.jpg 716w, \/wp-content\/uploads\/sites\/5\/2020\/03\/Comunicado-Interno-IGSS-No-1-2020-232x300.jpg 232w, \/wp-content\/uploads\/sites\/5\/2020\/03\/Comunicado-Interno-IGSS-No-1-2020-324x420.jpg 324w, \/wp-content\/uploads\/sites\/5\/2020\/03\/Comunicado-Interno-IGSS-No-1-2020-696x901.jpg 696w, \/wp-content\/uploads\/sites\/5\/2020\/03\/Comunicado-Interno-IGSS-No-1-2020-357x462.jpg 357w\" sizes=\"auto, (max-width: 716px) 100vw, 716px\" \/><\/a><\/p>\n<p>Para resguardar la integridad y la vida de las personas, en las \u00e1reas de trabajo destinadas para la recepci\u00f3n y atenci\u00f3n de la poblaci\u00f3n con s\u00edntomas relacionados a la enfermedad COVID-19, se han adoptado las siguientes medidas de protecci\u00f3n.<\/p>\n<ol>\n<li>Se han realizado las gestiones necesarias para verificar que a todo el personal se le haga una toma de temperatura corporal y utilice gel como medida preventiva antes de ingresar a instalaciones del Instituto las 24 horas.\u00a0<\/li>\n<li>Que se han acondicionado \u00e1reas para atender al personal que presente alguno de los s\u00edntomas relacionados con la enfermedad COVID-19: Fiebre, tos seca, dificultad para respirar, en las entradas de personas en todas las unidades tanto m\u00e9dicas como administrativas para atenderlos de inmediato.\u00a0<\/li>\n<li>Es enf\u00e1tico resaltar que las mascarillas N95 est\u00e1n para el uso de m\u00e9dicos que atiendan casos de infecciones respiratorias asociadas con los principales signos de alarma para COVID-19, personal que atiende emergencias odontol\u00f3gicas y personas que permanezcan en las salas de aislamiento que atienden casos de COVID-19, tambi\u00e9n deber\u00e1n usar la mascarilla N95.\u00a0<\/li>\n<li>La informaci\u00f3n sobre el Kit de protecci\u00f3n que se describi\u00f3 en el comunicado 7-2020, emitido por el Instituto se aclara que dicho Kit es para el personal que tiene contacto y atenci\u00f3n de pacientes de COVID-19.\u00a0<\/li>\n<li>La mascarilla quir\u00fargica de papel est\u00e1 recomendada para pacientes con infecciones respiratorias agudas, por lo que se solicita al personal que no la necesita, abstenerse de usarla, pues es poco higi\u00e9nico para quienes entran y salen de un hospital y no realizan actividades m\u00e9dicas o de enfermer\u00eda relacionadas con pacientes con enfermedades respiratorias agudas.\u00a0<\/li>\n<li>Las unidades de consulta externa deben tener una cl\u00ednica de turno y un equipo m\u00e9dico para atender las consultas que sean necesarias derivado de la emergencia sanitaria por el COVID-19.<\/li>\n<li>Se han conformado equipos de supervisi\u00f3n para el \u00e1rea metropolitana y municipios aleda\u00f1os a la ciudad capital para verificar las necesidades de atenci\u00f3n y financieras que se presentan en las distintas unidades, tanto para el personal como para quienes visiten las distintas instalaciones del Instituto, as\u00ed como la activaci\u00f3n del comit\u00e9 de emergencia de cada hospital.\u00a0<\/li>\n<\/ol>\n<h3>\u00a1Juntos podemos contener la propagaci\u00f3n del COVID-19!<\/h3>\n","protected":false},"excerpt":{"rendered":"<p>Para resguardar la integridad y la vida de las personas, en las \u00e1reas de trabajo destinadas para la recepci\u00f3n y atenci\u00f3n de la poblaci\u00f3n con s\u00edntomas relacionados a la enfermedad COVID-19, se han adoptado las siguientes medidas de protecci\u00f3n. Se han realizado las gestiones necesarias para verificar que a todo el personal se le haga [&hellip;]<\/p>\n","protected":false},"author":4,"featured_media":16837,"comment_status":"open","ping_status":"open","sticky":false,"template":"","format":"standard","meta":{"footnotes":""},"categories":[1344],"tags":[1382,490,1176],"coauthors":[881],"class_list":{"0":"post-16835","1":"post","2":"type-post","3":"status-publish","4":"format-standard","5":"has-post-thumbnail","7":"category-comunicados-internos","8":"tag-comunicado-interno-igss","9":"tag-igss","10":"tag-trabajadores-igss-covid-19"},"_links":{"self":[{"href":"https:\/\/www.igssgt.org\/noticias\/wp-json\/wp\/v2\/posts\/16835","targetHints":{"allow":["GET"]}}],"collection":[{"href":"https:\/\/www.igssgt.org\/noticias\/wp-json\/wp\/v2\/posts"}],"about":[{"href":"https:\/\/www.igssgt.org\/noticias\/wp-json\/wp\/v2\/types\/post"}],"author":[{"embeddable":true,"href":"https:\/\/www.igssgt.org\/noticias\/wp-json\/wp\/v2\/users\/4"}],"replies":[{"embeddable":true,"href":"https:\/\/www.igssgt.org\/noticias\/wp-json\/wp\/v2\/comments?post=16835"}],"version-history":[{"count":3,"href":"https:\/\/www.igssgt.org\/noticias\/wp-json\/wp\/v2\/posts\/16835\/revisions"}],"predecessor-version":[{"id":22927,"href":"https:\/\/www.igssgt.org\/noticias\/wp-json\/wp\/v2\/posts\/16835\/revisions\/22927"}],"wp:featuredmedia":[{"embeddable":true,"href":"https:\/\/www.igssgt.org\/noticias\/wp-json\/wp\/v2\/media\/16837"}],"wp:attachment":[{"href":"https:\/\/www.igssgt.org\/noticias\/wp-json\/wp\/v2\/media?parent=16835"}],"wp:term":[{"taxonomy":"category","embeddable":true,"href":"https:\/\/www.igssgt.org\/noticias\/wp-json\/wp\/v2\/categories?post=16835"},{"taxonomy":"post_tag","embeddable":true,"href":"https:\/\/www.igssgt.org\/noticias\/wp-json\/wp\/v2\/tags?post=16835"},{"taxonomy":"author","embeddable":true,"href":"https:\/\/www.igssgt.org\/noticias\/wp-json\/wp\/v2\/coauthors?post=16835"}],"curies":[{"name":"wp","href":"https:\/\/api.w.org\/{rel}","templated":true}]}}