{"id":16885,"date":"2020-03-23T14:30:00","date_gmt":"2020-03-23T20:30:00","guid":{"rendered":"https:\/\/www.igssgt.org\/noticias\/?p=16885"},"modified":"2020-04-01T18:49:44","modified_gmt":"2020-04-02T00:49:44","slug":"el-igss-difiere-pagos-en-apoyo-a-los-patronos-y-a-la-recuperacion-economica","status":"publish","type":"post","link":"https:\/\/www.igssgt.org\/noticias\/2020\/03\/23\/el-igss-difiere-pagos-en-apoyo-a-los-patronos-y-a-la-recuperacion-economica\/","title":{"rendered":"El IGSS difiere pagos en apoyo a los patronos y a la recuperaci\u00f3n econ\u00f3mica"},"content":{"rendered":"\n<p>La Junta Directiva, la Gerencia y las subgerencias del Instituto Guatemalteco de Seguridad Social (IGSS) aprobaron medidas en beneficio del sector patronal, para coadyuvar en la recuperaci\u00f3n econ\u00f3mica despu\u00e9s de ser afectados por la crisis sanitaria causada por el COVID-19.<\/p>\n<p>El s\u00e1bado 21 de marzo, en una sesi\u00f3n extraordinaria, la Junta Directiva del IGSS aprob\u00f3 el Acuerdo 1472, el cual autoriza por \u00fanica vez que el IGSS difiera los pagos de las cuotas patronales de marzo, abril y mayo de 2020. Este beneficio se otorga exclusivamente al sector privado y los patronos no tendr\u00e1n recargos por mora, intereses o gastos administrativos toda vez se cumplan las disposiciones del acuerdo.<\/p>\n<p>\u201cEs un primer alivio, un primer rayo de sol en una tormenta, pero creo que podemos lograrlo juntos, la iniciativa privada, el gobierno el Congreso podemos ponernos de acuerdo y salir adelante (\u2026) en nombre del gobierno, pero m\u00e1s all\u00e1, en nombre del pa\u00eds: muchas gracias\u201d, expres\u00f3 el Dr. Alejandro Giammattei, presidente de Guatemala.<\/p>\n<p>Las disposiciones se establecieron por ser el Instituto un compensador social y en apoyo a las acciones tomadas por el presidente de la Rep\u00fablica, Dr. Alejandro Giammattei Falla, por medio del Programa Nacional de Emergencia y Recuperaci\u00f3n Econ\u00f3mica.<\/p>\n<p>\u201cLas resoluciones que toma el IGSS deben ser t\u00e9cnicas, porque la Seguridad Social es un sutil mecanismo financiero que debe preservarse como uno de los pilares que debe continuar y ofrecerse en un mediano o largo plazo. Atendiendo el inter\u00e9s general definido por el presidente de la Rep\u00fablica, la Junta Directiva del IGSS, con los estudios legales, financieros, actuariales y del Consejo T\u00e9cnico adopt\u00f3 las medidas del Acuerdo\u201d, explic\u00f3 el licenciado Carlos Contreras, presidente de la Junta Directiva del IGSS.<\/p>\n<p>La Gerencia del IGSS ha hecho las coordinaciones para que se puedan ejecutar las medidas ordenadas por la Junta Directiva. \u201cEstamos conscientes del papel importante que juega en el pa\u00eds el Instituto, como compensador social, hoy m\u00e1s que nunca el pa\u00eds lo necesita y decimos presentes en total apoyo al se\u00f1or presidente de la Rep\u00fablica\u201d, manifest\u00f3 la doctora Ana Marilyn Ortiz, gerente del IGSS.\u00a0<\/p>\n<blockquote class=\"twitter-tweet\">\n<p dir=\"ltr\" lang=\"es\">El lic. Carlos Contreras, presidente del IGSS, dio a conocer en conferencia de prensa en conjunto con el Presidente <a href=\"https:\/\/twitter.com\/DrGiammattei?ref_src=twsrc%5Etfw\">@DrGiammattei<\/a>, el vicepresidente <a href=\"https:\/\/twitter.com\/GuilleCastilloR?ref_src=twsrc%5Etfw\">@GuilleCastilloR<\/a> y autoridades del <a href=\"https:\/\/twitter.com\/IRTRAfelicidad?ref_src=twsrc%5Etfw\">@IRTRAfelicidad<\/a> e <a href=\"https:\/\/twitter.com\/intecapoficial?ref_src=twsrc%5Etfw\">@intecapoficial<\/a> sobre el pago diferido de la cuota patronal <a href=\"https:\/\/twitter.com\/hashtag\/IGSScontraCovid19?src=hash&amp;ref_src=twsrc%5Etfw\">#IGSScontraCovid19<\/a> <a href=\"https:\/\/t.co\/lsL7rqTzsW\">pic.twitter.com\/lsL7rqTzsW<\/a><\/p>\n\u2014 Noticias IGSS (@Noticias_IGSS) <a href=\"https:\/\/twitter.com\/Noticias_IGSS\/status\/1242182513809920002?ref_src=twsrc%5Etfw\">March 23, 2020<\/a><\/blockquote>\n<p>Los patronos que opten por el beneficio deber\u00e1n cumplir con varios requerimientos, como la presentaci\u00f3n de la Planilla Electr\u00f3nica y el pago mensual de la cuota de los trabajadores, debido a que esto le garantiza a los empleados mantenerse con la cobertura de la Seguridad Social durante la emergencia, pero tambi\u00e9n existen las siguientes condicionantes:\u00a0<\/p>\n<ul>\n<li>Queda a opci\u00f3n de los patronos seguir con sus pagos habituales y los que opten por el beneficio de las cuotas diferidas podr\u00e1n realizar los pagos entre julio y septiembre de 2020.<\/li>\n<li>A los patronos que no notifiquen al Instituto su elecci\u00f3n e incumplan con el pago en los meses diferidos, el sistema distribuir\u00e1 de forma autom\u00e1tica el adeudo en 18 cuotas mensuales a partir de julio de 2020.<\/li>\n<li>El Instituto podr\u00e1 emitir notas de cargo de oficio, recargo por mora y por gastos administrativos a los patronos que incumplan con los pagos diferidos en los plazos establecidos.<\/li>\n<li>Todo patrono que quiera optar por los beneficios del acuerdo debe cumplir con:<\/li>\n<li>Estar adheridos al Sistema de Generaci\u00f3n, Transmisi\u00f3n, Validaci\u00f3n y Pago de la Planilla de Seguridad Social en forma electr\u00f3nica.<\/li>\n<li>Presentar mensualmente su declaraci\u00f3n de Planilla Electr\u00f3nica en la secci\u00f3n de Servicios IGSS de la p\u00e1gina oficial.<\/li>\n<li>Haber reportado el pago de la cuota de los trabajadores en la planilla electr\u00f3nica.<\/li>\n<li>Tener actualizado su registro de datos en el Instituto al a\u00f1o 2020.<\/li>\n<\/ul>\n<p>El Instituto T\u00e9cnico de Capacitaci\u00f3n y Productividad (Intecap) y el Instituto de Recreaci\u00f3n de los Trabajadores de la Empresa Privada de Guatemala (Irtra), tambi\u00e9n presentaron sus disposiciones de apoyo por la situaci\u00f3n que atraviesa el pa\u00eds, en una conferencia entre las tres entidades en conjunto con el Presidente y Vicepresidente de la Rep\u00fablica, este lunes 23 de marzo de 2020.<\/p>\n<blockquote class=\"twitter-tweet\">\n<p dir=\"ltr\" lang=\"es\">Por su parte, la dra. Ana Marilyn Ortiz, gerente del IGSS, refiri\u00f3 que el Instituto responde al llamado del <a href=\"https:\/\/twitter.com\/GuatemalaGob?ref_src=twsrc%5Etfw\">@GuatemalaGob<\/a> para afrontar la situaci\u00f3n de la enfermedad del <a href=\"https:\/\/twitter.com\/hashtag\/COVID19GT?src=hash&amp;ref_src=twsrc%5Etfw\">#COVID19GT<\/a>. <a href=\"https:\/\/twitter.com\/hashtag\/IGSScontraCovid19?src=hash&amp;ref_src=twsrc%5Etfw\">#IGSScontraCovid19<\/a> <a href=\"https:\/\/t.co\/a5IBabadKR\">pic.twitter.com\/a5IBabadKR<\/a><\/p>\n\u2014 Noticias IGSS (@Noticias_IGSS) <a href=\"https:\/\/twitter.com\/Noticias_IGSS\/status\/1242182446617169923?ref_src=twsrc%5Etfw\">March 23, 2020<\/a><\/blockquote>\n","protected":false},"excerpt":{"rendered":"<p>La Junta Directiva, la Gerencia y las subgerencias del Instituto Guatemalteco de Seguridad Social (IGSS) aprobaron medidas en beneficio del sector patronal, para coadyuvar en la recuperaci\u00f3n econ\u00f3mica despu\u00e9s de ser afectados por la crisis sanitaria causada por el COVID-19. El s\u00e1bado 21 de marzo, en una sesi\u00f3n extraordinaria, la Junta Directiva del IGSS aprob\u00f3 [&hellip;]<\/p>\n","protected":false},"author":4,"featured_media":16923,"comment_status":"open","ping_status":"open","sticky":false,"template":"","format":"standard","meta":{"footnotes":""},"categories":[3,1170,15,16,21,23,29],"tags":[1155,490,1181,1171],"coauthors":[881],"class_list":{"0":"post-16885","1":"post","2":"type-post","3":"status-publish","4":"format-standard","5":"has-post-thumbnail","7":"category-actualidad","8":"category-covid-19","9":"category-destacado","10":"category-featured","11":"category-junta-directiva-igss","12":"category-patronos","13":"category-publicaciones","14":"tag-covid-19","15":"tag-igss","16":"tag-igss-notas-covid-19","17":"tag-noticias-covid-19"},"_links":{"self":[{"href":"https:\/\/www.igssgt.org\/noticias\/wp-json\/wp\/v2\/posts\/16885","targetHints":{"allow":["GET"]}}],"collection":[{"href":"https:\/\/www.igssgt.org\/noticias\/wp-json\/wp\/v2\/posts"}],"about":[{"href":"https:\/\/www.igssgt.org\/noticias\/wp-json\/wp\/v2\/types\/post"}],"author":[{"embeddable":true,"href":"https:\/\/www.igssgt.org\/noticias\/wp-json\/wp\/v2\/users\/4"}],"replies":[{"embeddable":true,"href":"https:\/\/www.igssgt.org\/noticias\/wp-json\/wp\/v2\/comments?post=16885"}],"version-history":[{"count":3,"href":"https:\/\/www.igssgt.org\/noticias\/wp-json\/wp\/v2\/posts\/16885\/revisions"}],"predecessor-version":[{"id":16920,"href":"https:\/\/www.igssgt.org\/noticias\/wp-json\/wp\/v2\/posts\/16885\/revisions\/16920"}],"wp:featuredmedia":[{"embeddable":true,"href":"https:\/\/www.igssgt.org\/noticias\/wp-json\/wp\/v2\/media\/16923"}],"wp:attachment":[{"href":"https:\/\/www.igssgt.org\/noticias\/wp-json\/wp\/v2\/media?parent=16885"}],"wp:term":[{"taxonomy":"category","embeddable":true,"href":"https:\/\/www.igssgt.org\/noticias\/wp-json\/wp\/v2\/categories?post=16885"},{"taxonomy":"post_tag","embeddable":true,"href":"https:\/\/www.igssgt.org\/noticias\/wp-json\/wp\/v2\/tags?post=16885"},{"taxonomy":"author","embeddable":true,"href":"https:\/\/www.igssgt.org\/noticias\/wp-json\/wp\/v2\/coauthors?post=16885"}],"curies":[{"name":"wp","href":"https:\/\/api.w.org\/{rel}","templated":true}]}}