{"id":17863,"date":"2020-06-04T12:25:31","date_gmt":"2020-06-04T18:25:31","guid":{"rendered":"https:\/\/www.igssgt.org\/noticias\/?p=17863"},"modified":"2020-06-04T13:22:49","modified_gmt":"2020-06-04T19:22:49","slug":"el-igss-trabaja-en-el-resguardo-de-la-salud-psicologica-de-pacientes-con-covid-19","status":"publish","type":"post","link":"https:\/\/www.igssgt.org\/noticias\/2020\/06\/04\/el-igss-trabaja-en-el-resguardo-de-la-salud-psicologica-de-pacientes-con-covid-19\/","title":{"rendered":"El IGSS trabaja en el resguardo de la salud psicol\u00f3gica de pacientes con COVID-19"},"content":{"rendered":"\n<p>Las autoridades del IGSS, a trav\u00e9s del Centro de Atenci\u00f3n Integral de Salud Mental (CAISM), han implementado un programa que tiene como objetivo atender psicol\u00f3gicamente a los pacientes con COVID-19 que se encuentran en cuarentena o aislados, el cual les ayuda a prevenir s\u00edntomas de depresi\u00f3n, ansiedad y estr\u00e9s postraum\u00e1tico en las diferentes etapas vividas durante la enfermedad.<\/p>\n<p>Este programa es de atenci\u00f3n directa y est\u00e1 dirigido a pacientes que se encuentran en los diferentes hoteles habilitados por el IGSS para atender casos de COVID-19, indic\u00f3 el m\u00e9dico psiquiatra Enrique Mendoza, director del CAISM.<\/p>\n<div style=\"width: 696px;\" class=\"wp-video\"><video class=\"wp-video-shortcode\" id=\"video-17863-1\" width=\"696\" height=\"392\" preload=\"metadata\" controls=\"controls\"><source type=\"video\/mp4\" src=\"\/wp-content\/uploads\/sites\/5\/2020\/06\/WhatsApp-Video-2020-06-04-at-12.38.33-PM-1.mp4?_=1\" \/><a href=\"\/wp-content\/uploads\/sites\/5\/2020\/06\/WhatsApp-Video-2020-06-04-at-12.38.33-PM-1.mp4\">\/wp-content\/uploads\/sites\/5\/2020\/06\/WhatsApp-Video-2020-06-04-at-12.38.33-PM-1.mp4<\/a><\/video><\/div>\n<p><strong>Consulte&gt;&gt;<\/strong>&gt; <a href=\"https:\/\/www.igssgt.org\/wp-content\/uploads\/2020\/05\/Equipo-de-Proteccion-Personal-segun-niveles-de-proteccion-IGSS.pdf\">Equipo de protecci\u00f3n personal seg\u00fan niveles de protecci\u00f3n<\/a><\/p>\n<p>Inicialmente se ayuda a los pacientes que presentan una fuerte crisis, a quienes la gravedad de los s\u00edntomas les genera un malestar significativo. Todo este proceso de asistencia empieza con la ubicaci\u00f3n de los pacientes que tienen necesidad primaria de atenci\u00f3n psicol\u00f3gica o psiquiatra y se trabaja en conjunto con los m\u00e9dicos de turno, se les brinda terapia y en algunos casos tambi\u00e9n se requiere que sean tratados con medicamento.<\/p>\n<p>La doctora Ana Karen Fetzer, m\u00e9dica residente del CAISM, indic\u00f3 que dentro de la terapia est\u00e1 el plan educacional, que se refiere al manejo de las emociones y situaciones adversas, al cuidado mental y a los buenos h\u00e1bitos para la salud. Adem\u00e1s, este plan ayuda a que el paciente exteriorice y perciba lo que est\u00e1 viviendo, de esa manera es posible apoyarlo para que enfrente la adversidad de mejor manera.<\/p>\n<p>\u00a0<\/p>\n<div style=\"width: 696px;\" class=\"wp-video\"><video class=\"wp-video-shortcode\" id=\"video-17863-2\" width=\"696\" height=\"392\" preload=\"metadata\" controls=\"controls\"><source type=\"video\/mp4\" src=\"\/wp-content\/uploads\/sites\/5\/2020\/06\/WhatsApp-Video-2020-06-04-at-2.05.57-PM.mp4?_=2\" \/><a href=\"\/wp-content\/uploads\/sites\/5\/2020\/06\/WhatsApp-Video-2020-06-04-at-2.05.57-PM.mp4\">\/wp-content\/uploads\/sites\/5\/2020\/06\/WhatsApp-Video-2020-06-04-at-2.05.57-PM.mp4<\/a><\/video><\/div>\n<p>\u00a0<\/p>\n<p>Se utilizan t\u00e9cnicas para manejo del estr\u00e9s, ansiedad e incertidumbre provocados por el tiempo que llevan aislados, por ello deben hacer ejercicios de respiraci\u00f3n y relajaci\u00f3n. Debido al distanciamiento social no se realizan otros tipos de terapia, ya que incluyen acercamiento f\u00edsico.<\/p>\n<p><strong>Lea:<\/strong> <a href=\"https:\/\/www.igssgt.org\/wp-content\/uploads\/2020\/05\/Equipo-de-Proteccion-Personal-segun-niveles-de-proteccion-IGSS.pdf\">Gui\u0301a de diagno\u0301stico y manejo de pacientes pedi\u00e1tricos sospechosos y confirmados de COVID-19<\/a><\/p>\n<p>\u201cAdem\u00e1s de la enfermedad f\u00edsica tambi\u00e9n se prev\u00e9 el aumento de padecimientos psicol\u00f3gicos, es por eso que se les brindan mecanismos para afrontar la situaci\u00f3n y evitar las secuelas provocadas por los estigmas, e incluso por situaciones econ\u00f3micas que repercuten en su salud durante el tiempo que permanecen bajo el resguardo m\u00e9dico\u201d, enfatiz\u00f3 la doctora Fetzer.<\/p>\n<p><img loading=\"lazy\" decoding=\"async\" class=\"aligncenter wp-image-17868 size-large\" src=\"\/wp-content\/uploads\/sites\/5\/2020\/06\/WhatsApp-Image-2020-06-04-at-1.19.32-PM-1024x682.jpg\" alt=\"\" width=\"696\" height=\"464\" srcset=\"\/wp-content\/uploads\/sites\/5\/2020\/06\/WhatsApp-Image-2020-06-04-at-1.19.32-PM-1024x682.jpg 1024w, \/wp-content\/uploads\/sites\/5\/2020\/06\/WhatsApp-Image-2020-06-04-at-1.19.32-PM-300x200.jpg 300w, \/wp-content\/uploads\/sites\/5\/2020\/06\/WhatsApp-Image-2020-06-04-at-1.19.32-PM-768x512.jpg 768w, \/wp-content\/uploads\/sites\/5\/2020\/06\/WhatsApp-Image-2020-06-04-at-1.19.32-PM-630x420.jpg 630w, \/wp-content\/uploads\/sites\/5\/2020\/06\/WhatsApp-Image-2020-06-04-at-1.19.32-PM-696x464.jpg 696w, \/wp-content\/uploads\/sites\/5\/2020\/06\/WhatsApp-Image-2020-06-04-at-1.19.32-PM-1068x712.jpg 1068w, \/wp-content\/uploads\/sites\/5\/2020\/06\/WhatsApp-Image-2020-06-04-at-1.19.32-PM-534x356.jpg 534w, \/wp-content\/uploads\/sites\/5\/2020\/06\/WhatsApp-Image-2020-06-04-at-1.19.32-PM.jpg 1280w\" sizes=\"auto, (max-width: 696px) 100vw, 696px\" \/><\/p>\n<p>\u201cConsidero que en estos momentos la atenci\u00f3n del aspecto psicol\u00f3gico es esencial para los pacientes que est\u00e1n en tratamiento, ya que su organismo logra liberar el estr\u00e9s. El Seguro Social contin\u00faa trabajando en el fortalecimiento de la atenci\u00f3n m\u00e9dica de la poblaci\u00f3n para salir avante de esta situaci\u00f3n\u201d, expres\u00f3 la licenciada Nancy Paola Rivas, jefe de una de las \u00e1reas de atenci\u00f3n a pacientes con COVID-19.<\/p>\n\r\n                <style type=\"text\/css\">\r\n                    \r\n                    #tdi_1  .td-doubleSlider-2 .td-item1 {\r\n                        background: url(\/wp-content\/uploads\/sites\/5\/2020\/06\/WhatsApp-Image-2020-06-04-at-2.08.49-PM-80x60.jpeg) 0 0 no-repeat;\r\n                    }\r\n                    #tdi_1  .td-doubleSlider-2 .td-item2 {\r\n                        background: url(\/wp-content\/uploads\/sites\/5\/2020\/06\/WhatsApp-Image-2020-06-04-at-2.09.54-PM-80x60.jpeg) 0 0 no-repeat;\r\n                    }\r\n                    #tdi_1  .td-doubleSlider-2 .td-item3 {\r\n                        background: url(\/wp-content\/uploads\/sites\/5\/2020\/06\/WhatsApp-Image-2020-06-04-at-1.32.34-PM-1-80x60.jpeg) 0 0 no-repeat;\r\n                    }\r\n                    #tdi_1  .td-doubleSlider-2 .td-item4 {\r\n                        background: url(\/wp-content\/uploads\/sites\/5\/2020\/06\/WhatsApp-Image-2020-06-04-at-1.32.30-PM-80x60.jpeg) 0 0 no-repeat;\r\n                    }\r\n                    #tdi_1  .td-doubleSlider-2 .td-item5 {\r\n                        background: url(\/wp-content\/uploads\/sites\/5\/2020\/06\/zona-6-80x60.jpg) 0 0 no-repeat;\r\n                    }\r\n                    #tdi_1  .td-doubleSlider-2 .td-item6 {\r\n                        background: url(\/wp-content\/uploads\/sites\/5\/2020\/06\/WhatsApp-Image-2020-06-04-at-1.10.52-PM-80x60.jpeg) 0 0 no-repeat;\r\n                    }\r\n                <\/style>\r\n\r\n                <div id=\"tdi_1\" class=\"td-gallery td-slide-on-2-columns\">\r\n                    <div class=\"post_td_gallery\">\r\n                        <div class=\"td-gallery-slide-top\">\r\n                           <div class=\"td-gallery-title\"><\/div>\r\n\r\n                            <div class=\"td-gallery-controls-wrapper\">\r\n                                <div class=\"td-gallery-slide-count\"><span class=\"td-gallery-slide-item-focus\">1<\/span> de 6<\/div>\r\n                                <div class=\"td-gallery-slide-prev-next-but\">\r\n                                    <i class = \"td-icon-left doubleSliderPrevButton\"><\/i>\r\n                                    <i class = \"td-icon-right doubleSliderNextButton\"><\/i>\r\n                                <\/div>\r\n                            <\/div>\r\n                        <\/div>\r\n\r\n                        <div class = \"td-doubleSlider-1 \">\r\n                            <div class = \"td-slider\">\r\n                                \r\n                    <div class = \"td-slide-item td-item1\">\r\n                        <figure class=\"td-slide-galery-figure td-slide-popup-gallery\">\r\n                            <a class=\"slide-gallery-image-link\" href=\"\/wp-content\/uploads\/sites\/5\/2020\/06\/WhatsApp-Image-2020-06-04-at-2.08.49-PM.jpeg\" title=\"WhatsApp Image 2020-06-04 at 2.08.49 PM\"  data-caption=\"\"  data-description=\"\">\r\n                                <img decoding=\"async\" src=\"\/wp-content\/uploads\/sites\/5\/2020\/06\/WhatsApp-Image-2020-06-04-at-2.08.49-PM-630x420.jpeg\" srcset=\"\/wp-content\/uploads\/sites\/5\/2020\/06\/WhatsApp-Image-2020-06-04-at-2.08.49-PM-630x420.jpeg 630w, \/wp-content\/uploads\/sites\/5\/2020\/06\/WhatsApp-Image-2020-06-04-at-2.08.49-PM-300x200.jpeg 300w, \/wp-content\/uploads\/sites\/5\/2020\/06\/WhatsApp-Image-2020-06-04-at-2.08.49-PM-768x512.jpeg 768w, \/wp-content\/uploads\/sites\/5\/2020\/06\/WhatsApp-Image-2020-06-04-at-2.08.49-PM-696x464.jpeg 696w, \/wp-content\/uploads\/sites\/5\/2020\/06\/WhatsApp-Image-2020-06-04-at-2.08.49-PM-534x356.jpeg 534w, \/wp-content\/uploads\/sites\/5\/2020\/06\/WhatsApp-Image-2020-06-04-at-2.08.49-PM.jpeg 911w\" sizes=\"(max-width: 630px) 100vw, 630px\" alt=\"\">\r\n                            <\/a>\r\n                            \r\n                        <\/figure>\r\n                    <\/div>\r\n                    <div class = \"td-slide-item td-item2\">\r\n                        <figure class=\"td-slide-galery-figure td-slide-popup-gallery\">\r\n                            <a class=\"slide-gallery-image-link\" href=\"\/wp-content\/uploads\/sites\/5\/2020\/06\/WhatsApp-Image-2020-06-04-at-2.09.54-PM.jpeg\" title=\"WhatsApp Image 2020-06-04 at 2.09.54 PM\"  data-caption=\"\"  data-description=\"\">\r\n                                <img decoding=\"async\" src=\"\/wp-content\/uploads\/sites\/5\/2020\/06\/WhatsApp-Image-2020-06-04-at-2.09.54-PM-576x420.jpeg\" srcset=\"\/wp-content\/uploads\/sites\/5\/2020\/06\/WhatsApp-Image-2020-06-04-at-2.09.54-PM-576x420.jpeg 576w, \/wp-content\/uploads\/sites\/5\/2020\/06\/WhatsApp-Image-2020-06-04-at-2.09.54-PM-300x219.jpeg 300w, \/wp-content\/uploads\/sites\/5\/2020\/06\/WhatsApp-Image-2020-06-04-at-2.09.54-PM-768x560.jpeg 768w, \/wp-content\/uploads\/sites\/5\/2020\/06\/WhatsApp-Image-2020-06-04-at-2.09.54-PM-696x507.jpeg 696w, \/wp-content\/uploads\/sites\/5\/2020\/06\/WhatsApp-Image-2020-06-04-at-2.09.54-PM-324x235.jpeg 324w, \/wp-content\/uploads\/sites\/5\/2020\/06\/WhatsApp-Image-2020-06-04-at-2.09.54-PM-534x389.jpeg 534w, \/wp-content\/uploads\/sites\/5\/2020\/06\/WhatsApp-Image-2020-06-04-at-2.09.54-PM.jpeg 851w\" sizes=\"(max-width: 576px) 100vw, 576px\" alt=\"\">\r\n                            <\/a>\r\n                            \r\n                        <\/figure>\r\n                    <\/div>\r\n                    <div class = \"td-slide-item td-item3\">\r\n                        <figure class=\"td-slide-galery-figure td-slide-popup-gallery\">\r\n                            <a class=\"slide-gallery-image-link\" href=\"\/wp-content\/uploads\/sites\/5\/2020\/06\/WhatsApp-Image-2020-06-04-at-1.32.34-PM-1.jpeg\" title=\"WhatsApp Image 2020-06-04 at 1.32.34 PM (1)\"  data-caption=\"\"  data-description=\"\">\r\n                                <img decoding=\"async\" src=\"\/wp-content\/uploads\/sites\/5\/2020\/06\/WhatsApp-Image-2020-06-04-at-1.32.34-PM-1-630x420.jpeg\" srcset=\"\/wp-content\/uploads\/sites\/5\/2020\/06\/WhatsApp-Image-2020-06-04-at-1.32.34-PM-1-630x420.jpeg 630w, \/wp-content\/uploads\/sites\/5\/2020\/06\/WhatsApp-Image-2020-06-04-at-1.32.34-PM-1-300x200.jpeg 300w, \/wp-content\/uploads\/sites\/5\/2020\/06\/WhatsApp-Image-2020-06-04-at-1.32.34-PM-1-768x512.jpeg 768w, \/wp-content\/uploads\/sites\/5\/2020\/06\/WhatsApp-Image-2020-06-04-at-1.32.34-PM-1-1024x682.jpeg 1024w, \/wp-content\/uploads\/sites\/5\/2020\/06\/WhatsApp-Image-2020-06-04-at-1.32.34-PM-1-696x464.jpeg 696w, \/wp-content\/uploads\/sites\/5\/2020\/06\/WhatsApp-Image-2020-06-04-at-1.32.34-PM-1-1068x712.jpeg 1068w, \/wp-content\/uploads\/sites\/5\/2020\/06\/WhatsApp-Image-2020-06-04-at-1.32.34-PM-1-534x356.jpeg 534w, \/wp-content\/uploads\/sites\/5\/2020\/06\/WhatsApp-Image-2020-06-04-at-1.32.34-PM-1.jpeg 1280w\" sizes=\"(max-width: 630px) 100vw, 630px\" alt=\"\">\r\n                            <\/a>\r\n                            \r\n                        <\/figure>\r\n                    <\/div>\r\n                    <div class = \"td-slide-item td-item4\">\r\n                        <figure class=\"td-slide-galery-figure td-slide-popup-gallery\">\r\n                            <a class=\"slide-gallery-image-link\" href=\"\/wp-content\/uploads\/sites\/5\/2020\/06\/WhatsApp-Image-2020-06-04-at-1.32.30-PM.jpeg\" title=\"WhatsApp Image 2020-06-04 at 1.32.30 PM\"  data-caption=\"\"  data-description=\"\">\r\n                                <img decoding=\"async\" src=\"\/wp-content\/uploads\/sites\/5\/2020\/06\/WhatsApp-Image-2020-06-04-at-1.32.30-PM-630x420.jpeg\" srcset=\"\/wp-content\/uploads\/sites\/5\/2020\/06\/WhatsApp-Image-2020-06-04-at-1.32.30-PM-630x420.jpeg 630w, \/wp-content\/uploads\/sites\/5\/2020\/06\/WhatsApp-Image-2020-06-04-at-1.32.30-PM-300x200.jpeg 300w, \/wp-content\/uploads\/sites\/5\/2020\/06\/WhatsApp-Image-2020-06-04-at-1.32.30-PM-768x512.jpeg 768w, \/wp-content\/uploads\/sites\/5\/2020\/06\/WhatsApp-Image-2020-06-04-at-1.32.30-PM-1024x682.jpeg 1024w, \/wp-content\/uploads\/sites\/5\/2020\/06\/WhatsApp-Image-2020-06-04-at-1.32.30-PM-696x464.jpeg 696w, \/wp-content\/uploads\/sites\/5\/2020\/06\/WhatsApp-Image-2020-06-04-at-1.32.30-PM-1068x712.jpeg 1068w, \/wp-content\/uploads\/sites\/5\/2020\/06\/WhatsApp-Image-2020-06-04-at-1.32.30-PM-534x356.jpeg 534w, \/wp-content\/uploads\/sites\/5\/2020\/06\/WhatsApp-Image-2020-06-04-at-1.32.30-PM.jpeg 1280w\" sizes=\"(max-width: 630px) 100vw, 630px\" alt=\"\">\r\n                            <\/a>\r\n                            \r\n                        <\/figure>\r\n                    <\/div>\r\n                    <div class = \"td-slide-item td-item5\">\r\n                        <figure class=\"td-slide-galery-figure td-slide-popup-gallery\">\r\n                            <a class=\"slide-gallery-image-link\" href=\"\/wp-content\/uploads\/sites\/5\/2020\/06\/zona-6.jpg\" title=\"zona 6\"  data-caption=\"\"  data-description=\"\">\r\n                                <img decoding=\"async\" src=\"\/wp-content\/uploads\/sites\/5\/2020\/06\/zona-6-516x420.jpg\" srcset=\"\/wp-content\/uploads\/sites\/5\/2020\/06\/zona-6-516x420.jpg 516w, \/wp-content\/uploads\/sites\/5\/2020\/06\/zona-6-300x244.jpg 300w, \/wp-content\/uploads\/sites\/5\/2020\/06\/zona-6-534x435.jpg 534w, \/wp-content\/uploads\/sites\/5\/2020\/06\/zona-6.jpg 580w\" sizes=\"(max-width: 516px) 100vw, 516px\" alt=\"\">\r\n                            <\/a>\r\n                            \r\n                        <\/figure>\r\n                    <\/div>\r\n                    <div class = \"td-slide-item td-item6\">\r\n                        <figure class=\"td-slide-galery-figure td-slide-popup-gallery\">\r\n                            <a class=\"slide-gallery-image-link\" href=\"\/wp-content\/uploads\/sites\/5\/2020\/06\/WhatsApp-Image-2020-06-04-at-1.10.52-PM.jpeg\" title=\"WhatsApp Image 2020-06-04 at 1.10.52 PM\"  data-caption=\"\"  data-description=\"\">\r\n                                <img decoding=\"async\" src=\"\/wp-content\/uploads\/sites\/5\/2020\/06\/WhatsApp-Image-2020-06-04-at-1.10.52-PM-630x420.jpeg\" srcset=\"\/wp-content\/uploads\/sites\/5\/2020\/06\/WhatsApp-Image-2020-06-04-at-1.10.52-PM-630x420.jpeg 630w, \/wp-content\/uploads\/sites\/5\/2020\/06\/WhatsApp-Image-2020-06-04-at-1.10.52-PM-300x200.jpeg 300w, \/wp-content\/uploads\/sites\/5\/2020\/06\/WhatsApp-Image-2020-06-04-at-1.10.52-PM-768x512.jpeg 768w, \/wp-content\/uploads\/sites\/5\/2020\/06\/WhatsApp-Image-2020-06-04-at-1.10.52-PM-1024x682.jpeg 1024w, \/wp-content\/uploads\/sites\/5\/2020\/06\/WhatsApp-Image-2020-06-04-at-1.10.52-PM-696x464.jpeg 696w, \/wp-content\/uploads\/sites\/5\/2020\/06\/WhatsApp-Image-2020-06-04-at-1.10.52-PM-1068x712.jpeg 1068w, \/wp-content\/uploads\/sites\/5\/2020\/06\/WhatsApp-Image-2020-06-04-at-1.10.52-PM-534x356.jpeg 534w, \/wp-content\/uploads\/sites\/5\/2020\/06\/WhatsApp-Image-2020-06-04-at-1.10.52-PM.jpeg 1280w\" sizes=\"(max-width: 630px) 100vw, 630px\" alt=\"\">\r\n                            <\/a>\r\n                            \r\n                        <\/figure>\r\n                    <\/div>\r\n                            <\/div>\r\n                        <\/div>\r\n\r\n                        <div class = \"td-doubleSlider-2\">\r\n                            <div class = \"td-slider\">\r\n                                \r\n                    <div class = \"td-button td-item1\">\r\n                        <div class = \"td-border\"><\/div>\r\n                    <\/div>\r\n                    <div class = \"td-button td-item2\">\r\n                        <div class = \"td-border\"><\/div>\r\n                    <\/div>\r\n                    <div class = \"td-button td-item3\">\r\n                        <div class = \"td-border\"><\/div>\r\n                    <\/div>\r\n                    <div class = \"td-button td-item4\">\r\n                        <div class = \"td-border\"><\/div>\r\n                    <\/div>\r\n                    <div class = \"td-button td-item5\">\r\n                        <div class = \"td-border\"><\/div>\r\n                    <\/div>\r\n                    <div class = \"td-button td-item6\">\r\n                        <div class = \"td-border\"><\/div>\r\n                    <\/div>\r\n                            <\/div>\r\n                        <\/div>\r\n\r\n                    <\/div>\r\n\r\n                <\/div>\r\n                \n","protected":false},"excerpt":{"rendered":"<p>Las autoridades del IGSS, a trav\u00e9s del Centro de Atenci\u00f3n Integral de Salud Mental (CAISM), han implementado un programa que tiene como objetivo atender psicol\u00f3gicamente a los pacientes con COVID-19 que se encuentran en cuarentena o aislados, el cual les ayuda a prevenir s\u00edntomas de depresi\u00f3n, ansiedad y estr\u00e9s postraum\u00e1tico en las diferentes etapas vividas [&hellip;]<\/p>\n","protected":false},"author":160,"featured_media":17866,"comment_status":"closed","ping_status":"closed","sticky":false,"template":"","format":"standard","meta":{"footnotes":""},"categories":[3],"tags":[1199,490,1181,1171],"coauthors":[1041],"class_list":{"0":"post-17863","1":"post","2":"type-post","3":"status-publish","4":"format-standard","5":"has-post-thumbnail","7":"category-actualidad","8":"tag-covid","9":"tag-igss","10":"tag-igss-notas-covid-19","11":"tag-noticias-covid-19"},"_links":{"self":[{"href":"https:\/\/www.igssgt.org\/noticias\/wp-json\/wp\/v2\/posts\/17863","targetHints":{"allow":["GET"]}}],"collection":[{"href":"https:\/\/www.igssgt.org\/noticias\/wp-json\/wp\/v2\/posts"}],"about":[{"href":"https:\/\/www.igssgt.org\/noticias\/wp-json\/wp\/v2\/types\/post"}],"author":[{"embeddable":true,"href":"https:\/\/www.igssgt.org\/noticias\/wp-json\/wp\/v2\/users\/160"}],"replies":[{"embeddable":true,"href":"https:\/\/www.igssgt.org\/noticias\/wp-json\/wp\/v2\/comments?post=17863"}],"version-history":[{"count":6,"href":"https:\/\/www.igssgt.org\/noticias\/wp-json\/wp\/v2\/posts\/17863\/revisions"}],"predecessor-version":[{"id":17884,"href":"https:\/\/www.igssgt.org\/noticias\/wp-json\/wp\/v2\/posts\/17863\/revisions\/17884"}],"wp:featuredmedia":[{"embeddable":true,"href":"https:\/\/www.igssgt.org\/noticias\/wp-json\/wp\/v2\/media\/17866"}],"wp:attachment":[{"href":"https:\/\/www.igssgt.org\/noticias\/wp-json\/wp\/v2\/media?parent=17863"}],"wp:term":[{"taxonomy":"category","embeddable":true,"href":"https:\/\/www.igssgt.org\/noticias\/wp-json\/wp\/v2\/categories?post=17863"},{"taxonomy":"post_tag","embeddable":true,"href":"https:\/\/www.igssgt.org\/noticias\/wp-json\/wp\/v2\/tags?post=17863"},{"taxonomy":"author","embeddable":true,"href":"https:\/\/www.igssgt.org\/noticias\/wp-json\/wp\/v2\/coauthors?post=17863"}],"curies":[{"name":"wp","href":"https:\/\/api.w.org\/{rel}","templated":true}]}}