{"id":17954,"date":"2020-06-10T16:42:40","date_gmt":"2020-06-10T22:42:40","guid":{"rendered":"https:\/\/www.igssgt.org\/noticias\/?p=17954"},"modified":"2020-06-10T16:42:42","modified_gmt":"2020-06-10T22:42:42","slug":"dia-mundial-de-la-seguridad-vial-el-igss-ha-brindado-atencion-a-mas-de-18-mil-pacientes-por-accidentes-de-transito","status":"publish","type":"post","link":"https:\/\/www.igssgt.org\/noticias\/2020\/06\/10\/dia-mundial-de-la-seguridad-vial-el-igss-ha-brindado-atencion-a-mas-de-18-mil-pacientes-por-accidentes-de-transito\/","title":{"rendered":"D\u00eda Mundial de la Seguridad Vial: El IGSS ha brindado atenci\u00f3n a m\u00e1s de 18 mil pacientes por accidentes de tr\u00e1nsito"},"content":{"rendered":"\n<p>Al conmemorarse este 10 de junio el D\u00eda Mundial de la Seguridad Vial, el Instituto Guatemalteco de Seguridad Social (IGSS) recomienda a los afiliados y a la poblaci\u00f3n en general tomar precauciones para evitar accidentes de tr\u00e1nsito y reducir las tragedias viales.<\/p>\n<p>El doctor Mynor Mej\u00eda, jefe de la Secci\u00f3n de Seguridad e Higiene y Prevenci\u00f3n de Accidentes, hizo un llamado a los motoristas para que utilicen el equipo de protecci\u00f3n personal, no excedan los l\u00edmites de velocidad establecidos y que durante el viaje no ingieran bebidas alcoh\u00f3lica o drogas, con la finalidad de preservar la vida.<\/p>\n<div style=\"width: 640px;\" class=\"wp-video\"><video class=\"wp-video-shortcode\" id=\"video-17954-1\" width=\"640\" height=\"352\" preload=\"metadata\" controls=\"controls\"><source type=\"video\/mp4\" src=\"\/wp-content\/uploads\/sites\/5\/2020\/06\/WhatsApp-Video-2020-06-10-at-2.29.55-PM.mp4?_=1\" \/><a href=\"\/wp-content\/uploads\/sites\/5\/2020\/06\/WhatsApp-Video-2020-06-10-at-2.29.55-PM.mp4\">\/wp-content\/uploads\/sites\/5\/2020\/06\/WhatsApp-Video-2020-06-10-at-2.29.55-PM.mp4<\/a><\/video><\/div>\n<p>Tambi\u00e9n el mensaje fue dirigido a los pilotos del transporte pesado para que tomen sus precauciones al conducir y evitar el recargo de las unidades vehiculares, ya que estos actos son la principal causa de accidentes en las carreteras.<\/p>\n<p>Respecto\u00a0 a los conductores de veh\u00edculos livianos, el doctor Mej\u00eda los exhort\u00f3 a utilizar cintur\u00f3n de seguridad, dar servicio a los veh\u00edculos y evaluar constantemente las llantas y los frenos.<\/p>\n\r\n                <style type=\"text\/css\">\r\n                    \r\n                    #tdi_1  .td-doubleSlider-2 .td-item1 {\r\n                        background: url(\/wp-content\/uploads\/sites\/5\/2020\/06\/motoristas2-80x60.jpg) 0 0 no-repeat;\r\n                    }\r\n                    #tdi_1  .td-doubleSlider-2 .td-item2 {\r\n                        background: url(\/wp-content\/uploads\/sites\/5\/2020\/06\/motoristas4-80x60.jpg) 0 0 no-repeat;\r\n                    }\r\n                    #tdi_1  .td-doubleSlider-2 .td-item3 {\r\n                        background: url(\/wp-content\/uploads\/sites\/5\/2020\/06\/motoristas3-80x60.jpg) 0 0 no-repeat;\r\n                    }\r\n                    #tdi_1  .td-doubleSlider-2 .td-item4 {\r\n                        background: url(\/wp-content\/uploads\/sites\/5\/2020\/06\/motoristas-80x60.jpg) 0 0 no-repeat;\r\n                    }\r\n                <\/style>\r\n\r\n                <div id=\"tdi_1\" class=\"td-gallery td-slide-on-2-columns\">\r\n                    <div class=\"post_td_gallery\">\r\n                        <div class=\"td-gallery-slide-top\">\r\n                           <div class=\"td-gallery-title\"><\/div>\r\n\r\n                            <div class=\"td-gallery-controls-wrapper\">\r\n                                <div class=\"td-gallery-slide-count\"><span class=\"td-gallery-slide-item-focus\">1<\/span> de 4<\/div>\r\n                                <div class=\"td-gallery-slide-prev-next-but\">\r\n                                    <i class = \"td-icon-left doubleSliderPrevButton\"><\/i>\r\n                                    <i class = \"td-icon-right doubleSliderNextButton\"><\/i>\r\n                                <\/div>\r\n                            <\/div>\r\n                        <\/div>\r\n\r\n                        <div class = \"td-doubleSlider-1 \">\r\n                            <div class = \"td-slider\">\r\n                                \r\n                    <div class = \"td-slide-item td-item1\">\r\n                        <figure class=\"td-slide-galery-figure td-slide-popup-gallery\">\r\n                            <a class=\"slide-gallery-image-link\" href=\"\/wp-content\/uploads\/sites\/5\/2020\/06\/motoristas2.jpg\" title=\"motoristas2\"  data-caption=\"\"  data-description=\"\">\r\n                                <img decoding=\"async\" src=\"\/wp-content\/uploads\/sites\/5\/2020\/06\/motoristas2-630x420.jpg\" srcset=\"\/wp-content\/uploads\/sites\/5\/2020\/06\/motoristas2-630x420.jpg 630w, \/wp-content\/uploads\/sites\/5\/2020\/06\/motoristas2-300x200.jpg 300w, \/wp-content\/uploads\/sites\/5\/2020\/06\/motoristas2-768x512.jpg 768w, \/wp-content\/uploads\/sites\/5\/2020\/06\/motoristas2-1024x682.jpg 1024w, \/wp-content\/uploads\/sites\/5\/2020\/06\/motoristas2-696x464.jpg 696w, \/wp-content\/uploads\/sites\/5\/2020\/06\/motoristas2-1068x712.jpg 1068w, \/wp-content\/uploads\/sites\/5\/2020\/06\/motoristas2-534x356.jpg 534w, \/wp-content\/uploads\/sites\/5\/2020\/06\/motoristas2.jpg 1280w\" sizes=\"(max-width: 630px) 100vw, 630px\" alt=\"\">\r\n                            <\/a>\r\n                            \r\n                        <\/figure>\r\n                    <\/div>\r\n                    <div class = \"td-slide-item td-item2\">\r\n                        <figure class=\"td-slide-galery-figure td-slide-popup-gallery\">\r\n                            <a class=\"slide-gallery-image-link\" href=\"\/wp-content\/uploads\/sites\/5\/2020\/06\/motoristas4.jpg\" title=\"motoristas4\"  data-caption=\"Hospital General de Accidentes Ceibal\"  data-description=\"Hospital General de Accidentes Ceibal. Fotos: Prensa IGSS \">\r\n                                <img decoding=\"async\" src=\"\/wp-content\/uploads\/sites\/5\/2020\/06\/motoristas4-630x420.jpg\" srcset=\"\/wp-content\/uploads\/sites\/5\/2020\/06\/motoristas4-630x420.jpg 630w, \/wp-content\/uploads\/sites\/5\/2020\/06\/motoristas4-300x200.jpg 300w, \/wp-content\/uploads\/sites\/5\/2020\/06\/motoristas4-768x512.jpg 768w, \/wp-content\/uploads\/sites\/5\/2020\/06\/motoristas4-1024x682.jpg 1024w, \/wp-content\/uploads\/sites\/5\/2020\/06\/motoristas4-696x464.jpg 696w, \/wp-content\/uploads\/sites\/5\/2020\/06\/motoristas4-1068x712.jpg 1068w, \/wp-content\/uploads\/sites\/5\/2020\/06\/motoristas4-534x356.jpg 534w, \/wp-content\/uploads\/sites\/5\/2020\/06\/motoristas4.jpg 1280w\" sizes=\"(max-width: 630px) 100vw, 630px\" alt=\"\">\r\n                            <\/a>\r\n                            <figcaption class = \"td-slide-caption td-gallery-slide-content\"><div class = \"td-gallery-slide-copywrite\">Hospital General de Accidentes Ceibal<\/div><span>Hospital General de Accidentes Ceibal. Fotos: Prensa IGSS <\/span><\/figcaption>\r\n                        <\/figure>\r\n                    <\/div>\r\n                    <div class = \"td-slide-item td-item3\">\r\n                        <figure class=\"td-slide-galery-figure td-slide-popup-gallery\">\r\n                            <a class=\"slide-gallery-image-link\" href=\"\/wp-content\/uploads\/sites\/5\/2020\/06\/motoristas3.jpg\" title=\"motoristas3\"  data-caption=\"\"  data-description=\"\">\r\n                                <img decoding=\"async\" src=\"\/wp-content\/uploads\/sites\/5\/2020\/06\/motoristas3-630x420.jpg\" srcset=\"\/wp-content\/uploads\/sites\/5\/2020\/06\/motoristas3-630x420.jpg 630w, \/wp-content\/uploads\/sites\/5\/2020\/06\/motoristas3-300x200.jpg 300w, \/wp-content\/uploads\/sites\/5\/2020\/06\/motoristas3-768x512.jpg 768w, \/wp-content\/uploads\/sites\/5\/2020\/06\/motoristas3-1024x682.jpg 1024w, \/wp-content\/uploads\/sites\/5\/2020\/06\/motoristas3-696x464.jpg 696w, \/wp-content\/uploads\/sites\/5\/2020\/06\/motoristas3-1068x712.jpg 1068w, \/wp-content\/uploads\/sites\/5\/2020\/06\/motoristas3-534x356.jpg 534w, \/wp-content\/uploads\/sites\/5\/2020\/06\/motoristas3.jpg 1280w\" sizes=\"(max-width: 630px) 100vw, 630px\" alt=\"\">\r\n                            <\/a>\r\n                            \r\n                        <\/figure>\r\n                    <\/div>\r\n                    <div class = \"td-slide-item td-item4\">\r\n                        <figure class=\"td-slide-galery-figure td-slide-popup-gallery\">\r\n                            <a class=\"slide-gallery-image-link\" href=\"\/wp-content\/uploads\/sites\/5\/2020\/06\/motoristas.jpg\" title=\"motoristas\"  data-caption=\"\"  data-description=\"\">\r\n                                <img decoding=\"async\" src=\"\/wp-content\/uploads\/sites\/5\/2020\/06\/motoristas-630x420.jpg\" srcset=\"\/wp-content\/uploads\/sites\/5\/2020\/06\/motoristas-630x420.jpg 630w, \/wp-content\/uploads\/sites\/5\/2020\/06\/motoristas-300x200.jpg 300w, \/wp-content\/uploads\/sites\/5\/2020\/06\/motoristas-768x512.jpg 768w, \/wp-content\/uploads\/sites\/5\/2020\/06\/motoristas-1024x682.jpg 1024w, \/wp-content\/uploads\/sites\/5\/2020\/06\/motoristas-696x464.jpg 696w, \/wp-content\/uploads\/sites\/5\/2020\/06\/motoristas-1068x712.jpg 1068w, \/wp-content\/uploads\/sites\/5\/2020\/06\/motoristas-534x356.jpg 534w, \/wp-content\/uploads\/sites\/5\/2020\/06\/motoristas.jpg 1280w\" sizes=\"(max-width: 630px) 100vw, 630px\" alt=\"\">\r\n                            <\/a>\r\n                            \r\n                        <\/figure>\r\n                    <\/div>\r\n                            <\/div>\r\n                        <\/div>\r\n\r\n                        <div class = \"td-doubleSlider-2\">\r\n                            <div class = \"td-slider\">\r\n                                \r\n                    <div class = \"td-button td-item1\">\r\n                        <div class = \"td-border\"><\/div>\r\n                    <\/div>\r\n                    <div class = \"td-button td-item2\">\r\n                        <div class = \"td-border\"><\/div>\r\n                    <\/div>\r\n                    <div class = \"td-button td-item3\">\r\n                        <div class = \"td-border\"><\/div>\r\n                    <\/div>\r\n                    <div class = \"td-button td-item4\">\r\n                        <div class = \"td-border\"><\/div>\r\n                    <\/div>\r\n                            <\/div>\r\n                        <\/div>\r\n\r\n                    <\/div>\r\n\r\n                <\/div>\r\n                \n<p><strong>Asistencia por accidentes<\/strong><\/p>\n<p>Las estad\u00edsticas de atenci\u00f3n por percances viales en la emergencia del Hospital General de Accidentes Ceibal, zona 4 de Mixco, detallan que en este a\u00f1o han sido atendidas a 18,124 personas por accidente en motocicleta.<\/p>\n<p>En el caso del transporte pesado se han atendido a 31 pilotos, 531 conductores de veh\u00edculos livianos y 370 por accidentes en autob\u00fas.<\/p>\n<p>Entre las emergencias cubiertas est\u00e1n las de trauma de cr\u00e1neo, traumatismo general, fracturas y contusiones, entre otros diagn\u00f3sticos.<\/p>\n<p>La emergencia de este centro asistencial cerr\u00f3 el a\u00f1o pasado con 72,880 personas atendidas por percances en motocicleta. La mayor incidencia se marc\u00f3 en el departamento de Guatemala, seguido por Escuintla y Puerto Barrios, Izabal.<\/p>\n<p>El IGSS promueve la responsabilidad vial a trav\u00e9s de su eje 1 de la Pol\u00edtica Preventiva de la Seguridad Social en Guatemala, que busca brindar seguridad de los pilotos a trav\u00e9s de constantes capacitaciones empresariales.\u00a0<\/p>\n<p><strong>Consulte<\/strong><a href=\"https:\/\/www.igssgt.org\/noticias\/wp-content\/uploads\/sites\/5\/2019\/01\/Politica-Preventiva-de-la-Seguridad-Social-IGSS-enero-2019.pdf\"> la Pol\u00edtica Preventiva de la Seguridad Social en Guatemala &gt;&gt;&gt;<\/a><\/p>\n<p><a href=\"https:\/\/www.igssgt.org\/noticias\/wp-content\/uploads\/sites\/5\/2019\/01\/Politica-Preventiva-de-la-Seguridad-Social-IGSS-enero-2019.pdf\"><img loading=\"lazy\" decoding=\"async\" class=\"alignnone size-medium wp-image-17960\" src=\"\/wp-content\/uploads\/sites\/5\/2020\/06\/politica-297x300.jpg\" alt=\"\" width=\"297\" height=\"300\" srcset=\"\/wp-content\/uploads\/sites\/5\/2020\/06\/politica-297x300.jpg 297w, \/wp-content\/uploads\/sites\/5\/2020\/06\/politica-768x776.jpg 768w, \/wp-content\/uploads\/sites\/5\/2020\/06\/politica-416x420.jpg 416w, \/wp-content\/uploads\/sites\/5\/2020\/06\/politica-696x703.jpg 696w, \/wp-content\/uploads\/sites\/5\/2020\/06\/politica-457x462.jpg 457w, \/wp-content\/uploads\/sites\/5\/2020\/06\/politica.jpg 796w\" sizes=\"auto, (max-width: 297px) 100vw, 297px\" \/><\/a><\/p>\n","protected":false},"excerpt":{"rendered":"<p>Al conmemorarse este 10 de junio el D\u00eda Mundial de la Seguridad Vial, el Instituto Guatemalteco de Seguridad Social (IGSS) recomienda a los afiliados y a la poblaci\u00f3n en general tomar precauciones para evitar accidentes de tr\u00e1nsito y reducir las tragedias viales. El doctor Mynor Mej\u00eda, jefe de la Secci\u00f3n de Seguridad e Higiene y [&hellip;]<\/p>\n","protected":false},"author":160,"featured_media":17959,"comment_status":"closed","ping_status":"closed","sticky":false,"template":"","format":"standard","meta":{"footnotes":""},"categories":[3],"tags":[1155,490,1171,664,778],"coauthors":[1041],"class_list":{"0":"post-17954","1":"post","2":"type-post","3":"status-publish","4":"format-standard","5":"has-post-thumbnail","7":"category-actualidad","8":"tag-covid-19","9":"tag-igss","10":"tag-noticias-covid-19","11":"tag-noticias-igss-no-6","12":"tag-seguro-social"},"_links":{"self":[{"href":"https:\/\/www.igssgt.org\/noticias\/wp-json\/wp\/v2\/posts\/17954","targetHints":{"allow":["GET"]}}],"collection":[{"href":"https:\/\/www.igssgt.org\/noticias\/wp-json\/wp\/v2\/posts"}],"about":[{"href":"https:\/\/www.igssgt.org\/noticias\/wp-json\/wp\/v2\/types\/post"}],"author":[{"embeddable":true,"href":"https:\/\/www.igssgt.org\/noticias\/wp-json\/wp\/v2\/users\/160"}],"replies":[{"embeddable":true,"href":"https:\/\/www.igssgt.org\/noticias\/wp-json\/wp\/v2\/comments?post=17954"}],"version-history":[{"count":1,"href":"https:\/\/www.igssgt.org\/noticias\/wp-json\/wp\/v2\/posts\/17954\/revisions"}],"predecessor-version":[{"id":17961,"href":"https:\/\/www.igssgt.org\/noticias\/wp-json\/wp\/v2\/posts\/17954\/revisions\/17961"}],"wp:featuredmedia":[{"embeddable":true,"href":"https:\/\/www.igssgt.org\/noticias\/wp-json\/wp\/v2\/media\/17959"}],"wp:attachment":[{"href":"https:\/\/www.igssgt.org\/noticias\/wp-json\/wp\/v2\/media?parent=17954"}],"wp:term":[{"taxonomy":"category","embeddable":true,"href":"https:\/\/www.igssgt.org\/noticias\/wp-json\/wp\/v2\/categories?post=17954"},{"taxonomy":"post_tag","embeddable":true,"href":"https:\/\/www.igssgt.org\/noticias\/wp-json\/wp\/v2\/tags?post=17954"},{"taxonomy":"author","embeddable":true,"href":"https:\/\/www.igssgt.org\/noticias\/wp-json\/wp\/v2\/coauthors?post=17954"}],"curies":[{"name":"wp","href":"https:\/\/api.w.org\/{rel}","templated":true}]}}