{"id":18029,"date":"2020-06-15T00:00:19","date_gmt":"2020-06-15T06:00:19","guid":{"rendered":"https:\/\/www.igssgt.org\/noticias\/?p=18029"},"modified":"2020-06-16T11:25:17","modified_gmt":"2020-06-16T17:25:17","slug":"ganan-batalla-regresan-a-casa-tras-luchar-contra-el-covid-19","status":"publish","type":"post","link":"https:\/\/www.igssgt.org\/noticias\/2020\/06\/15\/ganan-batalla-regresan-a-casa-tras-luchar-contra-el-covid-19\/","title":{"rendered":"Ganan batalla, regresan a casa tras luchar contra el COVID-19"},"content":{"rendered":"\n<p>\u201cGracias a Dios y al IGSS por darme lo necesario. Fui progresando con el apoyo de los m\u00e9dicos y enfermeros que estuvieron\u00a0 d\u00e1ndome la atenci\u00f3n cuando m\u00e1s los necesitaba y me recuper\u00e9 al cien\u201d, dice Ad\u00e1n,\u00a0 de 35 a\u00f1os. Este paciente\u00a0 asintom\u00e1tico que venci\u00f3 al COVID- 19\u00a0 estuvo internado en uno de los hospitales centinelas del Seguro Social.<\/p>\n<p>Ad\u00e1n cuenta que el estar contagiado de COVID-19 no es f\u00e1cil, aparte de sufrir los s\u00edntomas de la \u00a0enfermedad lo m\u00e1s triste es la separaci\u00f3n familiar y \u00a0no tener la certeza de regresar. \u201cMe siento m\u00e1s fuerte que nunca y listo para regresar a casa\u201d, agrega.<\/p>\n<p>El paciente se contagi\u00f3 en su trabajo, pese que hab\u00eda tomado precauciones. \u00c9l decidi\u00f3 buscar ayuda en el Seguro Social cuando comenz\u00f3 a sufrir fiebres de 40 grados, tos seca y falta de ox\u00edgeno. Al efectuarle el hisopado, sali\u00f3 positivo. \u201cA los m\u00e9dicos y enfermeros les digo, no es un trabajo f\u00e1cil, al contrario, es dif\u00edcil controlar a tantos enfermos. No desmayan y el cuidado lo hacen con excelencia\u201d, comenta Ad\u00e1n.<\/p>\n<div style=\"width: 696px;\" class=\"wp-video\"><video class=\"wp-video-shortcode\" id=\"video-18029-1\" width=\"696\" height=\"392\" preload=\"metadata\" controls=\"controls\"><source type=\"video\/mp4\" src=\"\/wp-content\/uploads\/sites\/5\/2020\/06\/Testimonio-persona-recuperada-de-COVID-19-IGSS.mp4?_=1\" \/><a href=\"\/wp-content\/uploads\/sites\/5\/2020\/06\/Testimonio-persona-recuperada-de-COVID-19-IGSS.mp4\">\/wp-content\/uploads\/sites\/5\/2020\/06\/Testimonio-persona-recuperada-de-COVID-19-IGSS.mp4<\/a><\/video><\/div>\n<h4><strong>La esperanza de ver a su beb\u00e9<\/strong><\/h4>\n<p>La historia de \u00a0V\u00edctor \u00a0es similar a la de Ad\u00e1n, pues mientras permaneci\u00f3 bajo observaci\u00f3n en un hotel para pacientes leves y asintom\u00e1ticos extra\u00f1\u00f3 a su familia y la esperanza de ver de nuevo a su peque\u00f1a beb\u00e9 de seis meses lo motivaba a seguir la cuarentena para recuperarse.<\/p>\n<p>V\u00edctor, quien trabajaba como mensajero, recuerda que la forma de contagio que tuvo fue al tocar alguna caja o bolsa contaminada. El virus le caus\u00f3 \u00a0fiebre alta, dolor de cabeza y en algunas ocasiones tuvo dificultades para respirar.<\/p>\n<p><img loading=\"lazy\" decoding=\"async\" class=\"aligncenter wp-image-18033 size-full\" src=\"\/wp-content\/uploads\/sites\/5\/2020\/06\/paciente3.png\" alt=\"\" width=\"1280\" height=\"853\" srcset=\"\/wp-content\/uploads\/sites\/5\/2020\/06\/paciente3.png 1280w, \/wp-content\/uploads\/sites\/5\/2020\/06\/paciente3-300x200.png 300w, \/wp-content\/uploads\/sites\/5\/2020\/06\/paciente3-768x512.png 768w, \/wp-content\/uploads\/sites\/5\/2020\/06\/paciente3-1024x682.png 1024w, \/wp-content\/uploads\/sites\/5\/2020\/06\/paciente3-630x420.png 630w, \/wp-content\/uploads\/sites\/5\/2020\/06\/paciente3-696x464.png 696w, \/wp-content\/uploads\/sites\/5\/2020\/06\/paciente3-1068x712.png 1068w, \/wp-content\/uploads\/sites\/5\/2020\/06\/paciente3-534x356.png 534w\" sizes=\"auto, (max-width: 1280px) 100vw, 1280px\" \/><\/p>\n<h4><strong>De regreso con su familia <\/strong><\/h4>\n<p>Lester es otro \u00a0joven que \u00a0tambi\u00e9n super\u00f3 al COVID-19, \u00e9l agradece al IGSS por el apoyo durante su recuperaci\u00f3n. \u201cLos m\u00e9dicos y enfermeras nos dieron buena atenci\u00f3n, la comida llegaba a tiempo y caliente, hab\u00eda suficiente agua para hidratarnos y distancia entre los compa\u00f1eros enfermos\u201d, relata.<\/p>\n<p>L\u00e9ster es t\u00e9cnico en computaci\u00f3n y se contagi\u00f3 en el \u00e1rea de trabajo. Seg\u00fan el nexo epidemiol\u00f3gico \u00e9l no guard\u00f3 el distanciamiento social con un compa\u00f1ero de trabajo que ten\u00eda un familiar diagnosticado con COVID-19. \u00c9l cuenta que sinti\u00f3 mucha fiebre y debido a los s\u00edntomas busc\u00f3 la ayuda del IGSS y se qued\u00f3 internado durante 15 d\u00edas.\u00a0<\/p>\n<p>\u201c\u00c9chenle ganas, no tengan miedo\u201d, es el mensaje que env\u00eda L\u00e9ster, quien con una sonrisa se despidi\u00f3 del lugar donde\u00a0 permanec\u00eda resguardado y fue recibido por familiares que esperaban su salida.\u00a0<\/p>\n<div style=\"width: 640px;\" class=\"wp-video\"><video class=\"wp-video-shortcode\" id=\"video-18029-2\" width=\"640\" height=\"352\" preload=\"metadata\" controls=\"controls\"><source type=\"video\/mp4\" src=\"\/wp-content\/uploads\/sites\/5\/2020\/06\/WhatsApp-Video-2020-06-15-at-12.55.50-PM.mp4?_=2\" \/><a href=\"\/wp-content\/uploads\/sites\/5\/2020\/06\/WhatsApp-Video-2020-06-15-at-12.55.50-PM.mp4\">\/wp-content\/uploads\/sites\/5\/2020\/06\/WhatsApp-Video-2020-06-15-at-12.55.50-PM.mp4<\/a><\/video><\/div>\n<h4><strong>Agradecidos con el IGSS<\/strong><\/h4>\n<p>Siete personas que permanec\u00edan en un hotel en Quetzaltenango, contratado por el Seguro Social, fueron dadas de alta despu\u00e9s de no presentar s\u00edntomas respiratorios. A ellos se les efectu\u00f3 nuevamente la prueba de hisopado y esta sali\u00f3 negativa.<\/p>\n<p><img loading=\"lazy\" decoding=\"async\" class=\"aligncenter wp-image-18034 size-large\" src=\"\/wp-content\/uploads\/sites\/5\/2020\/06\/paciente2-1024x682.png\" alt=\"\" width=\"696\" height=\"464\" srcset=\"\/wp-content\/uploads\/sites\/5\/2020\/06\/paciente2-1024x682.png 1024w, \/wp-content\/uploads\/sites\/5\/2020\/06\/paciente2-300x200.png 300w, \/wp-content\/uploads\/sites\/5\/2020\/06\/paciente2-768x512.png 768w, \/wp-content\/uploads\/sites\/5\/2020\/06\/paciente2-630x420.png 630w, \/wp-content\/uploads\/sites\/5\/2020\/06\/paciente2-696x464.png 696w, \/wp-content\/uploads\/sites\/5\/2020\/06\/paciente2-1068x712.png 1068w, \/wp-content\/uploads\/sites\/5\/2020\/06\/paciente2-534x356.png 534w, \/wp-content\/uploads\/sites\/5\/2020\/06\/paciente2.png 1280w\" sizes=\"auto, (max-width: 696px) 100vw, 696px\" \/><\/p>\n<p>Antes de abandonar el Seguro Social, el director Fernando Marroqu\u00edn, del Hospital General de Quetzaltenango, y el jefe de Medicina Interna, el Dr. Axt Mull,\u00a0 les desearon un buen retorno a casa y les dieron recomendaciones para continuar cuidando su salud en casa, como practicar el lavado de manos de un minuto, aplicaci\u00f3n de gel, el uso de mascarilla y evitar salir de casa.<\/p>\n\r\n                <style type=\"text\/css\">\r\n                    \r\n                    #tdi_1  .td-doubleSlider-2 .td-item1 {\r\n                        background: url(\/wp-content\/uploads\/sites\/5\/2020\/06\/paciente5-80x60.png) 0 0 no-repeat;\r\n                    }\r\n                    #tdi_1  .td-doubleSlider-2 .td-item2 {\r\n                        background: url(\/wp-content\/uploads\/sites\/5\/2020\/06\/paciente6-80x60.png) 0 0 no-repeat;\r\n                    }\r\n                    #tdi_1  .td-doubleSlider-2 .td-item3 {\r\n                        background: url(\/wp-content\/uploads\/sites\/5\/2020\/06\/paciente4-80x60.png) 0 0 no-repeat;\r\n                    }\r\n                    #tdi_1  .td-doubleSlider-2 .td-item4 {\r\n                        background: url(\/wp-content\/uploads\/sites\/5\/2020\/06\/paciente9-80x60.png) 0 0 no-repeat;\r\n                    }\r\n                    #tdi_1  .td-doubleSlider-2 .td-item5 {\r\n                        background: url(\/wp-content\/uploads\/sites\/5\/2020\/06\/paciente8-80x60.png) 0 0 no-repeat;\r\n                    }\r\n                    #tdi_1  .td-doubleSlider-2 .td-item6 {\r\n                        background: url(\/wp-content\/uploads\/sites\/5\/2020\/06\/paciente7-80x60.png) 0 0 no-repeat;\r\n                    }\r\n                <\/style>\r\n\r\n                <div id=\"tdi_1\" class=\"td-gallery td-slide-on-2-columns\">\r\n                    <div class=\"post_td_gallery\">\r\n                        <div class=\"td-gallery-slide-top\">\r\n                           <div class=\"td-gallery-title\">Personas recuperadas de COVID-19<\/div>\r\n\r\n                            <div class=\"td-gallery-controls-wrapper\">\r\n                                <div class=\"td-gallery-slide-count\"><span class=\"td-gallery-slide-item-focus\">1<\/span> de 6<\/div>\r\n                                <div class=\"td-gallery-slide-prev-next-but\">\r\n                                    <i class = \"td-icon-left doubleSliderPrevButton\"><\/i>\r\n                                    <i class = \"td-icon-right doubleSliderNextButton\"><\/i>\r\n                                <\/div>\r\n                            <\/div>\r\n                        <\/div>\r\n\r\n                        <div class = \"td-doubleSlider-1 \">\r\n                            <div class = \"td-slider\">\r\n                                \r\n                    <div class = \"td-slide-item td-item1\">\r\n                        <figure class=\"td-slide-galery-figure td-slide-popup-gallery\">\r\n                            <a class=\"slide-gallery-image-link\" href=\"\/wp-content\/uploads\/sites\/5\/2020\/06\/paciente5.png\" title=\"paciente5\"  data-caption=\"\"  data-description=\"\">\r\n                                <img decoding=\"async\" src=\"\/wp-content\/uploads\/sites\/5\/2020\/06\/paciente5-630x420.png\" srcset=\"\/wp-content\/uploads\/sites\/5\/2020\/06\/paciente5-630x420.png 630w, \/wp-content\/uploads\/sites\/5\/2020\/06\/paciente5-300x200.png 300w, \/wp-content\/uploads\/sites\/5\/2020\/06\/paciente5-768x512.png 768w, \/wp-content\/uploads\/sites\/5\/2020\/06\/paciente5-1024x682.png 1024w, \/wp-content\/uploads\/sites\/5\/2020\/06\/paciente5-696x464.png 696w, \/wp-content\/uploads\/sites\/5\/2020\/06\/paciente5-1068x712.png 1068w, \/wp-content\/uploads\/sites\/5\/2020\/06\/paciente5-534x356.png 534w, \/wp-content\/uploads\/sites\/5\/2020\/06\/paciente5.png 1280w\" sizes=\"(max-width: 630px) 100vw, 630px\" alt=\"\">\r\n                            <\/a>\r\n                            \r\n                        <\/figure>\r\n                    <\/div>\r\n                    <div class = \"td-slide-item td-item2\">\r\n                        <figure class=\"td-slide-galery-figure td-slide-popup-gallery\">\r\n                            <a class=\"slide-gallery-image-link\" href=\"\/wp-content\/uploads\/sites\/5\/2020\/06\/paciente6.png\" title=\"paciente6\"  data-caption=\"\"  data-description=\"\">\r\n                                <img decoding=\"async\" src=\"\/wp-content\/uploads\/sites\/5\/2020\/06\/paciente6-630x420.png\" srcset=\"\/wp-content\/uploads\/sites\/5\/2020\/06\/paciente6-630x420.png 630w, \/wp-content\/uploads\/sites\/5\/2020\/06\/paciente6-300x200.png 300w, \/wp-content\/uploads\/sites\/5\/2020\/06\/paciente6-768x512.png 768w, \/wp-content\/uploads\/sites\/5\/2020\/06\/paciente6-1024x682.png 1024w, \/wp-content\/uploads\/sites\/5\/2020\/06\/paciente6-696x464.png 696w, \/wp-content\/uploads\/sites\/5\/2020\/06\/paciente6-1068x712.png 1068w, \/wp-content\/uploads\/sites\/5\/2020\/06\/paciente6-534x356.png 534w, \/wp-content\/uploads\/sites\/5\/2020\/06\/paciente6.png 1280w\" sizes=\"(max-width: 630px) 100vw, 630px\" alt=\"\">\r\n                            <\/a>\r\n                            \r\n                        <\/figure>\r\n                    <\/div>\r\n                    <div class = \"td-slide-item td-item3\">\r\n                        <figure class=\"td-slide-galery-figure td-slide-popup-gallery\">\r\n                            <a class=\"slide-gallery-image-link\" href=\"\/wp-content\/uploads\/sites\/5\/2020\/06\/paciente4.png\" title=\"paciente4\"  data-caption=\"\"  data-description=\"\">\r\n                                <img decoding=\"async\" src=\"\/wp-content\/uploads\/sites\/5\/2020\/06\/paciente4-630x420.png\" srcset=\"\/wp-content\/uploads\/sites\/5\/2020\/06\/paciente4-630x420.png 630w, \/wp-content\/uploads\/sites\/5\/2020\/06\/paciente4-300x200.png 300w, \/wp-content\/uploads\/sites\/5\/2020\/06\/paciente4-768x512.png 768w, \/wp-content\/uploads\/sites\/5\/2020\/06\/paciente4-1024x682.png 1024w, \/wp-content\/uploads\/sites\/5\/2020\/06\/paciente4-696x464.png 696w, \/wp-content\/uploads\/sites\/5\/2020\/06\/paciente4-1068x712.png 1068w, \/wp-content\/uploads\/sites\/5\/2020\/06\/paciente4-534x356.png 534w, \/wp-content\/uploads\/sites\/5\/2020\/06\/paciente4.png 1280w\" sizes=\"(max-width: 630px) 100vw, 630px\" alt=\"\">\r\n                            <\/a>\r\n                            \r\n                        <\/figure>\r\n                    <\/div>\r\n                    <div class = \"td-slide-item td-item4\">\r\n                        <figure class=\"td-slide-galery-figure td-slide-popup-gallery\">\r\n                            <a class=\"slide-gallery-image-link\" href=\"\/wp-content\/uploads\/sites\/5\/2020\/06\/paciente9.png\" title=\"paciente9\"  data-caption=\"\"  data-description=\"\">\r\n                                <img decoding=\"async\" src=\"\/wp-content\/uploads\/sites\/5\/2020\/06\/paciente9-655x420.png\" srcset=\"\/wp-content\/uploads\/sites\/5\/2020\/06\/paciente9-655x420.png 655w, \/wp-content\/uploads\/sites\/5\/2020\/06\/paciente9-300x192.png 300w, \/wp-content\/uploads\/sites\/5\/2020\/06\/paciente9-768x493.png 768w, \/wp-content\/uploads\/sites\/5\/2020\/06\/paciente9-1024x657.png 1024w, \/wp-content\/uploads\/sites\/5\/2020\/06\/paciente9-696x446.png 696w, \/wp-content\/uploads\/sites\/5\/2020\/06\/paciente9-534x343.png 534w, \/wp-content\/uploads\/sites\/5\/2020\/06\/paciente9.png 1043w\" sizes=\"(max-width: 655px) 100vw, 655px\" alt=\"\">\r\n                            <\/a>\r\n                            \r\n                        <\/figure>\r\n                    <\/div>\r\n                    <div class = \"td-slide-item td-item5\">\r\n                        <figure class=\"td-slide-galery-figure td-slide-popup-gallery\">\r\n                            <a class=\"slide-gallery-image-link\" href=\"\/wp-content\/uploads\/sites\/5\/2020\/06\/paciente8.png\" title=\"paciente8\"  data-caption=\"\"  data-description=\"\">\r\n                                <img decoding=\"async\" src=\"\/wp-content\/uploads\/sites\/5\/2020\/06\/paciente8-611x420.png\" srcset=\"\/wp-content\/uploads\/sites\/5\/2020\/06\/paciente8-611x420.png 611w, \/wp-content\/uploads\/sites\/5\/2020\/06\/paciente8-300x206.png 300w, \/wp-content\/uploads\/sites\/5\/2020\/06\/paciente8-768x528.png 768w, \/wp-content\/uploads\/sites\/5\/2020\/06\/paciente8-218x150.png 218w, \/wp-content\/uploads\/sites\/5\/2020\/06\/paciente8-696x478.png 696w, \/wp-content\/uploads\/sites\/5\/2020\/06\/paciente8-100x70.png 100w, \/wp-content\/uploads\/sites\/5\/2020\/06\/paciente8-534x367.png 534w, \/wp-content\/uploads\/sites\/5\/2020\/06\/paciente8.png 990w\" sizes=\"(max-width: 611px) 100vw, 611px\" alt=\"\">\r\n                            <\/a>\r\n                            \r\n                        <\/figure>\r\n                    <\/div>\r\n                    <div class = \"td-slide-item td-item6\">\r\n                        <figure class=\"td-slide-galery-figure td-slide-popup-gallery\">\r\n                            <a class=\"slide-gallery-image-link\" href=\"\/wp-content\/uploads\/sites\/5\/2020\/06\/paciente7.png\" title=\"paciente7\"  data-caption=\"\"  data-description=\"\">\r\n                                <img decoding=\"async\" src=\"\/wp-content\/uploads\/sites\/5\/2020\/06\/paciente7-616x420.png\" srcset=\"\/wp-content\/uploads\/sites\/5\/2020\/06\/paciente7-616x420.png 616w, \/wp-content\/uploads\/sites\/5\/2020\/06\/paciente7-300x205.png 300w, \/wp-content\/uploads\/sites\/5\/2020\/06\/paciente7-768x524.png 768w, \/wp-content\/uploads\/sites\/5\/2020\/06\/paciente7-218x150.png 218w, \/wp-content\/uploads\/sites\/5\/2020\/06\/paciente7-696x474.png 696w, \/wp-content\/uploads\/sites\/5\/2020\/06\/paciente7-534x364.png 534w, \/wp-content\/uploads\/sites\/5\/2020\/06\/paciente7.png 999w\" sizes=\"(max-width: 616px) 100vw, 616px\" alt=\"\">\r\n                            <\/a>\r\n                            \r\n                        <\/figure>\r\n                    <\/div>\r\n                            <\/div>\r\n                        <\/div>\r\n\r\n                        <div class = \"td-doubleSlider-2\">\r\n                            <div class = \"td-slider\">\r\n                                \r\n                    <div class = \"td-button td-item1\">\r\n                        <div class = \"td-border\"><\/div>\r\n                    <\/div>\r\n                    <div class = \"td-button td-item2\">\r\n                        <div class = \"td-border\"><\/div>\r\n                    <\/div>\r\n                    <div class = \"td-button td-item3\">\r\n                        <div class = \"td-border\"><\/div>\r\n                    <\/div>\r\n                    <div class = \"td-button td-item4\">\r\n                        <div class = \"td-border\"><\/div>\r\n                    <\/div>\r\n                    <div class = \"td-button td-item5\">\r\n                        <div class = \"td-border\"><\/div>\r\n                    <\/div>\r\n                    <div class = \"td-button td-item6\">\r\n                        <div class = \"td-border\"><\/div>\r\n                    <\/div>\r\n                            <\/div>\r\n                        <\/div>\r\n\r\n                    <\/div>\r\n\r\n                <\/div>\r\n                \n\n\n\n<p><strong>Descargue:<\/strong> <a href=\"https:\/\/www.igssgt.org\/wp-content\/uploads\/2020\/05\/guia-de-diagnostico-y-manejo-de-pacientes-sospechosos-y-confirmados-de-COVID-19-IGSS.pdf?i=231\" target=\"_blank\" rel=\"noopener noreferrer\">Gu\u00eda de diagn\u00f3stico y manejo de pacientes sospechosos y confirmados de COVID-19\u00a0<\/a><\/p>\n<p><a href=\"https:\/\/www.igssgt.org\/wp-content\/uploads\/2020\/05\/guia-de-diagnostico-y-manejo-de-pacientes-sospechosos-y-confirmados-de-COVID-19-IGSS.pdf?i=231\"><img loading=\"lazy\" decoding=\"async\" class=\"alignnone size-medium wp-image-18042\" src=\"\/wp-content\/uploads\/sites\/5\/2020\/06\/guia1-214x300.png\" alt=\"\" width=\"214\" height=\"300\" srcset=\"\/wp-content\/uploads\/sites\/5\/2020\/06\/guia1-214x300.png 214w, \/wp-content\/uploads\/sites\/5\/2020\/06\/guia1-299x420.png 299w, \/wp-content\/uploads\/sites\/5\/2020\/06\/guia1-329x462.png 329w, \/wp-content\/uploads\/sites\/5\/2020\/06\/guia1.png 334w\" sizes=\"auto, (max-width: 214px) 100vw, 214px\" \/><\/a><\/p>\n<p>\u00a0<\/p>\n","protected":false},"excerpt":{"rendered":"<p>\u201cGracias a Dios y al IGSS por darme lo necesario. Fui progresando con el apoyo de los m\u00e9dicos y enfermeros que estuvieron\u00a0 d\u00e1ndome la atenci\u00f3n cuando m\u00e1s los necesitaba y me recuper\u00e9 al cien\u201d, dice Ad\u00e1n,\u00a0 de 35 a\u00f1os. Este paciente\u00a0 asintom\u00e1tico que venci\u00f3 al COVID- 19\u00a0 estuvo internado en uno de los hospitales centinelas [&hellip;]<\/p>\n","protected":false},"author":160,"featured_media":18032,"comment_status":"closed","ping_status":"closed","sticky":false,"template":"","format":"standard","meta":{"footnotes":""},"categories":[3],"tags":[1155,458,490,1181,1171,1210,778],"coauthors":[1041],"class_list":{"0":"post-18029","1":"post","2":"type-post","3":"status-publish","4":"format-standard","5":"has-post-thumbnail","7":"category-actualidad","8":"tag-covid-19","9":"tag-guatemala","10":"tag-igss","11":"tag-igss-notas-covid-19","12":"tag-noticias-covid-19","13":"tag-recuperados","14":"tag-seguro-social"},"_links":{"self":[{"href":"https:\/\/www.igssgt.org\/noticias\/wp-json\/wp\/v2\/posts\/18029","targetHints":{"allow":["GET"]}}],"collection":[{"href":"https:\/\/www.igssgt.org\/noticias\/wp-json\/wp\/v2\/posts"}],"about":[{"href":"https:\/\/www.igssgt.org\/noticias\/wp-json\/wp\/v2\/types\/post"}],"author":[{"embeddable":true,"href":"https:\/\/www.igssgt.org\/noticias\/wp-json\/wp\/v2\/users\/160"}],"replies":[{"embeddable":true,"href":"https:\/\/www.igssgt.org\/noticias\/wp-json\/wp\/v2\/comments?post=18029"}],"version-history":[{"count":8,"href":"https:\/\/www.igssgt.org\/noticias\/wp-json\/wp\/v2\/posts\/18029\/revisions"}],"predecessor-version":[{"id":18075,"href":"https:\/\/www.igssgt.org\/noticias\/wp-json\/wp\/v2\/posts\/18029\/revisions\/18075"}],"wp:featuredmedia":[{"embeddable":true,"href":"https:\/\/www.igssgt.org\/noticias\/wp-json\/wp\/v2\/media\/18032"}],"wp:attachment":[{"href":"https:\/\/www.igssgt.org\/noticias\/wp-json\/wp\/v2\/media?parent=18029"}],"wp:term":[{"taxonomy":"category","embeddable":true,"href":"https:\/\/www.igssgt.org\/noticias\/wp-json\/wp\/v2\/categories?post=18029"},{"taxonomy":"post_tag","embeddable":true,"href":"https:\/\/www.igssgt.org\/noticias\/wp-json\/wp\/v2\/tags?post=18029"},{"taxonomy":"author","embeddable":true,"href":"https:\/\/www.igssgt.org\/noticias\/wp-json\/wp\/v2\/coauthors?post=18029"}],"curies":[{"name":"wp","href":"https:\/\/api.w.org\/{rel}","templated":true}]}}