{"id":18066,"date":"2020-06-15T17:24:57","date_gmt":"2020-06-15T23:24:57","guid":{"rendered":"https:\/\/www.igssgt.org\/noticias\/?p=18066"},"modified":"2020-06-15T17:37:45","modified_gmt":"2020-06-15T23:37:45","slug":"el-igss-contratara-servicio-de-hoteleria-para-albergar-a-pacientes-leves-o-asintomaticos-que-resulten-positivos-a-covid-19-nog-12793361","status":"publish","type":"post","link":"https:\/\/www.igssgt.org\/noticias\/2020\/06\/15\/el-igss-contratara-servicio-de-hoteleria-para-albergar-a-pacientes-leves-o-asintomaticos-que-resulten-positivos-a-covid-19-nog-12793361\/","title":{"rendered":"El IGSS contratar\u00e1: Servicio de hoteler\u00eda para albergar a pacientes leves o asintom\u00e1ticos que resulten positivos a COVID-19 NOG 12793361"},"content":{"rendered":"\n<h4>Consultorio de Tec\u00fan Um\u00e1n del Departamento de San Marcos.<\/h4>\n<p>Recepci\u00f3n de ofertas 17 de junio de 9:00 a 9:30 horas.<\/p>\n<p><a href=\"\/wp-content\/uploads\/sites\/5\/2020\/06\/Convocatoria-NOG-12793361-IGSS-2020.jpg\"><img loading=\"lazy\" decoding=\"async\" class=\"aligncenter size-full wp-image-18067\" src=\"\/wp-content\/uploads\/sites\/5\/2020\/06\/Convocatoria-NOG-12793361-IGSS-2020.jpg\" alt=\"\" width=\"1093\" height=\"1280\" srcset=\"\/wp-content\/uploads\/sites\/5\/2020\/06\/Convocatoria-NOG-12793361-IGSS-2020.jpg 1093w, \/wp-content\/uploads\/sites\/5\/2020\/06\/Convocatoria-NOG-12793361-IGSS-2020-256x300.jpg 256w, \/wp-content\/uploads\/sites\/5\/2020\/06\/Convocatoria-NOG-12793361-IGSS-2020-768x899.jpg 768w, \/wp-content\/uploads\/sites\/5\/2020\/06\/Convocatoria-NOG-12793361-IGSS-2020-874x1024.jpg 874w, \/wp-content\/uploads\/sites\/5\/2020\/06\/Convocatoria-NOG-12793361-IGSS-2020-359x420.jpg 359w, \/wp-content\/uploads\/sites\/5\/2020\/06\/Convocatoria-NOG-12793361-IGSS-2020-696x815.jpg 696w, \/wp-content\/uploads\/sites\/5\/2020\/06\/Convocatoria-NOG-12793361-IGSS-2020-1068x1251.jpg 1068w, \/wp-content\/uploads\/sites\/5\/2020\/06\/Convocatoria-NOG-12793361-IGSS-2020-395x462.jpg 395w\" sizes=\"auto, (max-width: 1093px) 100vw, 1093px\" \/><\/a><\/p>\n","protected":false},"excerpt":{"rendered":"<p>Consultorio de Tec\u00fan Um\u00e1n del Departamento de San Marcos. Recepci\u00f3n de ofertas 17 de junio de 9:00 a 9:30 horas.<\/p>\n","protected":false},"author":4,"featured_media":18067,"comment_status":"closed","ping_status":"closed","sticky":false,"template":"","format":"standard","meta":{"footnotes":""},"categories":[14],"tags":[215],"coauthors":[881],"class_list":{"0":"post-18066","1":"post","2":"type-post","3":"status-publish","4":"format-standard","5":"has-post-thumbnail","7":"category-convocatorias","8":"tag-convocatorias"},"_links":{"self":[{"href":"https:\/\/www.igssgt.org\/noticias\/wp-json\/wp\/v2\/posts\/18066","targetHints":{"allow":["GET"]}}],"collection":[{"href":"https:\/\/www.igssgt.org\/noticias\/wp-json\/wp\/v2\/posts"}],"about":[{"href":"https:\/\/www.igssgt.org\/noticias\/wp-json\/wp\/v2\/types\/post"}],"author":[{"embeddable":true,"href":"https:\/\/www.igssgt.org\/noticias\/wp-json\/wp\/v2\/users\/4"}],"replies":[{"embeddable":true,"href":"https:\/\/www.igssgt.org\/noticias\/wp-json\/wp\/v2\/comments?post=18066"}],"version-history":[{"count":2,"href":"https:\/\/www.igssgt.org\/noticias\/wp-json\/wp\/v2\/posts\/18066\/revisions"}],"predecessor-version":[{"id":18069,"href":"https:\/\/www.igssgt.org\/noticias\/wp-json\/wp\/v2\/posts\/18066\/revisions\/18069"}],"wp:featuredmedia":[{"embeddable":true,"href":"https:\/\/www.igssgt.org\/noticias\/wp-json\/wp\/v2\/media\/18067"}],"wp:attachment":[{"href":"https:\/\/www.igssgt.org\/noticias\/wp-json\/wp\/v2\/media?parent=18066"}],"wp:term":[{"taxonomy":"category","embeddable":true,"href":"https:\/\/www.igssgt.org\/noticias\/wp-json\/wp\/v2\/categories?post=18066"},{"taxonomy":"post_tag","embeddable":true,"href":"https:\/\/www.igssgt.org\/noticias\/wp-json\/wp\/v2\/tags?post=18066"},{"taxonomy":"author","embeddable":true,"href":"https:\/\/www.igssgt.org\/noticias\/wp-json\/wp\/v2\/coauthors?post=18066"}],"curies":[{"name":"wp","href":"https:\/\/api.w.org\/{rel}","templated":true}]}}