{"id":18222,"date":"2020-06-25T13:27:11","date_gmt":"2020-06-25T19:27:11","guid":{"rendered":"https:\/\/www.igssgt.org\/noticias\/?p=18222"},"modified":"2020-06-25T13:30:04","modified_gmt":"2020-06-25T19:30:04","slug":"tratamiento-en-bebes-evita-que-lleguen-al-quirofano","status":"publish","type":"post","link":"https:\/\/www.igssgt.org\/noticias\/2020\/06\/25\/tratamiento-en-bebes-evita-que-lleguen-al-quirofano\/","title":{"rendered":"Tratamiento en beb\u00e9s evita que lleguen al quir\u00f3fano"},"content":{"rendered":"\n<h3><strong>Arn\u00e9s corrige la luxaci\u00f3n de cadera.<\/strong><\/h3>\n<p><strong>\u00a0<\/strong>Los beb\u00e9s con luxaci\u00f3n parcial o total de cadera son tratados prioritariamente con el arn\u00e9s de Pavlik en el Servicio de Traumatolog\u00eda Pedi\u00e1trica del Hospital General de Accidentes Ceibal.<\/p>\n<p>La luxaci\u00f3n parcial o total de cadera es un trastorno cong\u00e9nito conocido como displasia de cadera. El beb\u00e9 que la tiene no siente ning\u00fan dolor, la cadera fuera de su lugar no le produce molestia alguna, tampoco le impide mover las piernas con normalidad.<\/p>\n<p><a href=\"\/wp-content\/uploads\/sites\/5\/2020\/06\/tratamiento-luxacion-de-cadera-igss-2.jpg\"><img loading=\"lazy\" decoding=\"async\" class=\"aligncenter size-full wp-image-18224\" src=\"\/wp-content\/uploads\/sites\/5\/2020\/06\/tratamiento-luxacion-de-cadera-igss-2.jpg\" alt=\"\" width=\"864\" height=\"1152\" srcset=\"\/wp-content\/uploads\/sites\/5\/2020\/06\/tratamiento-luxacion-de-cadera-igss-2.jpg 864w, \/wp-content\/uploads\/sites\/5\/2020\/06\/tratamiento-luxacion-de-cadera-igss-2-225x300.jpg 225w, \/wp-content\/uploads\/sites\/5\/2020\/06\/tratamiento-luxacion-de-cadera-igss-2-768x1024.jpg 768w, \/wp-content\/uploads\/sites\/5\/2020\/06\/tratamiento-luxacion-de-cadera-igss-2-315x420.jpg 315w, \/wp-content\/uploads\/sites\/5\/2020\/06\/tratamiento-luxacion-de-cadera-igss-2-696x928.jpg 696w, \/wp-content\/uploads\/sites\/5\/2020\/06\/tratamiento-luxacion-de-cadera-igss-2-347x462.jpg 347w\" sizes=\"auto, (max-width: 864px) 100vw, 864px\" \/><\/a><\/p>\n<p>La incidencia de displasia de cadera es mayor en ni\u00f1as, la frecuencia alcanza un n\u00famero de seis ni\u00f1as por cada ni\u00f1o. Generalmente se da en la primera hija y tambi\u00e9n influye si al momento del nacimiento el beb\u00e9 viene en posici\u00f3n pod\u00e1lica y no de cabeza, explic\u00f3 el m\u00e9dico Belejeb Pinto, jefe de este servicio.<\/p>\n<p>Si el diagn\u00f3stico se hace antes de los seis meses de edad, a\u00fan se puede poner en su lugar de una manera manual y gentil, sin necesidad de llevar al peque\u00f1o al quir\u00f3fano y someterlo a cirug\u00edas y largos tratamientos.<\/p>\n<div style=\"width: 640px;\" class=\"wp-video\"><video class=\"wp-video-shortcode\" id=\"video-18222-1\" width=\"640\" height=\"352\" preload=\"metadata\" controls=\"controls\"><source type=\"video\/mp4\" src=\"\/wp-content\/uploads\/sites\/5\/2020\/06\/tratamiento-luxacion-de-cadera-igss.mp4?_=1\" \/><a href=\"\/wp-content\/uploads\/sites\/5\/2020\/06\/tratamiento-luxacion-de-cadera-igss.mp4\">\/wp-content\/uploads\/sites\/5\/2020\/06\/tratamiento-luxacion-de-cadera-igss.mp4<\/a><\/video><\/div>\n<p>El doctor Pinto indic\u00f3 que la cadera es colocada en su lugar de manera manual y para mantenerla ah\u00ed se instala el arn\u00e9s de Pavlik. Este es un dispositivo que permite que la cadera quede asegurada en su lugar y brinda comodidad al beb\u00e9 al conservar el libre movimiento de las piernas. El tiempo promedio de uso es de tres meses durante todo el d\u00eda.<\/p>\n<p>Desde que el especialista coloca el arn\u00e9s, solo \u00e9l puede retirarlo al constatar que la cadera qued\u00f3 definitivamente en el lugar correcto. El m\u00e9dico, de ser necesario, ordena estudios puntuales para verificar el \u00e9xito del tratamiento.\u00a0<\/p>\n<p><strong><a href=\"https:\/\/www.igssgt.org\/guia-de-diagnostico-y-manejo-de-pacientes-pediatricos-sospechosos-y-confirmados-de-covid-19\/\">\u25ba CONOZCA la Gui\u0301a de diagno\u0301stico y manejo de pacientes pedi\u00e1tricos sospechosos y confirmados de COVID-19<\/a><\/strong><\/p>\n<p>En el caso de ni\u00f1os mayores de seis meses es necesario llevarlos al quir\u00f3fano, para ellos ya no es recomendable este m\u00e9todo.\u00a0<\/p>\n<p>Es de vital importancia que las madres en el momento de cambiarle el pa\u00f1al al beb\u00e9 pongan atenci\u00f3n, si al abrirle las piernitas sienten un chasquido en la cadera esto debe ser motivo para consultar al pediatra, dijo el m\u00e9dico entrevistado.<\/p>\n<figure id=\"attachment_18225\" aria-describedby=\"caption-attachment-18225\" style=\"width: 922px\" class=\"wp-caption aligncenter\"><a href=\"\/wp-content\/uploads\/sites\/5\/2020\/06\/tratamiento-luxacion-de-cadera-igss-1.jpg\"><img loading=\"lazy\" decoding=\"async\" class=\"wp-image-18225 size-full\" src=\"\/wp-content\/uploads\/sites\/5\/2020\/06\/tratamiento-luxacion-de-cadera-igss-1.jpg\" alt=\"\" width=\"922\" height=\"691\" srcset=\"\/wp-content\/uploads\/sites\/5\/2020\/06\/tratamiento-luxacion-de-cadera-igss-1.jpg 922w, \/wp-content\/uploads\/sites\/5\/2020\/06\/tratamiento-luxacion-de-cadera-igss-1-300x225.jpg 300w, \/wp-content\/uploads\/sites\/5\/2020\/06\/tratamiento-luxacion-de-cadera-igss-1-768x576.jpg 768w, \/wp-content\/uploads\/sites\/5\/2020\/06\/tratamiento-luxacion-de-cadera-igss-1-560x420.jpg 560w, \/wp-content\/uploads\/sites\/5\/2020\/06\/tratamiento-luxacion-de-cadera-igss-1-80x60.jpg 80w, \/wp-content\/uploads\/sites\/5\/2020\/06\/tratamiento-luxacion-de-cadera-igss-1-696x522.jpg 696w, \/wp-content\/uploads\/sites\/5\/2020\/06\/tratamiento-luxacion-de-cadera-igss-1-265x198.jpg 265w, \/wp-content\/uploads\/sites\/5\/2020\/06\/tratamiento-luxacion-de-cadera-igss-1-534x400.jpg 534w\" sizes=\"auto, (max-width: 922px) 100vw, 922px\" \/><\/a><figcaption id=\"caption-attachment-18225\" class=\"wp-caption-text\">Dr. Beleleb Pinto, jefe del Servicio de Traumatolog\u00eda Pedi\u00e1trica del Hospital General de Accidentes Ceibal el IGSS.<\/figcaption><\/figure>\n","protected":false},"excerpt":{"rendered":"<p>Arn\u00e9s corrige la luxaci\u00f3n de cadera. \u00a0Los beb\u00e9s con luxaci\u00f3n parcial o total de cadera son tratados prioritariamente con el arn\u00e9s de Pavlik en el Servicio de Traumatolog\u00eda Pedi\u00e1trica del Hospital General de Accidentes Ceibal. La luxaci\u00f3n parcial o total de cadera es un trastorno cong\u00e9nito conocido como displasia de cadera. El beb\u00e9 que la [&hellip;]<\/p>\n","protected":false},"author":4,"featured_media":18223,"comment_status":"closed","ping_status":"closed","sticky":false,"template":"","format":"standard","meta":{"footnotes":""},"categories":[3,24],"tags":[268,480],"coauthors":[881],"class_list":{"0":"post-18222","1":"post","2":"type-post","3":"status-publish","4":"format-standard","5":"has-post-thumbnail","7":"category-actualidad","8":"category-pediatria","9":"tag-dr-beleheb-ismar-pinto","10":"tag-hospital-general-de-accidentes-ceibal"},"_links":{"self":[{"href":"https:\/\/www.igssgt.org\/noticias\/wp-json\/wp\/v2\/posts\/18222","targetHints":{"allow":["GET"]}}],"collection":[{"href":"https:\/\/www.igssgt.org\/noticias\/wp-json\/wp\/v2\/posts"}],"about":[{"href":"https:\/\/www.igssgt.org\/noticias\/wp-json\/wp\/v2\/types\/post"}],"author":[{"embeddable":true,"href":"https:\/\/www.igssgt.org\/noticias\/wp-json\/wp\/v2\/users\/4"}],"replies":[{"embeddable":true,"href":"https:\/\/www.igssgt.org\/noticias\/wp-json\/wp\/v2\/comments?post=18222"}],"version-history":[{"count":3,"href":"https:\/\/www.igssgt.org\/noticias\/wp-json\/wp\/v2\/posts\/18222\/revisions"}],"predecessor-version":[{"id":18229,"href":"https:\/\/www.igssgt.org\/noticias\/wp-json\/wp\/v2\/posts\/18222\/revisions\/18229"}],"wp:featuredmedia":[{"embeddable":true,"href":"https:\/\/www.igssgt.org\/noticias\/wp-json\/wp\/v2\/media\/18223"}],"wp:attachment":[{"href":"https:\/\/www.igssgt.org\/noticias\/wp-json\/wp\/v2\/media?parent=18222"}],"wp:term":[{"taxonomy":"category","embeddable":true,"href":"https:\/\/www.igssgt.org\/noticias\/wp-json\/wp\/v2\/categories?post=18222"},{"taxonomy":"post_tag","embeddable":true,"href":"https:\/\/www.igssgt.org\/noticias\/wp-json\/wp\/v2\/tags?post=18222"},{"taxonomy":"author","embeddable":true,"href":"https:\/\/www.igssgt.org\/noticias\/wp-json\/wp\/v2\/coauthors?post=18222"}],"curies":[{"name":"wp","href":"https:\/\/api.w.org\/{rel}","templated":true}]}}