{"id":18230,"date":"2020-06-26T08:25:23","date_gmt":"2020-06-26T14:25:23","guid":{"rendered":"https:\/\/www.igssgt.org\/noticias\/?p=18230"},"modified":"2020-06-26T12:25:07","modified_gmt":"2020-06-26T18:25:07","slug":"los-nacimientos-de-wender-y-wendoly-fueron-complicados-pero-con-la-cobertura-del-igss-crecen-fuertes","status":"publish","type":"post","link":"https:\/\/www.igssgt.org\/noticias\/2020\/06\/26\/los-nacimientos-de-wender-y-wendoly-fueron-complicados-pero-con-la-cobertura-del-igss-crecen-fuertes\/","title":{"rendered":"Los nacimientos de Wender y Wendoly fueron complicados, pero con la cobertura del IGSS crecen fuertes"},"content":{"rendered":"\n<p>Los hermanos Wender y Wendoly Archila Carrillo, de 4 a\u00f1os y 5 meses respectivamente, hijos de Wender Archila y Sandra Carrillo, ambos tienen cosas en com\u00fan: nacieron en el Hospital de Gineco Obstetricia a los siete meses de gestaci\u00f3n, tuvieron complicaciones de salud y estuvieron hospitalizados en el Intensivo de Neonatos.<\/p>\n<p>Wender tuvo problemas respiratorios, fue internado 15 d\u00edas desde que naci\u00f3 hasta que se recuper\u00f3, mientras que Wendoly fue retornada al hospital unos d\u00edas despu\u00e9s de haber nacido por sufrir neumon\u00eda debido a que los pulmones no se desarrollaron lo suficiente, por lo que fue internada aproximadamente un mes.<\/p>\n<p><img loading=\"lazy\" decoding=\"async\" class=\"aligncenter wp-image-18232 size-large\" src=\"\/wp-content\/uploads\/sites\/5\/2020\/06\/WhatsApp-Image-2020-06-26-at-7.49.55-AM-1024x473.jpeg\" alt=\"\" width=\"696\" height=\"321\" srcset=\"\/wp-content\/uploads\/sites\/5\/2020\/06\/WhatsApp-Image-2020-06-26-at-7.49.55-AM-1024x473.jpeg 1024w, \/wp-content\/uploads\/sites\/5\/2020\/06\/WhatsApp-Image-2020-06-26-at-7.49.55-AM-300x139.jpeg 300w, \/wp-content\/uploads\/sites\/5\/2020\/06\/WhatsApp-Image-2020-06-26-at-7.49.55-AM-768x355.jpeg 768w, \/wp-content\/uploads\/sites\/5\/2020\/06\/WhatsApp-Image-2020-06-26-at-7.49.55-AM-909x420.jpeg 909w, \/wp-content\/uploads\/sites\/5\/2020\/06\/WhatsApp-Image-2020-06-26-at-7.49.55-AM-696x321.jpeg 696w, \/wp-content\/uploads\/sites\/5\/2020\/06\/WhatsApp-Image-2020-06-26-at-7.49.55-AM-1068x493.jpeg 1068w, \/wp-content\/uploads\/sites\/5\/2020\/06\/WhatsApp-Image-2020-06-26-at-7.49.55-AM-534x247.jpeg 534w, \/wp-content\/uploads\/sites\/5\/2020\/06\/WhatsApp-Image-2020-06-26-at-7.49.55-AM.jpeg 1152w\" sizes=\"auto, (max-width: 696px) 100vw, 696px\" \/><\/p>\n<p>Sandra de Archila cuenta que la complicaci\u00f3n que tuvo con Wender fue que ella enferm\u00f3 de chikungunya, lo cual motiv\u00f3 adelantar el nacimiento, mientras que durante el embarazo de Wendoly sufri\u00f3 complicaciones desde el inicio ya que le detectaron hipertensi\u00f3n y alteraci\u00f3n de la glucosa, para lo cual el Instituto le brind\u00f3 atenci\u00f3n y el tratamiento adecuados.<\/p>\n<p>Do\u00f1a Sandra asisti\u00f3 el 5 de enero del presente a\u00f1o a su cita y al ser evaluada por el especialista se determin\u00f3 que deb\u00eda ser internada para realizarle una observaci\u00f3n general. Una semana despu\u00e9s los ex\u00e1menes revelaron que ten\u00eda preeclampsia (hipertensi\u00f3n materna que se produce despu\u00e9s de 20 semanas de embarazo) y para salvaguardar la salud y la vida de ambas fue operada el 12 de enero.<\/p>\n<p><img loading=\"lazy\" decoding=\"async\" class=\"aligncenter wp-image-18233 size-full\" src=\"\/wp-content\/uploads\/sites\/5\/2020\/06\/hermanos.jpg\" alt=\"\" width=\"987\" height=\"487\" srcset=\"\/wp-content\/uploads\/sites\/5\/2020\/06\/hermanos.jpg 987w, \/wp-content\/uploads\/sites\/5\/2020\/06\/hermanos-300x148.jpg 300w, \/wp-content\/uploads\/sites\/5\/2020\/06\/hermanos-768x379.jpg 768w, \/wp-content\/uploads\/sites\/5\/2020\/06\/hermanos-851x420.jpg 851w, \/wp-content\/uploads\/sites\/5\/2020\/06\/hermanos-696x343.jpg 696w, \/wp-content\/uploads\/sites\/5\/2020\/06\/hermanos-324x160.jpg 324w, \/wp-content\/uploads\/sites\/5\/2020\/06\/hermanos-534x263.jpg 534w\" sizes=\"auto, (max-width: 987px) 100vw, 987px\" \/><\/p>\n<p>A la fecha los hermanos Archila Carrillo asisten regularmente a sus citas programadas en el servicio de Pediatr\u00eda de este centro asistencial, Werner por tratamiento de ojos y Wendoly a sus chequeos normales, as\u00ed como a traer su f\u00f3rmula que es vital en su alimentaci\u00f3n y desarrollo, adem\u00e1s de la lactancia materna que le proporciona su progenitora.<\/p>\n<p><strong>Le invitamos a leer:<\/strong> <a href=\"https:\/\/www.igssgt.org\/noticias\/2020\/06\/05\/en-el-hospital-de-gineco-obstetricia-se-han-atendido-mas-de-tres-mil-nacimientos-en-tiempos-de-covid-19\/\">En el Hospital de Gineco Obstetricia se han atendido m\u00e1s de tres mil nacimientos en tiempos de COVID-19<\/a><\/p>\n<p>Do\u00f1a Sandra y su esposo enviaron un video que grabaron en su casa, ya que no salen debido a la pandemia. El confinamiento no ha sido limitante para expresar su agradecimiento al personal m\u00e9dico y de enfermer\u00eda por todo el apoyo para ella y sus dos hijos.<\/p>\n<div style=\"width: 696px;\" class=\"wp-video\"><video class=\"wp-video-shortcode\" id=\"video-18230-1\" width=\"696\" height=\"391\" poster=\"\/wp-content\/uploads\/sites\/5\/2020\/06\/WhatsApp-Video-2020-06-26-at-8-19-41-AM-mp4-image.jpg\" preload=\"metadata\" controls=\"controls\"><source type=\"video\/mp4\" src=\"\/wp-content\/uploads\/sites\/5\/2020\/06\/WhatsApp-Video-2020-06-26-at-8.19.41-AM.mp4?_=1\" \/><a href=\"\/wp-content\/uploads\/sites\/5\/2020\/06\/WhatsApp-Video-2020-06-26-at-8.19.41-AM.mp4\">\/wp-content\/uploads\/sites\/5\/2020\/06\/WhatsApp-Video-2020-06-26-at-8.19.41-AM.mp4<\/a><\/video><\/div>\n","protected":false},"excerpt":{"rendered":"<p>Los hermanos Wender y Wendoly Archila Carrillo, de 4 a\u00f1os y 5 meses respectivamente, hijos de Wender Archila y Sandra Carrillo, ambos tienen cosas en com\u00fan: nacieron en el Hospital de Gineco Obstetricia a los siete meses de gestaci\u00f3n, tuvieron complicaciones de salud y estuvieron hospitalizados en el Intensivo de Neonatos. Wender tuvo problemas respiratorios, [&hellip;]<\/p>\n","protected":false},"author":160,"featured_media":18231,"comment_status":"closed","ping_status":"closed","sticky":false,"template":"","format":"standard","meta":{"footnotes":""},"categories":[3],"tags":[1204,490,1181,1171],"coauthors":[1041],"class_list":{"0":"post-18230","1":"post","2":"type-post","3":"status-publish","4":"format-standard","5":"has-post-thumbnail","7":"category-actualidad","8":"tag-covid19","9":"tag-igss","10":"tag-igss-notas-covid-19","11":"tag-noticias-covid-19"},"_links":{"self":[{"href":"https:\/\/www.igssgt.org\/noticias\/wp-json\/wp\/v2\/posts\/18230","targetHints":{"allow":["GET"]}}],"collection":[{"href":"https:\/\/www.igssgt.org\/noticias\/wp-json\/wp\/v2\/posts"}],"about":[{"href":"https:\/\/www.igssgt.org\/noticias\/wp-json\/wp\/v2\/types\/post"}],"author":[{"embeddable":true,"href":"https:\/\/www.igssgt.org\/noticias\/wp-json\/wp\/v2\/users\/160"}],"replies":[{"embeddable":true,"href":"https:\/\/www.igssgt.org\/noticias\/wp-json\/wp\/v2\/comments?post=18230"}],"version-history":[{"count":5,"href":"https:\/\/www.igssgt.org\/noticias\/wp-json\/wp\/v2\/posts\/18230\/revisions"}],"predecessor-version":[{"id":18260,"href":"https:\/\/www.igssgt.org\/noticias\/wp-json\/wp\/v2\/posts\/18230\/revisions\/18260"}],"wp:featuredmedia":[{"embeddable":true,"href":"https:\/\/www.igssgt.org\/noticias\/wp-json\/wp\/v2\/media\/18231"}],"wp:attachment":[{"href":"https:\/\/www.igssgt.org\/noticias\/wp-json\/wp\/v2\/media?parent=18230"}],"wp:term":[{"taxonomy":"category","embeddable":true,"href":"https:\/\/www.igssgt.org\/noticias\/wp-json\/wp\/v2\/categories?post=18230"},{"taxonomy":"post_tag","embeddable":true,"href":"https:\/\/www.igssgt.org\/noticias\/wp-json\/wp\/v2\/tags?post=18230"},{"taxonomy":"author","embeddable":true,"href":"https:\/\/www.igssgt.org\/noticias\/wp-json\/wp\/v2\/coauthors?post=18230"}],"curies":[{"name":"wp","href":"https:\/\/api.w.org\/{rel}","templated":true}]}}