{"id":18240,"date":"2020-06-26T08:00:00","date_gmt":"2020-06-26T14:00:00","guid":{"rendered":"https:\/\/www.igssgt.org\/noticias\/?p=18240"},"modified":"2021-02-25T18:24:58","modified_gmt":"2021-02-26T00:24:58","slug":"el-igss-invita-a-participar-en-la-convocatoria-de-las-plazas-de-quimico-biologo-y-tecnico-en-laboratorio-clinico","status":"publish","type":"post","link":"https:\/\/www.igssgt.org\/noticias\/2020\/06\/26\/el-igss-invita-a-participar-en-la-convocatoria-de-las-plazas-de-quimico-biologo-y-tecnico-en-laboratorio-clinico\/","title":{"rendered":"El IGSS invita a participar en la convocatoria de las plazas de qu\u00edmico bi\u00f3logo y t\u00e9cnico en laboratorio cl\u00ednico"},"content":{"rendered":"\n<ul>\n<li>Hospital General Dr. Juan Jos\u00e9 Ar\u00e9valo Bermejo<\/li>\n<li>Hospital Departamental de Escuintla<\/li>\n<li>Hospital Departamental de Puerto Barrios, Izabal<\/li>\n<li>Hospital Departamental de Mazatenango, Suchitep\u00e9quez<\/li>\n<\/ul>\n<p><a href=\"\/wp-content\/uploads\/sites\/5\/2020\/06\/Convocatoria-plazas-IGSS-quimico-biologo-y-tecnico-en-laboratorio-clinico-2020.jpg\"><img loading=\"lazy\" decoding=\"async\" class=\"aligncenter size-full wp-image-18241\" src=\"\/wp-content\/uploads\/sites\/5\/2020\/06\/Convocatoria-plazas-IGSS-quimico-biologo-y-tecnico-en-laboratorio-clinico-2020.jpg\" alt=\"\" width=\"1280\" height=\"1174\" srcset=\"\/wp-content\/uploads\/sites\/5\/2020\/06\/Convocatoria-plazas-IGSS-quimico-biologo-y-tecnico-en-laboratorio-clinico-2020.jpg 1280w, \/wp-content\/uploads\/sites\/5\/2020\/06\/Convocatoria-plazas-IGSS-quimico-biologo-y-tecnico-en-laboratorio-clinico-2020-300x275.jpg 300w, \/wp-content\/uploads\/sites\/5\/2020\/06\/Convocatoria-plazas-IGSS-quimico-biologo-y-tecnico-en-laboratorio-clinico-2020-768x704.jpg 768w, \/wp-content\/uploads\/sites\/5\/2020\/06\/Convocatoria-plazas-IGSS-quimico-biologo-y-tecnico-en-laboratorio-clinico-2020-1024x939.jpg 1024w, \/wp-content\/uploads\/sites\/5\/2020\/06\/Convocatoria-plazas-IGSS-quimico-biologo-y-tecnico-en-laboratorio-clinico-2020-458x420.jpg 458w, \/wp-content\/uploads\/sites\/5\/2020\/06\/Convocatoria-plazas-IGSS-quimico-biologo-y-tecnico-en-laboratorio-clinico-2020-696x638.jpg 696w, \/wp-content\/uploads\/sites\/5\/2020\/06\/Convocatoria-plazas-IGSS-quimico-biologo-y-tecnico-en-laboratorio-clinico-2020-1068x980.jpg 1068w, \/wp-content\/uploads\/sites\/5\/2020\/06\/Convocatoria-plazas-IGSS-quimico-biologo-y-tecnico-en-laboratorio-clinico-2020-504x462.jpg 504w\" sizes=\"auto, (max-width: 1280px) 100vw, 1280px\" \/><\/a><\/p>\n\n\n\n<p>Qu\u00edmico Bi\u00f3logo<\/p>\n\n\n\n<p>T\u00e9cnico en Laboratorio Cl\u00ednico<\/p>\n\n\n\n<p><\/p>\n","protected":false},"excerpt":{"rendered":"<p>Hospital General Dr. Juan Jos\u00e9 Ar\u00e9valo Bermejo Hospital Departamental de Escuintla Hospital Departamental de Puerto Barrios, Izabal Hospital Departamental de Mazatenango, Suchitep\u00e9quez Qu\u00edmico Bi\u00f3logo T\u00e9cnico en Laboratorio Cl\u00ednico<\/p>\n","protected":false},"author":4,"featured_media":18241,"comment_status":"closed","ping_status":"closed","sticky":false,"template":"","format":"standard","meta":{"footnotes":""},"categories":[1299],"tags":[995,1300],"coauthors":[881],"class_list":{"0":"post-18240","1":"post","2":"type-post","3":"status-publish","4":"format-standard","5":"has-post-thumbnail","7":"category-plazas-vacantes","8":"tag-convocatoria-plazas","9":"tag-empleos-igss"},"_links":{"self":[{"href":"https:\/\/www.igssgt.org\/noticias\/wp-json\/wp\/v2\/posts\/18240","targetHints":{"allow":["GET"]}}],"collection":[{"href":"https:\/\/www.igssgt.org\/noticias\/wp-json\/wp\/v2\/posts"}],"about":[{"href":"https:\/\/www.igssgt.org\/noticias\/wp-json\/wp\/v2\/types\/post"}],"author":[{"embeddable":true,"href":"https:\/\/www.igssgt.org\/noticias\/wp-json\/wp\/v2\/users\/4"}],"replies":[{"embeddable":true,"href":"https:\/\/www.igssgt.org\/noticias\/wp-json\/wp\/v2\/comments?post=18240"}],"version-history":[{"count":3,"href":"https:\/\/www.igssgt.org\/noticias\/wp-json\/wp\/v2\/posts\/18240\/revisions"}],"predecessor-version":[{"id":18244,"href":"https:\/\/www.igssgt.org\/noticias\/wp-json\/wp\/v2\/posts\/18240\/revisions\/18244"}],"wp:featuredmedia":[{"embeddable":true,"href":"https:\/\/www.igssgt.org\/noticias\/wp-json\/wp\/v2\/media\/18241"}],"wp:attachment":[{"href":"https:\/\/www.igssgt.org\/noticias\/wp-json\/wp\/v2\/media?parent=18240"}],"wp:term":[{"taxonomy":"category","embeddable":true,"href":"https:\/\/www.igssgt.org\/noticias\/wp-json\/wp\/v2\/categories?post=18240"},{"taxonomy":"post_tag","embeddable":true,"href":"https:\/\/www.igssgt.org\/noticias\/wp-json\/wp\/v2\/tags?post=18240"},{"taxonomy":"author","embeddable":true,"href":"https:\/\/www.igssgt.org\/noticias\/wp-json\/wp\/v2\/coauthors?post=18240"}],"curies":[{"name":"wp","href":"https:\/\/api.w.org\/{rel}","templated":true}]}}