{"id":18544,"date":"2020-07-21T14:55:08","date_gmt":"2020-07-21T20:55:08","guid":{"rendered":"https:\/\/www.igssgt.org\/noticias\/?p=18544"},"modified":"2020-08-19T08:40:58","modified_gmt":"2020-08-19T14:40:58","slug":"el-seguro-social-inicia-jornada-de-vacunacion-en-empresas-afiliadas","status":"publish","type":"post","link":"https:\/\/www.igssgt.org\/noticias\/2020\/07\/21\/el-seguro-social-inicia-jornada-de-vacunacion-en-empresas-afiliadas\/","title":{"rendered":"El Seguro Social inicia jornada de vacunaci\u00f3n en empresas afiliadas"},"content":{"rendered":"\n<p>Una jornada de vacunaci\u00f3n contra el neumococo 13 y 23 valente e influenza estacional para la prevenci\u00f3n de enfermedades respiratorias como neumon\u00eda entre otras, fue realizada en la maquila Hansae Global, ubicada en el kil\u00f3metro 9.2 de la ruta al Atl\u00e1ntico la cual cuenta con m\u00e1s de 720 trabajadores afiliados al Seguro Social.<\/p>\n<p>El prop\u00f3sito es llegar a la mayor\u00eda de empresas a trav\u00e9s de una programaci\u00f3n ya establecida. Actualmente en el pa\u00eds se cuenta con m\u00e1s de 20 empresas que solicitan este tipo de actividades, las que tienen como objetivo inmunizar a los trabajadores.<\/p>\n<p>Maynor Oswaldo Batres, inspector de Seguridad e Higiene y Prevenci\u00f3n de Accidentes, expres\u00f3 que la Campa\u00f1a de Vacunaci\u00f3n Empresarial es parte del cumplimiento a la Pol\u00edtica Preventiva de la Seguridad Social, este espacio es aprovechado para informar a los afiliados acerca de los beneficios de las vacunas as\u00ed como de los efectos secundarios y la medicaci\u00f3n conveniente si fuera necesario.<\/p>\n<div style=\"width: 696px;\" class=\"wp-video\"><video class=\"wp-video-shortcode\" id=\"video-18544-1\" width=\"696\" height=\"392\" poster=\"\/wp-content\/uploads\/sites\/5\/2020\/07\/4-Maynor-Oswaldo-mp4-image.jpg\" preload=\"metadata\" controls=\"controls\"><source type=\"video\/mp4\" src=\"\/wp-content\/uploads\/sites\/5\/2020\/07\/4-Maynor-Oswaldo.mp4?_=1\" \/><a href=\"\/wp-content\/uploads\/sites\/5\/2020\/07\/4-Maynor-Oswaldo.mp4\">\/wp-content\/uploads\/sites\/5\/2020\/07\/4-Maynor-Oswaldo.mp4<\/a><\/video><\/div>\n<p>Dolaver Yanes, inspector de Seguridad e Higiene y Prevenci\u00f3n de Accidentes, explic\u00f3 que \u00a0este tipo de jornadas se hacen en empresas que han cumplido los protocolos de seguridad ante la pandemia del COVID-19 para que los trabajadores tengan un soporte inmunol\u00f3gico.<\/p>\n<h4><strong>Requisitos<\/strong><strong>\u00a0<\/strong><\/h4>\n<p>Entre los requisitos para optar a estas jornadas se encuentran que la empresa haya llenado un cuestionario acerca de las condiciones laborales ante el COVID-19, el cual es elaborado por el Seguro Social y est\u00e1 dirigido al sector empresarial para corroborar que se est\u00e9 brindando protecci\u00f3n a sus trabajadores como lo establece el Acuerdo Gubernativo 229-2014 Reglamento de Salud y Seguridad Ocupacional y sus reformas Acuerdo Gubernativo 33-2016.<\/p>\n<p>Teresa G\u00f3mez, quien tiene ocho a\u00f1os de trabajar en la maquila, expres\u00f3 su agradecimiento al IGSS por organizar esta jornada en la empresa ya que las vacunas son esenciales para la prevenci\u00f3n de enfermedades. Ludvin Abiche tambi\u00e9n agradeci\u00f3 esta iniciativa que demuestra inter\u00e9s por el bienestar del afiliado.<\/p>\n<p>Lilian Lucero Hern\u00e1ndez, gerente de personal de esta maquila, reconoci\u00f3 la labor del IGSS de inmunizar a todo el personal de la empresa.<\/p>\n\r\n                <style type=\"text\/css\">\r\n                    \r\n                    #tdi_1  .td-doubleSlider-2 .td-item1 {\r\n                        background: url(\/wp-content\/uploads\/sites\/5\/2020\/07\/Campana-de-vacunacion-empresarial-IGSS-2020-1-80x60.jpeg) 0 0 no-repeat;\r\n                    }\r\n                    #tdi_1  .td-doubleSlider-2 .td-item2 {\r\n                        background: url(\/wp-content\/uploads\/sites\/5\/2020\/07\/Campana-de-vacunacion-empresarial-IGSS-2020-2-80x60.jpeg) 0 0 no-repeat;\r\n                    }\r\n                    #tdi_1  .td-doubleSlider-2 .td-item3 {\r\n                        background: url(\/wp-content\/uploads\/sites\/5\/2020\/07\/Campana-de-vacunacion-empresarial-IGSS-2020-3-80x60.jpeg) 0 0 no-repeat;\r\n                    }\r\n                    #tdi_1  .td-doubleSlider-2 .td-item4 {\r\n                        background: url(\/wp-content\/uploads\/sites\/5\/2020\/07\/Campana-de-vacunacion-empresarial-IGSS-2020-4-80x60.jpeg) 0 0 no-repeat;\r\n                    }\r\n                    #tdi_1  .td-doubleSlider-2 .td-item5 {\r\n                        background: url(\/wp-content\/uploads\/sites\/5\/2020\/07\/Campana-de-vacunacion-empresarial-IGSS-2020-5-80x60.jpeg) 0 0 no-repeat;\r\n                    }\r\n                    #tdi_1  .td-doubleSlider-2 .td-item6 {\r\n                        background: url(\/wp-content\/uploads\/sites\/5\/2020\/07\/Campana-de-vacunacion-empresarial-IGSS-2020-6-80x60.jpeg) 0 0 no-repeat;\r\n                    }\r\n                    #tdi_1  .td-doubleSlider-2 .td-item7 {\r\n                        background: url(\/wp-content\/uploads\/sites\/5\/2020\/07\/Campana-de-vacunacion-empresarial-IGSS-2020-7-80x60.jpeg) 0 0 no-repeat;\r\n                    }\r\n                    #tdi_1  .td-doubleSlider-2 .td-item8 {\r\n                        background: url(\/wp-content\/uploads\/sites\/5\/2020\/07\/Campana-de-vacunacion-empresarial-IGSS-2020-8-80x60.jpeg) 0 0 no-repeat;\r\n                    }\r\n                    #tdi_1  .td-doubleSlider-2 .td-item9 {\r\n                        background: url(\/wp-content\/uploads\/sites\/5\/2020\/07\/Campana-de-vacunacion-empresarial-IGSS-2020-10-80x60.jpeg) 0 0 no-repeat;\r\n                    }\r\n                    #tdi_1  .td-doubleSlider-2 .td-item10 {\r\n                        background: url(\/wp-content\/uploads\/sites\/5\/2020\/07\/Campana-de-vacunacion-empresarial-IGSS-2020-11-80x60.jpeg) 0 0 no-repeat;\r\n                    }\r\n                    #tdi_1  .td-doubleSlider-2 .td-item11 {\r\n                        background: url(\/wp-content\/uploads\/sites\/5\/2020\/07\/Campana-de-vacunacion-empresarial-IGSS-2020-12-80x60.jpeg) 0 0 no-repeat;\r\n                    }\r\n                    #tdi_1  .td-doubleSlider-2 .td-item12 {\r\n                        background: url(\/wp-content\/uploads\/sites\/5\/2020\/07\/Campana-de-vacunacion-empresarial-IGSS-2020-13-80x60.jpeg) 0 0 no-repeat;\r\n                    }\r\n                    #tdi_1  .td-doubleSlider-2 .td-item13 {\r\n                        background: url(\/wp-content\/uploads\/sites\/5\/2020\/07\/Campana-de-vacunacion-empresarial-IGSS-2020-14-80x60.jpeg) 0 0 no-repeat;\r\n                    }\r\n                    #tdi_1  .td-doubleSlider-2 .td-item14 {\r\n                        background: url(\/wp-content\/uploads\/sites\/5\/2020\/07\/Campana-de-vacunacion-empresarial-IGSS-2020-15-80x60.jpeg) 0 0 no-repeat;\r\n                    }\r\n                    #tdi_1  .td-doubleSlider-2 .td-item15 {\r\n                        background: url(\/wp-content\/uploads\/sites\/5\/2020\/07\/Campana-de-vacunacion-empresarial-IGSS-2020-16-80x60.jpeg) 0 0 no-repeat;\r\n                    }\r\n                    #tdi_1  .td-doubleSlider-2 .td-item16 {\r\n                        background: url(\/wp-content\/uploads\/sites\/5\/2020\/07\/Campana-de-vacunacion-empresarial-IGSS-2020-17-80x60.jpeg) 0 0 no-repeat;\r\n                    }\r\n                    #tdi_1  .td-doubleSlider-2 .td-item17 {\r\n                        background: url(\/wp-content\/uploads\/sites\/5\/2020\/07\/Campana-de-vacunacion-empresarial-IGSS-2020-18-80x60.jpeg) 0 0 no-repeat;\r\n                    }\r\n                    #tdi_1  .td-doubleSlider-2 .td-item18 {\r\n                        background: url(\/wp-content\/uploads\/sites\/5\/2020\/07\/Campana-de-vacunacion-empresarial-IGSS-2020-19-80x60.jpeg) 0 0 no-repeat;\r\n                    }\r\n                    #tdi_1  .td-doubleSlider-2 .td-item19 {\r\n                        background: url(\/wp-content\/uploads\/sites\/5\/2020\/07\/Campana-de-vacunacion-empresarial-IGSS-2020-20-80x60.jpeg) 0 0 no-repeat;\r\n                    }\r\n                <\/style>\r\n\r\n                <div id=\"tdi_1\" class=\"td-gallery td-slide-on-2-columns\">\r\n                    <div class=\"post_td_gallery\">\r\n                        <div class=\"td-gallery-slide-top\">\r\n                           <div class=\"td-gallery-title\">Galer\u00eda de Im\u00e1genes<\/div>\r\n\r\n                            <div class=\"td-gallery-controls-wrapper\">\r\n                                <div class=\"td-gallery-slide-count\"><span class=\"td-gallery-slide-item-focus\">1<\/span> de 20<\/div>\r\n                                <div class=\"td-gallery-slide-prev-next-but\">\r\n                                    <i class = \"td-icon-left doubleSliderPrevButton\"><\/i>\r\n                                    <i class = \"td-icon-right doubleSliderNextButton\"><\/i>\r\n                                <\/div>\r\n                            <\/div>\r\n                        <\/div>\r\n\r\n                        <div class = \"td-doubleSlider-1 \">\r\n                            <div class = \"td-slider\">\r\n                                \r\n                    <div class = \"td-slide-item td-item1\">\r\n                        <figure class=\"td-slide-galery-figure td-slide-popup-gallery\">\r\n                            <a class=\"slide-gallery-image-link\" href=\"\/wp-content\/uploads\/sites\/5\/2020\/07\/Campana-de-vacunacion-empresarial-IGSS-2020-1.jpeg\" title=\"Campana de vacunacion empresarial IGSS 2020-1\"  data-caption=\"\"  data-description=\"\">\r\n                                <img decoding=\"async\" src=\"\/wp-content\/uploads\/sites\/5\/2020\/07\/Campana-de-vacunacion-empresarial-IGSS-2020-1-607x420.jpeg\" srcset=\"\/wp-content\/uploads\/sites\/5\/2020\/07\/Campana-de-vacunacion-empresarial-IGSS-2020-1-607x420.jpeg 607w, \/wp-content\/uploads\/sites\/5\/2020\/07\/Campana-de-vacunacion-empresarial-IGSS-2020-1-300x207.jpeg 300w, \/wp-content\/uploads\/sites\/5\/2020\/07\/Campana-de-vacunacion-empresarial-IGSS-2020-1-768x531.jpeg 768w, \/wp-content\/uploads\/sites\/5\/2020\/07\/Campana-de-vacunacion-empresarial-IGSS-2020-1-1024x708.jpeg 1024w, \/wp-content\/uploads\/sites\/5\/2020\/07\/Campana-de-vacunacion-empresarial-IGSS-2020-1-218x150.jpeg 218w, \/wp-content\/uploads\/sites\/5\/2020\/07\/Campana-de-vacunacion-empresarial-IGSS-2020-1-696x481.jpeg 696w, \/wp-content\/uploads\/sites\/5\/2020\/07\/Campana-de-vacunacion-empresarial-IGSS-2020-1-1068x738.jpeg 1068w, \/wp-content\/uploads\/sites\/5\/2020\/07\/Campana-de-vacunacion-empresarial-IGSS-2020-1-100x70.jpeg 100w, \/wp-content\/uploads\/sites\/5\/2020\/07\/Campana-de-vacunacion-empresarial-IGSS-2020-1-534x369.jpeg 534w, \/wp-content\/uploads\/sites\/5\/2020\/07\/Campana-de-vacunacion-empresarial-IGSS-2020-1.jpeg 1280w\" sizes=\"(max-width: 607px) 100vw, 607px\" alt=\"\">\r\n                            <\/a>\r\n                            \r\n                        <\/figure>\r\n                    <\/div>\r\n                    <div class = \"td-slide-item td-item2\">\r\n                        <figure class=\"td-slide-galery-figure td-slide-popup-gallery\">\r\n                            <a class=\"slide-gallery-image-link\" href=\"\/wp-content\/uploads\/sites\/5\/2020\/07\/Campana-de-vacunacion-empresarial-IGSS-2020-2.jpeg\" title=\"Campana de vacunacion empresarial IGSS 2020-2\"  data-caption=\"\"  data-description=\"\">\r\n                                <img decoding=\"async\" src=\"\/wp-content\/uploads\/sites\/5\/2020\/07\/Campana-de-vacunacion-empresarial-IGSS-2020-2-630x420.jpeg\" srcset=\"\/wp-content\/uploads\/sites\/5\/2020\/07\/Campana-de-vacunacion-empresarial-IGSS-2020-2-630x420.jpeg 630w, \/wp-content\/uploads\/sites\/5\/2020\/07\/Campana-de-vacunacion-empresarial-IGSS-2020-2-300x200.jpeg 300w, \/wp-content\/uploads\/sites\/5\/2020\/07\/Campana-de-vacunacion-empresarial-IGSS-2020-2-768x512.jpeg 768w, \/wp-content\/uploads\/sites\/5\/2020\/07\/Campana-de-vacunacion-empresarial-IGSS-2020-2-1024x682.jpeg 1024w, \/wp-content\/uploads\/sites\/5\/2020\/07\/Campana-de-vacunacion-empresarial-IGSS-2020-2-696x464.jpeg 696w, \/wp-content\/uploads\/sites\/5\/2020\/07\/Campana-de-vacunacion-empresarial-IGSS-2020-2-1068x712.jpeg 1068w, \/wp-content\/uploads\/sites\/5\/2020\/07\/Campana-de-vacunacion-empresarial-IGSS-2020-2-534x356.jpeg 534w, \/wp-content\/uploads\/sites\/5\/2020\/07\/Campana-de-vacunacion-empresarial-IGSS-2020-2.jpeg 1280w\" sizes=\"(max-width: 630px) 100vw, 630px\" alt=\"\">\r\n                            <\/a>\r\n                            \r\n                        <\/figure>\r\n                    <\/div>\r\n                    <div class = \"td-slide-item td-item3\">\r\n                        <figure class=\"td-slide-galery-figure td-slide-popup-gallery\">\r\n                            <a class=\"slide-gallery-image-link\" href=\"\/wp-content\/uploads\/sites\/5\/2020\/07\/Campana-de-vacunacion-empresarial-IGSS-2020-3.jpeg\" title=\"Campana de vacunacion empresarial IGSS 2020-3\"  data-caption=\"\"  data-description=\"\">\r\n                                <img decoding=\"async\" src=\"\/wp-content\/uploads\/sites\/5\/2020\/07\/Campana-de-vacunacion-empresarial-IGSS-2020-3-560x420.jpeg\" srcset=\"\/wp-content\/uploads\/sites\/5\/2020\/07\/Campana-de-vacunacion-empresarial-IGSS-2020-3-560x420.jpeg 560w, \/wp-content\/uploads\/sites\/5\/2020\/07\/Campana-de-vacunacion-empresarial-IGSS-2020-3-300x225.jpeg 300w, \/wp-content\/uploads\/sites\/5\/2020\/07\/Campana-de-vacunacion-empresarial-IGSS-2020-3-768x576.jpeg 768w, \/wp-content\/uploads\/sites\/5\/2020\/07\/Campana-de-vacunacion-empresarial-IGSS-2020-3-1024x768.jpeg 1024w, \/wp-content\/uploads\/sites\/5\/2020\/07\/Campana-de-vacunacion-empresarial-IGSS-2020-3-80x60.jpeg 80w, \/wp-content\/uploads\/sites\/5\/2020\/07\/Campana-de-vacunacion-empresarial-IGSS-2020-3-696x522.jpeg 696w, \/wp-content\/uploads\/sites\/5\/2020\/07\/Campana-de-vacunacion-empresarial-IGSS-2020-3-1068x801.jpeg 1068w, \/wp-content\/uploads\/sites\/5\/2020\/07\/Campana-de-vacunacion-empresarial-IGSS-2020-3-265x198.jpeg 265w, \/wp-content\/uploads\/sites\/5\/2020\/07\/Campana-de-vacunacion-empresarial-IGSS-2020-3-534x401.jpeg 534w, \/wp-content\/uploads\/sites\/5\/2020\/07\/Campana-de-vacunacion-empresarial-IGSS-2020-3.jpeg 1280w\" sizes=\"(max-width: 560px) 100vw, 560px\" alt=\"\">\r\n                            <\/a>\r\n                            \r\n                        <\/figure>\r\n                    <\/div>\r\n                    <div class = \"td-slide-item td-item4\">\r\n                        <figure class=\"td-slide-galery-figure td-slide-popup-gallery\">\r\n                            <a class=\"slide-gallery-image-link\" href=\"\/wp-content\/uploads\/sites\/5\/2020\/07\/Campana-de-vacunacion-empresarial-IGSS-2020-4.jpeg\" title=\"Campana de vacunacion empresarial IGSS 2020-4\"  data-caption=\"\"  data-description=\"\">\r\n                                <img decoding=\"async\" src=\"\/wp-content\/uploads\/sites\/5\/2020\/07\/Campana-de-vacunacion-empresarial-IGSS-2020-4-595x420.jpeg\" srcset=\"\/wp-content\/uploads\/sites\/5\/2020\/07\/Campana-de-vacunacion-empresarial-IGSS-2020-4-595x420.jpeg 595w, \/wp-content\/uploads\/sites\/5\/2020\/07\/Campana-de-vacunacion-empresarial-IGSS-2020-4-300x212.jpeg 300w, \/wp-content\/uploads\/sites\/5\/2020\/07\/Campana-de-vacunacion-empresarial-IGSS-2020-4-768x542.jpeg 768w, \/wp-content\/uploads\/sites\/5\/2020\/07\/Campana-de-vacunacion-empresarial-IGSS-2020-4-1024x723.jpeg 1024w, \/wp-content\/uploads\/sites\/5\/2020\/07\/Campana-de-vacunacion-empresarial-IGSS-2020-4-696x492.jpeg 696w, \/wp-content\/uploads\/sites\/5\/2020\/07\/Campana-de-vacunacion-empresarial-IGSS-2020-4-1068x754.jpeg 1068w, \/wp-content\/uploads\/sites\/5\/2020\/07\/Campana-de-vacunacion-empresarial-IGSS-2020-4-100x70.jpeg 100w, \/wp-content\/uploads\/sites\/5\/2020\/07\/Campana-de-vacunacion-empresarial-IGSS-2020-4-534x377.jpeg 534w, \/wp-content\/uploads\/sites\/5\/2020\/07\/Campana-de-vacunacion-empresarial-IGSS-2020-4.jpeg 1280w\" sizes=\"(max-width: 595px) 100vw, 595px\" alt=\"\">\r\n                            <\/a>\r\n                            \r\n                        <\/figure>\r\n                    <\/div>\r\n                    <div class = \"td-slide-item td-item5\">\r\n                        <figure class=\"td-slide-galery-figure td-slide-popup-gallery\">\r\n                            <a class=\"slide-gallery-image-link\" href=\"\/wp-content\/uploads\/sites\/5\/2020\/07\/Campana-de-vacunacion-empresarial-IGSS-2020-5.jpeg\" title=\"Campana de vacunacion empresarial IGSS 2020-5\"  data-caption=\"\"  data-description=\"\">\r\n                                <img decoding=\"async\" src=\"\/wp-content\/uploads\/sites\/5\/2020\/07\/Campana-de-vacunacion-empresarial-IGSS-2020-5-630x420.jpeg\" srcset=\"\/wp-content\/uploads\/sites\/5\/2020\/07\/Campana-de-vacunacion-empresarial-IGSS-2020-5-630x420.jpeg 630w, \/wp-content\/uploads\/sites\/5\/2020\/07\/Campana-de-vacunacion-empresarial-IGSS-2020-5-300x200.jpeg 300w, \/wp-content\/uploads\/sites\/5\/2020\/07\/Campana-de-vacunacion-empresarial-IGSS-2020-5-768x512.jpeg 768w, \/wp-content\/uploads\/sites\/5\/2020\/07\/Campana-de-vacunacion-empresarial-IGSS-2020-5-1024x682.jpeg 1024w, \/wp-content\/uploads\/sites\/5\/2020\/07\/Campana-de-vacunacion-empresarial-IGSS-2020-5-696x464.jpeg 696w, \/wp-content\/uploads\/sites\/5\/2020\/07\/Campana-de-vacunacion-empresarial-IGSS-2020-5-1068x712.jpeg 1068w, \/wp-content\/uploads\/sites\/5\/2020\/07\/Campana-de-vacunacion-empresarial-IGSS-2020-5-534x356.jpeg 534w, \/wp-content\/uploads\/sites\/5\/2020\/07\/Campana-de-vacunacion-empresarial-IGSS-2020-5.jpeg 1280w\" sizes=\"(max-width: 630px) 100vw, 630px\" alt=\"\">\r\n                            <\/a>\r\n                            \r\n                        <\/figure>\r\n                    <\/div>\r\n                    <div class = \"td-slide-item td-item6\">\r\n                        <figure class=\"td-slide-galery-figure td-slide-popup-gallery\">\r\n                            <a class=\"slide-gallery-image-link\" href=\"\/wp-content\/uploads\/sites\/5\/2020\/07\/Campana-de-vacunacion-empresarial-IGSS-2020-6.jpeg\" title=\"Campana de vacunacion empresarial IGSS 2020-6\"  data-caption=\"\"  data-description=\"\">\r\n                                <img decoding=\"async\" src=\"\/wp-content\/uploads\/sites\/5\/2020\/07\/Campana-de-vacunacion-empresarial-IGSS-2020-6-601x420.jpeg\" srcset=\"\/wp-content\/uploads\/sites\/5\/2020\/07\/Campana-de-vacunacion-empresarial-IGSS-2020-6-601x420.jpeg 601w, \/wp-content\/uploads\/sites\/5\/2020\/07\/Campana-de-vacunacion-empresarial-IGSS-2020-6-300x210.jpeg 300w, \/wp-content\/uploads\/sites\/5\/2020\/07\/Campana-de-vacunacion-empresarial-IGSS-2020-6-768x536.jpeg 768w, \/wp-content\/uploads\/sites\/5\/2020\/07\/Campana-de-vacunacion-empresarial-IGSS-2020-6-1024x715.jpeg 1024w, \/wp-content\/uploads\/sites\/5\/2020\/07\/Campana-de-vacunacion-empresarial-IGSS-2020-6-696x486.jpeg 696w, \/wp-content\/uploads\/sites\/5\/2020\/07\/Campana-de-vacunacion-empresarial-IGSS-2020-6-1068x746.jpeg 1068w, \/wp-content\/uploads\/sites\/5\/2020\/07\/Campana-de-vacunacion-empresarial-IGSS-2020-6-100x70.jpeg 100w, \/wp-content\/uploads\/sites\/5\/2020\/07\/Campana-de-vacunacion-empresarial-IGSS-2020-6-534x373.jpeg 534w, \/wp-content\/uploads\/sites\/5\/2020\/07\/Campana-de-vacunacion-empresarial-IGSS-2020-6.jpeg 1280w\" sizes=\"(max-width: 601px) 100vw, 601px\" alt=\"\">\r\n                            <\/a>\r\n                            \r\n                        <\/figure>\r\n                    <\/div>\r\n                    <div class = \"td-slide-item td-item7\">\r\n                        <figure class=\"td-slide-galery-figure td-slide-popup-gallery\">\r\n                            <a class=\"slide-gallery-image-link\" href=\"\/wp-content\/uploads\/sites\/5\/2020\/07\/Campana-de-vacunacion-empresarial-IGSS-2020-7.jpeg\" title=\"Campana de vacunacion empresarial IGSS 2020-7\"  data-caption=\"\"  data-description=\"\">\r\n                                <img decoding=\"async\" src=\"\/wp-content\/uploads\/sites\/5\/2020\/07\/Campana-de-vacunacion-empresarial-IGSS-2020-7-280x420.jpeg\" srcset=\"\/wp-content\/uploads\/sites\/5\/2020\/07\/Campana-de-vacunacion-empresarial-IGSS-2020-7-280x420.jpeg 280w, \/wp-content\/uploads\/sites\/5\/2020\/07\/Campana-de-vacunacion-empresarial-IGSS-2020-7-200x300.jpeg 200w, \/wp-content\/uploads\/sites\/5\/2020\/07\/Campana-de-vacunacion-empresarial-IGSS-2020-7-768x1152.jpeg 768w, \/wp-content\/uploads\/sites\/5\/2020\/07\/Campana-de-vacunacion-empresarial-IGSS-2020-7-682x1024.jpeg 682w, \/wp-content\/uploads\/sites\/5\/2020\/07\/Campana-de-vacunacion-empresarial-IGSS-2020-7-696x1044.jpeg 696w, \/wp-content\/uploads\/sites\/5\/2020\/07\/Campana-de-vacunacion-empresarial-IGSS-2020-7-308x462.jpeg 308w, \/wp-content\/uploads\/sites\/5\/2020\/07\/Campana-de-vacunacion-empresarial-IGSS-2020-7.jpeg 853w\" sizes=\"(max-width: 280px) 100vw, 280px\" alt=\"\">\r\n                            <\/a>\r\n                            \r\n                        <\/figure>\r\n                    <\/div>\r\n                    <div class = \"td-slide-item td-item8\">\r\n                        <figure class=\"td-slide-galery-figure td-slide-popup-gallery\">\r\n                            <a class=\"slide-gallery-image-link\" href=\"\/wp-content\/uploads\/sites\/5\/2020\/07\/Campana-de-vacunacion-empresarial-IGSS-2020-8.jpeg\" title=\"Campana de vacunacion empresarial IGSS 2020-8\"  data-caption=\"\"  data-description=\"\">\r\n                                <img decoding=\"async\" src=\"\/wp-content\/uploads\/sites\/5\/2020\/07\/Campana-de-vacunacion-empresarial-IGSS-2020-8-630x420.jpeg\" srcset=\"\/wp-content\/uploads\/sites\/5\/2020\/07\/Campana-de-vacunacion-empresarial-IGSS-2020-8-630x420.jpeg 630w, \/wp-content\/uploads\/sites\/5\/2020\/07\/Campana-de-vacunacion-empresarial-IGSS-2020-8-300x200.jpeg 300w, \/wp-content\/uploads\/sites\/5\/2020\/07\/Campana-de-vacunacion-empresarial-IGSS-2020-8-768x512.jpeg 768w, \/wp-content\/uploads\/sites\/5\/2020\/07\/Campana-de-vacunacion-empresarial-IGSS-2020-8-1024x682.jpeg 1024w, \/wp-content\/uploads\/sites\/5\/2020\/07\/Campana-de-vacunacion-empresarial-IGSS-2020-8-696x464.jpeg 696w, \/wp-content\/uploads\/sites\/5\/2020\/07\/Campana-de-vacunacion-empresarial-IGSS-2020-8-1068x712.jpeg 1068w, \/wp-content\/uploads\/sites\/5\/2020\/07\/Campana-de-vacunacion-empresarial-IGSS-2020-8-534x356.jpeg 534w, \/wp-content\/uploads\/sites\/5\/2020\/07\/Campana-de-vacunacion-empresarial-IGSS-2020-8.jpeg 1280w\" sizes=\"(max-width: 630px) 100vw, 630px\" alt=\"\">\r\n                            <\/a>\r\n                            \r\n                        <\/figure>\r\n                    <\/div>\r\n                    <div class = \"td-slide-item td-item9\">\r\n                        <figure class=\"td-slide-galery-figure td-slide-popup-gallery\">\r\n                            <a class=\"slide-gallery-image-link\" href=\"\/wp-content\/uploads\/sites\/5\/2020\/07\/Campana-de-vacunacion-empresarial-IGSS-2020-10.jpeg\" title=\"Campana de vacunacion empresarial IGSS 2020-10\"  data-caption=\"\"  data-description=\"\">\r\n                                <img decoding=\"async\" src=\"\/wp-content\/uploads\/sites\/5\/2020\/07\/Campana-de-vacunacion-empresarial-IGSS-2020-10-634x420.jpeg\" srcset=\"\/wp-content\/uploads\/sites\/5\/2020\/07\/Campana-de-vacunacion-empresarial-IGSS-2020-10-634x420.jpeg 634w, \/wp-content\/uploads\/sites\/5\/2020\/07\/Campana-de-vacunacion-empresarial-IGSS-2020-10-300x199.jpeg 300w, \/wp-content\/uploads\/sites\/5\/2020\/07\/Campana-de-vacunacion-empresarial-IGSS-2020-10-768x509.jpeg 768w, \/wp-content\/uploads\/sites\/5\/2020\/07\/Campana-de-vacunacion-empresarial-IGSS-2020-10-1024x678.jpeg 1024w, \/wp-content\/uploads\/sites\/5\/2020\/07\/Campana-de-vacunacion-empresarial-IGSS-2020-10-696x461.jpeg 696w, \/wp-content\/uploads\/sites\/5\/2020\/07\/Campana-de-vacunacion-empresarial-IGSS-2020-10-1068x708.jpeg 1068w, \/wp-content\/uploads\/sites\/5\/2020\/07\/Campana-de-vacunacion-empresarial-IGSS-2020-10-534x354.jpeg 534w, \/wp-content\/uploads\/sites\/5\/2020\/07\/Campana-de-vacunacion-empresarial-IGSS-2020-10.jpeg 1280w\" sizes=\"(max-width: 634px) 100vw, 634px\" alt=\"\">\r\n                            <\/a>\r\n                            \r\n                        <\/figure>\r\n                    <\/div>\r\n                    <div class = \"td-slide-item td-item10\">\r\n                        <figure class=\"td-slide-galery-figure td-slide-popup-gallery\">\r\n                            <a class=\"slide-gallery-image-link\" href=\"\/wp-content\/uploads\/sites\/5\/2020\/07\/Campana-de-vacunacion-empresarial-IGSS-2020-11.jpeg\" title=\"Campana de vacunacion empresarial IGSS 2020-11\"  data-caption=\"\"  data-description=\"\">\r\n                                <img decoding=\"async\" src=\"\/wp-content\/uploads\/sites\/5\/2020\/07\/Campana-de-vacunacion-empresarial-IGSS-2020-11-563x420.jpeg\" srcset=\"\/wp-content\/uploads\/sites\/5\/2020\/07\/Campana-de-vacunacion-empresarial-IGSS-2020-11-563x420.jpeg 563w, \/wp-content\/uploads\/sites\/5\/2020\/07\/Campana-de-vacunacion-empresarial-IGSS-2020-11-300x224.jpeg 300w, \/wp-content\/uploads\/sites\/5\/2020\/07\/Campana-de-vacunacion-empresarial-IGSS-2020-11-768x573.jpeg 768w, \/wp-content\/uploads\/sites\/5\/2020\/07\/Campana-de-vacunacion-empresarial-IGSS-2020-11-1024x764.jpeg 1024w, \/wp-content\/uploads\/sites\/5\/2020\/07\/Campana-de-vacunacion-empresarial-IGSS-2020-11-80x60.jpeg 80w, \/wp-content\/uploads\/sites\/5\/2020\/07\/Campana-de-vacunacion-empresarial-IGSS-2020-11-696x519.jpeg 696w, \/wp-content\/uploads\/sites\/5\/2020\/07\/Campana-de-vacunacion-empresarial-IGSS-2020-11-1068x797.jpeg 1068w, \/wp-content\/uploads\/sites\/5\/2020\/07\/Campana-de-vacunacion-empresarial-IGSS-2020-11-265x198.jpeg 265w, \/wp-content\/uploads\/sites\/5\/2020\/07\/Campana-de-vacunacion-empresarial-IGSS-2020-11-534x398.jpeg 534w, \/wp-content\/uploads\/sites\/5\/2020\/07\/Campana-de-vacunacion-empresarial-IGSS-2020-11.jpeg 1280w\" sizes=\"(max-width: 563px) 100vw, 563px\" alt=\"\">\r\n                            <\/a>\r\n                            \r\n                        <\/figure>\r\n                    <\/div>\r\n                    <div class = \"td-slide-item td-item11\">\r\n                        <figure class=\"td-slide-galery-figure td-slide-popup-gallery\">\r\n                            <a class=\"slide-gallery-image-link\" href=\"\/wp-content\/uploads\/sites\/5\/2020\/07\/Campana-de-vacunacion-empresarial-IGSS-2020-12.jpeg\" title=\"Campana de vacunacion empresarial IGSS 2020-12\"  data-caption=\"\"  data-description=\"\">\r\n                                <img decoding=\"async\" src=\"\/wp-content\/uploads\/sites\/5\/2020\/07\/Campana-de-vacunacion-empresarial-IGSS-2020-12-599x420.jpeg\" srcset=\"\/wp-content\/uploads\/sites\/5\/2020\/07\/Campana-de-vacunacion-empresarial-IGSS-2020-12-599x420.jpeg 599w, \/wp-content\/uploads\/sites\/5\/2020\/07\/Campana-de-vacunacion-empresarial-IGSS-2020-12-300x210.jpeg 300w, \/wp-content\/uploads\/sites\/5\/2020\/07\/Campana-de-vacunacion-empresarial-IGSS-2020-12-768x539.jpeg 768w, \/wp-content\/uploads\/sites\/5\/2020\/07\/Campana-de-vacunacion-empresarial-IGSS-2020-12-1024x718.jpeg 1024w, \/wp-content\/uploads\/sites\/5\/2020\/07\/Campana-de-vacunacion-empresarial-IGSS-2020-12-696x488.jpeg 696w, \/wp-content\/uploads\/sites\/5\/2020\/07\/Campana-de-vacunacion-empresarial-IGSS-2020-12-1068x749.jpeg 1068w, \/wp-content\/uploads\/sites\/5\/2020\/07\/Campana-de-vacunacion-empresarial-IGSS-2020-12-100x70.jpeg 100w, \/wp-content\/uploads\/sites\/5\/2020\/07\/Campana-de-vacunacion-empresarial-IGSS-2020-12-534x375.jpeg 534w, \/wp-content\/uploads\/sites\/5\/2020\/07\/Campana-de-vacunacion-empresarial-IGSS-2020-12.jpeg 1280w\" sizes=\"(max-width: 599px) 100vw, 599px\" alt=\"\">\r\n                            <\/a>\r\n                            \r\n                        <\/figure>\r\n                    <\/div>\r\n                    <div class = \"td-slide-item td-item12\">\r\n                        <figure class=\"td-slide-galery-figure td-slide-popup-gallery\">\r\n                            <a class=\"slide-gallery-image-link\" href=\"\/wp-content\/uploads\/sites\/5\/2020\/07\/Campana-de-vacunacion-empresarial-IGSS-2020-13.jpeg\" title=\"Campana de vacunacion empresarial IGSS 2020-13\"  data-caption=\"\"  data-description=\"\">\r\n                                <img decoding=\"async\" src=\"\/wp-content\/uploads\/sites\/5\/2020\/07\/Campana-de-vacunacion-empresarial-IGSS-2020-13-630x420.jpeg\" srcset=\"\/wp-content\/uploads\/sites\/5\/2020\/07\/Campana-de-vacunacion-empresarial-IGSS-2020-13-630x420.jpeg 630w, \/wp-content\/uploads\/sites\/5\/2020\/07\/Campana-de-vacunacion-empresarial-IGSS-2020-13-300x200.jpeg 300w, \/wp-content\/uploads\/sites\/5\/2020\/07\/Campana-de-vacunacion-empresarial-IGSS-2020-13-768x512.jpeg 768w, \/wp-content\/uploads\/sites\/5\/2020\/07\/Campana-de-vacunacion-empresarial-IGSS-2020-13-1024x682.jpeg 1024w, \/wp-content\/uploads\/sites\/5\/2020\/07\/Campana-de-vacunacion-empresarial-IGSS-2020-13-696x464.jpeg 696w, \/wp-content\/uploads\/sites\/5\/2020\/07\/Campana-de-vacunacion-empresarial-IGSS-2020-13-1068x712.jpeg 1068w, \/wp-content\/uploads\/sites\/5\/2020\/07\/Campana-de-vacunacion-empresarial-IGSS-2020-13-534x356.jpeg 534w, \/wp-content\/uploads\/sites\/5\/2020\/07\/Campana-de-vacunacion-empresarial-IGSS-2020-13.jpeg 1280w\" sizes=\"(max-width: 630px) 100vw, 630px\" alt=\"\">\r\n                            <\/a>\r\n                            \r\n                        <\/figure>\r\n                    <\/div>\r\n                    <div class = \"td-slide-item td-item13\">\r\n                        <figure class=\"td-slide-galery-figure td-slide-popup-gallery\">\r\n                            <a class=\"slide-gallery-image-link\" href=\"\/wp-content\/uploads\/sites\/5\/2020\/07\/Campana-de-vacunacion-empresarial-IGSS-2020-14.jpeg\" title=\"Campana de vacunacion empresarial IGSS 2020-14\"  data-caption=\"\"  data-description=\"\">\r\n                                <img decoding=\"async\" src=\"\/wp-content\/uploads\/sites\/5\/2020\/07\/Campana-de-vacunacion-empresarial-IGSS-2020-14-630x420.jpeg\" srcset=\"\/wp-content\/uploads\/sites\/5\/2020\/07\/Campana-de-vacunacion-empresarial-IGSS-2020-14-630x420.jpeg 630w, \/wp-content\/uploads\/sites\/5\/2020\/07\/Campana-de-vacunacion-empresarial-IGSS-2020-14-300x200.jpeg 300w, \/wp-content\/uploads\/sites\/5\/2020\/07\/Campana-de-vacunacion-empresarial-IGSS-2020-14-768x512.jpeg 768w, \/wp-content\/uploads\/sites\/5\/2020\/07\/Campana-de-vacunacion-empresarial-IGSS-2020-14-1024x682.jpeg 1024w, \/wp-content\/uploads\/sites\/5\/2020\/07\/Campana-de-vacunacion-empresarial-IGSS-2020-14-696x464.jpeg 696w, \/wp-content\/uploads\/sites\/5\/2020\/07\/Campana-de-vacunacion-empresarial-IGSS-2020-14-1068x712.jpeg 1068w, \/wp-content\/uploads\/sites\/5\/2020\/07\/Campana-de-vacunacion-empresarial-IGSS-2020-14-534x356.jpeg 534w, \/wp-content\/uploads\/sites\/5\/2020\/07\/Campana-de-vacunacion-empresarial-IGSS-2020-14.jpeg 1280w\" sizes=\"(max-width: 630px) 100vw, 630px\" alt=\"\">\r\n                            <\/a>\r\n                            \r\n                        <\/figure>\r\n                    <\/div>\r\n                    <div class = \"td-slide-item td-item14\">\r\n                        <figure class=\"td-slide-galery-figure td-slide-popup-gallery\">\r\n                            <a class=\"slide-gallery-image-link\" href=\"\/wp-content\/uploads\/sites\/5\/2020\/07\/Campana-de-vacunacion-empresarial-IGSS-2020-15.jpeg\" title=\"Campana de vacunacion empresarial IGSS 2020-15\"  data-caption=\"\"  data-description=\"\">\r\n                                <img decoding=\"async\" src=\"\/wp-content\/uploads\/sites\/5\/2020\/07\/Campana-de-vacunacion-empresarial-IGSS-2020-15-630x420.jpeg\" srcset=\"\/wp-content\/uploads\/sites\/5\/2020\/07\/Campana-de-vacunacion-empresarial-IGSS-2020-15-630x420.jpeg 630w, \/wp-content\/uploads\/sites\/5\/2020\/07\/Campana-de-vacunacion-empresarial-IGSS-2020-15-300x200.jpeg 300w, \/wp-content\/uploads\/sites\/5\/2020\/07\/Campana-de-vacunacion-empresarial-IGSS-2020-15-768x512.jpeg 768w, \/wp-content\/uploads\/sites\/5\/2020\/07\/Campana-de-vacunacion-empresarial-IGSS-2020-15-1024x682.jpeg 1024w, \/wp-content\/uploads\/sites\/5\/2020\/07\/Campana-de-vacunacion-empresarial-IGSS-2020-15-696x464.jpeg 696w, \/wp-content\/uploads\/sites\/5\/2020\/07\/Campana-de-vacunacion-empresarial-IGSS-2020-15-1068x712.jpeg 1068w, \/wp-content\/uploads\/sites\/5\/2020\/07\/Campana-de-vacunacion-empresarial-IGSS-2020-15-534x356.jpeg 534w, \/wp-content\/uploads\/sites\/5\/2020\/07\/Campana-de-vacunacion-empresarial-IGSS-2020-15.jpeg 1280w\" sizes=\"(max-width: 630px) 100vw, 630px\" alt=\"\">\r\n                            <\/a>\r\n                            \r\n                        <\/figure>\r\n                    <\/div>\r\n                    <div class = \"td-slide-item td-item15\">\r\n                        <figure class=\"td-slide-galery-figure td-slide-popup-gallery\">\r\n                            <a class=\"slide-gallery-image-link\" href=\"\/wp-content\/uploads\/sites\/5\/2020\/07\/Campana-de-vacunacion-empresarial-IGSS-2020-16.jpeg\" title=\"Campana de vacunacion empresarial IGSS 2020-16\"  data-caption=\"\"  data-description=\"\">\r\n                                <img decoding=\"async\" src=\"\/wp-content\/uploads\/sites\/5\/2020\/07\/Campana-de-vacunacion-empresarial-IGSS-2020-16-607x420.jpeg\" srcset=\"\/wp-content\/uploads\/sites\/5\/2020\/07\/Campana-de-vacunacion-empresarial-IGSS-2020-16-607x420.jpeg 607w, \/wp-content\/uploads\/sites\/5\/2020\/07\/Campana-de-vacunacion-empresarial-IGSS-2020-16-300x207.jpeg 300w, \/wp-content\/uploads\/sites\/5\/2020\/07\/Campana-de-vacunacion-empresarial-IGSS-2020-16-768x531.jpeg 768w, \/wp-content\/uploads\/sites\/5\/2020\/07\/Campana-de-vacunacion-empresarial-IGSS-2020-16-1024x708.jpeg 1024w, \/wp-content\/uploads\/sites\/5\/2020\/07\/Campana-de-vacunacion-empresarial-IGSS-2020-16-218x150.jpeg 218w, \/wp-content\/uploads\/sites\/5\/2020\/07\/Campana-de-vacunacion-empresarial-IGSS-2020-16-696x481.jpeg 696w, \/wp-content\/uploads\/sites\/5\/2020\/07\/Campana-de-vacunacion-empresarial-IGSS-2020-16-1068x738.jpeg 1068w, \/wp-content\/uploads\/sites\/5\/2020\/07\/Campana-de-vacunacion-empresarial-IGSS-2020-16-100x70.jpeg 100w, \/wp-content\/uploads\/sites\/5\/2020\/07\/Campana-de-vacunacion-empresarial-IGSS-2020-16-534x369.jpeg 534w, \/wp-content\/uploads\/sites\/5\/2020\/07\/Campana-de-vacunacion-empresarial-IGSS-2020-16.jpeg 1280w\" sizes=\"(max-width: 607px) 100vw, 607px\" alt=\"\">\r\n                            <\/a>\r\n                            \r\n                        <\/figure>\r\n                    <\/div>\r\n                    <div class = \"td-slide-item td-item16\">\r\n                        <figure class=\"td-slide-galery-figure td-slide-popup-gallery\">\r\n                            <a class=\"slide-gallery-image-link\" href=\"\/wp-content\/uploads\/sites\/5\/2020\/07\/Campana-de-vacunacion-empresarial-IGSS-2020-17.jpeg\" title=\"Campana de vacunacion empresarial IGSS 2020-17\"  data-caption=\"\"  data-description=\"\">\r\n                                <img decoding=\"async\" src=\"\/wp-content\/uploads\/sites\/5\/2020\/07\/Campana-de-vacunacion-empresarial-IGSS-2020-17-558x420.jpeg\" srcset=\"\/wp-content\/uploads\/sites\/5\/2020\/07\/Campana-de-vacunacion-empresarial-IGSS-2020-17-558x420.jpeg 558w, \/wp-content\/uploads\/sites\/5\/2020\/07\/Campana-de-vacunacion-empresarial-IGSS-2020-17-300x226.jpeg 300w, \/wp-content\/uploads\/sites\/5\/2020\/07\/Campana-de-vacunacion-empresarial-IGSS-2020-17-768x578.jpeg 768w, \/wp-content\/uploads\/sites\/5\/2020\/07\/Campana-de-vacunacion-empresarial-IGSS-2020-17-1024x770.jpeg 1024w, \/wp-content\/uploads\/sites\/5\/2020\/07\/Campana-de-vacunacion-empresarial-IGSS-2020-17-80x60.jpeg 80w, \/wp-content\/uploads\/sites\/5\/2020\/07\/Campana-de-vacunacion-empresarial-IGSS-2020-17-696x524.jpeg 696w, \/wp-content\/uploads\/sites\/5\/2020\/07\/Campana-de-vacunacion-empresarial-IGSS-2020-17-1068x804.jpeg 1068w, \/wp-content\/uploads\/sites\/5\/2020\/07\/Campana-de-vacunacion-empresarial-IGSS-2020-17-265x198.jpeg 265w, \/wp-content\/uploads\/sites\/5\/2020\/07\/Campana-de-vacunacion-empresarial-IGSS-2020-17-534x402.jpeg 534w, \/wp-content\/uploads\/sites\/5\/2020\/07\/Campana-de-vacunacion-empresarial-IGSS-2020-17.jpeg 1280w\" sizes=\"(max-width: 558px) 100vw, 558px\" alt=\"\">\r\n                            <\/a>\r\n                            \r\n                        <\/figure>\r\n                    <\/div>\r\n                    <div class = \"td-slide-item td-item17\">\r\n                        <figure class=\"td-slide-galery-figure td-slide-popup-gallery\">\r\n                            <a class=\"slide-gallery-image-link\" href=\"\/wp-content\/uploads\/sites\/5\/2020\/07\/Campana-de-vacunacion-empresarial-IGSS-2020-18.jpeg\" title=\"Campana de vacunacion empresarial IGSS 2020-18\"  data-caption=\"\"  data-description=\"\">\r\n                                <img decoding=\"async\" src=\"\/wp-content\/uploads\/sites\/5\/2020\/07\/Campana-de-vacunacion-empresarial-IGSS-2020-18-630x420.jpeg\" srcset=\"\/wp-content\/uploads\/sites\/5\/2020\/07\/Campana-de-vacunacion-empresarial-IGSS-2020-18-630x420.jpeg 630w, \/wp-content\/uploads\/sites\/5\/2020\/07\/Campana-de-vacunacion-empresarial-IGSS-2020-18-300x200.jpeg 300w, \/wp-content\/uploads\/sites\/5\/2020\/07\/Campana-de-vacunacion-empresarial-IGSS-2020-18-768x512.jpeg 768w, \/wp-content\/uploads\/sites\/5\/2020\/07\/Campana-de-vacunacion-empresarial-IGSS-2020-18-1024x682.jpeg 1024w, \/wp-content\/uploads\/sites\/5\/2020\/07\/Campana-de-vacunacion-empresarial-IGSS-2020-18-696x464.jpeg 696w, \/wp-content\/uploads\/sites\/5\/2020\/07\/Campana-de-vacunacion-empresarial-IGSS-2020-18-1068x712.jpeg 1068w, \/wp-content\/uploads\/sites\/5\/2020\/07\/Campana-de-vacunacion-empresarial-IGSS-2020-18-534x356.jpeg 534w, \/wp-content\/uploads\/sites\/5\/2020\/07\/Campana-de-vacunacion-empresarial-IGSS-2020-18.jpeg 1280w\" sizes=\"(max-width: 630px) 100vw, 630px\" alt=\"\">\r\n                            <\/a>\r\n                            \r\n                        <\/figure>\r\n                    <\/div>\r\n                    <div class = \"td-slide-item td-item18\">\r\n                        <figure class=\"td-slide-galery-figure td-slide-popup-gallery\">\r\n                            <a class=\"slide-gallery-image-link\" href=\"\/wp-content\/uploads\/sites\/5\/2020\/07\/Campana-de-vacunacion-empresarial-IGSS-2020-19.jpeg\" title=\"Campana de vacunacion empresarial IGSS 2020-19\"  data-caption=\"\"  data-description=\"\">\r\n                                <img decoding=\"async\" src=\"\/wp-content\/uploads\/sites\/5\/2020\/07\/Campana-de-vacunacion-empresarial-IGSS-2020-19-630x420.jpeg\" srcset=\"\/wp-content\/uploads\/sites\/5\/2020\/07\/Campana-de-vacunacion-empresarial-IGSS-2020-19-630x420.jpeg 630w, \/wp-content\/uploads\/sites\/5\/2020\/07\/Campana-de-vacunacion-empresarial-IGSS-2020-19-300x200.jpeg 300w, \/wp-content\/uploads\/sites\/5\/2020\/07\/Campana-de-vacunacion-empresarial-IGSS-2020-19-768x512.jpeg 768w, \/wp-content\/uploads\/sites\/5\/2020\/07\/Campana-de-vacunacion-empresarial-IGSS-2020-19-1024x682.jpeg 1024w, \/wp-content\/uploads\/sites\/5\/2020\/07\/Campana-de-vacunacion-empresarial-IGSS-2020-19-696x464.jpeg 696w, \/wp-content\/uploads\/sites\/5\/2020\/07\/Campana-de-vacunacion-empresarial-IGSS-2020-19-1068x712.jpeg 1068w, \/wp-content\/uploads\/sites\/5\/2020\/07\/Campana-de-vacunacion-empresarial-IGSS-2020-19-534x356.jpeg 534w, \/wp-content\/uploads\/sites\/5\/2020\/07\/Campana-de-vacunacion-empresarial-IGSS-2020-19.jpeg 1280w\" sizes=\"(max-width: 630px) 100vw, 630px\" alt=\"\">\r\n                            <\/a>\r\n                            \r\n                        <\/figure>\r\n                    <\/div>\r\n                    <div class = \"td-slide-item td-item19\">\r\n                        <figure class=\"td-slide-galery-figure td-slide-popup-gallery\">\r\n                            <a class=\"slide-gallery-image-link\" href=\"\/wp-content\/uploads\/sites\/5\/2020\/07\/Campana-de-vacunacion-empresarial-IGSS-2020-20.jpeg\" title=\"Campana de vacunacion empresarial IGSS 2020-20\"  data-caption=\"\"  data-description=\"\">\r\n                                <img decoding=\"async\" src=\"\/wp-content\/uploads\/sites\/5\/2020\/07\/Campana-de-vacunacion-empresarial-IGSS-2020-20-630x420.jpeg\" srcset=\"\/wp-content\/uploads\/sites\/5\/2020\/07\/Campana-de-vacunacion-empresarial-IGSS-2020-20-630x420.jpeg 630w, \/wp-content\/uploads\/sites\/5\/2020\/07\/Campana-de-vacunacion-empresarial-IGSS-2020-20-300x200.jpeg 300w, \/wp-content\/uploads\/sites\/5\/2020\/07\/Campana-de-vacunacion-empresarial-IGSS-2020-20-768x512.jpeg 768w, \/wp-content\/uploads\/sites\/5\/2020\/07\/Campana-de-vacunacion-empresarial-IGSS-2020-20-1024x682.jpeg 1024w, \/wp-content\/uploads\/sites\/5\/2020\/07\/Campana-de-vacunacion-empresarial-IGSS-2020-20-696x464.jpeg 696w, \/wp-content\/uploads\/sites\/5\/2020\/07\/Campana-de-vacunacion-empresarial-IGSS-2020-20-1068x712.jpeg 1068w, \/wp-content\/uploads\/sites\/5\/2020\/07\/Campana-de-vacunacion-empresarial-IGSS-2020-20-534x356.jpeg 534w, \/wp-content\/uploads\/sites\/5\/2020\/07\/Campana-de-vacunacion-empresarial-IGSS-2020-20.jpeg 1280w\" sizes=\"(max-width: 630px) 100vw, 630px\" alt=\"\">\r\n                            <\/a>\r\n                            \r\n                        <\/figure>\r\n                    <\/div>\r\n                            <\/div>\r\n                        <\/div>\r\n\r\n                        <div class = \"td-doubleSlider-2\">\r\n                            <div class = \"td-slider\">\r\n                                \r\n                    <div class = \"td-button td-item1\">\r\n                        <div class = \"td-border\"><\/div>\r\n                    <\/div>\r\n                    <div class = \"td-button td-item2\">\r\n                        <div class = \"td-border\"><\/div>\r\n                    <\/div>\r\n                    <div class = \"td-button td-item3\">\r\n                        <div class = \"td-border\"><\/div>\r\n                    <\/div>\r\n                    <div class = \"td-button td-item4\">\r\n                        <div class = \"td-border\"><\/div>\r\n                    <\/div>\r\n                    <div class = \"td-button td-item5\">\r\n                        <div class = \"td-border\"><\/div>\r\n                    <\/div>\r\n                    <div class = \"td-button td-item6\">\r\n                        <div class = \"td-border\"><\/div>\r\n                    <\/div>\r\n                    <div class = \"td-button td-item7\">\r\n                        <div class = \"td-border\"><\/div>\r\n                    <\/div>\r\n                    <div class = \"td-button td-item8\">\r\n                        <div class = \"td-border\"><\/div>\r\n                    <\/div>\r\n                    <div class = \"td-button td-item9\">\r\n                        <div class = \"td-border\"><\/div>\r\n                    <\/div>\r\n                    <div class = \"td-button td-item10\">\r\n                        <div class = \"td-border\"><\/div>\r\n                    <\/div>\r\n                    <div class = \"td-button td-item11\">\r\n                        <div class = \"td-border\"><\/div>\r\n                    <\/div>\r\n                    <div class = \"td-button td-item12\">\r\n                        <div class = \"td-border\"><\/div>\r\n                    <\/div>\r\n                    <div class = \"td-button td-item13\">\r\n                        <div class = \"td-border\"><\/div>\r\n                    <\/div>\r\n                    <div class = \"td-button td-item14\">\r\n                        <div class = \"td-border\"><\/div>\r\n                    <\/div>\r\n                    <div class = \"td-button td-item15\">\r\n                        <div class = \"td-border\"><\/div>\r\n                    <\/div>\r\n                    <div class = \"td-button td-item16\">\r\n                        <div class = \"td-border\"><\/div>\r\n                    <\/div>\r\n                    <div class = \"td-button td-item17\">\r\n                        <div class = \"td-border\"><\/div>\r\n                    <\/div>\r\n                    <div class = \"td-button td-item18\">\r\n                        <div class = \"td-border\"><\/div>\r\n                    <\/div>\r\n                    <div class = \"td-button td-item19\">\r\n                        <div class = \"td-border\"><\/div>\r\n                    <\/div>\r\n                            <\/div>\r\n                        <\/div>\r\n\r\n                    <\/div>\r\n\r\n                <\/div>\r\n                \n","protected":false},"excerpt":{"rendered":"<p>Una jornada de vacunaci\u00f3n contra el neumococo 13 y 23 valente e influenza estacional para la prevenci\u00f3n de enfermedades respiratorias como neumon\u00eda entre otras, fue realizada en la maquila Hansae Global, ubicada en el kil\u00f3metro 9.2 de la ruta al Atl\u00e1ntico la cual cuenta con m\u00e1s de 720 trabajadores afiliados al Seguro Social. El prop\u00f3sito [&hellip;]<\/p>\n","protected":false},"author":4,"featured_media":18559,"comment_status":"closed","ping_status":"closed","sticky":false,"template":"","format":"standard","meta":{"footnotes":""},"categories":[3,15,45,23,29],"tags":[1181,535,536,1171,905,847],"coauthors":[881],"class_list":{"0":"post-18544","1":"post","2":"type-post","3":"status-publish","4":"format-standard","5":"has-post-thumbnail","7":"category-actualidad","8":"category-destacado","9":"category-jornadas-medicas","10":"category-patronos","11":"category-publicaciones","12":"tag-igss-notas-covid-19","13":"tag-jornada-de-vacunacion","14":"tag-jornadas-medicas","15":"tag-noticias-covid-19","16":"tag-patronos-igss","17":"tag-vacunacion"},"_links":{"self":[{"href":"https:\/\/www.igssgt.org\/noticias\/wp-json\/wp\/v2\/posts\/18544","targetHints":{"allow":["GET"]}}],"collection":[{"href":"https:\/\/www.igssgt.org\/noticias\/wp-json\/wp\/v2\/posts"}],"about":[{"href":"https:\/\/www.igssgt.org\/noticias\/wp-json\/wp\/v2\/types\/post"}],"author":[{"embeddable":true,"href":"https:\/\/www.igssgt.org\/noticias\/wp-json\/wp\/v2\/users\/4"}],"replies":[{"embeddable":true,"href":"https:\/\/www.igssgt.org\/noticias\/wp-json\/wp\/v2\/comments?post=18544"}],"version-history":[{"count":5,"href":"https:\/\/www.igssgt.org\/noticias\/wp-json\/wp\/v2\/posts\/18544\/revisions"}],"predecessor-version":[{"id":19110,"href":"https:\/\/www.igssgt.org\/noticias\/wp-json\/wp\/v2\/posts\/18544\/revisions\/19110"}],"wp:featuredmedia":[{"embeddable":true,"href":"https:\/\/www.igssgt.org\/noticias\/wp-json\/wp\/v2\/media\/18559"}],"wp:attachment":[{"href":"https:\/\/www.igssgt.org\/noticias\/wp-json\/wp\/v2\/media?parent=18544"}],"wp:term":[{"taxonomy":"category","embeddable":true,"href":"https:\/\/www.igssgt.org\/noticias\/wp-json\/wp\/v2\/categories?post=18544"},{"taxonomy":"post_tag","embeddable":true,"href":"https:\/\/www.igssgt.org\/noticias\/wp-json\/wp\/v2\/tags?post=18544"},{"taxonomy":"author","embeddable":true,"href":"https:\/\/www.igssgt.org\/noticias\/wp-json\/wp\/v2\/coauthors?post=18544"}],"curies":[{"name":"wp","href":"https:\/\/api.w.org\/{rel}","templated":true}]}}