{"id":18710,"date":"2020-07-30T13:05:00","date_gmt":"2020-07-30T19:05:00","guid":{"rendered":"https:\/\/www.igssgt.org\/noticias\/?p=18710"},"modified":"2021-07-20T13:39:56","modified_gmt":"2021-07-20T19:39:56","slug":"habilitan-instalaciones-para-atender-a-ninos-y-adultos-con-covid-19","status":"publish","type":"post","link":"https:\/\/www.igssgt.org\/noticias\/2020\/07\/30\/habilitan-instalaciones-para-atender-a-ninos-y-adultos-con-covid-19\/","title":{"rendered":"Habilitan instalaciones para atender  a ni\u00f1os y adultos con COVID-19"},"content":{"rendered":"\n<p>Afiliados y derechohabientes de los departamentos de Huehuetenango, San Marcos, Solol\u00e1, Quich\u00e9 y Totonicap\u00e1n, positivos de COVID-19 son atendidos en el \u00e1rea reci\u00e9n inaugurada por las autoridades del Hospital General de Quetzaltenango, ubicado en la zona 5 de ese departamento, el cual forma parte de los hospitales centinela del Instituto Guatemalteco de Seguridad Social (IGSS).<\/p>\n<p>Estas nuevas instalaciones est\u00e1n adecuadas para la atenci\u00f3n de ni\u00f1os y adultos, las cuales cuentan con un espacio m\u00e1s amplio, equipo e insumos especiales para atender a los afiliados y derechohabientes que padecen esta enfermedad.<\/p>\n<p>Las nuevas instalaciones est\u00e1n ubicadas a un costado de este centro asistencial, constan de tres niveles, un s\u00f3tano y cuentan con un total de 115 camas distribuidas de la siguiente manera: 45 para pacientes con s\u00edntomas leves, en el primer nivel; 35 para pacientes cr\u00edticos, segundo nivel, y 40 para pacientes moderadas. El tercer nivel estar\u00e1 distribuido en las siguientes \u00e1reas: administrativa, personal de primera l\u00ednea, bodega y comedor.<\/p>\n\r\n                <style type=\"text\/css\">\r\n                    \r\n                    #tdi_1  .td-doubleSlider-2 .td-item1 {\r\n                        background: url(\/wp-content\/uploads\/sites\/5\/2020\/07\/WhatsApp-Image-2020-07-28-at-1.28.33-PM-80x60.jpeg) 0 0 no-repeat;\r\n                    }\r\n                    #tdi_1  .td-doubleSlider-2 .td-item2 {\r\n                        background: url(\/wp-content\/uploads\/sites\/5\/2020\/07\/WhatsApp-Image-2020-07-28-at-1.28.23-PM-1-1-80x60.jpeg) 0 0 no-repeat;\r\n                    }\r\n                    #tdi_1  .td-doubleSlider-2 .td-item3 {\r\n                        background: url(\/wp-content\/uploads\/sites\/5\/2020\/07\/WhatsApp-Image-2020-07-28-at-1.28.23-PM-80x60.jpeg) 0 0 no-repeat;\r\n                    }\r\n                    #tdi_1  .td-doubleSlider-2 .td-item4 {\r\n                        background: url(\/wp-content\/uploads\/sites\/5\/2020\/07\/WhatsApp-Image-2020-07-28-at-1.28.22-PM-1-80x60.jpeg) 0 0 no-repeat;\r\n                    }\r\n                    #tdi_1  .td-doubleSlider-2 .td-item5 {\r\n                        background: url(\/wp-content\/uploads\/sites\/5\/2020\/07\/WhatsApp-Image-2020-07-28-at-1.28.22-PM-80x60.jpeg) 0 0 no-repeat;\r\n                    }\r\n                <\/style>\r\n\r\n                <div id=\"tdi_1\" class=\"td-gallery td-slide-on-2-columns\">\r\n                    <div class=\"post_td_gallery\">\r\n                        <div class=\"td-gallery-slide-top\">\r\n                           <div class=\"td-gallery-title\">Hospital General de Quetzaltenango<\/div>\r\n\r\n                            <div class=\"td-gallery-controls-wrapper\">\r\n                                <div class=\"td-gallery-slide-count\"><span class=\"td-gallery-slide-item-focus\">1<\/span> de 6<\/div>\r\n                                <div class=\"td-gallery-slide-prev-next-but\">\r\n                                    <i class = \"td-icon-left doubleSliderPrevButton\"><\/i>\r\n                                    <i class = \"td-icon-right doubleSliderNextButton\"><\/i>\r\n                                <\/div>\r\n                            <\/div>\r\n                        <\/div>\r\n\r\n                        <div class = \"td-doubleSlider-1 \">\r\n                            <div class = \"td-slider\">\r\n                                \r\n                    <div class = \"td-slide-item td-item1\">\r\n                        <figure class=\"td-slide-galery-figure td-slide-popup-gallery\">\r\n                            <a class=\"slide-gallery-image-link\" href=\"\/wp-content\/uploads\/sites\/5\/2020\/07\/WhatsApp-Image-2020-07-28-at-1.28.33-PM.jpeg\" title=\"WhatsApp Image 2020-07-28 at 1.28.33 PM\"  data-caption=\"\"  data-description=\"\">\r\n                                <img decoding=\"async\" src=\"\/wp-content\/uploads\/sites\/5\/2020\/07\/WhatsApp-Image-2020-07-28-at-1.28.33-PM-630x420.jpeg\" srcset=\"\/wp-content\/uploads\/sites\/5\/2020\/07\/WhatsApp-Image-2020-07-28-at-1.28.33-PM-630x420.jpeg 630w, \/wp-content\/uploads\/sites\/5\/2020\/07\/WhatsApp-Image-2020-07-28-at-1.28.33-PM-300x200.jpeg 300w, \/wp-content\/uploads\/sites\/5\/2020\/07\/WhatsApp-Image-2020-07-28-at-1.28.33-PM-768x512.jpeg 768w, \/wp-content\/uploads\/sites\/5\/2020\/07\/WhatsApp-Image-2020-07-28-at-1.28.33-PM-1024x682.jpeg 1024w, \/wp-content\/uploads\/sites\/5\/2020\/07\/WhatsApp-Image-2020-07-28-at-1.28.33-PM-696x464.jpeg 696w, \/wp-content\/uploads\/sites\/5\/2020\/07\/WhatsApp-Image-2020-07-28-at-1.28.33-PM-1068x712.jpeg 1068w, \/wp-content\/uploads\/sites\/5\/2020\/07\/WhatsApp-Image-2020-07-28-at-1.28.33-PM-534x356.jpeg 534w, \/wp-content\/uploads\/sites\/5\/2020\/07\/WhatsApp-Image-2020-07-28-at-1.28.33-PM.jpeg 1280w\" sizes=\"(max-width: 630px) 100vw, 630px\" alt=\"\">\r\n                            <\/a>\r\n                            \r\n                        <\/figure>\r\n                    <\/div>\r\n                    <div class = \"td-slide-item td-item2\">\r\n                        <figure class=\"td-slide-galery-figure td-slide-popup-gallery\">\r\n                            <a class=\"slide-gallery-image-link\" href=\"\/wp-content\/uploads\/sites\/5\/2020\/07\/WhatsApp-Image-2020-07-28-at-1.28.23-PM-1-1.jpeg\" title=\"WhatsApp Image 2020-07-28 at 1.28.23 PM (1)\"  data-caption=\"\"  data-description=\"\">\r\n                                <img decoding=\"async\" src=\"\/wp-content\/uploads\/sites\/5\/2020\/07\/WhatsApp-Image-2020-07-28-at-1.28.23-PM-1-1-630x420.jpeg\" srcset=\"\/wp-content\/uploads\/sites\/5\/2020\/07\/WhatsApp-Image-2020-07-28-at-1.28.23-PM-1-1-630x420.jpeg 630w, \/wp-content\/uploads\/sites\/5\/2020\/07\/WhatsApp-Image-2020-07-28-at-1.28.23-PM-1-1-300x200.jpeg 300w, \/wp-content\/uploads\/sites\/5\/2020\/07\/WhatsApp-Image-2020-07-28-at-1.28.23-PM-1-1-768x512.jpeg 768w, \/wp-content\/uploads\/sites\/5\/2020\/07\/WhatsApp-Image-2020-07-28-at-1.28.23-PM-1-1-1024x682.jpeg 1024w, \/wp-content\/uploads\/sites\/5\/2020\/07\/WhatsApp-Image-2020-07-28-at-1.28.23-PM-1-1-696x464.jpeg 696w, \/wp-content\/uploads\/sites\/5\/2020\/07\/WhatsApp-Image-2020-07-28-at-1.28.23-PM-1-1-1068x712.jpeg 1068w, \/wp-content\/uploads\/sites\/5\/2020\/07\/WhatsApp-Image-2020-07-28-at-1.28.23-PM-1-1-534x356.jpeg 534w, \/wp-content\/uploads\/sites\/5\/2020\/07\/WhatsApp-Image-2020-07-28-at-1.28.23-PM-1-1.jpeg 1280w\" sizes=\"(max-width: 630px) 100vw, 630px\" alt=\"\">\r\n                            <\/a>\r\n                            \r\n                        <\/figure>\r\n                    <\/div>\r\n                    <div class = \"td-slide-item td-item3\">\r\n                        <figure class=\"td-slide-galery-figure td-slide-popup-gallery\">\r\n                            <a class=\"slide-gallery-image-link\" href=\"\/wp-content\/uploads\/sites\/5\/2020\/07\/WhatsApp-Image-2020-07-28-at-1.28.23-PM.jpeg\" title=\"WhatsApp Image 2020-07-28 at 1.28.23 PM\"  data-caption=\"\"  data-description=\"\">\r\n                                <img decoding=\"async\" src=\"\/wp-content\/uploads\/sites\/5\/2020\/07\/WhatsApp-Image-2020-07-28-at-1.28.23-PM-630x420.jpeg\" srcset=\"\/wp-content\/uploads\/sites\/5\/2020\/07\/WhatsApp-Image-2020-07-28-at-1.28.23-PM-630x420.jpeg 630w, \/wp-content\/uploads\/sites\/5\/2020\/07\/WhatsApp-Image-2020-07-28-at-1.28.23-PM-300x200.jpeg 300w, \/wp-content\/uploads\/sites\/5\/2020\/07\/WhatsApp-Image-2020-07-28-at-1.28.23-PM-768x512.jpeg 768w, \/wp-content\/uploads\/sites\/5\/2020\/07\/WhatsApp-Image-2020-07-28-at-1.28.23-PM-1024x682.jpeg 1024w, \/wp-content\/uploads\/sites\/5\/2020\/07\/WhatsApp-Image-2020-07-28-at-1.28.23-PM-696x464.jpeg 696w, \/wp-content\/uploads\/sites\/5\/2020\/07\/WhatsApp-Image-2020-07-28-at-1.28.23-PM-1068x712.jpeg 1068w, \/wp-content\/uploads\/sites\/5\/2020\/07\/WhatsApp-Image-2020-07-28-at-1.28.23-PM-534x356.jpeg 534w, \/wp-content\/uploads\/sites\/5\/2020\/07\/WhatsApp-Image-2020-07-28-at-1.28.23-PM.jpeg 1280w\" sizes=\"(max-width: 630px) 100vw, 630px\" alt=\"\">\r\n                            <\/a>\r\n                            \r\n                        <\/figure>\r\n                    <\/div>\r\n                    <div class = \"td-slide-item td-item4\">\r\n                        <figure class=\"td-slide-galery-figure td-slide-popup-gallery\">\r\n                            <a class=\"slide-gallery-image-link\" href=\"\/wp-content\/uploads\/sites\/5\/2020\/07\/WhatsApp-Image-2020-07-28-at-1.28.22-PM-1.jpeg\" title=\"WhatsApp Image 2020-07-28 at 1.28.22 PM (1)\"  data-caption=\"\"  data-description=\"\">\r\n                                <img decoding=\"async\" src=\"\/wp-content\/uploads\/sites\/5\/2020\/07\/WhatsApp-Image-2020-07-28-at-1.28.22-PM-1-630x420.jpeg\" srcset=\"\/wp-content\/uploads\/sites\/5\/2020\/07\/WhatsApp-Image-2020-07-28-at-1.28.22-PM-1-630x420.jpeg 630w, \/wp-content\/uploads\/sites\/5\/2020\/07\/WhatsApp-Image-2020-07-28-at-1.28.22-PM-1-300x200.jpeg 300w, \/wp-content\/uploads\/sites\/5\/2020\/07\/WhatsApp-Image-2020-07-28-at-1.28.22-PM-1-768x512.jpeg 768w, \/wp-content\/uploads\/sites\/5\/2020\/07\/WhatsApp-Image-2020-07-28-at-1.28.22-PM-1-1024x682.jpeg 1024w, \/wp-content\/uploads\/sites\/5\/2020\/07\/WhatsApp-Image-2020-07-28-at-1.28.22-PM-1-696x464.jpeg 696w, \/wp-content\/uploads\/sites\/5\/2020\/07\/WhatsApp-Image-2020-07-28-at-1.28.22-PM-1-1068x712.jpeg 1068w, \/wp-content\/uploads\/sites\/5\/2020\/07\/WhatsApp-Image-2020-07-28-at-1.28.22-PM-1-534x356.jpeg 534w, \/wp-content\/uploads\/sites\/5\/2020\/07\/WhatsApp-Image-2020-07-28-at-1.28.22-PM-1.jpeg 1280w\" sizes=\"(max-width: 630px) 100vw, 630px\" alt=\"\">\r\n                            <\/a>\r\n                            \r\n                        <\/figure>\r\n                    <\/div>\r\n                    <div class = \"td-slide-item td-item5\">\r\n                        <figure class=\"td-slide-galery-figure td-slide-popup-gallery\">\r\n                            <a class=\"slide-gallery-image-link\" href=\"\/wp-content\/uploads\/sites\/5\/2020\/07\/WhatsApp-Image-2020-07-28-at-1.28.22-PM.jpeg\" title=\"WhatsApp Image 2020-07-28 at 1.28.22 PM\"  data-caption=\"\"  data-description=\"\">\r\n                                <img decoding=\"async\" src=\"\/wp-content\/uploads\/sites\/5\/2020\/07\/WhatsApp-Image-2020-07-28-at-1.28.22-PM-630x420.jpeg\" srcset=\"\/wp-content\/uploads\/sites\/5\/2020\/07\/WhatsApp-Image-2020-07-28-at-1.28.22-PM-630x420.jpeg 630w, \/wp-content\/uploads\/sites\/5\/2020\/07\/WhatsApp-Image-2020-07-28-at-1.28.22-PM-300x200.jpeg 300w, \/wp-content\/uploads\/sites\/5\/2020\/07\/WhatsApp-Image-2020-07-28-at-1.28.22-PM-768x512.jpeg 768w, \/wp-content\/uploads\/sites\/5\/2020\/07\/WhatsApp-Image-2020-07-28-at-1.28.22-PM-1024x682.jpeg 1024w, \/wp-content\/uploads\/sites\/5\/2020\/07\/WhatsApp-Image-2020-07-28-at-1.28.22-PM-696x464.jpeg 696w, \/wp-content\/uploads\/sites\/5\/2020\/07\/WhatsApp-Image-2020-07-28-at-1.28.22-PM-1068x712.jpeg 1068w, \/wp-content\/uploads\/sites\/5\/2020\/07\/WhatsApp-Image-2020-07-28-at-1.28.22-PM-534x356.jpeg 534w, \/wp-content\/uploads\/sites\/5\/2020\/07\/WhatsApp-Image-2020-07-28-at-1.28.22-PM.jpeg 1280w\" sizes=\"(max-width: 630px) 100vw, 630px\" alt=\"\">\r\n                            <\/a>\r\n                            \r\n                        <\/figure>\r\n                    <\/div>\r\n                            <\/div>\r\n                        <\/div>\r\n\r\n                        <div class = \"td-doubleSlider-2\">\r\n                            <div class = \"td-slider\">\r\n                                \r\n                    <div class = \"td-button td-item1\">\r\n                        <div class = \"td-border\"><\/div>\r\n                    <\/div>\r\n                    <div class = \"td-button td-item2\">\r\n                        <div class = \"td-border\"><\/div>\r\n                    <\/div>\r\n                    <div class = \"td-button td-item3\">\r\n                        <div class = \"td-border\"><\/div>\r\n                    <\/div>\r\n                    <div class = \"td-button td-item4\">\r\n                        <div class = \"td-border\"><\/div>\r\n                    <\/div>\r\n                    <div class = \"td-button td-item5\">\r\n                        <div class = \"td-border\"><\/div>\r\n                    <\/div>\r\n                            <\/div>\r\n                        <\/div>\r\n\r\n                    <\/div>\r\n\r\n                <\/div>\r\n                \n<p>Adem\u00e1s, se contar\u00e1 con un \u00e1rea de lavander\u00eda, as\u00ed como con el personal necesario para atender a ni\u00f1os y adultos que sean diagnosticados con esta enfermedad. El objetivo principal de habilitar este nuevo espacio es fortalecer la atenci\u00f3n que se le brinda a los pacientes tomando en cuenta el constante aumento de personas afectados por esta pandemia, dijo el doctor Fernando Marroqu\u00edn, director m\u00e9dico del centro asistencial.<\/p>\n<p>Anteriormente en este edificio funcionaba la Delegaci\u00f3n Departamental, pero fue reacondicionado en respuesta a las necesidades derivadas de la pandemia que afecta al pa\u00eds y fundamentalmente por el incremento de casos positivos de COVID-19.<\/p>\n<div style=\"width: 696px;\" class=\"wp-video\"><video class=\"wp-video-shortcode\" id=\"video-18710-1\" width=\"696\" height=\"392\" preload=\"metadata\" controls=\"controls\"><source type=\"video\/mp4\" src=\"\/wp-content\/uploads\/sites\/5\/2020\/07\/WhatsApp-Video-2020-07-28-at-1.41.36-PM.mp4?_=1\" \/><a href=\"\/wp-content\/uploads\/sites\/5\/2020\/07\/WhatsApp-Video-2020-07-28-at-1.41.36-PM.mp4\">\/wp-content\/uploads\/sites\/5\/2020\/07\/WhatsApp-Video-2020-07-28-at-1.41.36-PM.mp4<\/a><\/video><\/div>\n<p>\u00a0<\/p>\n<p>\u00a0<\/p>\n","protected":false},"excerpt":{"rendered":"<p>Afiliados y derechohabientes de los departamentos de Huehuetenango, San Marcos, Solol\u00e1, Quich\u00e9 y Totonicap\u00e1n, positivos de COVID-19 son atendidos en el \u00e1rea reci\u00e9n inaugurada por las autoridades del Hospital General de Quetzaltenango, ubicado en la zona 5 de ese departamento, el cual forma parte de los hospitales centinela del Instituto Guatemalteco de Seguridad Social (IGSS). [&hellip;]<\/p>\n","protected":false},"author":160,"featured_media":18711,"comment_status":"closed","ping_status":"closed","sticky":false,"template":"","format":"standard","meta":{"footnotes":""},"categories":[3,18],"tags":[482,1181,1171],"coauthors":[1041],"class_list":{"0":"post-18710","1":"post","2":"type-post","3":"status-publish","4":"format-standard","5":"has-post-thumbnail","7":"category-actualidad","8":"category-equipamiento-e-infraestructura","9":"tag-hospital-general-de-quetzaltenango","10":"tag-igss-notas-covid-19","11":"tag-noticias-covid-19"},"_links":{"self":[{"href":"https:\/\/www.igssgt.org\/noticias\/wp-json\/wp\/v2\/posts\/18710","targetHints":{"allow":["GET"]}}],"collection":[{"href":"https:\/\/www.igssgt.org\/noticias\/wp-json\/wp\/v2\/posts"}],"about":[{"href":"https:\/\/www.igssgt.org\/noticias\/wp-json\/wp\/v2\/types\/post"}],"author":[{"embeddable":true,"href":"https:\/\/www.igssgt.org\/noticias\/wp-json\/wp\/v2\/users\/160"}],"replies":[{"embeddable":true,"href":"https:\/\/www.igssgt.org\/noticias\/wp-json\/wp\/v2\/comments?post=18710"}],"version-history":[{"count":3,"href":"https:\/\/www.igssgt.org\/noticias\/wp-json\/wp\/v2\/posts\/18710\/revisions"}],"predecessor-version":[{"id":18755,"href":"https:\/\/www.igssgt.org\/noticias\/wp-json\/wp\/v2\/posts\/18710\/revisions\/18755"}],"wp:featuredmedia":[{"embeddable":true,"href":"https:\/\/www.igssgt.org\/noticias\/wp-json\/wp\/v2\/media\/18711"}],"wp:attachment":[{"href":"https:\/\/www.igssgt.org\/noticias\/wp-json\/wp\/v2\/media?parent=18710"}],"wp:term":[{"taxonomy":"category","embeddable":true,"href":"https:\/\/www.igssgt.org\/noticias\/wp-json\/wp\/v2\/categories?post=18710"},{"taxonomy":"post_tag","embeddable":true,"href":"https:\/\/www.igssgt.org\/noticias\/wp-json\/wp\/v2\/tags?post=18710"},{"taxonomy":"author","embeddable":true,"href":"https:\/\/www.igssgt.org\/noticias\/wp-json\/wp\/v2\/coauthors?post=18710"}],"curies":[{"name":"wp","href":"https:\/\/api.w.org\/{rel}","templated":true}]}}