{"id":18768,"date":"2020-07-31T13:43:22","date_gmt":"2020-07-31T19:43:22","guid":{"rendered":"https:\/\/www.igssgt.org\/noticias\/?p=18768"},"modified":"2020-08-03T10:19:17","modified_gmt":"2020-08-03T16:19:17","slug":"el-igss-y-la-ops-firman-convenio-para-proyectos-de-modernizacion-y-mejora-en-servicios-de-salud","status":"publish","type":"post","link":"https:\/\/www.igssgt.org\/noticias\/2020\/07\/31\/el-igss-y-la-ops-firman-convenio-para-proyectos-de-modernizacion-y-mejora-en-servicios-de-salud\/","title":{"rendered":"El IGSS y la OPS firman convenio para proyectos de modernizaci\u00f3n y mejora en servicios de salud"},"content":{"rendered":"\n<p>Autoridades del Instituto Guatemalteco de Seguridad Social (IGSS) firmaron un convenio \u00a0de cooperaci\u00f3n con la Organizaci\u00f3n Panamericana de la Salud (OPS) con el fin de potencializar los servicios y prestaciones en salud que el IGSS ofrece a sus afiliados y derechohabientes.<\/p>\n<p>El convenio tiene una vigencia de cinco a\u00f1os, en los cuales la OPS apoyar\u00e1 al Seguro Social para\u00a0 la definici\u00f3n de mecanismos, instrumentos, m\u00e9todos y normas para el desarrollo de la planificaci\u00f3n, la administraci\u00f3n y la capacitaci\u00f3n de los trabajadores, as\u00ed como el modelo de atenci\u00f3n y su articulaci\u00f3n en redes integradas de servicios de salud.<\/p>\n<div style=\"width: 696px;\" class=\"wp-video\"><video class=\"wp-video-shortcode\" id=\"video-18768-1\" width=\"696\" height=\"392\" poster=\"\/wp-content\/uploads\/sites\/5\/2020\/07\/WhatsApp-Video-2020-07-31-at-2-15-57-PM-mp4-image.jpg\" preload=\"metadata\" controls=\"controls\"><source type=\"video\/mp4\" src=\"\/wp-content\/uploads\/sites\/5\/2020\/07\/WhatsApp-Video-2020-07-31-at-2.15.57-PM.mp4?_=1\" \/><a href=\"\/wp-content\/uploads\/sites\/5\/2020\/07\/WhatsApp-Video-2020-07-31-at-2.15.57-PM.mp4\">\/wp-content\/uploads\/sites\/5\/2020\/07\/WhatsApp-Video-2020-07-31-at-2.15.57-PM.mp4<\/a><\/video><\/div>\n<p>Tambi\u00e9n busca mejorar la calidad y seguridad del afiliado, la gesti\u00f3n de los servicios de salud, el sistema de informaci\u00f3n gerencial y la compra reembolsable de medicamentos, vacunas y otras tecnolog\u00edas sanitarias; adem\u00e1s, el apoyo t\u00e9cnico para impulsar la estrategia de hospitales seguros e inteligentes, acciones encaminadas \u00a0en operativizar las pol\u00edticas, planes y programas del IGSS.<\/p>\n<p>\u201cNosotros como IGSS valoramos mucho firmar nuevamente este convenio con OPS\/OMS, ya son 15 a\u00f1os, de alianza con esta valiosa instituci\u00f3n. Creemos firmemente en la intersectorialidad como una estrategia para transparentar todas las tecnolog\u00edas de salud. Manejamos dos programas que son pilares de la Seguridad Social, que es Programa de Enfermedad Maternidad y Accidentes (EMA) e Invalidez, Vejez y Sobrevivencia (IVS). La atenci\u00f3n en salud es prioritaria y es hoy cuando estamos atravesando estos momentos tan cr\u00edticos en Guatemala con la pandemia, es un parte aguas, es un antes y un despu\u00e9s. Este convenio viene a fortalecer la tecnolog\u00eda en salud que tanto necesitamos a nivel pa\u00eds\u201d, fueron las palabras de la doctora Ana Marilyn Ortiz, gerente del Instituto tras la firma del acuerdo.<\/p>\n<p>Con estas buenas practicas el Instituto en conjunto con la OPS aseguran la institucionalidad que se derivan de este convenio en cuanto a \u00a0productos, actividades y proyectos espec\u00edficos y es indispensable contar con \u00a0el \u00a0recurso humano, equipos y materiales para el desarrollo e implementaci\u00f3n de los referidos proyectos.<\/p>\n\r\n                <style type=\"text\/css\">\r\n                    \r\n                    #tdi_1  .td-doubleSlider-2 .td-item1 {\r\n                        background: url(\/wp-content\/uploads\/sites\/5\/2020\/07\/WhatsApp-Image-2020-07-31-at-1.39.18-PM-80x60.jpeg) 0 0 no-repeat;\r\n                    }\r\n                    #tdi_1  .td-doubleSlider-2 .td-item2 {\r\n                        background: url(\/wp-content\/uploads\/sites\/5\/2020\/07\/WhatsApp-Image-2020-07-31-at-1.33.47-PM-80x60.jpeg) 0 0 no-repeat;\r\n                    }\r\n                    #tdi_1  .td-doubleSlider-2 .td-item3 {\r\n                        background: url(\/wp-content\/uploads\/sites\/5\/2020\/07\/WhatsApp-Image-2020-07-31-at-1.33.47-PM-3-80x60.jpeg) 0 0 no-repeat;\r\n                    }\r\n                    #tdi_1  .td-doubleSlider-2 .td-item4 {\r\n                        background: url(\/wp-content\/uploads\/sites\/5\/2020\/07\/WhatsApp-Image-2020-07-31-at-1.33.47-PM-1-80x60.jpeg) 0 0 no-repeat;\r\n                    }\r\n                    #tdi_1  .td-doubleSlider-2 .td-item5 {\r\n                        background: url(\/wp-content\/uploads\/sites\/5\/2020\/07\/WhatsApp-Image-2020-07-31-at-1.33.47-PM-2-80x60.jpeg) 0 0 no-repeat;\r\n                    }\r\n                <\/style>\r\n\r\n                <div id=\"tdi_1\" class=\"td-gallery td-slide-on-2-columns\">\r\n                    <div class=\"post_td_gallery\">\r\n                        <div class=\"td-gallery-slide-top\">\r\n                           <div class=\"td-gallery-title\">Convenio con OPS<\/div>\r\n\r\n                            <div class=\"td-gallery-controls-wrapper\">\r\n                                <div class=\"td-gallery-slide-count\"><span class=\"td-gallery-slide-item-focus\">1<\/span> de 5<\/div>\r\n                                <div class=\"td-gallery-slide-prev-next-but\">\r\n                                    <i class = \"td-icon-left doubleSliderPrevButton\"><\/i>\r\n                                    <i class = \"td-icon-right doubleSliderNextButton\"><\/i>\r\n                                <\/div>\r\n                            <\/div>\r\n                        <\/div>\r\n\r\n                        <div class = \"td-doubleSlider-1 \">\r\n                            <div class = \"td-slider\">\r\n                                \r\n                    <div class = \"td-slide-item td-item1\">\r\n                        <figure class=\"td-slide-galery-figure td-slide-popup-gallery\">\r\n                            <a class=\"slide-gallery-image-link\" href=\"\/wp-content\/uploads\/sites\/5\/2020\/07\/WhatsApp-Image-2020-07-31-at-1.39.18-PM.jpeg\" title=\"WhatsApp Image 2020-07-31 at 1.39.18 PM\"  data-caption=\"\"  data-description=\"\">\r\n                                <img decoding=\"async\" src=\"\/wp-content\/uploads\/sites\/5\/2020\/07\/WhatsApp-Image-2020-07-31-at-1.39.18-PM-630x420.jpeg\" srcset=\"\/wp-content\/uploads\/sites\/5\/2020\/07\/WhatsApp-Image-2020-07-31-at-1.39.18-PM-630x420.jpeg 630w, \/wp-content\/uploads\/sites\/5\/2020\/07\/WhatsApp-Image-2020-07-31-at-1.39.18-PM-300x200.jpeg 300w, \/wp-content\/uploads\/sites\/5\/2020\/07\/WhatsApp-Image-2020-07-31-at-1.39.18-PM-768x512.jpeg 768w, \/wp-content\/uploads\/sites\/5\/2020\/07\/WhatsApp-Image-2020-07-31-at-1.39.18-PM-1024x682.jpeg 1024w, \/wp-content\/uploads\/sites\/5\/2020\/07\/WhatsApp-Image-2020-07-31-at-1.39.18-PM-696x464.jpeg 696w, \/wp-content\/uploads\/sites\/5\/2020\/07\/WhatsApp-Image-2020-07-31-at-1.39.18-PM-1068x712.jpeg 1068w, \/wp-content\/uploads\/sites\/5\/2020\/07\/WhatsApp-Image-2020-07-31-at-1.39.18-PM-534x356.jpeg 534w, \/wp-content\/uploads\/sites\/5\/2020\/07\/WhatsApp-Image-2020-07-31-at-1.39.18-PM.jpeg 1280w\" sizes=\"(max-width: 630px) 100vw, 630px\" alt=\"\">\r\n                            <\/a>\r\n                            \r\n                        <\/figure>\r\n                    <\/div>\r\n                    <div class = \"td-slide-item td-item2\">\r\n                        <figure class=\"td-slide-galery-figure td-slide-popup-gallery\">\r\n                            <a class=\"slide-gallery-image-link\" href=\"\/wp-content\/uploads\/sites\/5\/2020\/07\/WhatsApp-Image-2020-07-31-at-1.33.47-PM.jpeg\" title=\"WhatsApp Image 2020-07-31 at 1.33.47 PM\"  data-caption=\"\"  data-description=\"\">\r\n                                <img decoding=\"async\" src=\"\/wp-content\/uploads\/sites\/5\/2020\/07\/WhatsApp-Image-2020-07-31-at-1.33.47-PM-630x420.jpeg\" srcset=\"\/wp-content\/uploads\/sites\/5\/2020\/07\/WhatsApp-Image-2020-07-31-at-1.33.47-PM-630x420.jpeg 630w, \/wp-content\/uploads\/sites\/5\/2020\/07\/WhatsApp-Image-2020-07-31-at-1.33.47-PM-300x200.jpeg 300w, \/wp-content\/uploads\/sites\/5\/2020\/07\/WhatsApp-Image-2020-07-31-at-1.33.47-PM-768x512.jpeg 768w, \/wp-content\/uploads\/sites\/5\/2020\/07\/WhatsApp-Image-2020-07-31-at-1.33.47-PM-1024x682.jpeg 1024w, \/wp-content\/uploads\/sites\/5\/2020\/07\/WhatsApp-Image-2020-07-31-at-1.33.47-PM-696x464.jpeg 696w, \/wp-content\/uploads\/sites\/5\/2020\/07\/WhatsApp-Image-2020-07-31-at-1.33.47-PM-1068x712.jpeg 1068w, \/wp-content\/uploads\/sites\/5\/2020\/07\/WhatsApp-Image-2020-07-31-at-1.33.47-PM-534x356.jpeg 534w, \/wp-content\/uploads\/sites\/5\/2020\/07\/WhatsApp-Image-2020-07-31-at-1.33.47-PM.jpeg 1280w\" sizes=\"(max-width: 630px) 100vw, 630px\" alt=\"\">\r\n                            <\/a>\r\n                            \r\n                        <\/figure>\r\n                    <\/div>\r\n                    <div class = \"td-slide-item td-item3\">\r\n                        <figure class=\"td-slide-galery-figure td-slide-popup-gallery\">\r\n                            <a class=\"slide-gallery-image-link\" href=\"\/wp-content\/uploads\/sites\/5\/2020\/07\/WhatsApp-Image-2020-07-31-at-1.33.47-PM-3.jpeg\" title=\"WhatsApp Image 2020-07-31 at 1.33.47 PM (3)\"  data-caption=\"\"  data-description=\"\">\r\n                                <img decoding=\"async\" src=\"\/wp-content\/uploads\/sites\/5\/2020\/07\/WhatsApp-Image-2020-07-31-at-1.33.47-PM-3-630x420.jpeg\" srcset=\"\/wp-content\/uploads\/sites\/5\/2020\/07\/WhatsApp-Image-2020-07-31-at-1.33.47-PM-3-630x420.jpeg 630w, \/wp-content\/uploads\/sites\/5\/2020\/07\/WhatsApp-Image-2020-07-31-at-1.33.47-PM-3-300x200.jpeg 300w, \/wp-content\/uploads\/sites\/5\/2020\/07\/WhatsApp-Image-2020-07-31-at-1.33.47-PM-3-768x512.jpeg 768w, \/wp-content\/uploads\/sites\/5\/2020\/07\/WhatsApp-Image-2020-07-31-at-1.33.47-PM-3-1024x682.jpeg 1024w, \/wp-content\/uploads\/sites\/5\/2020\/07\/WhatsApp-Image-2020-07-31-at-1.33.47-PM-3-696x464.jpeg 696w, \/wp-content\/uploads\/sites\/5\/2020\/07\/WhatsApp-Image-2020-07-31-at-1.33.47-PM-3-1068x712.jpeg 1068w, \/wp-content\/uploads\/sites\/5\/2020\/07\/WhatsApp-Image-2020-07-31-at-1.33.47-PM-3-534x356.jpeg 534w, \/wp-content\/uploads\/sites\/5\/2020\/07\/WhatsApp-Image-2020-07-31-at-1.33.47-PM-3.jpeg 1280w\" sizes=\"(max-width: 630px) 100vw, 630px\" alt=\"\">\r\n                            <\/a>\r\n                            \r\n                        <\/figure>\r\n                    <\/div>\r\n                    <div class = \"td-slide-item td-item4\">\r\n                        <figure class=\"td-slide-galery-figure td-slide-popup-gallery\">\r\n                            <a class=\"slide-gallery-image-link\" href=\"\/wp-content\/uploads\/sites\/5\/2020\/07\/WhatsApp-Image-2020-07-31-at-1.33.47-PM-1.jpeg\" title=\"WhatsApp Image 2020-07-31 at 1.33.47 PM (1)\"  data-caption=\"\"  data-description=\"\">\r\n                                <img decoding=\"async\" src=\"\/wp-content\/uploads\/sites\/5\/2020\/07\/WhatsApp-Image-2020-07-31-at-1.33.47-PM-1-630x420.jpeg\" srcset=\"\/wp-content\/uploads\/sites\/5\/2020\/07\/WhatsApp-Image-2020-07-31-at-1.33.47-PM-1-630x420.jpeg 630w, \/wp-content\/uploads\/sites\/5\/2020\/07\/WhatsApp-Image-2020-07-31-at-1.33.47-PM-1-300x200.jpeg 300w, \/wp-content\/uploads\/sites\/5\/2020\/07\/WhatsApp-Image-2020-07-31-at-1.33.47-PM-1-768x512.jpeg 768w, \/wp-content\/uploads\/sites\/5\/2020\/07\/WhatsApp-Image-2020-07-31-at-1.33.47-PM-1-1024x682.jpeg 1024w, \/wp-content\/uploads\/sites\/5\/2020\/07\/WhatsApp-Image-2020-07-31-at-1.33.47-PM-1-696x464.jpeg 696w, \/wp-content\/uploads\/sites\/5\/2020\/07\/WhatsApp-Image-2020-07-31-at-1.33.47-PM-1-1068x712.jpeg 1068w, \/wp-content\/uploads\/sites\/5\/2020\/07\/WhatsApp-Image-2020-07-31-at-1.33.47-PM-1-534x356.jpeg 534w, \/wp-content\/uploads\/sites\/5\/2020\/07\/WhatsApp-Image-2020-07-31-at-1.33.47-PM-1.jpeg 1280w\" sizes=\"(max-width: 630px) 100vw, 630px\" alt=\"\">\r\n                            <\/a>\r\n                            \r\n                        <\/figure>\r\n                    <\/div>\r\n                    <div class = \"td-slide-item td-item5\">\r\n                        <figure class=\"td-slide-galery-figure td-slide-popup-gallery\">\r\n                            <a class=\"slide-gallery-image-link\" href=\"\/wp-content\/uploads\/sites\/5\/2020\/07\/WhatsApp-Image-2020-07-31-at-1.33.47-PM-2.jpeg\" title=\"WhatsApp Image 2020-07-31 at 1.33.47 PM (2)\"  data-caption=\"\"  data-description=\"\">\r\n                                <img decoding=\"async\" src=\"\/wp-content\/uploads\/sites\/5\/2020\/07\/WhatsApp-Image-2020-07-31-at-1.33.47-PM-2-630x420.jpeg\" srcset=\"\/wp-content\/uploads\/sites\/5\/2020\/07\/WhatsApp-Image-2020-07-31-at-1.33.47-PM-2-630x420.jpeg 630w, \/wp-content\/uploads\/sites\/5\/2020\/07\/WhatsApp-Image-2020-07-31-at-1.33.47-PM-2-300x200.jpeg 300w, \/wp-content\/uploads\/sites\/5\/2020\/07\/WhatsApp-Image-2020-07-31-at-1.33.47-PM-2-768x512.jpeg 768w, \/wp-content\/uploads\/sites\/5\/2020\/07\/WhatsApp-Image-2020-07-31-at-1.33.47-PM-2-1024x682.jpeg 1024w, \/wp-content\/uploads\/sites\/5\/2020\/07\/WhatsApp-Image-2020-07-31-at-1.33.47-PM-2-696x464.jpeg 696w, \/wp-content\/uploads\/sites\/5\/2020\/07\/WhatsApp-Image-2020-07-31-at-1.33.47-PM-2-1068x712.jpeg 1068w, \/wp-content\/uploads\/sites\/5\/2020\/07\/WhatsApp-Image-2020-07-31-at-1.33.47-PM-2-534x356.jpeg 534w, \/wp-content\/uploads\/sites\/5\/2020\/07\/WhatsApp-Image-2020-07-31-at-1.33.47-PM-2.jpeg 1280w\" sizes=\"(max-width: 630px) 100vw, 630px\" alt=\"\">\r\n                            <\/a>\r\n                            \r\n                        <\/figure>\r\n                    <\/div>\r\n                            <\/div>\r\n                        <\/div>\r\n\r\n                        <div class = \"td-doubleSlider-2\">\r\n                            <div class = \"td-slider\">\r\n                                \r\n                    <div class = \"td-button td-item1\">\r\n                        <div class = \"td-border\"><\/div>\r\n                    <\/div>\r\n                    <div class = \"td-button td-item2\">\r\n                        <div class = \"td-border\"><\/div>\r\n                    <\/div>\r\n                    <div class = \"td-button td-item3\">\r\n                        <div class = \"td-border\"><\/div>\r\n                    <\/div>\r\n                    <div class = \"td-button td-item4\">\r\n                        <div class = \"td-border\"><\/div>\r\n                    <\/div>\r\n                    <div class = \"td-button td-item5\">\r\n                        <div class = \"td-border\"><\/div>\r\n                    <\/div>\r\n                            <\/div>\r\n                        <\/div>\r\n\r\n                    <\/div>\r\n\r\n                <\/div>\r\n                \n<p>La OPS tambi\u00e9n adquiere el compromiso de facilitar la trasferencia de informaci\u00f3n cient\u00edfica y tecnolog\u00edas m\u00e9dicas a trav\u00e9s de programas de formaci\u00f3n y capacitaci\u00f3n que permitan el desarrollo y gesti\u00f3n del recurso humano del IGSS.<\/p>\n<p>Por su parte la OPS tiene el compromiso de brindar apoyo t\u00e9cnico al IGSS en su proceso de modernizaci\u00f3n, con base en el Plan Estrat\u00e9gico Institucional (PEI) 2018-2022 y los compromisos adquiridos por el Instituto en el Plan Nacional de Desarrollo: K&#8217;atun Nuestra Guatemala 2032 y los aportes para el cumplimiento de los Objetivos\u00a0 de Desarrollo Sostenible, para el desarrollo de pol\u00edticas y planes para ampliar el acceso y cobertura a los servicios de salud a sus afiliados y derechohabientes.<\/p>\n<div style=\"width: 696px;\" class=\"wp-video\"><video class=\"wp-video-shortcode\" id=\"video-18768-2\" width=\"696\" height=\"392\" poster=\"\/wp-content\/uploads\/sites\/5\/2020\/07\/WhatsApp-Video-2020-07-31-at-2-33-52-PM-1-mp4-image.jpg\" preload=\"metadata\" controls=\"controls\"><source type=\"video\/mp4\" src=\"\/wp-content\/uploads\/sites\/5\/2020\/07\/WhatsApp-Video-2020-07-31-at-2.33.52-PM-1.mp4?_=2\" \/><a href=\"\/wp-content\/uploads\/sites\/5\/2020\/07\/WhatsApp-Video-2020-07-31-at-2.33.52-PM-1.mp4\">\/wp-content\/uploads\/sites\/5\/2020\/07\/WhatsApp-Video-2020-07-31-at-2.33.52-PM-1.mp4<\/a><\/video><\/div>\n<p><strong>Le invitamos a leer:<\/strong> <a href=\"https:\/\/www.igssgt.org\/noticias\/2020\/02\/21\/presidente-del-igss-se-reune-con-altos-funcionarios-de-la-unops\/\">Junta Global de Socios de la UNOPS en la que particip\u00f3 el IGSS<\/a><\/p>\n<p>\u201cEsta cooperaci\u00f3n comenz\u00f3 en el 2005. El convenio que firmamos hoy permitir\u00e1 ampliar nuestra cooperaci\u00f3n t\u00e9cnica para definir los mecanismos, instrumentos, m\u00e9todos y normas para el desarrollo de planificaci\u00f3n, administraci\u00f3n, capacitaci\u00f3n de recurso humano, modelo de atenci\u00f3n y articulaci\u00f3n en redes integrales de servicio de salud. Tambi\u00e9n apoyar\u00e1 la mejora de la calidad \u00a0y seguridad del afiliado, la gesti\u00f3n de los servicios de salud del sistema de informaci\u00f3n gerencial, la compra reembolsable de medicamentos, vacunas y otras tecnolog\u00edas sanitarias y el apoyo t\u00e9cnico para impulsar la estrategia de hospitales seguros e inteligentes\u201d, dijo el doctor Oscar Barreneche, representante de la \u00a0OPS\/OMS en Guatemala.<\/p>\n<p><blockquote class=\"twitter-tweet\" data-width=\"550\" data-dnt=\"true\"><p lang=\"es\" dir=\"ltr\"><a href=\"https:\/\/twitter.com\/OPSGuate?ref_src=twsrc%5Etfw\">@OPSGuate<\/a> firma convenio de cooperaci\u00f3n con Instituto Guatemalteco de Seguridad Social para la mejora de servicios y prestaciones de salud que reciben los afiliados y derechohabientes y  desarrollar iniciativas conjuntas.<br><br>COMUNICADO DE PRENSA\u27a1\ufe0f <a href=\"https:\/\/t.co\/SFR4MhmTPE\">https:\/\/t.co\/SFR4MhmTPE<\/a> <a href=\"https:\/\/t.co\/ZFppRxFeEB\">pic.twitter.com\/ZFppRxFeEB<\/a><\/p>&mdash; OPS\/OMS Guatemala (@OPSGuate) <a href=\"https:\/\/twitter.com\/OPSGuate\/status\/1289281099009536003?ref_src=twsrc%5Etfw\">July 31, 2020<\/a><\/blockquote><script async src=\"https:\/\/platform.twitter.com\/widgets.js\" charset=\"utf-8\"><\/script><\/p>\n<p>Es importante resaltar que este convenio es avalado por el Ministerio de Salud P\u00fablica y Asistencia Social (MSPAS).<\/p>\n<p>\u00a0<\/p>\n","protected":false},"excerpt":{"rendered":"<p>Autoridades del Instituto Guatemalteco de Seguridad Social (IGSS) firmaron un convenio \u00a0de cooperaci\u00f3n con la Organizaci\u00f3n Panamericana de la Salud (OPS) con el fin de potencializar los servicios y prestaciones en salud que el IGSS ofrece a sus afiliados y derechohabientes. El convenio tiene una vigencia de cinco a\u00f1os, en los cuales la OPS apoyar\u00e1 [&hellip;]<\/p>\n","protected":false},"author":160,"featured_media":18770,"comment_status":"closed","ping_status":"closed","sticky":false,"template":"","format":"standard","meta":{"footnotes":""},"categories":[3,15],"tags":[372,490,675,1236,678,1237],"coauthors":[1041],"class_list":{"0":"post-18768","1":"post","2":"type-post","3":"status-publish","4":"format-standard","5":"has-post-thumbnail","7":"category-actualidad","8":"category-destacado","9":"tag-dra-marilyn-ortiz","10":"tag-igss","11":"tag-oms","12":"tag-ops","13":"tag-opsoms","14":"tag-oscar-barreneche"},"_links":{"self":[{"href":"https:\/\/www.igssgt.org\/noticias\/wp-json\/wp\/v2\/posts\/18768","targetHints":{"allow":["GET"]}}],"collection":[{"href":"https:\/\/www.igssgt.org\/noticias\/wp-json\/wp\/v2\/posts"}],"about":[{"href":"https:\/\/www.igssgt.org\/noticias\/wp-json\/wp\/v2\/types\/post"}],"author":[{"embeddable":true,"href":"https:\/\/www.igssgt.org\/noticias\/wp-json\/wp\/v2\/users\/160"}],"replies":[{"embeddable":true,"href":"https:\/\/www.igssgt.org\/noticias\/wp-json\/wp\/v2\/comments?post=18768"}],"version-history":[{"count":8,"href":"https:\/\/www.igssgt.org\/noticias\/wp-json\/wp\/v2\/posts\/18768\/revisions"}],"predecessor-version":[{"id":19218,"href":"https:\/\/www.igssgt.org\/noticias\/wp-json\/wp\/v2\/posts\/18768\/revisions\/19218"}],"wp:featuredmedia":[{"embeddable":true,"href":"https:\/\/www.igssgt.org\/noticias\/wp-json\/wp\/v2\/media\/18770"}],"wp:attachment":[{"href":"https:\/\/www.igssgt.org\/noticias\/wp-json\/wp\/v2\/media?parent=18768"}],"wp:term":[{"taxonomy":"category","embeddable":true,"href":"https:\/\/www.igssgt.org\/noticias\/wp-json\/wp\/v2\/categories?post=18768"},{"taxonomy":"post_tag","embeddable":true,"href":"https:\/\/www.igssgt.org\/noticias\/wp-json\/wp\/v2\/tags?post=18768"},{"taxonomy":"author","embeddable":true,"href":"https:\/\/www.igssgt.org\/noticias\/wp-json\/wp\/v2\/coauthors?post=18768"}],"curies":[{"name":"wp","href":"https:\/\/api.w.org\/{rel}","templated":true}]}}