{"id":19196,"date":"2020-08-26T11:10:00","date_gmt":"2020-08-26T17:10:00","guid":{"rendered":"https:\/\/www.igssgt.org\/noticias\/?p=19196"},"modified":"2020-08-26T14:15:52","modified_gmt":"2020-08-26T20:15:52","slug":"la-obesidad-es-un-factor-de-alto-riesgo-ante-el-covid-19","status":"publish","type":"post","link":"https:\/\/www.igssgt.org\/noticias\/2020\/08\/26\/la-obesidad-es-un-factor-de-alto-riesgo-ante-el-covid-19\/","title":{"rendered":"La obesidad es un factor de alto riesgo ante el COVID-19"},"content":{"rendered":"\n<p>Los sistemas de salud se mantienen en constante lucha para contrarrestar los decesos a causa del nuevo coronavirus, pues hay personas que seg\u00fan sus padecimientos son m\u00e1s vulnerables ante esta pandemia, entre estas se encuentran las que tienen sobrepeso, explic\u00f3 el doctor C\u00e9sar L\u00f3pez de la Vega, m\u00e9dico especialista asignado a la Unidad de Cardiolog\u00eda del Hospital General de Enfermedades del IGSS.<\/p>\n<p>\u201cEl COVID-19 representa un peligro letal para las personas obesas debido a que tienen una mala funci\u00f3n respiratoria, menos capacidad de ventilaci\u00f3n pulmonar, y eso es una condici\u00f3n que compromete su sistema respiratorio, asociado con problemas cardiovasculares. El sobrepeso tambi\u00e9n afecta el h\u00edgado, ri\u00f1ones, coraz\u00f3n y los vasos sangu\u00edneos\u201d, agreg\u00f3.<\/p>\n<p><iframe loading=\"lazy\" title=\"La obesidad es un factor de alto riesgo ante el COVID-19\" width=\"696\" height=\"392\" src=\"https:\/\/www.youtube.com\/embed\/7RpxqYYxAoc?feature=oembed\" frameborder=\"0\" allow=\"accelerometer; autoplay; encrypted-media; gyroscope; picture-in-picture\" allowfullscreen><\/iframe><\/p>\n<p>El profesional resalt\u00f3 que la obesidad es una enfermedad cr\u00f3nica que debe ser tratada como tal, por ello la poblaci\u00f3n debe tener conciencia de que debe llevar una nutrici\u00f3n adecuada y esto tiene que considerarse seriamente.<\/p>\n<p>El galeno dijo que otro de los factores de alto riesgo es la presencia de males asociados al SARS-Cov-2, que ponen en alto riesgo la salud de los pacientes con enfermedades cardiovasculares y a los diab\u00e9ticos mal controlados que no llevan su dieta adecuada y no cumplen con tomar sus medicamentos, lo cual genera un incremento en los niveles de glucosa en la sangre \u00a0y problemas renales.<\/p>\n<h3><strong>Disminuya el consumo de carbohidratos<\/strong><\/h3>\n<p>La doctora Blandina Sol\u00eds, con especialidad en nutrici\u00f3n, se\u00f1al\u00f3 que la pandemia genera \u00a0fen\u00f3menos psicol\u00f3gicos como el estr\u00e9s y la ansiedad, por ello las personas aumenten la ingesta de alimentos altos en carbohidratos, lo cual es de alto riesgo si llegaran a infectarse de COVID-19.<\/p>\n<p><strong><a href=\"https:\/\/www.igssgt.org\/recomendaciones-para-una-alimentacion-nutritiva-y-saludable-ante-el-covid-19\/\">\u25ba VEA TAMBI\u00c9N: Recomendaciones para una alimentaci\u00f3n nutritiva y saludable ante el COVID-19<\/a><\/strong><\/p>\n<p>\u201cCon el aumento de peso se gana en grasa y no en m\u00fasculo. Cuando la grasa se acumula a nivel del abdomen es muy perjudicial porque ciertos \u00f3rganos como el h\u00edgado y el p\u00e1ncreas predisponen a padecer enfermedades cr\u00f3nicas\u201d, detall\u00f3 la profesional, quien labora en la consulta externa de este centro asistencial.<\/p>\n<p>La doctora Sol\u00eds recomend\u00f3 consumir alimentos bajos en contenido cal\u00f3rico como las verduras y frutas que son fuente de \u00a0vitaminas, las cuales deben ingerirse en la siguiente proporci\u00f3n: tres porciones de verduras y dos de frutas durante el d\u00eda y tomar de seis a ocho vasos de agua diarios. Adem\u00e1s, se debe hacer ejercicio f\u00edsico como correr, caminar, subir y bajar gradas, siempre tomando sus medidas de seguridad como el uso de la mascarilla y el distanciamiento f\u00edsico si esta pr\u00e1ctica se realiza en \u00e1reas verdes o parques.<\/p>\n\r\n                <style type=\"text\/css\">\r\n                    \r\n                    #tdi_1  .td-doubleSlider-2 .td-item1 {\r\n                        background: url(\/wp-content\/uploads\/sites\/5\/2020\/08\/Obesidad-factor-de-riesgo-para-COVID-19-IGSS-5-80x60.jpg) 0 0 no-repeat;\r\n                    }\r\n                    #tdi_1  .td-doubleSlider-2 .td-item2 {\r\n                        background: url(\/wp-content\/uploads\/sites\/5\/2020\/08\/Obesidad-factor-de-riesgo-para-COVID-19-IGSS-1-80x60.jpg) 0 0 no-repeat;\r\n                    }\r\n                    #tdi_1  .td-doubleSlider-2 .td-item3 {\r\n                        background: url(\/wp-content\/uploads\/sites\/5\/2020\/08\/Obesidad-factor-de-riesgo-para-COVID-19-IGSS-4jpg-80x60.jpg) 0 0 no-repeat;\r\n                    }\r\n                <\/style>\r\n\r\n                <div id=\"tdi_1\" class=\"td-gallery td-slide-on-2-columns\">\r\n                    <div class=\"post_td_gallery\">\r\n                        <div class=\"td-gallery-slide-top\">\r\n                           <div class=\"td-gallery-title\">Galer\u00eda de im\u00e1genes<\/div>\r\n\r\n                            <div class=\"td-gallery-controls-wrapper\">\r\n                                <div class=\"td-gallery-slide-count\"><span class=\"td-gallery-slide-item-focus\">1<\/span> de 3<\/div>\r\n                                <div class=\"td-gallery-slide-prev-next-but\">\r\n                                    <i class = \"td-icon-left doubleSliderPrevButton\"><\/i>\r\n                                    <i class = \"td-icon-right doubleSliderNextButton\"><\/i>\r\n                                <\/div>\r\n                            <\/div>\r\n                        <\/div>\r\n\r\n                        <div class = \"td-doubleSlider-1 \">\r\n                            <div class = \"td-slider\">\r\n                                \r\n                    <div class = \"td-slide-item td-item1\">\r\n                        <figure class=\"td-slide-galery-figure td-slide-popup-gallery\">\r\n                            <a class=\"slide-gallery-image-link\" href=\"\/wp-content\/uploads\/sites\/5\/2020\/08\/Obesidad-factor-de-riesgo-para-COVID-19-IGSS-5.jpg\" title=\"Obesidad factor de riesgo para COVID-19 IGSS-5\"  data-caption=\"\"  data-description=\"\">\r\n                                <img decoding=\"async\" src=\"\/wp-content\/uploads\/sites\/5\/2020\/08\/Obesidad-factor-de-riesgo-para-COVID-19-IGSS-5-561x420.jpg\" srcset=\"\/wp-content\/uploads\/sites\/5\/2020\/08\/Obesidad-factor-de-riesgo-para-COVID-19-IGSS-5-561x420.jpg 561w, \/wp-content\/uploads\/sites\/5\/2020\/08\/Obesidad-factor-de-riesgo-para-COVID-19-IGSS-5-300x225.jpg 300w, \/wp-content\/uploads\/sites\/5\/2020\/08\/Obesidad-factor-de-riesgo-para-COVID-19-IGSS-5-768x575.jpg 768w, \/wp-content\/uploads\/sites\/5\/2020\/08\/Obesidad-factor-de-riesgo-para-COVID-19-IGSS-5-1024x766.jpg 1024w, \/wp-content\/uploads\/sites\/5\/2020\/08\/Obesidad-factor-de-riesgo-para-COVID-19-IGSS-5-80x60.jpg 80w, \/wp-content\/uploads\/sites\/5\/2020\/08\/Obesidad-factor-de-riesgo-para-COVID-19-IGSS-5-696x521.jpg 696w, \/wp-content\/uploads\/sites\/5\/2020\/08\/Obesidad-factor-de-riesgo-para-COVID-19-IGSS-5-1068x799.jpg 1068w, \/wp-content\/uploads\/sites\/5\/2020\/08\/Obesidad-factor-de-riesgo-para-COVID-19-IGSS-5-265x198.jpg 265w, \/wp-content\/uploads\/sites\/5\/2020\/08\/Obesidad-factor-de-riesgo-para-COVID-19-IGSS-5-534x400.jpg 534w, \/wp-content\/uploads\/sites\/5\/2020\/08\/Obesidad-factor-de-riesgo-para-COVID-19-IGSS-5.jpg 1280w\" sizes=\"(max-width: 561px) 100vw, 561px\" alt=\"\">\r\n                            <\/a>\r\n                            \r\n                        <\/figure>\r\n                    <\/div>\r\n                    <div class = \"td-slide-item td-item2\">\r\n                        <figure class=\"td-slide-galery-figure td-slide-popup-gallery\">\r\n                            <a class=\"slide-gallery-image-link\" href=\"\/wp-content\/uploads\/sites\/5\/2020\/08\/Obesidad-factor-de-riesgo-para-COVID-19-IGSS-1.jpg\" title=\"Obesidad factor de riesgo para COVID-19 IGSS-1\"  data-caption=\"\"  data-description=\"\">\r\n                                <img decoding=\"async\" src=\"\/wp-content\/uploads\/sites\/5\/2020\/08\/Obesidad-factor-de-riesgo-para-COVID-19-IGSS-1-538x420.jpg\" srcset=\"\/wp-content\/uploads\/sites\/5\/2020\/08\/Obesidad-factor-de-riesgo-para-COVID-19-IGSS-1-538x420.jpg 538w, \/wp-content\/uploads\/sites\/5\/2020\/08\/Obesidad-factor-de-riesgo-para-COVID-19-IGSS-1-300x234.jpg 300w, \/wp-content\/uploads\/sites\/5\/2020\/08\/Obesidad-factor-de-riesgo-para-COVID-19-IGSS-1-768x600.jpg 768w, \/wp-content\/uploads\/sites\/5\/2020\/08\/Obesidad-factor-de-riesgo-para-COVID-19-IGSS-1-1024x800.jpg 1024w, \/wp-content\/uploads\/sites\/5\/2020\/08\/Obesidad-factor-de-riesgo-para-COVID-19-IGSS-1-696x544.jpg 696w, \/wp-content\/uploads\/sites\/5\/2020\/08\/Obesidad-factor-de-riesgo-para-COVID-19-IGSS-1-1068x834.jpg 1068w, \/wp-content\/uploads\/sites\/5\/2020\/08\/Obesidad-factor-de-riesgo-para-COVID-19-IGSS-1-534x417.jpg 534w, \/wp-content\/uploads\/sites\/5\/2020\/08\/Obesidad-factor-de-riesgo-para-COVID-19-IGSS-1.jpg 1280w\" sizes=\"(max-width: 538px) 100vw, 538px\" alt=\"\">\r\n                            <\/a>\r\n                            \r\n                        <\/figure>\r\n                    <\/div>\r\n                    <div class = \"td-slide-item td-item3\">\r\n                        <figure class=\"td-slide-galery-figure td-slide-popup-gallery\">\r\n                            <a class=\"slide-gallery-image-link\" href=\"\/wp-content\/uploads\/sites\/5\/2020\/08\/Obesidad-factor-de-riesgo-para-COVID-19-IGSS-4jpg.jpg\" title=\"Obesidad factor de riesgo para COVID-19 IGSS-4jpg\"  data-caption=\"\"  data-description=\"\">\r\n                                <img decoding=\"async\" src=\"\/wp-content\/uploads\/sites\/5\/2020\/08\/Obesidad-factor-de-riesgo-para-COVID-19-IGSS-4jpg-630x420.jpg\" srcset=\"\/wp-content\/uploads\/sites\/5\/2020\/08\/Obesidad-factor-de-riesgo-para-COVID-19-IGSS-4jpg-630x420.jpg 630w, \/wp-content\/uploads\/sites\/5\/2020\/08\/Obesidad-factor-de-riesgo-para-COVID-19-IGSS-4jpg-300x200.jpg 300w, \/wp-content\/uploads\/sites\/5\/2020\/08\/Obesidad-factor-de-riesgo-para-COVID-19-IGSS-4jpg-768x512.jpg 768w, \/wp-content\/uploads\/sites\/5\/2020\/08\/Obesidad-factor-de-riesgo-para-COVID-19-IGSS-4jpg-1024x682.jpg 1024w, \/wp-content\/uploads\/sites\/5\/2020\/08\/Obesidad-factor-de-riesgo-para-COVID-19-IGSS-4jpg-696x464.jpg 696w, \/wp-content\/uploads\/sites\/5\/2020\/08\/Obesidad-factor-de-riesgo-para-COVID-19-IGSS-4jpg-1068x712.jpg 1068w, \/wp-content\/uploads\/sites\/5\/2020\/08\/Obesidad-factor-de-riesgo-para-COVID-19-IGSS-4jpg-534x356.jpg 534w, \/wp-content\/uploads\/sites\/5\/2020\/08\/Obesidad-factor-de-riesgo-para-COVID-19-IGSS-4jpg.jpg 1280w\" sizes=\"(max-width: 630px) 100vw, 630px\" alt=\"\">\r\n                            <\/a>\r\n                            \r\n                        <\/figure>\r\n                    <\/div>\r\n                            <\/div>\r\n                        <\/div>\r\n\r\n                        <div class = \"td-doubleSlider-2\">\r\n                            <div class = \"td-slider\">\r\n                                \r\n                    <div class = \"td-button td-item1\">\r\n                        <div class = \"td-border\"><\/div>\r\n                    <\/div>\r\n                    <div class = \"td-button td-item2\">\r\n                        <div class = \"td-border\"><\/div>\r\n                    <\/div>\r\n                    <div class = \"td-button td-item3\">\r\n                        <div class = \"td-border\"><\/div>\r\n                    <\/div>\r\n                            <\/div>\r\n                        <\/div>\r\n\r\n                    <\/div>\r\n\r\n                <\/div>\r\n                \n","protected":false},"excerpt":{"rendered":"<p>Los sistemas de salud se mantienen en constante lucha para contrarrestar los decesos a causa del nuevo coronavirus, pues hay personas que seg\u00fan sus padecimientos son m\u00e1s vulnerables ante esta pandemia, entre estas se encuentran las que tienen sobrepeso, explic\u00f3 el doctor C\u00e9sar L\u00f3pez de la Vega, m\u00e9dico especialista asignado a la Unidad de Cardiolog\u00eda [&hellip;]<\/p>\n","protected":false},"author":4,"featured_media":19197,"comment_status":"closed","ping_status":"closed","sticky":false,"template":"","format":"standard","meta":{"footnotes":""},"categories":[3,1130,1170,29],"tags":[1181,1171,919],"coauthors":[881],"class_list":{"0":"post-19196","1":"post","2":"type-post","3":"status-publish","4":"format-standard","5":"has-post-thumbnail","7":"category-actualidad","8":"category-consejos-medicos","9":"category-covid-19","10":"category-publicaciones","11":"tag-igss-notas-covid-19","12":"tag-noticias-covid-19","13":"tag-obesidad"},"_links":{"self":[{"href":"https:\/\/www.igssgt.org\/noticias\/wp-json\/wp\/v2\/posts\/19196","targetHints":{"allow":["GET"]}}],"collection":[{"href":"https:\/\/www.igssgt.org\/noticias\/wp-json\/wp\/v2\/posts"}],"about":[{"href":"https:\/\/www.igssgt.org\/noticias\/wp-json\/wp\/v2\/types\/post"}],"author":[{"embeddable":true,"href":"https:\/\/www.igssgt.org\/noticias\/wp-json\/wp\/v2\/users\/4"}],"replies":[{"embeddable":true,"href":"https:\/\/www.igssgt.org\/noticias\/wp-json\/wp\/v2\/comments?post=19196"}],"version-history":[{"count":2,"href":"https:\/\/www.igssgt.org\/noticias\/wp-json\/wp\/v2\/posts\/19196\/revisions"}],"predecessor-version":[{"id":19202,"href":"https:\/\/www.igssgt.org\/noticias\/wp-json\/wp\/v2\/posts\/19196\/revisions\/19202"}],"wp:featuredmedia":[{"embeddable":true,"href":"https:\/\/www.igssgt.org\/noticias\/wp-json\/wp\/v2\/media\/19197"}],"wp:attachment":[{"href":"https:\/\/www.igssgt.org\/noticias\/wp-json\/wp\/v2\/media?parent=19196"}],"wp:term":[{"taxonomy":"category","embeddable":true,"href":"https:\/\/www.igssgt.org\/noticias\/wp-json\/wp\/v2\/categories?post=19196"},{"taxonomy":"post_tag","embeddable":true,"href":"https:\/\/www.igssgt.org\/noticias\/wp-json\/wp\/v2\/tags?post=19196"},{"taxonomy":"author","embeddable":true,"href":"https:\/\/www.igssgt.org\/noticias\/wp-json\/wp\/v2\/coauthors?post=19196"}],"curies":[{"name":"wp","href":"https:\/\/api.w.org\/{rel}","templated":true}]}}