{"id":19219,"date":"2020-08-27T19:34:24","date_gmt":"2020-08-28T01:34:24","guid":{"rendered":"https:\/\/www.igssgt.org\/noticias\/?p=19219"},"modified":"2020-08-28T12:33:44","modified_gmt":"2020-08-28T18:33:44","slug":"el-seguro-social-brinda-rehabilitacion-a-distancia-en-tiempos-de-covid-19","status":"publish","type":"post","link":"https:\/\/www.igssgt.org\/noticias\/2020\/08\/27\/el-seguro-social-brinda-rehabilitacion-a-distancia-en-tiempos-de-covid-19\/","title":{"rendered":"El Seguro Social brinda rehabilitaci\u00f3n a distancia en tiempos de COVID-19"},"content":{"rendered":"\n<p>Representantes del Instituto Guatemalteco de Seguridad Social (IGSS) participaron en el webinar \u201cLa atenci\u00f3n de la discapacidad y los servicios de rehabilitaci\u00f3n f\u00edsica en la Seguridad Social\u201d, organizado por la Conferencia Interamericana de Seguridad Social (CISS).<\/p>\n<p>En la actividad estuvieron representados M\u00e9xico, Argentina y por Guatemala la doctora Karina Maribel Rodr\u00edguez, directora del Hospital de Rehabilitaci\u00f3n del IGSS, quien abord\u00f3 con el tema la atenci\u00f3n de la discapacidad y los servicios de rehabilitaci\u00f3n f\u00edsica que brinda el Instituto.<\/p>\n<p>La doctora Rodr\u00edguez manifest\u00f3 que el centro asistencial que dirige cuenta con un equipo de profesionales integrado por fisioterapistas, terapistas del lenguaje, psic\u00f3logos y trabajadores sociales, entre otros, quienes tienen una loable actitud de servicio.<\/p>\n<h4><strong>Un reto ante la pandemia<\/strong><\/h4>\n<p>En su intervenci\u00f3n la profesional explic\u00f3 que el IGSS cumple los objetivos de desarrollo sostenible a trav\u00e9s de un plan de trabajo que tiene como base la telerehabilitaci\u00f3n integral durante la pandemia COVID-19.<\/p>\n<p>La implementaci\u00f3n de la telerehabilitaci\u00f3n ha permitido una transici\u00f3n exitosa para estar cerca de la identidad del paciente y su entorno. A trav\u00e9s de este sistema tecnol\u00f3gico se ha rehabilitado a 500 ni\u00f1os y 800 adultos que han mejorado el lenguaje y la comunicaci\u00f3n, dijo la doctora Rodr\u00edguez. De enero hasta la fecha, este hospital ha brindado 20,320 consultas y 332,630 terapias.<\/p>\n<div style=\"width: 696px;\" class=\"wp-video\"><video class=\"wp-video-shortcode\" id=\"video-19219-1\" width=\"696\" height=\"392\" poster=\"\/wp-content\/uploads\/sites\/5\/2020\/08\/Rehabilitacion-video-01-mp4-image.jpg\" preload=\"metadata\" controls=\"controls\"><source type=\"video\/mp4\" src=\"\/wp-content\/uploads\/sites\/5\/2020\/08\/Rehabilitacion-video-01.mp4?_=1\" \/><a href=\"\/wp-content\/uploads\/sites\/5\/2020\/08\/Rehabilitacion-video-01.mp4\">\/wp-content\/uploads\/sites\/5\/2020\/08\/Rehabilitacion-video-01.mp4<\/a><\/video><\/div>\n<p>\u00a0\u00a0<\/p>\n<p>Asimismo, manifest\u00f3 que ante las condiciones que plantea la pandemia se han orientado todas las acciones para dar un seguimiento estrecho al paciente en su rehabilitaci\u00f3n, y agreg\u00f3 que en ese hospital se busca hacer realidad el lema \u201cHospital con alma\u201d. El objetivo es fortalecer a distancia el servicio humanizado, proporcionando esa atenci\u00f3n especializada a las personas con alguna discapacidad f\u00edsica.<\/p>\n<h4><strong>Otros pa\u00edses<\/strong><\/h4>\n<p><img loading=\"lazy\" decoding=\"async\" class=\"aligncenter wp-image-19221 size-large\" src=\"\/wp-content\/uploads\/sites\/5\/2020\/08\/WhatsApp-Image-2020-08-27-at-8.26.49-PM-1024x680.jpeg\" alt=\"\" width=\"696\" height=\"462\" srcset=\"\/wp-content\/uploads\/sites\/5\/2020\/08\/WhatsApp-Image-2020-08-27-at-8.26.49-PM-1024x680.jpeg 1024w, \/wp-content\/uploads\/sites\/5\/2020\/08\/WhatsApp-Image-2020-08-27-at-8.26.49-PM-300x199.jpeg 300w, \/wp-content\/uploads\/sites\/5\/2020\/08\/WhatsApp-Image-2020-08-27-at-8.26.49-PM-768x510.jpeg 768w, \/wp-content\/uploads\/sites\/5\/2020\/08\/WhatsApp-Image-2020-08-27-at-8.26.49-PM-632x420.jpeg 632w, \/wp-content\/uploads\/sites\/5\/2020\/08\/WhatsApp-Image-2020-08-27-at-8.26.49-PM-696x462.jpeg 696w, \/wp-content\/uploads\/sites\/5\/2020\/08\/WhatsApp-Image-2020-08-27-at-8.26.49-PM-1068x709.jpeg 1068w, \/wp-content\/uploads\/sites\/5\/2020\/08\/WhatsApp-Image-2020-08-27-at-8.26.49-PM-534x355.jpeg 534w, \/wp-content\/uploads\/sites\/5\/2020\/08\/WhatsApp-Image-2020-08-27-at-8.26.49-PM.jpeg 1280w\" sizes=\"auto, (max-width: 696px) 100vw, 696px\" \/><\/p>\n<p>Por su parte el doctor Marco Antonio Cubillo, de M\u00e9xico, expuso el tema Modelo de Rehabilitaci\u00f3n Transdisciplinaria y explic\u00f3 que la discapacidad se debe ver de manera integral y multidisciplinaria.<\/p>\n<p>Agreg\u00f3 que el enfoque es una transici\u00f3n disciplinaria y tiene como centro de la rehabilitaci\u00f3n a la persona como ser humano integral. Adem\u00e1s, se establece la discapacidad como un fen\u00f3meno complejo que va m\u00e1s all\u00e1 de un tratamiento o una pr\u00f3tesis.<\/p>\n<p>Ver\u00f3nica L\u00f3pez Rom\u00e1n, del Instituto Mexicano de Seguridad Social (IMSS), expuso acerca de la atenci\u00f3n de la discapacidad y los servicios de rehabilitaci\u00f3n f\u00edsica ofrecidos por el IMSS, detall\u00f3 que cuentan con un registro de 2 millones de personas con discapacidad que son atendidas por especialistas a trav\u00e9s de 188 servicios de rehabilitaci\u00f3n.<\/p>\n<p><strong>Le invitamos a leer:<\/strong> <a href=\"https:\/\/www.igssgt.org\/noticias\/2020\/05\/22\/una-operacion-exitosa-que-permitio-a-asuncion-lopez-volver-a-caminar\/\">Una operaci\u00f3n exitosa que permiti\u00f3 a Asunci\u00f3n L\u00f3pez volver a caminar<\/a><\/p>\n<p>La doctora Nayelli Sosa Anau, odont\u00f3loga y maestra de salud p\u00fablica de M\u00e9xico, habl\u00f3 sobre la estrategia de inclusi\u00f3n comunitaria de las personas con discapacidad y plante\u00f3 los retos actuales.<\/p>\n<p>La doctora Karina Bustos, de Argentina, refiri\u00f3 que a partir de los retos de la pandemia COVID-19 se plantean modelos de telerehabilitaci\u00f3n que permitan estar con el paciente.<\/p>\n<p><strong>Le invitamos a leer:<\/strong> <a href=\"https:\/\/www.igssgt.org\/noticias\/2020\/05\/15\/terapias-de-gimnasia-son-funcionales-para-pacientes-del-igss\/\">Terapias de gimnasia son funcionales para pacientes del IGSS<\/a><\/p>\n<p>La representante de Argentina agreg\u00f3 que la deshumanizaci\u00f3n en el tratamiento de la discapacidad plantea la necesidad de m\u00e9todos de abordaje centrados en la identidad, con un dialogo estrecho entre los profesionales tratantes.<\/p>\n","protected":false},"excerpt":{"rendered":"<p>Representantes del Instituto Guatemalteco de Seguridad Social (IGSS) participaron en el webinar \u201cLa atenci\u00f3n de la discapacidad y los servicios de rehabilitaci\u00f3n f\u00edsica en la Seguridad Social\u201d, organizado por la Conferencia Interamericana de Seguridad Social (CISS). En la actividad estuvieron representados M\u00e9xico, Argentina y por Guatemala la doctora Karina Maribel Rodr\u00edguez, directora del Hospital de [&hellip;]<\/p>\n","protected":false},"author":160,"featured_media":19227,"comment_status":"closed","ping_status":"closed","sticky":false,"template":"","format":"standard","meta":{"footnotes":""},"categories":[3],"tags":[1155,478,490,1181,1171,1231,778],"coauthors":[1041],"class_list":{"0":"post-19219","1":"post","2":"type-post","3":"status-publish","4":"format-standard","5":"has-post-thumbnail","7":"category-actualidad","8":"tag-covid-19","9":"tag-hospital-de-rehabilitacion","10":"tag-igss","11":"tag-igss-notas-covid-19","12":"tag-noticias-covid-19","13":"tag-noticias-igss-2","14":"tag-seguro-social"},"_links":{"self":[{"href":"https:\/\/www.igssgt.org\/noticias\/wp-json\/wp\/v2\/posts\/19219","targetHints":{"allow":["GET"]}}],"collection":[{"href":"https:\/\/www.igssgt.org\/noticias\/wp-json\/wp\/v2\/posts"}],"about":[{"href":"https:\/\/www.igssgt.org\/noticias\/wp-json\/wp\/v2\/types\/post"}],"author":[{"embeddable":true,"href":"https:\/\/www.igssgt.org\/noticias\/wp-json\/wp\/v2\/users\/160"}],"replies":[{"embeddable":true,"href":"https:\/\/www.igssgt.org\/noticias\/wp-json\/wp\/v2\/comments?post=19219"}],"version-history":[{"count":5,"href":"https:\/\/www.igssgt.org\/noticias\/wp-json\/wp\/v2\/posts\/19219\/revisions"}],"predecessor-version":[{"id":19233,"href":"https:\/\/www.igssgt.org\/noticias\/wp-json\/wp\/v2\/posts\/19219\/revisions\/19233"}],"wp:featuredmedia":[{"embeddable":true,"href":"https:\/\/www.igssgt.org\/noticias\/wp-json\/wp\/v2\/media\/19227"}],"wp:attachment":[{"href":"https:\/\/www.igssgt.org\/noticias\/wp-json\/wp\/v2\/media?parent=19219"}],"wp:term":[{"taxonomy":"category","embeddable":true,"href":"https:\/\/www.igssgt.org\/noticias\/wp-json\/wp\/v2\/categories?post=19219"},{"taxonomy":"post_tag","embeddable":true,"href":"https:\/\/www.igssgt.org\/noticias\/wp-json\/wp\/v2\/tags?post=19219"},{"taxonomy":"author","embeddable":true,"href":"https:\/\/www.igssgt.org\/noticias\/wp-json\/wp\/v2\/coauthors?post=19219"}],"curies":[{"name":"wp","href":"https:\/\/api.w.org\/{rel}","templated":true}]}}