{"id":19267,"date":"2020-09-01T14:55:40","date_gmt":"2020-09-01T20:55:40","guid":{"rendered":"https:\/\/www.igssgt.org\/noticias\/?p=19267"},"modified":"2020-09-01T14:55:42","modified_gmt":"2020-09-01T20:55:42","slug":"expertos-de-igss-supervisan-empresas-y-capacitan-a-trabajadores-para-contener-el-covid-19","status":"publish","type":"post","link":"https:\/\/www.igssgt.org\/noticias\/2020\/09\/01\/expertos-de-igss-supervisan-empresas-y-capacitan-a-trabajadores-para-contener-el-covid-19\/","title":{"rendered":"Expertos de IGSS supervisan empresas y capacitan  a trabajadores para contener el COVID-19"},"content":{"rendered":"\n<p>Con el objetivo de contener la pandemia del nuevo coronavirus, personal de la Secci\u00f3n de Seguridad e Higiene y Prevenci\u00f3n de Accidentes est\u00e1 realizando capacitaciones virtuales y presenciales dirigidas a trabajadores de la iniciativa privada como parte de las acciones preventivas ante esta enfermedad.<\/p>\n<p>En esta ocasi\u00f3n los expertos instruyeron a 45 trabajadores de la Asociaci\u00f3n Nacional del Caf\u00e9 (Anacaf\u00e9), entre monitores y miembros\u00a0 del Comit\u00e9 Bipartito de Salud y Seguridad Ocupacional de las diferentes sedes del pa\u00eds.<\/p>\n<p>Lo que se busca es prevenir el contagio y que las empresas cumplan con el \u00a0Acuerdo Gubernativo 229-2014, Reglamento de Salud y Seguridad Ocupacional y del Acuerdo Gubernativo 79-2020, Normas Complementarias al Reglamento de Salud y Seguridad Ocupacional. Es necesario que se apeguen a los contenidos para as\u00ed contar con los espacios de trabajo seguros tanto para el\u00a0 personal como para los visitantes.<\/p>\n<p>Entre los principales temas abordados durante esta capacitaci\u00f3n est\u00e1n los contenidos de la Normativa de Salud y Seguridad Ocupacional vigente en el pa\u00eds, que rige a los comit\u00e9s y fiscaliza a \u00a0los monitores de salud, y las funciones del Comit\u00e9 Bipartito de Salud y Seguridad Ocupacional en el contexto del COVID-19, explic\u00f3 la inspectora Mar\u00eda Mercedes Colindres.<\/p>\n<p><strong>Le invitamos a leer:<\/strong> <a href=\"https:\/\/www.igssgt.org\/noticias\/2020\/07\/07\/el-igss-implementara-la-guia-de-identificacion-de-riesgos-laborales-por-covid-19\/\">El IGSS implementa la Gu\u00eda de Identificaci\u00f3n de Riesgos Laborales por COVID-19<\/a><\/p>\n<p>\u201cLa capacitaci\u00f3n tambi\u00e9n es para concientizar que tengan claro que todas las organizaciones de salud que hay en las empresas deben saber cu\u00e1les \u00a0son sus principales funciones y obligaciones, tanto en contexto de la pandemia como fuera de esta, pues tienen una responsabilidad con la Salud y Seguridad Ocupacional la cual deben cumplir\u201d, dijo Colindres.<\/p>\n<p><strong>Distanciamiento f\u00edsico<\/strong><\/p>\n<p>Cuando se trata de capacitaciones presenciales estas se realizan bajo las estrictas medidas de prevenci\u00f3n e higiene, como el distanciamiento f\u00edsico. Esta actividad se desarroll\u00f3 en un sal\u00f3n con capacidad para 300 personas, pero debieron asistir f\u00edsicamente 20 mientras que 25 m\u00e1s lo hicieron de forma virtual a trav\u00e9s de la plataforma de Anacaf\u00e9.<\/p>\n<figure id=\"attachment_19268\" aria-describedby=\"caption-attachment-19268\" style=\"width: 696px\" class=\"wp-caption aligncenter\"><img loading=\"lazy\" decoding=\"async\" class=\"wp-image-19268 size-large\" src=\"\/wp-content\/uploads\/sites\/5\/2020\/09\/WhatsApp-Image-2020-09-01-at-2.09.16-PM-1024x576.jpeg\" alt=\"\" width=\"696\" height=\"392\" srcset=\"\/wp-content\/uploads\/sites\/5\/2020\/09\/WhatsApp-Image-2020-09-01-at-2.09.16-PM-1024x576.jpeg 1024w, \/wp-content\/uploads\/sites\/5\/2020\/09\/WhatsApp-Image-2020-09-01-at-2.09.16-PM-300x169.jpeg 300w, \/wp-content\/uploads\/sites\/5\/2020\/09\/WhatsApp-Image-2020-09-01-at-2.09.16-PM-768x432.jpeg 768w, \/wp-content\/uploads\/sites\/5\/2020\/09\/WhatsApp-Image-2020-09-01-at-2.09.16-PM-747x420.jpeg 747w, \/wp-content\/uploads\/sites\/5\/2020\/09\/WhatsApp-Image-2020-09-01-at-2.09.16-PM-696x392.jpeg 696w, \/wp-content\/uploads\/sites\/5\/2020\/09\/WhatsApp-Image-2020-09-01-at-2.09.16-PM-1068x601.jpeg 1068w, \/wp-content\/uploads\/sites\/5\/2020\/09\/WhatsApp-Image-2020-09-01-at-2.09.16-PM-534x300.jpeg 534w, \/wp-content\/uploads\/sites\/5\/2020\/09\/WhatsApp-Image-2020-09-01-at-2.09.16-PM.jpeg 1152w\" sizes=\"auto, (max-width: 696px) 100vw, 696px\" \/><figcaption id=\"caption-attachment-19268\" class=\"wp-caption-text\">El doctor Mynor Mej\u00eda, jefe de la Secci\u00f3n de Seguridad e Higiene y Prevenci\u00f3n de Accidentes, imparte capacitaci\u00f3n en Anacaf\u00e9.<\/figcaption><\/figure>\n<p>Las empresas que est\u00e9n interesadas en estas charlas pueden solicitarlas a trav\u00e9s de la plataforma Zoom; adem\u00e1s, quienes deseen pl\u00e1ticas presenciales pueden comunicarse al tel\u00e9fono 1522, extensiones 83064 y 82962.<\/p>\n<p><strong>Le invitamos a leer:<\/strong> <a href=\"https:\/\/www.igssgt.org\/noticias\/2020\/07\/21\/el-seguro-social-inicia-jornada-de-vacunacion-en-empresas-afiliadas\/\">El Seguro Social inicia jornada de vacunaci\u00f3n en empresas afiliadas<\/a><\/p>\n<p>\u00a0<\/p>\n","protected":false},"excerpt":{"rendered":"<p>Con el objetivo de contener la pandemia del nuevo coronavirus, personal de la Secci\u00f3n de Seguridad e Higiene y Prevenci\u00f3n de Accidentes est\u00e1 realizando capacitaciones virtuales y presenciales dirigidas a trabajadores de la iniciativa privada como parte de las acciones preventivas ante esta enfermedad. En esta ocasi\u00f3n los expertos instruyeron a 45 trabajadores de la [&hellip;]<\/p>\n","protected":false},"author":160,"featured_media":19269,"comment_status":"closed","ping_status":"closed","sticky":false,"template":"","format":"standard","meta":{"footnotes":""},"categories":[3],"tags":[63,458,1181,1171,1250],"coauthors":[1041],"class_list":{"0":"post-19267","1":"post","2":"type-post","3":"status-publish","4":"format-standard","5":"has-post-thumbnail","7":"category-actualidad","8":"tag-noticias-del-igss","9":"tag-guatemala","10":"tag-igss-notas-covid-19","11":"tag-noticias-covid-19","12":"tag-seccion-de-seguridad-e-higiene-y-prevencion-de-accidentes"},"_links":{"self":[{"href":"https:\/\/www.igssgt.org\/noticias\/wp-json\/wp\/v2\/posts\/19267","targetHints":{"allow":["GET"]}}],"collection":[{"href":"https:\/\/www.igssgt.org\/noticias\/wp-json\/wp\/v2\/posts"}],"about":[{"href":"https:\/\/www.igssgt.org\/noticias\/wp-json\/wp\/v2\/types\/post"}],"author":[{"embeddable":true,"href":"https:\/\/www.igssgt.org\/noticias\/wp-json\/wp\/v2\/users\/160"}],"replies":[{"embeddable":true,"href":"https:\/\/www.igssgt.org\/noticias\/wp-json\/wp\/v2\/comments?post=19267"}],"version-history":[{"count":1,"href":"https:\/\/www.igssgt.org\/noticias\/wp-json\/wp\/v2\/posts\/19267\/revisions"}],"predecessor-version":[{"id":19270,"href":"https:\/\/www.igssgt.org\/noticias\/wp-json\/wp\/v2\/posts\/19267\/revisions\/19270"}],"wp:featuredmedia":[{"embeddable":true,"href":"https:\/\/www.igssgt.org\/noticias\/wp-json\/wp\/v2\/media\/19269"}],"wp:attachment":[{"href":"https:\/\/www.igssgt.org\/noticias\/wp-json\/wp\/v2\/media?parent=19267"}],"wp:term":[{"taxonomy":"category","embeddable":true,"href":"https:\/\/www.igssgt.org\/noticias\/wp-json\/wp\/v2\/categories?post=19267"},{"taxonomy":"post_tag","embeddable":true,"href":"https:\/\/www.igssgt.org\/noticias\/wp-json\/wp\/v2\/tags?post=19267"},{"taxonomy":"author","embeddable":true,"href":"https:\/\/www.igssgt.org\/noticias\/wp-json\/wp\/v2\/coauthors?post=19267"}],"curies":[{"name":"wp","href":"https:\/\/api.w.org\/{rel}","templated":true}]}}