{"id":19665,"date":"2020-09-28T15:28:56","date_gmt":"2020-09-28T21:28:56","guid":{"rendered":"https:\/\/www.igssgt.org\/noticias\/?p=19665"},"modified":"2020-09-28T15:35:49","modified_gmt":"2020-09-28T21:35:49","slug":"seguros-sociales-de-la-region-proponen-estrategias-para-beneficiar-a-derechohabientes","status":"publish","type":"post","link":"https:\/\/www.igssgt.org\/noticias\/2020\/09\/28\/seguros-sociales-de-la-region-proponen-estrategias-para-beneficiar-a-derechohabientes\/","title":{"rendered":"Seguros Sociales de la regi\u00f3n proponen estrategias para beneficiar a derechohabientes"},"content":{"rendered":"\n<p>Representantes de la Conferencia Interamericana de Seguridad Social (CISS) sostuvieron una reuni\u00f3n con el objetivo de crear estrategias encaminadas a reforzar las econom\u00edas de los Seguros Sociales de Centroam\u00e9rica para brindar cobertura \u00a0a los derechohabientes durante la pandemia del COVID-19.<\/p>\n<p>Estas conversaciones continuar\u00e1n en los meses de septiembre y octubre, inform\u00f3 el licenciado Francisco Lemus, director de Cooperaci\u00f3n y Relaciones Internacionales del Instituto Guatemalteco de Seguridad Social (IGSS).<\/p>\n<div style=\"width: 696px;\" class=\"wp-video\"><video class=\"wp-video-shortcode\" id=\"video-19665-1\" width=\"696\" height=\"394\" preload=\"metadata\" controls=\"controls\"><source type=\"video\/mp4\" src=\"\/wp-content\/uploads\/sites\/5\/2020\/09\/video-final.mp4?_=1\" \/><a href=\"\/wp-content\/uploads\/sites\/5\/2020\/09\/video-final.mp4\">\/wp-content\/uploads\/sites\/5\/2020\/09\/video-final.mp4<\/a><\/video><\/div>\n<p>Lemus destac\u00f3 la importancia de estas reuniones de trabajo interinstitucional de del sector estatal as\u00ed como del sector privado en el tema de pensiones y prestaciones pecuniarias.<\/p>\n\r\n                <style type=\"text\/css\">\r\n                    \r\n                    #tdi_1  .td-doubleSlider-2 .td-item1 {\r\n                        background: url(\/wp-content\/uploads\/sites\/5\/2020\/09\/WhatsApp-Image-2020-09-28-at-12.07.06-PM-80x60.jpeg) 0 0 no-repeat;\r\n                    }\r\n                    #tdi_1  .td-doubleSlider-2 .td-item2 {\r\n                        background: url(\/wp-content\/uploads\/sites\/5\/2020\/09\/WhatsApp-Image-2020-09-28-at-11.09.05-AM-80x60.jpeg) 0 0 no-repeat;\r\n                    }\r\n                    #tdi_1  .td-doubleSlider-2 .td-item3 {\r\n                        background: url(\/wp-content\/uploads\/sites\/5\/2020\/09\/WhatsApp-Image-2020-09-28-at-11.09.05-AM-2-80x60.jpeg) 0 0 no-repeat;\r\n                    }\r\n                    #tdi_1  .td-doubleSlider-2 .td-item4 {\r\n                        background: url(\/wp-content\/uploads\/sites\/5\/2020\/09\/WhatsApp-Image-2020-09-28-at-12.07.07-PM-80x60.jpeg) 0 0 no-repeat;\r\n                    }\r\n                <\/style>\r\n\r\n                <div id=\"tdi_1\" class=\"td-gallery td-slide-on-2-columns\">\r\n                    <div class=\"post_td_gallery\">\r\n                        <div class=\"td-gallery-slide-top\">\r\n                           <div class=\"td-gallery-title\"><\/div>\r\n\r\n                            <div class=\"td-gallery-controls-wrapper\">\r\n                                <div class=\"td-gallery-slide-count\"><span class=\"td-gallery-slide-item-focus\">1<\/span> de 4<\/div>\r\n                                <div class=\"td-gallery-slide-prev-next-but\">\r\n                                    <i class = \"td-icon-left doubleSliderPrevButton\"><\/i>\r\n                                    <i class = \"td-icon-right doubleSliderNextButton\"><\/i>\r\n                                <\/div>\r\n                            <\/div>\r\n                        <\/div>\r\n\r\n                        <div class = \"td-doubleSlider-1 \">\r\n                            <div class = \"td-slider\">\r\n                                \r\n                    <div class = \"td-slide-item td-item1\">\r\n                        <figure class=\"td-slide-galery-figure td-slide-popup-gallery\">\r\n                            <a class=\"slide-gallery-image-link\" href=\"\/wp-content\/uploads\/sites\/5\/2020\/09\/WhatsApp-Image-2020-09-28-at-12.07.06-PM.jpeg\" title=\"WhatsApp Image 2020-09-28 at 12.07.06 PM\"  data-caption=\"\"  data-description=\"\">\r\n                                <img decoding=\"async\" src=\"\/wp-content\/uploads\/sites\/5\/2020\/09\/WhatsApp-Image-2020-09-28-at-12.07.06-PM-603x420.jpeg\" srcset=\"\/wp-content\/uploads\/sites\/5\/2020\/09\/WhatsApp-Image-2020-09-28-at-12.07.06-PM-603x420.jpeg 603w, \/wp-content\/uploads\/sites\/5\/2020\/09\/WhatsApp-Image-2020-09-28-at-12.07.06-PM-300x209.jpeg 300w, \/wp-content\/uploads\/sites\/5\/2020\/09\/WhatsApp-Image-2020-09-28-at-12.07.06-PM-768x535.jpeg 768w, \/wp-content\/uploads\/sites\/5\/2020\/09\/WhatsApp-Image-2020-09-28-at-12.07.06-PM-1024x713.jpeg 1024w, \/wp-content\/uploads\/sites\/5\/2020\/09\/WhatsApp-Image-2020-09-28-at-12.07.06-PM-696x484.jpeg 696w, \/wp-content\/uploads\/sites\/5\/2020\/09\/WhatsApp-Image-2020-09-28-at-12.07.06-PM-1068x743.jpeg 1068w, \/wp-content\/uploads\/sites\/5\/2020\/09\/WhatsApp-Image-2020-09-28-at-12.07.06-PM-100x70.jpeg 100w, \/wp-content\/uploads\/sites\/5\/2020\/09\/WhatsApp-Image-2020-09-28-at-12.07.06-PM-534x372.jpeg 534w, \/wp-content\/uploads\/sites\/5\/2020\/09\/WhatsApp-Image-2020-09-28-at-12.07.06-PM.jpeg 1280w\" sizes=\"(max-width: 603px) 100vw, 603px\" alt=\"\">\r\n                            <\/a>\r\n                            \r\n                        <\/figure>\r\n                    <\/div>\r\n                    <div class = \"td-slide-item td-item2\">\r\n                        <figure class=\"td-slide-galery-figure td-slide-popup-gallery\">\r\n                            <a class=\"slide-gallery-image-link\" href=\"\/wp-content\/uploads\/sites\/5\/2020\/09\/WhatsApp-Image-2020-09-28-at-11.09.05-AM.jpeg\" title=\"WhatsApp Image 2020-09-28 at 11.09.05 AM\"  data-caption=\"\"  data-description=\"\">\r\n                                <img decoding=\"async\" src=\"\/wp-content\/uploads\/sites\/5\/2020\/09\/WhatsApp-Image-2020-09-28-at-11.09.05-AM-630x420.jpeg\" srcset=\"\/wp-content\/uploads\/sites\/5\/2020\/09\/WhatsApp-Image-2020-09-28-at-11.09.05-AM-630x420.jpeg 630w, \/wp-content\/uploads\/sites\/5\/2020\/09\/WhatsApp-Image-2020-09-28-at-11.09.05-AM-300x200.jpeg 300w, \/wp-content\/uploads\/sites\/5\/2020\/09\/WhatsApp-Image-2020-09-28-at-11.09.05-AM-768x512.jpeg 768w, \/wp-content\/uploads\/sites\/5\/2020\/09\/WhatsApp-Image-2020-09-28-at-11.09.05-AM-1024x682.jpeg 1024w, \/wp-content\/uploads\/sites\/5\/2020\/09\/WhatsApp-Image-2020-09-28-at-11.09.05-AM-696x464.jpeg 696w, \/wp-content\/uploads\/sites\/5\/2020\/09\/WhatsApp-Image-2020-09-28-at-11.09.05-AM-1068x712.jpeg 1068w, \/wp-content\/uploads\/sites\/5\/2020\/09\/WhatsApp-Image-2020-09-28-at-11.09.05-AM-534x356.jpeg 534w, \/wp-content\/uploads\/sites\/5\/2020\/09\/WhatsApp-Image-2020-09-28-at-11.09.05-AM.jpeg 1280w\" sizes=\"(max-width: 630px) 100vw, 630px\" alt=\"\">\r\n                            <\/a>\r\n                            \r\n                        <\/figure>\r\n                    <\/div>\r\n                    <div class = \"td-slide-item td-item3\">\r\n                        <figure class=\"td-slide-galery-figure td-slide-popup-gallery\">\r\n                            <a class=\"slide-gallery-image-link\" href=\"\/wp-content\/uploads\/sites\/5\/2020\/09\/WhatsApp-Image-2020-09-28-at-11.09.05-AM-2.jpeg\" title=\"WhatsApp Image 2020-09-28 at 11.09.05 AM (2)\"  data-caption=\"\"  data-description=\"\">\r\n                                <img decoding=\"async\" src=\"\/wp-content\/uploads\/sites\/5\/2020\/09\/WhatsApp-Image-2020-09-28-at-11.09.05-AM-2-700x420.jpeg\" srcset=\"\/wp-content\/uploads\/sites\/5\/2020\/09\/WhatsApp-Image-2020-09-28-at-11.09.05-AM-2-700x420.jpeg 700w, \/wp-content\/uploads\/sites\/5\/2020\/09\/WhatsApp-Image-2020-09-28-at-11.09.05-AM-2-300x180.jpeg 300w, \/wp-content\/uploads\/sites\/5\/2020\/09\/WhatsApp-Image-2020-09-28-at-11.09.05-AM-2-768x461.jpeg 768w, \/wp-content\/uploads\/sites\/5\/2020\/09\/WhatsApp-Image-2020-09-28-at-11.09.05-AM-2-1024x614.jpeg 1024w, \/wp-content\/uploads\/sites\/5\/2020\/09\/WhatsApp-Image-2020-09-28-at-11.09.05-AM-2-696x418.jpeg 696w, \/wp-content\/uploads\/sites\/5\/2020\/09\/WhatsApp-Image-2020-09-28-at-11.09.05-AM-2-1068x641.jpeg 1068w, \/wp-content\/uploads\/sites\/5\/2020\/09\/WhatsApp-Image-2020-09-28-at-11.09.05-AM-2-534x320.jpeg 534w, \/wp-content\/uploads\/sites\/5\/2020\/09\/WhatsApp-Image-2020-09-28-at-11.09.05-AM-2.jpeg 1280w\" sizes=\"(max-width: 700px) 100vw, 700px\" alt=\"\">\r\n                            <\/a>\r\n                            \r\n                        <\/figure>\r\n                    <\/div>\r\n                    <div class = \"td-slide-item td-item4\">\r\n                        <figure class=\"td-slide-galery-figure td-slide-popup-gallery\">\r\n                            <a class=\"slide-gallery-image-link\" href=\"\/wp-content\/uploads\/sites\/5\/2020\/09\/WhatsApp-Image-2020-09-28-at-12.07.07-PM.jpeg\" title=\"WhatsApp Image 2020-09-28 at 12.07.07 PM\"  data-caption=\"\"  data-description=\"\">\r\n                                <img decoding=\"async\" src=\"\/wp-content\/uploads\/sites\/5\/2020\/09\/WhatsApp-Image-2020-09-28-at-12.07.07-PM-600x420.jpeg\" srcset=\"\/wp-content\/uploads\/sites\/5\/2020\/09\/WhatsApp-Image-2020-09-28-at-12.07.07-PM-600x420.jpeg 600w, \/wp-content\/uploads\/sites\/5\/2020\/09\/WhatsApp-Image-2020-09-28-at-12.07.07-PM-300x210.jpeg 300w, \/wp-content\/uploads\/sites\/5\/2020\/09\/WhatsApp-Image-2020-09-28-at-12.07.07-PM-768x538.jpeg 768w, \/wp-content\/uploads\/sites\/5\/2020\/09\/WhatsApp-Image-2020-09-28-at-12.07.07-PM-1024x717.jpeg 1024w, \/wp-content\/uploads\/sites\/5\/2020\/09\/WhatsApp-Image-2020-09-28-at-12.07.07-PM-696x487.jpeg 696w, \/wp-content\/uploads\/sites\/5\/2020\/09\/WhatsApp-Image-2020-09-28-at-12.07.07-PM-1068x748.jpeg 1068w, \/wp-content\/uploads\/sites\/5\/2020\/09\/WhatsApp-Image-2020-09-28-at-12.07.07-PM-100x70.jpeg 100w, \/wp-content\/uploads\/sites\/5\/2020\/09\/WhatsApp-Image-2020-09-28-at-12.07.07-PM-534x374.jpeg 534w, \/wp-content\/uploads\/sites\/5\/2020\/09\/WhatsApp-Image-2020-09-28-at-12.07.07-PM.jpeg 1280w\" sizes=\"(max-width: 600px) 100vw, 600px\" alt=\"\">\r\n                            <\/a>\r\n                            \r\n                        <\/figure>\r\n                    <\/div>\r\n                            <\/div>\r\n                        <\/div>\r\n\r\n                        <div class = \"td-doubleSlider-2\">\r\n                            <div class = \"td-slider\">\r\n                                \r\n                    <div class = \"td-button td-item1\">\r\n                        <div class = \"td-border\"><\/div>\r\n                    <\/div>\r\n                    <div class = \"td-button td-item2\">\r\n                        <div class = \"td-border\"><\/div>\r\n                    <\/div>\r\n                    <div class = \"td-button td-item3\">\r\n                        <div class = \"td-border\"><\/div>\r\n                    <\/div>\r\n                    <div class = \"td-button td-item4\">\r\n                        <div class = \"td-border\"><\/div>\r\n                    <\/div>\r\n                            <\/div>\r\n                        <\/div>\r\n\r\n                    <\/div>\r\n\r\n                <\/div>\r\n                \n<p>\u201cLas prioridades para la pr\u00f3xima reuni\u00f3n de trabajo es a ra\u00edz de la situaci\u00f3n actual, para ver el financiamiento de la seguridad social, el cual es un tema estructural, pues sin ello se complica la atenci\u00f3n de la demanda ya que empresas han cerrado a causa de la emergencia sanitaria, lo que ha generado desempleo que impacta en el pago de las pensiones\u201d, explic\u00f3 el experto.<\/p>\n<p><strong>Le invitamos a leer:<\/strong>\u00a0<a href=\"https:\/\/www.igssgt.org\/noticias\/2019\/09\/20\/el-igss-obtiene-la-vicepresidencia-del-ciss-para-el-periodo-2020\/\">El IGSS obtiene la Vicepresidencia del CISS para el periodo 2020<\/a><\/p>\n<p>El licenciado Lemus concluy\u00f3 que la CISS tiene el inter\u00e9s de fortalecer las capacidades de los Seguros Sociales con la realizaci\u00f3n de mesas de trabajo, adem\u00e1s de discutir los temas de salud como la atenci\u00f3n a pacientes contagiados de COVID-19.<\/p>\n<p><strong>Le invitamos a leer:<\/strong> <a href=\"https:\/\/www.igssgt.org\/noticias\/2020\/08\/27\/el-seguro-social-brinda-rehabilitacion-a-distancia-en-tiempos-de-covid-19\/\">El Seguro Social brinda rehabilitaci\u00f3n a distancia en tiempos de COVID-19<\/a><\/p>\n\n\n\n<p><\/p>\n","protected":false},"excerpt":{"rendered":"<p>Representantes de la Conferencia Interamericana de Seguridad Social (CISS) sostuvieron una reuni\u00f3n con el objetivo de crear estrategias encaminadas a reforzar las econom\u00edas de los Seguros Sociales de Centroam\u00e9rica para brindar cobertura \u00a0a los derechohabientes durante la pandemia del COVID-19. Estas conversaciones continuar\u00e1n en los meses de septiembre y octubre, inform\u00f3 el licenciado Francisco Lemus, [&hellip;]<\/p>\n","protected":false},"author":160,"featured_media":19666,"comment_status":"closed","ping_status":"closed","sticky":false,"template":"","format":"standard","meta":{"footnotes":""},"categories":[3],"tags":[1155,490,1181,1171],"coauthors":[1041],"class_list":{"0":"post-19665","1":"post","2":"type-post","3":"status-publish","4":"format-standard","5":"has-post-thumbnail","7":"category-actualidad","8":"tag-covid-19","9":"tag-igss","10":"tag-igss-notas-covid-19","11":"tag-noticias-covid-19"},"_links":{"self":[{"href":"https:\/\/www.igssgt.org\/noticias\/wp-json\/wp\/v2\/posts\/19665","targetHints":{"allow":["GET"]}}],"collection":[{"href":"https:\/\/www.igssgt.org\/noticias\/wp-json\/wp\/v2\/posts"}],"about":[{"href":"https:\/\/www.igssgt.org\/noticias\/wp-json\/wp\/v2\/types\/post"}],"author":[{"embeddable":true,"href":"https:\/\/www.igssgt.org\/noticias\/wp-json\/wp\/v2\/users\/160"}],"replies":[{"embeddable":true,"href":"https:\/\/www.igssgt.org\/noticias\/wp-json\/wp\/v2\/comments?post=19665"}],"version-history":[{"count":3,"href":"https:\/\/www.igssgt.org\/noticias\/wp-json\/wp\/v2\/posts\/19665\/revisions"}],"predecessor-version":[{"id":19674,"href":"https:\/\/www.igssgt.org\/noticias\/wp-json\/wp\/v2\/posts\/19665\/revisions\/19674"}],"wp:featuredmedia":[{"embeddable":true,"href":"https:\/\/www.igssgt.org\/noticias\/wp-json\/wp\/v2\/media\/19666"}],"wp:attachment":[{"href":"https:\/\/www.igssgt.org\/noticias\/wp-json\/wp\/v2\/media?parent=19665"}],"wp:term":[{"taxonomy":"category","embeddable":true,"href":"https:\/\/www.igssgt.org\/noticias\/wp-json\/wp\/v2\/categories?post=19665"},{"taxonomy":"post_tag","embeddable":true,"href":"https:\/\/www.igssgt.org\/noticias\/wp-json\/wp\/v2\/tags?post=19665"},{"taxonomy":"author","embeddable":true,"href":"https:\/\/www.igssgt.org\/noticias\/wp-json\/wp\/v2\/coauthors?post=19665"}],"curies":[{"name":"wp","href":"https:\/\/api.w.org\/{rel}","templated":true}]}}