{"id":19772,"date":"2020-10-08T13:29:36","date_gmt":"2020-10-08T19:29:36","guid":{"rendered":"https:\/\/www.igssgt.org\/noticias\/?p=19772"},"modified":"2020-10-08T14:02:01","modified_gmt":"2020-10-08T20:02:01","slug":"dia-mundial-de-la-vision-prevenga-enfermedades-oculares","status":"publish","type":"post","link":"https:\/\/www.igssgt.org\/noticias\/2020\/10\/08\/dia-mundial-de-la-vision-prevenga-enfermedades-oculares\/","title":{"rendered":"D\u00eda Mundial de la Visi\u00f3n, prevenga enfermedades oculares"},"content":{"rendered":"\n<p>El D\u00eda Mundial de la Visi\u00f3n se conmemora cada 8 de octubre, el IGSS hace un llamado a todas las personas comprendidas entre los 20 y 40 a\u00f1os para que acudan al oftalm\u00f3logo al menos una vez al a\u00f1o, mientras que los mayores de 40 deben acudir al especialista de manera m\u00e1s frecuente para cuidar la vista ante las afecciones de la vista que pueden causar ceguera, inform\u00f3 el doctor Carlos Ra\u00fal Chinchilla Segura, jefe de servicios m\u00e9dicos de oftalmolog\u00eda del Hospital General de Accidentes \u201cCeibal\u201d, zona 4 de Mixco.<\/p>\n<p>El especialista indic\u00f3 que existen males como los problemas de visi\u00f3n cercana y lejana, astigmatismo, hipermetrop\u00eda, cataratas, retinopat\u00eda y el glaucoma, que se pueden detectar a tiempo para evitar complicaciones en la visi\u00f3n.\u00a0 Adem\u00e1s, \u00a0los diab\u00e9ticos, hipertensos y con artritis reumatoide deben realizar chequeos de forma constante, pues estas enfermedades generan procesos degenerativos de la vista.<\/p>\n<p><img loading=\"lazy\" decoding=\"async\" class=\" wp-image-19775 alignright\" src=\"\/wp-content\/uploads\/sites\/5\/2020\/10\/Dia-Mundial-de-la-Vision-IGSS-2020-3.jpg\" alt=\"\" width=\"280\" height=\"280\" srcset=\"\/wp-content\/uploads\/sites\/5\/2020\/10\/Dia-Mundial-de-la-Vision-IGSS-2020-3.jpg 1280w, \/wp-content\/uploads\/sites\/5\/2020\/10\/Dia-Mundial-de-la-Vision-IGSS-2020-3-150x150.jpg 150w, \/wp-content\/uploads\/sites\/5\/2020\/10\/Dia-Mundial-de-la-Vision-IGSS-2020-3-300x300.jpg 300w, \/wp-content\/uploads\/sites\/5\/2020\/10\/Dia-Mundial-de-la-Vision-IGSS-2020-3-768x768.jpg 768w, \/wp-content\/uploads\/sites\/5\/2020\/10\/Dia-Mundial-de-la-Vision-IGSS-2020-3-1024x1024.jpg 1024w, \/wp-content\/uploads\/sites\/5\/2020\/10\/Dia-Mundial-de-la-Vision-IGSS-2020-3-420x420.jpg 420w, \/wp-content\/uploads\/sites\/5\/2020\/10\/Dia-Mundial-de-la-Vision-IGSS-2020-3-696x696.jpg 696w, \/wp-content\/uploads\/sites\/5\/2020\/10\/Dia-Mundial-de-la-Vision-IGSS-2020-3-1068x1068.jpg 1068w, \/wp-content\/uploads\/sites\/5\/2020\/10\/Dia-Mundial-de-la-Vision-IGSS-2020-3-462x462.jpg 462w\" sizes=\"auto, (max-width: 280px) 100vw, 280px\" \/>\u201cEs importante que tanto los derechohabientes como el p\u00fablico en general acudan con el oftalm\u00f3logo para asegurarse de gozar de una buena salud visual en el desarrollo de sus actividades diarias,\u00a0 sin embargo es com\u00fan que las personas en algunos casos lo dejen para \u00faltima hora, pues acuden cuando \u00a0la enfermedad est\u00e1 avanzada.\u00a0 Hay que tener en cuenta que no se debe automedicar o visitar m\u00e9dico general o farmac\u00e9utico, sino a un especialista\u201d, enfatiz\u00f3 el entrevistado.<\/p>\n<h4><strong>Cuidado con el glaucoma <\/strong><\/h4>\n<p>El galeno Chinchilla Segura hizo hincapi\u00e9 en que el glaucoma causa da\u00f1os en la fibras nerviosas \u00f3pticas y esto puede causar la p\u00e9rdida total de la visi\u00f3n, pero hay m\u00e9todos para evitarlo, como procedimiento con l\u00e1ser o medicamentos.<\/p>\n<p>Seg\u00fan datos de la Organizaci\u00f3n Mundial de la Salud, en el mundo hay aproximadamente 180 millones de personas con alg\u00fan tipo de discapacidad visual, de estas, aproximadamente 43 millones son totalmente ciegas.<\/p>\n<p>Se estima que este a\u00f1o estos n\u00fameros se duplicar\u00e1n, adem\u00e1s estudios recientes demuestran que el 80% de los casos de ceguera que existen actualmente pod\u00edan haberse prevenido e incluso curado totalmente.<\/p>\n\r\n                <style type=\"text\/css\">\r\n                    \r\n                    #tdi_1  .td-doubleSlider-2 .td-item1 {\r\n                        background: url(\/wp-content\/uploads\/sites\/5\/2020\/10\/Dia-Mundial-de-la-Vision-IGSS-2020-2-80x60.jpg) 0 0 no-repeat;\r\n                    }\r\n                    #tdi_1  .td-doubleSlider-2 .td-item2 {\r\n                        background: url(\/wp-content\/uploads\/sites\/5\/2020\/10\/Dia-Mundial-de-la-Vision-IGSS-2020-6-80x60.jpg) 0 0 no-repeat;\r\n                    }\r\n                    #tdi_1  .td-doubleSlider-2 .td-item3 {\r\n                        background: url(\/wp-content\/uploads\/sites\/5\/2020\/10\/Dia-Mundial-de-la-Vision-IGSS-2020-3-80x60.jpg) 0 0 no-repeat;\r\n                    }\r\n                    #tdi_1  .td-doubleSlider-2 .td-item4 {\r\n                        background: url(\/wp-content\/uploads\/sites\/5\/2020\/10\/Dia-Mundial-de-la-Vision-IGSS-2020-1-80x60.jpg) 0 0 no-repeat;\r\n                    }\r\n                    #tdi_1  .td-doubleSlider-2 .td-item5 {\r\n                        background: url(\/wp-content\/uploads\/sites\/5\/2020\/10\/Dia-Mundial-de-la-Vision-IGSS-2020-5-80x60.jpg) 0 0 no-repeat;\r\n                    }\r\n                    #tdi_1  .td-doubleSlider-2 .td-item6 {\r\n                        background: url(\/wp-content\/uploads\/sites\/5\/2020\/01\/oftalmologia-IGSS-2020-6-80x60.jpg) 0 0 no-repeat;\r\n                    }\r\n                <\/style>\r\n\r\n                <div id=\"tdi_1\" class=\"td-gallery td-slide-on-2-columns\">\r\n                    <div class=\"post_td_gallery\">\r\n                        <div class=\"td-gallery-slide-top\">\r\n                           <div class=\"td-gallery-title\">Galer\u00eda de Im\u00e1genes<\/div>\r\n\r\n                            <div class=\"td-gallery-controls-wrapper\">\r\n                                <div class=\"td-gallery-slide-count\"><span class=\"td-gallery-slide-item-focus\">1<\/span> de 6<\/div>\r\n                                <div class=\"td-gallery-slide-prev-next-but\">\r\n                                    <i class = \"td-icon-left doubleSliderPrevButton\"><\/i>\r\n                                    <i class = \"td-icon-right doubleSliderNextButton\"><\/i>\r\n                                <\/div>\r\n                            <\/div>\r\n                        <\/div>\r\n\r\n                        <div class = \"td-doubleSlider-1 \">\r\n                            <div class = \"td-slider\">\r\n                                \r\n                    <div class = \"td-slide-item td-item1\">\r\n                        <figure class=\"td-slide-galery-figure td-slide-popup-gallery\">\r\n                            <a class=\"slide-gallery-image-link\" href=\"\/wp-content\/uploads\/sites\/5\/2020\/10\/Dia-Mundial-de-la-Vision-IGSS-2020-2.jpg\" title=\"Dia Mundial de la Vision IGSS 2020-2\"  data-caption=\"\"  data-description=\"\">\r\n                                <img decoding=\"async\" src=\"\/wp-content\/uploads\/sites\/5\/2020\/10\/Dia-Mundial-de-la-Vision-IGSS-2020-2-629x420.jpg\" srcset=\"\/wp-content\/uploads\/sites\/5\/2020\/10\/Dia-Mundial-de-la-Vision-IGSS-2020-2-629x420.jpg 629w, \/wp-content\/uploads\/sites\/5\/2020\/10\/Dia-Mundial-de-la-Vision-IGSS-2020-2-300x200.jpg 300w, \/wp-content\/uploads\/sites\/5\/2020\/10\/Dia-Mundial-de-la-Vision-IGSS-2020-2-768x513.jpg 768w, \/wp-content\/uploads\/sites\/5\/2020\/10\/Dia-Mundial-de-la-Vision-IGSS-2020-2-696x465.jpg 696w, \/wp-content\/uploads\/sites\/5\/2020\/10\/Dia-Mundial-de-la-Vision-IGSS-2020-2-534x357.jpg 534w, \/wp-content\/uploads\/sites\/5\/2020\/10\/Dia-Mundial-de-la-Vision-IGSS-2020-2.jpg 1024w\" sizes=\"(max-width: 629px) 100vw, 629px\" alt=\"\">\r\n                            <\/a>\r\n                            \r\n                        <\/figure>\r\n                    <\/div>\r\n                    <div class = \"td-slide-item td-item2\">\r\n                        <figure class=\"td-slide-galery-figure td-slide-popup-gallery\">\r\n                            <a class=\"slide-gallery-image-link\" href=\"\/wp-content\/uploads\/sites\/5\/2020\/10\/Dia-Mundial-de-la-Vision-IGSS-2020-6.jpg\" title=\"Dia Mundial de la Vision IGSS 2020-6\"  data-caption=\"\"  data-description=\"\">\r\n                                <img decoding=\"async\" src=\"\/wp-content\/uploads\/sites\/5\/2020\/10\/Dia-Mundial-de-la-Vision-IGSS-2020-6-560x420.jpg\" srcset=\"\/wp-content\/uploads\/sites\/5\/2020\/10\/Dia-Mundial-de-la-Vision-IGSS-2020-6-560x420.jpg 560w, \/wp-content\/uploads\/sites\/5\/2020\/10\/Dia-Mundial-de-la-Vision-IGSS-2020-6-300x225.jpg 300w, \/wp-content\/uploads\/sites\/5\/2020\/10\/Dia-Mundial-de-la-Vision-IGSS-2020-6-768x576.jpg 768w, \/wp-content\/uploads\/sites\/5\/2020\/10\/Dia-Mundial-de-la-Vision-IGSS-2020-6-80x60.jpg 80w, \/wp-content\/uploads\/sites\/5\/2020\/10\/Dia-Mundial-de-la-Vision-IGSS-2020-6-696x522.jpg 696w, \/wp-content\/uploads\/sites\/5\/2020\/10\/Dia-Mundial-de-la-Vision-IGSS-2020-6-265x198.jpg 265w, \/wp-content\/uploads\/sites\/5\/2020\/10\/Dia-Mundial-de-la-Vision-IGSS-2020-6-534x401.jpg 534w, \/wp-content\/uploads\/sites\/5\/2020\/10\/Dia-Mundial-de-la-Vision-IGSS-2020-6.jpg 1024w\" sizes=\"(max-width: 560px) 100vw, 560px\" alt=\"\">\r\n                            <\/a>\r\n                            \r\n                        <\/figure>\r\n                    <\/div>\r\n                    <div class = \"td-slide-item td-item3\">\r\n                        <figure class=\"td-slide-galery-figure td-slide-popup-gallery\">\r\n                            <a class=\"slide-gallery-image-link\" href=\"\/wp-content\/uploads\/sites\/5\/2020\/10\/Dia-Mundial-de-la-Vision-IGSS-2020-3.jpg\" title=\"Dia Mundial de la Vision IGSS 2020-3\"  data-caption=\"\"  data-description=\"\">\r\n                                <img decoding=\"async\" src=\"\/wp-content\/uploads\/sites\/5\/2020\/10\/Dia-Mundial-de-la-Vision-IGSS-2020-3-420x420.jpg\" srcset=\"\/wp-content\/uploads\/sites\/5\/2020\/10\/Dia-Mundial-de-la-Vision-IGSS-2020-3-420x420.jpg 420w, \/wp-content\/uploads\/sites\/5\/2020\/10\/Dia-Mundial-de-la-Vision-IGSS-2020-3-150x150.jpg 150w, \/wp-content\/uploads\/sites\/5\/2020\/10\/Dia-Mundial-de-la-Vision-IGSS-2020-3-300x300.jpg 300w, \/wp-content\/uploads\/sites\/5\/2020\/10\/Dia-Mundial-de-la-Vision-IGSS-2020-3-768x768.jpg 768w, \/wp-content\/uploads\/sites\/5\/2020\/10\/Dia-Mundial-de-la-Vision-IGSS-2020-3-1024x1024.jpg 1024w, \/wp-content\/uploads\/sites\/5\/2020\/10\/Dia-Mundial-de-la-Vision-IGSS-2020-3-696x696.jpg 696w, \/wp-content\/uploads\/sites\/5\/2020\/10\/Dia-Mundial-de-la-Vision-IGSS-2020-3-1068x1068.jpg 1068w, \/wp-content\/uploads\/sites\/5\/2020\/10\/Dia-Mundial-de-la-Vision-IGSS-2020-3-462x462.jpg 462w, \/wp-content\/uploads\/sites\/5\/2020\/10\/Dia-Mundial-de-la-Vision-IGSS-2020-3.jpg 1280w\" sizes=\"(max-width: 420px) 100vw, 420px\" alt=\"\">\r\n                            <\/a>\r\n                            \r\n                        <\/figure>\r\n                    <\/div>\r\n                    <div class = \"td-slide-item td-item4\">\r\n                        <figure class=\"td-slide-galery-figure td-slide-popup-gallery\">\r\n                            <a class=\"slide-gallery-image-link\" href=\"\/wp-content\/uploads\/sites\/5\/2020\/10\/Dia-Mundial-de-la-Vision-IGSS-2020-1.jpg\" title=\"Dia Mundial de la Vision IGSS 2020-1\"  data-caption=\"\"  data-description=\"\">\r\n                                <img decoding=\"async\" src=\"\/wp-content\/uploads\/sites\/5\/2020\/10\/Dia-Mundial-de-la-Vision-IGSS-2020-1-597x420.jpg\" srcset=\"\/wp-content\/uploads\/sites\/5\/2020\/10\/Dia-Mundial-de-la-Vision-IGSS-2020-1-597x420.jpg 597w, \/wp-content\/uploads\/sites\/5\/2020\/10\/Dia-Mundial-de-la-Vision-IGSS-2020-1-300x211.jpg 300w, \/wp-content\/uploads\/sites\/5\/2020\/10\/Dia-Mundial-de-la-Vision-IGSS-2020-1-768x541.jpg 768w, \/wp-content\/uploads\/sites\/5\/2020\/10\/Dia-Mundial-de-la-Vision-IGSS-2020-1-696x490.jpg 696w, \/wp-content\/uploads\/sites\/5\/2020\/10\/Dia-Mundial-de-la-Vision-IGSS-2020-1-100x70.jpg 100w, \/wp-content\/uploads\/sites\/5\/2020\/10\/Dia-Mundial-de-la-Vision-IGSS-2020-1-534x376.jpg 534w, \/wp-content\/uploads\/sites\/5\/2020\/10\/Dia-Mundial-de-la-Vision-IGSS-2020-1.jpg 851w\" sizes=\"(max-width: 597px) 100vw, 597px\" alt=\"\">\r\n                            <\/a>\r\n                            \r\n                        <\/figure>\r\n                    <\/div>\r\n                    <div class = \"td-slide-item td-item5\">\r\n                        <figure class=\"td-slide-galery-figure td-slide-popup-gallery\">\r\n                            <a class=\"slide-gallery-image-link\" href=\"\/wp-content\/uploads\/sites\/5\/2020\/10\/Dia-Mundial-de-la-Vision-IGSS-2020-5.jpg\" title=\"Dia Mundial de la Vision IGSS 2020-5\"  data-caption=\"\"  data-description=\"\">\r\n                                <img decoding=\"async\" src=\"\/wp-content\/uploads\/sites\/5\/2020\/10\/Dia-Mundial-de-la-Vision-IGSS-2020-5-603x420.jpg\" srcset=\"\/wp-content\/uploads\/sites\/5\/2020\/10\/Dia-Mundial-de-la-Vision-IGSS-2020-5-603x420.jpg 603w, \/wp-content\/uploads\/sites\/5\/2020\/10\/Dia-Mundial-de-la-Vision-IGSS-2020-5-300x209.jpg 300w, \/wp-content\/uploads\/sites\/5\/2020\/10\/Dia-Mundial-de-la-Vision-IGSS-2020-5-768x535.jpg 768w, \/wp-content\/uploads\/sites\/5\/2020\/10\/Dia-Mundial-de-la-Vision-IGSS-2020-5-696x485.jpg 696w, \/wp-content\/uploads\/sites\/5\/2020\/10\/Dia-Mundial-de-la-Vision-IGSS-2020-5-100x70.jpg 100w, \/wp-content\/uploads\/sites\/5\/2020\/10\/Dia-Mundial-de-la-Vision-IGSS-2020-5-534x372.jpg 534w, \/wp-content\/uploads\/sites\/5\/2020\/10\/Dia-Mundial-de-la-Vision-IGSS-2020-5.jpg 1024w\" sizes=\"(max-width: 603px) 100vw, 603px\" alt=\"\">\r\n                            <\/a>\r\n                            \r\n                        <\/figure>\r\n                    <\/div>\r\n                    <div class = \"td-slide-item td-item6\">\r\n                        <figure class=\"td-slide-galery-figure td-slide-popup-gallery\">\r\n                            <a class=\"slide-gallery-image-link\" href=\"\/wp-content\/uploads\/sites\/5\/2020\/01\/oftalmologia-IGSS-2020-6.jpg\" title=\"oftalmologia IGSS 2020-6\"  data-caption=\"\"  data-description=\"\">\r\n                                <img decoding=\"async\" src=\"\/wp-content\/uploads\/sites\/5\/2020\/01\/oftalmologia-IGSS-2020-6-630x420.jpg\" srcset=\"\/wp-content\/uploads\/sites\/5\/2020\/01\/oftalmologia-IGSS-2020-6-630x420.jpg 630w, \/wp-content\/uploads\/sites\/5\/2020\/01\/oftalmologia-IGSS-2020-6-300x200.jpg 300w, \/wp-content\/uploads\/sites\/5\/2020\/01\/oftalmologia-IGSS-2020-6-768x512.jpg 768w, \/wp-content\/uploads\/sites\/5\/2020\/01\/oftalmologia-IGSS-2020-6-1024x682.jpg 1024w, \/wp-content\/uploads\/sites\/5\/2020\/01\/oftalmologia-IGSS-2020-6-696x464.jpg 696w, \/wp-content\/uploads\/sites\/5\/2020\/01\/oftalmologia-IGSS-2020-6-1068x712.jpg 1068w, \/wp-content\/uploads\/sites\/5\/2020\/01\/oftalmologia-IGSS-2020-6-534x356.jpg 534w, \/wp-content\/uploads\/sites\/5\/2020\/01\/oftalmologia-IGSS-2020-6.jpg 1280w\" sizes=\"(max-width: 630px) 100vw, 630px\" alt=\"\">\r\n                            <\/a>\r\n                            \r\n                        <\/figure>\r\n                    <\/div>\r\n                            <\/div>\r\n                        <\/div>\r\n\r\n                        <div class = \"td-doubleSlider-2\">\r\n                            <div class = \"td-slider\">\r\n                                \r\n                    <div class = \"td-button td-item1\">\r\n                        <div class = \"td-border\"><\/div>\r\n                    <\/div>\r\n                    <div class = \"td-button td-item2\">\r\n                        <div class = \"td-border\"><\/div>\r\n                    <\/div>\r\n                    <div class = \"td-button td-item3\">\r\n                        <div class = \"td-border\"><\/div>\r\n                    <\/div>\r\n                    <div class = \"td-button td-item4\">\r\n                        <div class = \"td-border\"><\/div>\r\n                    <\/div>\r\n                    <div class = \"td-button td-item5\">\r\n                        <div class = \"td-border\"><\/div>\r\n                    <\/div>\r\n                    <div class = \"td-button td-item6\">\r\n                        <div class = \"td-border\"><\/div>\r\n                    <\/div>\r\n                            <\/div>\r\n                        <\/div>\r\n\r\n                    <\/div>\r\n\r\n                <\/div>\r\n                \n<p>\u00a0<\/p>\n","protected":false},"excerpt":{"rendered":"<p>El D\u00eda Mundial de la Visi\u00f3n se conmemora cada 8 de octubre, el IGSS hace un llamado a todas las personas comprendidas entre los 20 y 40 a\u00f1os para que acudan al oftalm\u00f3logo al menos una vez al a\u00f1o, mientras que los mayores de 40 deben acudir al especialista de manera m\u00e1s frecuente para cuidar [&hellip;]<\/p>\n","protected":false},"author":4,"featured_media":19776,"comment_status":"closed","ping_status":"closed","sticky":false,"template":"","format":"standard","meta":{"footnotes":""},"categories":[3,36],"tags":[480,672,1265],"coauthors":[881],"class_list":{"0":"post-19772","1":"post","2":"type-post","3":"status-publish","4":"format-standard","5":"has-post-thumbnail","7":"category-actualidad","8":"category-unidades-medicas","9":"tag-hospital-general-de-accidentes-ceibal","10":"tag-oftalmologia","11":"tag-oftalmologo"},"_links":{"self":[{"href":"https:\/\/www.igssgt.org\/noticias\/wp-json\/wp\/v2\/posts\/19772","targetHints":{"allow":["GET"]}}],"collection":[{"href":"https:\/\/www.igssgt.org\/noticias\/wp-json\/wp\/v2\/posts"}],"about":[{"href":"https:\/\/www.igssgt.org\/noticias\/wp-json\/wp\/v2\/types\/post"}],"author":[{"embeddable":true,"href":"https:\/\/www.igssgt.org\/noticias\/wp-json\/wp\/v2\/users\/4"}],"replies":[{"embeddable":true,"href":"https:\/\/www.igssgt.org\/noticias\/wp-json\/wp\/v2\/comments?post=19772"}],"version-history":[{"count":1,"href":"https:\/\/www.igssgt.org\/noticias\/wp-json\/wp\/v2\/posts\/19772\/revisions"}],"predecessor-version":[{"id":19778,"href":"https:\/\/www.igssgt.org\/noticias\/wp-json\/wp\/v2\/posts\/19772\/revisions\/19778"}],"wp:featuredmedia":[{"embeddable":true,"href":"https:\/\/www.igssgt.org\/noticias\/wp-json\/wp\/v2\/media\/19776"}],"wp:attachment":[{"href":"https:\/\/www.igssgt.org\/noticias\/wp-json\/wp\/v2\/media?parent=19772"}],"wp:term":[{"taxonomy":"category","embeddable":true,"href":"https:\/\/www.igssgt.org\/noticias\/wp-json\/wp\/v2\/categories?post=19772"},{"taxonomy":"post_tag","embeddable":true,"href":"https:\/\/www.igssgt.org\/noticias\/wp-json\/wp\/v2\/tags?post=19772"},{"taxonomy":"author","embeddable":true,"href":"https:\/\/www.igssgt.org\/noticias\/wp-json\/wp\/v2\/coauthors?post=19772"}],"curies":[{"name":"wp","href":"https:\/\/api.w.org\/{rel}","templated":true}]}}